{"id":97387,"date":"2016-06-07T12:10:34","date_gmt":"2016-06-07T11:10:34","guid":{"rendered":"http:\/\/www.visit-ulcinj.com\/blog\/?p=97387"},"modified":"2016-06-08T15:29:51","modified_gmt":"2016-06-08T14:29:51","slug":"punetoret-e-kripores-u-shkruan-leter-te-hapur-kuvendit-te-komunes-se-ulqinit","status":"publish","type":"post","link":"https:\/\/www.visit-ulcinj.com\/blog\/2016\/06\/07\/punetoret-e-kripores-u-shkruan-leter-te-hapur-kuvendit-te-komunes-se-ulqinit\/","title":{"rendered":"Punetoret e kripores u shkruan let\u00ebr t\u00eb hapur Kuvendit t\u00eb komun\u00ebs s\u00eb Ulqinit"},"content":{"rendered":"<p><a href=\"http:\/\/www.visit-ulcinj.com\/blog\/wp-content\/uploads\/2014\/10\/radnici-ulcinjske-solane.jpg\"><img loading=\"lazy\" class=\"alignleft wp-image-85655\" src=\"http:\/\/www.visit-ulcinj.com\/blog\/wp-content\/uploads\/2014\/10\/radnici-ulcinjske-solane.jpg\" alt=\"radnici-ulcinjske-solane\" width=\"508\" height=\"254\" srcset=\"https:\/\/www.visit-ulcinj.com\/blog\/wp-content\/uploads\/2014\/10\/radnici-ulcinjske-solane.jpg 660w, https:\/\/www.visit-ulcinj.com\/blog\/wp-content\/uploads\/2014\/10\/radnici-ulcinjske-solane-300x150.jpg 300w\" sizes=\"(max-width: 508px) 100vw, 508px\" \/><\/a>Sindikati i punetoreve te kripores se Ulqinit \u201cBajo Sekuliq\u201d i ka derguar leter te hapur Kuvendit te Komunes se Ulqinit ne te cilen kerkon ndihme per te realizuar te drejtat e tyre te prapambetura. Behet fjale per te ardhurat e tyre, rrogat dhe kontributet e pashlyera. Sipas kyetarit te sindikatit Marko Miranoviq, edhe pse disa nga ish te punesuarit i kane realizuar nje pjese te kerkeses se tyre duke e marre pensionin e parakohshem, mbetet nje pjese e kontributeve te papaguara dhe punetoret nuk kane te drejte te marrin pensionin e plote, raporton TV Teuta.<\/p>\n<p>Prandaj\u00a0 nga sindikati apelojne qe strukturat relevante ti kycin edhe punetoret e kripores neper grupet punuese me qellim qe te japin kontributin e tyre ne zgjidhjen e problemit te kripores dhe te diskutohet ceshtja e te punesuarve e cila eshte lene pas dore.<\/p>\n<p>Punetoreve te kripores nuk u jane paguar kontributet\u00a0 5 vite, si dhe nje pjese e pagave per vitin 2009-2010, pagat e plota per vitin 2011-2013. Shuma totale e borxhit te pakontestueshem ndaj punetoreve te kripores eshte 1.5 milion euro, te cilat nuk dihet se kur do te shlyhen.<\/p>\n","protected":false},"excerpt":{"rendered":"<p>Sindikati i punetoreve te kripores se Ulqinit \u201cBajo Sekuliq\u201d i ka derguar leter te hapur Kuvendit te Komunes se Ulqinit ne te cilen kerkon ndihme per te realizuar te drejtat e tyre te prapambetura. Behet fjale per te ardhurat e tyre, rrogat dhe kontributet e pashlyera. Sipas kyetarit te sindikatit Marko Miranoviq, edhe pse disa [&hellip;]<\/p>\n","protected":false},"author":1,"featured_media":0,"comment_status":"closed","ping_status":"closed","sticky":false,"template":"","format":"standard","meta":{"spay_email":"","jetpack_publicize_message":"","jetpack_is_tweetstorm":false,"jetpack_publicize_feature_enabled":true},"categories":[1,11],"tags":[],"jetpack_publicize_connections":[],"yoast_head":"<!-- This site is optimized with the Yoast SEO plugin v19.1 - https:\/\/yoast.com\/wordpress\/plugins\/seo\/ -->\n<title>Punetoret e kripores u shkruan let\u00ebr t\u00eb hapur Kuvendit t\u00eb komun\u00ebs s\u00eb Ulqinit - Lajme nga Ulqini<\/title>\n<meta name=\"description\" content=\"Sindikati i punetoreve te kripores se Ulqinit \u201cBajo Sekuliq\u201d i ka derguar leter te hapur Kuvendit te Komunes se Ulqinit ne te cilen kerkon ndihme per te\" \/>\n<meta name=\"robots\" content=\"index, follow, max-snippet:-1, max-image-preview:large, max-video-preview:-1\" \/>\n<link rel=\"canonical\" href=\"https:\/\/www.visit-ulcinj.com\/blog\/2016\/06\/07\/punetoret-e-kripores-u-shkruan-leter-te-hapur-kuvendit-te-komunes-se-ulqinit\/\" \/>\n<meta property=\"og:locale\" content=\"en_US\" \/>\n<meta property=\"og:type\" content=\"article\" \/>\n<meta property=\"og:title\" content=\"Punetoret e kripores u shkruan let\u00ebr t\u00eb hapur Kuvendit t\u00eb komun\u00ebs s\u00eb Ulqinit - Lajme nga Ulqini\" \/>\n<meta property=\"og:description\" content=\"Sindikati i punetoreve te kripores se Ulqinit \u201cBajo Sekuliq\u201d i ka derguar leter te hapur Kuvendit te Komunes se Ulqinit ne te cilen kerkon ndihme per te\" \/>\n<meta property=\"og:url\" content=\"https:\/\/www.visit-ulcinj.com\/blog\/2016\/06\/07\/punetoret-e-kripores-u-shkruan-leter-te-hapur-kuvendit-te-komunes-se-ulqinit\/\" \/>\n<meta property=\"og:site_name\" content=\"Lajme nga Ulqini\" \/>\n<meta property=\"article:published_time\" content=\"2016-06-07T11:10:34+00:00\" \/>\n<meta property=\"article:modified_time\" content=\"2016-06-08T14:29:51+00:00\" \/>\n<meta property=\"og:image\" content=\"http:\/\/www.visit-ulcinj.com\/blog\/wp-content\/uploads\/2014\/10\/radnici-ulcinjske-solane.jpg\" \/>\n<meta name=\"twitter:label1\" content=\"Written by\" \/>\n\t<meta name=\"twitter:data1\" content=\"ulqini\" \/>\n\t<meta name=\"twitter:label2\" content=\"Est. reading time\" \/>\n\t<meta name=\"twitter:data2\" content=\"1 minute\" \/>\n<script type=\"application\/ld+json\" class=\"yoast-schema-graph\">{\"@context\":\"https:\/\/schema.org\",\"@graph\":[{\"@type\":\"WebSite\",\"@id\":\"https:\/\/www.visit-ulcinj.com\/blog\/#website\",\"url\":\"https:\/\/www.visit-ulcinj.com\/blog\/\",\"name\":\"Lajme nga Ulqini\",\"description\":\"Lajme,Vijesti,Ulqini,Ulqin,Crna Gora,Mali i Zi\",\"potentialAction\":[{\"@type\":\"SearchAction\",\"target\":{\"@type\":\"EntryPoint\",\"urlTemplate\":\"https:\/\/www.visit-ulcinj.com\/blog\/?s={search_term_string}\"},\"query-input\":\"required name=search_term_string\"}],\"inLanguage\":\"en-US\"},{\"@type\":\"ImageObject\",\"inLanguage\":\"en-US\",\"@id\":\"https:\/\/www.visit-ulcinj.com\/blog\/2016\/06\/07\/punetoret-e-kripores-u-shkruan-leter-te-hapur-kuvendit-te-komunes-se-ulqinit\/#primaryimage\",\"url\":\"https:\/\/www.visit-ulcinj.com\/blog\/wp-content\/uploads\/2014\/10\/radnici-ulcinjske-solane.jpg\",\"contentUrl\":\"https:\/\/www.visit-ulcinj.com\/blog\/wp-content\/uploads\/2014\/10\/radnici-ulcinjske-solane.jpg\",\"width\":660,\"height\":330},{\"@type\":\"WebPage\",\"@id\":\"https:\/\/www.visit-ulcinj.com\/blog\/2016\/06\/07\/punetoret-e-kripores-u-shkruan-leter-te-hapur-kuvendit-te-komunes-se-ulqinit\/#webpage\",\"url\":\"https:\/\/www.visit-ulcinj.com\/blog\/2016\/06\/07\/punetoret-e-kripores-u-shkruan-leter-te-hapur-kuvendit-te-komunes-se-ulqinit\/\",\"name\":\"Punetoret e kripores u shkruan let\u00ebr t\u00eb hapur Kuvendit t\u00eb komun\u00ebs s\u00eb Ulqinit - Lajme nga Ulqini\",\"isPartOf\":{\"@id\":\"https:\/\/www.visit-ulcinj.com\/blog\/#website\"},\"primaryImageOfPage\":{\"@id\":\"https:\/\/www.visit-ulcinj.com\/blog\/2016\/06\/07\/punetoret-e-kripores-u-shkruan-leter-te-hapur-kuvendit-te-komunes-se-ulqinit\/#primaryimage\"},\"datePublished\":\"2016-06-07T11:10:34+00:00\",\"dateModified\":\"2016-06-08T14:29:51+00:00\",\"author\":{\"@id\":\"https:\/\/www.visit-ulcinj.com\/blog\/#\/schema\/person\/dcab619c614d3038751c63bc2aadc06d\"},\"description\":\"Sindikati i punetoreve te kripores se Ulqinit \u201cBajo Sekuliq\u201d i ka derguar leter te hapur Kuvendit te Komunes se Ulqinit ne te cilen kerkon ndihme per te\",\"breadcrumb\":{\"@id\":\"https:\/\/www.visit-ulcinj.com\/blog\/2016\/06\/07\/punetoret-e-kripores-u-shkruan-leter-te-hapur-kuvendit-te-komunes-se-ulqinit\/#breadcrumb\"},\"inLanguage\":\"en-US\",\"potentialAction\":[{\"@type\":\"ReadAction\",\"target\":[\"https:\/\/www.visit-ulcinj.com\/blog\/2016\/06\/07\/punetoret-e-kripores-u-shkruan-leter-te-hapur-kuvendit-te-komunes-se-ulqinit\/\"]}]},{\"@type\":\"BreadcrumbList\",\"@id\":\"https:\/\/www.visit-ulcinj.com\/blog\/2016\/06\/07\/punetoret-e-kripores-u-shkruan-leter-te-hapur-kuvendit-te-komunes-se-ulqinit\/#breadcrumb\",\"itemListElement\":[{\"@type\":\"ListItem\",\"position\":1,\"name\":\"Punetoret e kripores u shkruan let\u00ebr t\u00eb hapur Kuvendit t\u00eb komun\u00ebs s\u00eb Ulqinit\"}]},{\"@type\":\"Person\",\"@id\":\"https:\/\/www.visit-ulcinj.com\/blog\/#\/schema\/person\/dcab619c614d3038751c63bc2aadc06d\",\"name\":\"ulqini\",\"sameAs\":[\"http:\/\/www.visit-ulcinj.com\"],\"url\":\"https:\/\/www.visit-ulcinj.com\/blog\/author\/admin\/\"}]}<\/script>\n<!-- \/ Yoast SEO plugin. -->","yoast_head_json":{"title":"Punetoret e kripores u shkruan let\u00ebr t\u00eb hapur Kuvendit t\u00eb komun\u00ebs s\u00eb Ulqinit - Lajme nga Ulqini","description":"Sindikati i punetoreve te kripores se Ulqinit \u201cBajo Sekuliq\u201d i ka derguar leter te hapur Kuvendit te Komunes se Ulqinit ne te cilen kerkon ndihme per te","robots":{"index":"index","follow":"follow","max-snippet":"max-snippet:-1","max-image-preview":"max-image-preview:large","max-video-preview":"max-video-preview:-1"},"canonical":"https:\/\/www.visit-ulcinj.com\/blog\/2016\/06\/07\/punetoret-e-kripores-u-shkruan-leter-te-hapur-kuvendit-te-komunes-se-ulqinit\/","og_locale":"en_US","og_type":"article","og_title":"Punetoret e kripores u shkruan let\u00ebr t\u00eb hapur Kuvendit t\u00eb komun\u00ebs s\u00eb Ulqinit - Lajme nga Ulqini","og_description":"Sindikati i punetoreve te kripores se Ulqinit \u201cBajo Sekuliq\u201d i ka derguar leter te hapur Kuvendit te Komunes se Ulqinit ne te cilen kerkon ndihme per te","og_url":"https:\/\/www.visit-ulcinj.com\/blog\/2016\/06\/07\/punetoret-e-kripores-u-shkruan-leter-te-hapur-kuvendit-te-komunes-se-ulqinit\/","og_site_name":"Lajme nga Ulqini","article_published_time":"2016-06-07T11:10:34+00:00","article_modified_time":"2016-06-08T14:29:51+00:00","og_image":[{"url":"http:\/\/www.visit-ulcinj.com\/blog\/wp-content\/uploads\/2014\/10\/radnici-ulcinjske-solane.jpg"}],"twitter_misc":{"Written by":"ulqini","Est. reading time":"1 minute"},"schema":{"@context":"https:\/\/schema.org","@graph":[{"@type":"WebSite","@id":"https:\/\/www.visit-ulcinj.com\/blog\/#website","url":"https:\/\/www.visit-ulcinj.com\/blog\/","name":"Lajme nga Ulqini","description":"Lajme,Vijesti,Ulqini,Ulqin,Crna Gora,Mali i Zi","potentialAction":[{"@type":"SearchAction","target":{"@type":"EntryPoint","urlTemplate":"https:\/\/www.visit-ulcinj.com\/blog\/?s={search_term_string}"},"query-input":"required name=search_term_string"}],"inLanguage":"en-US"},{"@type":"ImageObject","inLanguage":"en-US","@id":"https:\/\/www.visit-ulcinj.com\/blog\/2016\/06\/07\/punetoret-e-kripores-u-shkruan-leter-te-hapur-kuvendit-te-komunes-se-ulqinit\/#primaryimage","url":"https:\/\/www.visit-ulcinj.com\/blog\/wp-content\/uploads\/2014\/10\/radnici-ulcinjske-solane.jpg","contentUrl":"https:\/\/www.visit-ulcinj.com\/blog\/wp-content\/uploads\/2014\/10\/radnici-ulcinjske-solane.jpg","width":660,"height":330},{"@type":"WebPage","@id":"https:\/\/www.visit-ulcinj.com\/blog\/2016\/06\/07\/punetoret-e-kripores-u-shkruan-leter-te-hapur-kuvendit-te-komunes-se-ulqinit\/#webpage","url":"https:\/\/www.visit-ulcinj.com\/blog\/2016\/06\/07\/punetoret-e-kripores-u-shkruan-leter-te-hapur-kuvendit-te-komunes-se-ulqinit\/","name":"Punetoret e kripores u shkruan let\u00ebr t\u00eb hapur Kuvendit t\u00eb komun\u00ebs s\u00eb Ulqinit - Lajme nga Ulqini","isPartOf":{"@id":"https:\/\/www.visit-ulcinj.com\/blog\/#website"},"primaryImageOfPage":{"@id":"https:\/\/www.visit-ulcinj.com\/blog\/2016\/06\/07\/punetoret-e-kripores-u-shkruan-leter-te-hapur-kuvendit-te-komunes-se-ulqinit\/#primaryimage"},"datePublished":"2016-06-07T11:10:34+00:00","dateModified":"2016-06-08T14:29:51+00:00","author":{"@id":"https:\/\/www.visit-ulcinj.com\/blog\/#\/schema\/person\/dcab619c614d3038751c63bc2aadc06d"},"description":"Sindikati i punetoreve te kripores se Ulqinit \u201cBajo Sekuliq\u201d i ka derguar leter te hapur Kuvendit te Komunes se Ulqinit ne te cilen kerkon ndihme per te","breadcrumb":{"@id":"https:\/\/www.visit-ulcinj.com\/blog\/2016\/06\/07\/punetoret-e-kripores-u-shkruan-leter-te-hapur-kuvendit-te-komunes-se-ulqinit\/#breadcrumb"},"inLanguage":"en-US","potentialAction":[{"@type":"ReadAction","target":["https:\/\/www.visit-ulcinj.com\/blog\/2016\/06\/07\/punetoret-e-kripores-u-shkruan-leter-te-hapur-kuvendit-te-komunes-se-ulqinit\/"]}]},{"@type":"BreadcrumbList","@id":"https:\/\/www.visit-ulcinj.com\/blog\/2016\/06\/07\/punetoret-e-kripores-u-shkruan-leter-te-hapur-kuvendit-te-komunes-se-ulqinit\/#breadcrumb","itemListElement":[{"@type":"ListItem","position":1,"name":"Punetoret e kripores u shkruan let\u00ebr t\u00eb hapur Kuvendit t\u00eb komun\u00ebs s\u00eb Ulqinit"}]},{"@type":"Person","@id":"https:\/\/www.visit-ulcinj.com\/blog\/#\/schema\/person\/dcab619c614d3038751c63bc2aadc06d","name":"ulqini","sameAs":["http:\/\/www.visit-ulcinj.com"],"url":"https:\/\/www.visit-ulcinj.com\/blog\/author\/admin\/"}]}},"jetpack_featured_media_url":"","jetpack_sharing_enabled":true,"jetpack_shortlink":"https:\/\/wp.me\/pe6lTn-pkL","_links":{"self":[{"href":"https:\/\/www.visit-ulcinj.com\/blog\/wp-json\/wp\/v2\/posts\/97387"}],"collection":[{"href":"https:\/\/www.visit-ulcinj.com\/blog\/wp-json\/wp\/v2\/posts"}],"about":[{"href":"https:\/\/www.visit-ulcinj.com\/blog\/wp-json\/wp\/v2\/types\/post"}],"author":[{"embeddable":true,"href":"https:\/\/www.visit-ulcinj.com\/blog\/wp-json\/wp\/v2\/users\/1"}],"replies":[{"embeddable":true,"href":"https:\/\/www.visit-ulcinj.com\/blog\/wp-json\/wp\/v2\/comments?post=97387"}],"version-history":[{"count":1,"href":"https:\/\/www.visit-ulcinj.com\/blog\/wp-json\/wp\/v2\/posts\/97387\/revisions"}],"predecessor-version":[{"id":97388,"href":"https:\/\/www.visit-ulcinj.com\/blog\/wp-json\/wp\/v2\/posts\/97387\/revisions\/97388"}],"wp:attachment":[{"href":"https:\/\/www.visit-ulcinj.com\/blog\/wp-json\/wp\/v2\/media?parent=97387"}],"wp:term":[{"taxonomy":"category","embeddable":true,"href":"https:\/\/www.visit-ulcinj.com\/blog\/wp-json\/wp\/v2\/categories?post=97387"},{"taxonomy":"post_tag","embeddable":true,"href":"https:\/\/www.visit-ulcinj.com\/blog\/wp-json\/wp\/v2\/tags?post=97387"}],"curies":[{"name":"wp","href":"https:\/\/api.w.org\/{rel}","templated":true}]}}