{"id":97389,"date":"2016-06-07T12:21:18","date_gmt":"2016-06-07T11:21:18","guid":{"rendered":"http:\/\/www.visit-ulcinj.com\/blog\/?p=97389"},"modified":"2016-06-07T12:21:18","modified_gmt":"2016-06-07T11:21:18","slug":"trodnevni-trening-sos-telefona-za-zene-djecu-u-ulcinj","status":"publish","type":"post","link":"https:\/\/www.visit-ulcinj.com\/blog\/2016\/06\/07\/trodnevni-trening-sos-telefona-za-zene-djecu-u-ulcinj\/","title":{"rendered":"Trodnevni trening SOS telefona za \u017eene i djecu u Ulcinj"},"content":{"rendered":"<p><strong><a href=\"http:\/\/www.visit-ulcinj.com\/blog\/wp-content\/uploads\/2016\/06\/SOS-ULCINJ.jpg\"><img loading=\"lazy\" class=\"alignleft wp-image-97390\" src=\"http:\/\/www.visit-ulcinj.com\/blog\/wp-content\/uploads\/2016\/06\/SOS-ULCINJ.jpg\" alt=\"SOS - ULCINJ\" width=\"508\" height=\"286\" srcset=\"https:\/\/www.visit-ulcinj.com\/blog\/wp-content\/uploads\/2016\/06\/SOS-ULCINJ.jpg 960w, https:\/\/www.visit-ulcinj.com\/blog\/wp-content\/uploads\/2016\/06\/SOS-ULCINJ-300x169.jpg 300w, https:\/\/www.visit-ulcinj.com\/blog\/wp-content\/uploads\/2016\/06\/SOS-ULCINJ-768x432.jpg 768w\" sizes=\"(max-width: 508px) 100vw, 508px\" \/><\/a>Trodnevni trening o pisanju predloga prakti\u010dnih politika je bio razlog da se u Ulcinju okupe \u010dlanice mre\u017ee SOS telefona za \u017eene i djecu \u017ertve nasilja iz Ulcinja, Podgorice i Berana.<\/strong><\/p>\n<p>Na trodnevnom treningu (03-05.06.2016) prisustvovalo je 20 \u010dlanica mre\u017ee SOS telefona za \u017eene i djecu \u017ertve nasilja iz svih regiona Crne Gore. Cilj treninga je bio da se \u010dlanice mre\u017ee obu\u010de za pisanje prijedloga prakti\u010dnih politika i u sklopu toga izradu analize pravnog okvira za za\u0161titu \u017ertava nasilja, definisanje problema u toj oblasti i kreiranje preporuka za unapre\u0111enje stanja. Planiranim pra\u0107enjem sudskih odluka i postupaka i informisanjem javnosti o rezultatima pra\u0107enja, obezbijedi\u0107e se trasparentnost rada dr\u017eavnih organa, \u0161to \u0107e u velikoj mjeri pove\u0107ati njihov stepen odgovornosti i posve\u0107enosti problematici nasilja u porodici. Kroz ovu aktivnost obezbijedi\u0107emo argumente za dokazivanje blage kaznene politike ali i potrebu promjene ne samo postupanja pravosudnih organa ve\u0107 i zakonske regulative koja trenutno ne obezbje\u0111uje kvalitetnu za\u0161titu \u017ertava nasilja, posebno u krivi\u010dnom postupku.<\/p>\n<p>\u201ePotrebno je naglasiti da u svakom demokratskom dru\u0161tvu zainteresovani akteri \u010dine sve \u0161to mogu da promovi\u0161u onu opciju prakti\u010dne politike koja najvi\u0161e odgovara njihovoj ciljnoj grupi, koriste\u0107i pri tom sredstva koja smatraju najdelotvornijim, na primjer preko nadle\u017enih organa vlade, preko drugih vladinih slu\u017ebenika ili poslanika u parlamentu ili preko medija. Zainteresovani akteri mogu biti nevladine organizacije, me\u0111unarodne vladine organizacije, lokalne vlasti, udru\u017eenja, sindikati ili zainteresovani gra\u0111ani i gra\u0111anke. Organizacje civilnog dru\u0161tva koje pru\u017eaju podr\u0161ku \u017ertvama nasilja na ovom polju rade ve\u0107 godinama, i sa ciljem boljeg zagovaranja potreba svoje ciljne grupe stalno rade na unapre\u0111enju svog znanja kao i uticanju na izmjenu pravnog i institucioalnanog okvira. \u201c- izjavila je dr.sci Jelena Radulovi\u0107, koordinatorka projekta.<\/p>\n<p>Trening je sprovoden u okviru projekta \u201cZa\u0161tita od rodno zasnovanog nasilja \u2013 uslov za razvoj demokratije i vladavine prava\u201d, koji realizuju SOS telefoni za \u017eene i djecu \u017ertve nasilja \u2013 Podgorica, Berane i Ulcinj, a finansira Delegacija Evropske unije u Crnoj Gori. Cilj projekta koji \u0107e se realizovati u narednih 18 mjeseci, je obezbje\u0111ivanje efektivne za\u0161tite \u017eena \u017ertava nasilja u porodici u skladu sa standardima i zahtjevima EU, kroz pobolj\u0161anje sprovo\u0111enja zakonodavnog okvira, razvoj pozitivne prakse i uspostavljanje nezavisnih mehanizama kontrole u oblasti za\u0161tite od nasilja u porodici u Crnoj Gori.<\/p>\n<p><strong>Izvor: Ulcinj Info<\/strong><\/p>\n","protected":false},"excerpt":{"rendered":"<p>Trodnevni trening o pisanju predloga prakti\u010dnih politika je bio razlog da se u Ulcinju okupe \u010dlanice mre\u017ee SOS telefona za \u017eene i djecu \u017ertve nasilja iz Ulcinja, Podgorice i Berana. Na trodnevnom treningu (03-05.06.2016) prisustvovalo je 20 \u010dlanica mre\u017ee SOS telefona za \u017eene i djecu \u017ertve nasilja iz svih regiona Crne Gore. Cilj treninga je [&hellip;]<\/p>\n","protected":false},"author":1,"featured_media":0,"comment_status":"closed","ping_status":"closed","sticky":false,"template":"","format":"standard","meta":{"spay_email":"","jetpack_publicize_message":"","jetpack_is_tweetstorm":false,"jetpack_publicize_feature_enabled":true},"categories":[6950],"tags":[],"jetpack_publicize_connections":[],"yoast_head":"<!-- This site is optimized with the Yoast SEO plugin v19.1 - https:\/\/yoast.com\/wordpress\/plugins\/seo\/ -->\n<title>Trodnevni trening SOS telefona za \u017eene i djecu u Ulcinj - Lajme nga Ulqini<\/title>\n<meta name=\"description\" content=\"Trodnevni trening o pisanju predloga prakti\u010dnih politika je bio razlog da se u Ulcinju okupe \u010dlanice mre\u017ee SOS telefona za \u017eene i djecu \u017ertve nasilja iz\" \/>\n<meta name=\"robots\" content=\"index, follow, max-snippet:-1, max-image-preview:large, max-video-preview:-1\" \/>\n<link rel=\"canonical\" href=\"https:\/\/www.visit-ulcinj.com\/blog\/2016\/06\/07\/trodnevni-trening-sos-telefona-za-zene-djecu-u-ulcinj\/\" \/>\n<meta property=\"og:locale\" content=\"en_US\" \/>\n<meta property=\"og:type\" content=\"article\" \/>\n<meta property=\"og:title\" content=\"Trodnevni trening SOS telefona za \u017eene i djecu u Ulcinj - Lajme nga Ulqini\" \/>\n<meta property=\"og:description\" content=\"Trodnevni trening o pisanju predloga prakti\u010dnih politika je bio razlog da se u Ulcinju okupe \u010dlanice mre\u017ee SOS telefona za \u017eene i djecu \u017ertve nasilja iz\" \/>\n<meta property=\"og:url\" content=\"https:\/\/www.visit-ulcinj.com\/blog\/2016\/06\/07\/trodnevni-trening-sos-telefona-za-zene-djecu-u-ulcinj\/\" \/>\n<meta property=\"og:site_name\" content=\"Lajme nga Ulqini\" \/>\n<meta property=\"article:published_time\" content=\"2016-06-07T11:21:18+00:00\" \/>\n<meta property=\"og:image\" content=\"http:\/\/www.visit-ulcinj.com\/blog\/wp-content\/uploads\/2016\/06\/SOS-ULCINJ.jpg\" \/>\n<meta name=\"twitter:label1\" content=\"Written by\" \/>\n\t<meta name=\"twitter:data1\" content=\"ulqini\" \/>\n\t<meta name=\"twitter:label2\" content=\"Est. reading time\" \/>\n\t<meta name=\"twitter:data2\" content=\"2 minutes\" \/>\n<script type=\"application\/ld+json\" class=\"yoast-schema-graph\">{\"@context\":\"https:\/\/schema.org\",\"@graph\":[{\"@type\":\"WebSite\",\"@id\":\"https:\/\/www.visit-ulcinj.com\/blog\/#website\",\"url\":\"https:\/\/www.visit-ulcinj.com\/blog\/\",\"name\":\"Lajme nga Ulqini\",\"description\":\"Lajme,Vijesti,Ulqini,Ulqin,Crna Gora,Mali i Zi\",\"potentialAction\":[{\"@type\":\"SearchAction\",\"target\":{\"@type\":\"EntryPoint\",\"urlTemplate\":\"https:\/\/www.visit-ulcinj.com\/blog\/?s={search_term_string}\"},\"query-input\":\"required name=search_term_string\"}],\"inLanguage\":\"en-US\"},{\"@type\":\"ImageObject\",\"inLanguage\":\"en-US\",\"@id\":\"https:\/\/www.visit-ulcinj.com\/blog\/2016\/06\/07\/trodnevni-trening-sos-telefona-za-zene-djecu-u-ulcinj\/#primaryimage\",\"url\":\"https:\/\/www.visit-ulcinj.com\/blog\/wp-content\/uploads\/2016\/06\/SOS-ULCINJ.jpg\",\"contentUrl\":\"https:\/\/www.visit-ulcinj.com\/blog\/wp-content\/uploads\/2016\/06\/SOS-ULCINJ.jpg\",\"width\":960,\"height\":540},{\"@type\":\"WebPage\",\"@id\":\"https:\/\/www.visit-ulcinj.com\/blog\/2016\/06\/07\/trodnevni-trening-sos-telefona-za-zene-djecu-u-ulcinj\/#webpage\",\"url\":\"https:\/\/www.visit-ulcinj.com\/blog\/2016\/06\/07\/trodnevni-trening-sos-telefona-za-zene-djecu-u-ulcinj\/\",\"name\":\"Trodnevni trening SOS telefona za \u017eene i djecu u Ulcinj - Lajme nga Ulqini\",\"isPartOf\":{\"@id\":\"https:\/\/www.visit-ulcinj.com\/blog\/#website\"},\"primaryImageOfPage\":{\"@id\":\"https:\/\/www.visit-ulcinj.com\/blog\/2016\/06\/07\/trodnevni-trening-sos-telefona-za-zene-djecu-u-ulcinj\/#primaryimage\"},\"datePublished\":\"2016-06-07T11:21:18+00:00\",\"dateModified\":\"2016-06-07T11:21:18+00:00\",\"author\":{\"@id\":\"https:\/\/www.visit-ulcinj.com\/blog\/#\/schema\/person\/dcab619c614d3038751c63bc2aadc06d\"},\"description\":\"Trodnevni trening o pisanju predloga prakti\u010dnih politika je bio razlog da se u Ulcinju okupe \u010dlanice mre\u017ee SOS telefona za \u017eene i djecu \u017ertve nasilja iz\",\"breadcrumb\":{\"@id\":\"https:\/\/www.visit-ulcinj.com\/blog\/2016\/06\/07\/trodnevni-trening-sos-telefona-za-zene-djecu-u-ulcinj\/#breadcrumb\"},\"inLanguage\":\"en-US\",\"potentialAction\":[{\"@type\":\"ReadAction\",\"target\":[\"https:\/\/www.visit-ulcinj.com\/blog\/2016\/06\/07\/trodnevni-trening-sos-telefona-za-zene-djecu-u-ulcinj\/\"]}]},{\"@type\":\"BreadcrumbList\",\"@id\":\"https:\/\/www.visit-ulcinj.com\/blog\/2016\/06\/07\/trodnevni-trening-sos-telefona-za-zene-djecu-u-ulcinj\/#breadcrumb\",\"itemListElement\":[{\"@type\":\"ListItem\",\"position\":1,\"name\":\"Trodnevni trening SOS telefona za \u017eene i djecu u Ulcinj\"}]},{\"@type\":\"Person\",\"@id\":\"https:\/\/www.visit-ulcinj.com\/blog\/#\/schema\/person\/dcab619c614d3038751c63bc2aadc06d\",\"name\":\"ulqini\",\"sameAs\":[\"http:\/\/www.visit-ulcinj.com\"],\"url\":\"https:\/\/www.visit-ulcinj.com\/blog\/author\/admin\/\"}]}<\/script>\n<!-- \/ Yoast SEO plugin. -->","yoast_head_json":{"title":"Trodnevni trening SOS telefona za \u017eene i djecu u Ulcinj - Lajme nga Ulqini","description":"Trodnevni trening o pisanju predloga prakti\u010dnih politika je bio razlog da se u Ulcinju okupe \u010dlanice mre\u017ee SOS telefona za \u017eene i djecu \u017ertve nasilja iz","robots":{"index":"index","follow":"follow","max-snippet":"max-snippet:-1","max-image-preview":"max-image-preview:large","max-video-preview":"max-video-preview:-1"},"canonical":"https:\/\/www.visit-ulcinj.com\/blog\/2016\/06\/07\/trodnevni-trening-sos-telefona-za-zene-djecu-u-ulcinj\/","og_locale":"en_US","og_type":"article","og_title":"Trodnevni trening SOS telefona za \u017eene i djecu u Ulcinj - Lajme nga Ulqini","og_description":"Trodnevni trening o pisanju predloga prakti\u010dnih politika je bio razlog da se u Ulcinju okupe \u010dlanice mre\u017ee SOS telefona za \u017eene i djecu \u017ertve nasilja iz","og_url":"https:\/\/www.visit-ulcinj.com\/blog\/2016\/06\/07\/trodnevni-trening-sos-telefona-za-zene-djecu-u-ulcinj\/","og_site_name":"Lajme nga Ulqini","article_published_time":"2016-06-07T11:21:18+00:00","og_image":[{"url":"http:\/\/www.visit-ulcinj.com\/blog\/wp-content\/uploads\/2016\/06\/SOS-ULCINJ.jpg"}],"twitter_misc":{"Written by":"ulqini","Est. reading time":"2 minutes"},"schema":{"@context":"https:\/\/schema.org","@graph":[{"@type":"WebSite","@id":"https:\/\/www.visit-ulcinj.com\/blog\/#website","url":"https:\/\/www.visit-ulcinj.com\/blog\/","name":"Lajme nga Ulqini","description":"Lajme,Vijesti,Ulqini,Ulqin,Crna Gora,Mali i Zi","potentialAction":[{"@type":"SearchAction","target":{"@type":"EntryPoint","urlTemplate":"https:\/\/www.visit-ulcinj.com\/blog\/?s={search_term_string}"},"query-input":"required name=search_term_string"}],"inLanguage":"en-US"},{"@type":"ImageObject","inLanguage":"en-US","@id":"https:\/\/www.visit-ulcinj.com\/blog\/2016\/06\/07\/trodnevni-trening-sos-telefona-za-zene-djecu-u-ulcinj\/#primaryimage","url":"https:\/\/www.visit-ulcinj.com\/blog\/wp-content\/uploads\/2016\/06\/SOS-ULCINJ.jpg","contentUrl":"https:\/\/www.visit-ulcinj.com\/blog\/wp-content\/uploads\/2016\/06\/SOS-ULCINJ.jpg","width":960,"height":540},{"@type":"WebPage","@id":"https:\/\/www.visit-ulcinj.com\/blog\/2016\/06\/07\/trodnevni-trening-sos-telefona-za-zene-djecu-u-ulcinj\/#webpage","url":"https:\/\/www.visit-ulcinj.com\/blog\/2016\/06\/07\/trodnevni-trening-sos-telefona-za-zene-djecu-u-ulcinj\/","name":"Trodnevni trening SOS telefona za \u017eene i djecu u Ulcinj - Lajme nga Ulqini","isPartOf":{"@id":"https:\/\/www.visit-ulcinj.com\/blog\/#website"},"primaryImageOfPage":{"@id":"https:\/\/www.visit-ulcinj.com\/blog\/2016\/06\/07\/trodnevni-trening-sos-telefona-za-zene-djecu-u-ulcinj\/#primaryimage"},"datePublished":"2016-06-07T11:21:18+00:00","dateModified":"2016-06-07T11:21:18+00:00","author":{"@id":"https:\/\/www.visit-ulcinj.com\/blog\/#\/schema\/person\/dcab619c614d3038751c63bc2aadc06d"},"description":"Trodnevni trening o pisanju predloga prakti\u010dnih politika je bio razlog da se u Ulcinju okupe \u010dlanice mre\u017ee SOS telefona za \u017eene i djecu \u017ertve nasilja iz","breadcrumb":{"@id":"https:\/\/www.visit-ulcinj.com\/blog\/2016\/06\/07\/trodnevni-trening-sos-telefona-za-zene-djecu-u-ulcinj\/#breadcrumb"},"inLanguage":"en-US","potentialAction":[{"@type":"ReadAction","target":["https:\/\/www.visit-ulcinj.com\/blog\/2016\/06\/07\/trodnevni-trening-sos-telefona-za-zene-djecu-u-ulcinj\/"]}]},{"@type":"BreadcrumbList","@id":"https:\/\/www.visit-ulcinj.com\/blog\/2016\/06\/07\/trodnevni-trening-sos-telefona-za-zene-djecu-u-ulcinj\/#breadcrumb","itemListElement":[{"@type":"ListItem","position":1,"name":"Trodnevni trening SOS telefona za \u017eene i djecu u Ulcinj"}]},{"@type":"Person","@id":"https:\/\/www.visit-ulcinj.com\/blog\/#\/schema\/person\/dcab619c614d3038751c63bc2aadc06d","name":"ulqini","sameAs":["http:\/\/www.visit-ulcinj.com"],"url":"https:\/\/www.visit-ulcinj.com\/blog\/author\/admin\/"}]}},"jetpack_featured_media_url":"","jetpack_sharing_enabled":true,"jetpack_shortlink":"https:\/\/wp.me\/pe6lTn-pkN","_links":{"self":[{"href":"https:\/\/www.visit-ulcinj.com\/blog\/wp-json\/wp\/v2\/posts\/97389"}],"collection":[{"href":"https:\/\/www.visit-ulcinj.com\/blog\/wp-json\/wp\/v2\/posts"}],"about":[{"href":"https:\/\/www.visit-ulcinj.com\/blog\/wp-json\/wp\/v2\/types\/post"}],"author":[{"embeddable":true,"href":"https:\/\/www.visit-ulcinj.com\/blog\/wp-json\/wp\/v2\/users\/1"}],"replies":[{"embeddable":true,"href":"https:\/\/www.visit-ulcinj.com\/blog\/wp-json\/wp\/v2\/comments?post=97389"}],"version-history":[{"count":1,"href":"https:\/\/www.visit-ulcinj.com\/blog\/wp-json\/wp\/v2\/posts\/97389\/revisions"}],"predecessor-version":[{"id":97391,"href":"https:\/\/www.visit-ulcinj.com\/blog\/wp-json\/wp\/v2\/posts\/97389\/revisions\/97391"}],"wp:attachment":[{"href":"https:\/\/www.visit-ulcinj.com\/blog\/wp-json\/wp\/v2\/media?parent=97389"}],"wp:term":[{"taxonomy":"category","embeddable":true,"href":"https:\/\/www.visit-ulcinj.com\/blog\/wp-json\/wp\/v2\/categories?post=97389"},{"taxonomy":"post_tag","embeddable":true,"href":"https:\/\/www.visit-ulcinj.com\/blog\/wp-json\/wp\/v2\/tags?post=97389"}],"curies":[{"name":"wp","href":"https:\/\/api.w.org\/{rel}","templated":true}]}}