{"id":97392,"date":"2016-06-07T12:33:30","date_gmt":"2016-06-07T11:33:30","guid":{"rendered":"http:\/\/www.visit-ulcinj.com\/blog\/?p=97392"},"modified":"2016-06-07T12:33:30","modified_gmt":"2016-06-07T11:33:30","slug":"poruseni-objekti-na-port-mileni-u-ulcinju","status":"publish","type":"post","link":"https:\/\/www.visit-ulcinj.com\/blog\/2016\/06\/07\/poruseni-objekti-na-port-mileni-u-ulcinju\/","title":{"rendered":"Poru\u0161eni objekti na Port Mileni u Ulcinju"},"content":{"rendered":"<p><strong><span class=\"credits__author\"> <a href=\"http:\/\/www.visit-ulcinj.com\/blog\/wp-content\/uploads\/2016\/06\/Poruseni-objekti-na-Port-Mileni-u-Ulcinju.jpg\"><img loading=\"lazy\" class=\"alignleft wp-image-97393\" src=\"http:\/\/www.visit-ulcinj.com\/blog\/wp-content\/uploads\/2016\/06\/Poruseni-objekti-na-Port-Mileni-u-Ulcinju.jpg\" alt=\"Poruseni objekti na Port Mileni u Ulcinju\" width=\"508\" height=\"319\" srcset=\"https:\/\/www.visit-ulcinj.com\/blog\/wp-content\/uploads\/2016\/06\/Poruseni-objekti-na-Port-Mileni-u-Ulcinju.jpg 560w, https:\/\/www.visit-ulcinj.com\/blog\/wp-content\/uploads\/2016\/06\/Poruseni-objekti-na-Port-Mileni-u-Ulcinju-300x189.jpg 300w\" sizes=\"(max-width: 508px) 100vw, 508px\" \/><\/a>Autor: Samir Adrovi\u0107 <\/span><\/strong><\/p>\n<p><strong>Inspektori su najavili da \u0107e nastaviti sa uklanjanjem nelegalnih objekata na teritoriji op\u0161tine Ulcinj<\/strong><\/p>\n<p>Inspekcija za\u0161tite prostora poru\u0161ila je danas\u00a0tri monta\u017ena objekta na obali Port Milene preko puta biv\u0161eg hotela Lido u Ulcinju.<\/p>\n<p>Objekti, kako su naveli iz inspekcije, nijesu bili predvi\u0111eni planom privremenih objekata za period od 2016. do 2018.godine.<\/p>\n<p>Inspektori su najavili da \u0107e nastaviti sa uklanjanjem nelegalnih objekata na teritoriji op\u0161tine Ulcinj.<\/p>\n<p><strong>Izvor: Vijesti Online<\/strong><\/p>\n","protected":false},"excerpt":{"rendered":"<p>Autor: Samir Adrovi\u0107 Inspektori su najavili da \u0107e nastaviti sa uklanjanjem nelegalnih objekata na teritoriji op\u0161tine Ulcinj Inspekcija za\u0161tite prostora poru\u0161ila je danas\u00a0tri monta\u017ena objekta na obali Port Milene preko puta biv\u0161eg hotela Lido u Ulcinju. Objekti, kako su naveli iz inspekcije, nijesu bili predvi\u0111eni planom privremenih objekata za period od 2016. do 2018.godine. Inspektori [&hellip;]<\/p>\n","protected":false},"author":1,"featured_media":0,"comment_status":"closed","ping_status":"closed","sticky":false,"template":"","format":"standard","meta":{"spay_email":"","jetpack_publicize_message":"","jetpack_is_tweetstorm":false,"jetpack_publicize_feature_enabled":true},"categories":[6950],"tags":[],"jetpack_publicize_connections":[],"yoast_head":"<!-- This site is optimized with the Yoast SEO plugin v19.1 - https:\/\/yoast.com\/wordpress\/plugins\/seo\/ -->\n<title>Poru\u0161eni objekti na Port Mileni u Ulcinju - Lajme nga Ulqini<\/title>\n<meta name=\"description\" content=\"Autor: Samir Adrovi\u0107 Inspektori su najavili da \u0107e nastaviti sa uklanjanjem nelegalnih objekata na teritoriji op\u0161tine Ulcinj Inspekcija za\u0161tite prostora\" \/>\n<meta name=\"robots\" content=\"index, follow, max-snippet:-1, max-image-preview:large, max-video-preview:-1\" \/>\n<link rel=\"canonical\" href=\"https:\/\/www.visit-ulcinj.com\/blog\/2016\/06\/07\/poruseni-objekti-na-port-mileni-u-ulcinju\/\" \/>\n<meta property=\"og:locale\" content=\"en_US\" \/>\n<meta property=\"og:type\" content=\"article\" \/>\n<meta property=\"og:title\" content=\"Poru\u0161eni objekti na Port Mileni u Ulcinju - Lajme nga Ulqini\" \/>\n<meta property=\"og:description\" content=\"Autor: Samir Adrovi\u0107 Inspektori su najavili da \u0107e nastaviti sa uklanjanjem nelegalnih objekata na teritoriji op\u0161tine Ulcinj Inspekcija za\u0161tite prostora\" \/>\n<meta property=\"og:url\" content=\"https:\/\/www.visit-ulcinj.com\/blog\/2016\/06\/07\/poruseni-objekti-na-port-mileni-u-ulcinju\/\" \/>\n<meta property=\"og:site_name\" content=\"Lajme nga Ulqini\" \/>\n<meta property=\"article:published_time\" content=\"2016-06-07T11:33:30+00:00\" \/>\n<meta property=\"og:image\" content=\"http:\/\/www.visit-ulcinj.com\/blog\/wp-content\/uploads\/2016\/06\/Poruseni-objekti-na-Port-Mileni-u-Ulcinju.jpg\" \/>\n<meta name=\"twitter:label1\" content=\"Written by\" \/>\n\t<meta name=\"twitter:data1\" content=\"ulqini\" \/>\n<script type=\"application\/ld+json\" class=\"yoast-schema-graph\">{\"@context\":\"https:\/\/schema.org\",\"@graph\":[{\"@type\":\"WebSite\",\"@id\":\"https:\/\/www.visit-ulcinj.com\/blog\/#website\",\"url\":\"https:\/\/www.visit-ulcinj.com\/blog\/\",\"name\":\"Lajme nga Ulqini\",\"description\":\"Lajme,Vijesti,Ulqini,Ulqin,Crna Gora,Mali i Zi\",\"potentialAction\":[{\"@type\":\"SearchAction\",\"target\":{\"@type\":\"EntryPoint\",\"urlTemplate\":\"https:\/\/www.visit-ulcinj.com\/blog\/?s={search_term_string}\"},\"query-input\":\"required name=search_term_string\"}],\"inLanguage\":\"en-US\"},{\"@type\":\"ImageObject\",\"inLanguage\":\"en-US\",\"@id\":\"https:\/\/www.visit-ulcinj.com\/blog\/2016\/06\/07\/poruseni-objekti-na-port-mileni-u-ulcinju\/#primaryimage\",\"url\":\"https:\/\/www.visit-ulcinj.com\/blog\/wp-content\/uploads\/2016\/06\/Poruseni-objekti-na-Port-Mileni-u-Ulcinju.jpg\",\"contentUrl\":\"https:\/\/www.visit-ulcinj.com\/blog\/wp-content\/uploads\/2016\/06\/Poruseni-objekti-na-Port-Mileni-u-Ulcinju.jpg\",\"width\":560,\"height\":352},{\"@type\":\"WebPage\",\"@id\":\"https:\/\/www.visit-ulcinj.com\/blog\/2016\/06\/07\/poruseni-objekti-na-port-mileni-u-ulcinju\/#webpage\",\"url\":\"https:\/\/www.visit-ulcinj.com\/blog\/2016\/06\/07\/poruseni-objekti-na-port-mileni-u-ulcinju\/\",\"name\":\"Poru\u0161eni objekti na Port Mileni u Ulcinju - Lajme nga Ulqini\",\"isPartOf\":{\"@id\":\"https:\/\/www.visit-ulcinj.com\/blog\/#website\"},\"primaryImageOfPage\":{\"@id\":\"https:\/\/www.visit-ulcinj.com\/blog\/2016\/06\/07\/poruseni-objekti-na-port-mileni-u-ulcinju\/#primaryimage\"},\"datePublished\":\"2016-06-07T11:33:30+00:00\",\"dateModified\":\"2016-06-07T11:33:30+00:00\",\"author\":{\"@id\":\"https:\/\/www.visit-ulcinj.com\/blog\/#\/schema\/person\/dcab619c614d3038751c63bc2aadc06d\"},\"description\":\"Autor: Samir Adrovi\u0107 Inspektori su najavili da \u0107e nastaviti sa uklanjanjem nelegalnih objekata na teritoriji op\u0161tine Ulcinj Inspekcija za\u0161tite prostora\",\"breadcrumb\":{\"@id\":\"https:\/\/www.visit-ulcinj.com\/blog\/2016\/06\/07\/poruseni-objekti-na-port-mileni-u-ulcinju\/#breadcrumb\"},\"inLanguage\":\"en-US\",\"potentialAction\":[{\"@type\":\"ReadAction\",\"target\":[\"https:\/\/www.visit-ulcinj.com\/blog\/2016\/06\/07\/poruseni-objekti-na-port-mileni-u-ulcinju\/\"]}]},{\"@type\":\"BreadcrumbList\",\"@id\":\"https:\/\/www.visit-ulcinj.com\/blog\/2016\/06\/07\/poruseni-objekti-na-port-mileni-u-ulcinju\/#breadcrumb\",\"itemListElement\":[{\"@type\":\"ListItem\",\"position\":1,\"name\":\"Poru\u0161eni objekti na Port Mileni u Ulcinju\"}]},{\"@type\":\"Person\",\"@id\":\"https:\/\/www.visit-ulcinj.com\/blog\/#\/schema\/person\/dcab619c614d3038751c63bc2aadc06d\",\"name\":\"ulqini\",\"sameAs\":[\"http:\/\/www.visit-ulcinj.com\"],\"url\":\"https:\/\/www.visit-ulcinj.com\/blog\/author\/admin\/\"}]}<\/script>\n<!-- \/ Yoast SEO plugin. -->","yoast_head_json":{"title":"Poru\u0161eni objekti na Port Mileni u Ulcinju - Lajme nga Ulqini","description":"Autor: Samir Adrovi\u0107 Inspektori su najavili da \u0107e nastaviti sa uklanjanjem nelegalnih objekata na teritoriji op\u0161tine Ulcinj Inspekcija za\u0161tite prostora","robots":{"index":"index","follow":"follow","max-snippet":"max-snippet:-1","max-image-preview":"max-image-preview:large","max-video-preview":"max-video-preview:-1"},"canonical":"https:\/\/www.visit-ulcinj.com\/blog\/2016\/06\/07\/poruseni-objekti-na-port-mileni-u-ulcinju\/","og_locale":"en_US","og_type":"article","og_title":"Poru\u0161eni objekti na Port Mileni u Ulcinju - Lajme nga Ulqini","og_description":"Autor: Samir Adrovi\u0107 Inspektori su najavili da \u0107e nastaviti sa uklanjanjem nelegalnih objekata na teritoriji op\u0161tine Ulcinj Inspekcija za\u0161tite prostora","og_url":"https:\/\/www.visit-ulcinj.com\/blog\/2016\/06\/07\/poruseni-objekti-na-port-mileni-u-ulcinju\/","og_site_name":"Lajme nga Ulqini","article_published_time":"2016-06-07T11:33:30+00:00","og_image":[{"url":"http:\/\/www.visit-ulcinj.com\/blog\/wp-content\/uploads\/2016\/06\/Poruseni-objekti-na-Port-Mileni-u-Ulcinju.jpg"}],"twitter_misc":{"Written by":"ulqini"},"schema":{"@context":"https:\/\/schema.org","@graph":[{"@type":"WebSite","@id":"https:\/\/www.visit-ulcinj.com\/blog\/#website","url":"https:\/\/www.visit-ulcinj.com\/blog\/","name":"Lajme nga Ulqini","description":"Lajme,Vijesti,Ulqini,Ulqin,Crna Gora,Mali i Zi","potentialAction":[{"@type":"SearchAction","target":{"@type":"EntryPoint","urlTemplate":"https:\/\/www.visit-ulcinj.com\/blog\/?s={search_term_string}"},"query-input":"required name=search_term_string"}],"inLanguage":"en-US"},{"@type":"ImageObject","inLanguage":"en-US","@id":"https:\/\/www.visit-ulcinj.com\/blog\/2016\/06\/07\/poruseni-objekti-na-port-mileni-u-ulcinju\/#primaryimage","url":"https:\/\/www.visit-ulcinj.com\/blog\/wp-content\/uploads\/2016\/06\/Poruseni-objekti-na-Port-Mileni-u-Ulcinju.jpg","contentUrl":"https:\/\/www.visit-ulcinj.com\/blog\/wp-content\/uploads\/2016\/06\/Poruseni-objekti-na-Port-Mileni-u-Ulcinju.jpg","width":560,"height":352},{"@type":"WebPage","@id":"https:\/\/www.visit-ulcinj.com\/blog\/2016\/06\/07\/poruseni-objekti-na-port-mileni-u-ulcinju\/#webpage","url":"https:\/\/www.visit-ulcinj.com\/blog\/2016\/06\/07\/poruseni-objekti-na-port-mileni-u-ulcinju\/","name":"Poru\u0161eni objekti na Port Mileni u Ulcinju - Lajme nga Ulqini","isPartOf":{"@id":"https:\/\/www.visit-ulcinj.com\/blog\/#website"},"primaryImageOfPage":{"@id":"https:\/\/www.visit-ulcinj.com\/blog\/2016\/06\/07\/poruseni-objekti-na-port-mileni-u-ulcinju\/#primaryimage"},"datePublished":"2016-06-07T11:33:30+00:00","dateModified":"2016-06-07T11:33:30+00:00","author":{"@id":"https:\/\/www.visit-ulcinj.com\/blog\/#\/schema\/person\/dcab619c614d3038751c63bc2aadc06d"},"description":"Autor: Samir Adrovi\u0107 Inspektori su najavili da \u0107e nastaviti sa uklanjanjem nelegalnih objekata na teritoriji op\u0161tine Ulcinj Inspekcija za\u0161tite prostora","breadcrumb":{"@id":"https:\/\/www.visit-ulcinj.com\/blog\/2016\/06\/07\/poruseni-objekti-na-port-mileni-u-ulcinju\/#breadcrumb"},"inLanguage":"en-US","potentialAction":[{"@type":"ReadAction","target":["https:\/\/www.visit-ulcinj.com\/blog\/2016\/06\/07\/poruseni-objekti-na-port-mileni-u-ulcinju\/"]}]},{"@type":"BreadcrumbList","@id":"https:\/\/www.visit-ulcinj.com\/blog\/2016\/06\/07\/poruseni-objekti-na-port-mileni-u-ulcinju\/#breadcrumb","itemListElement":[{"@type":"ListItem","position":1,"name":"Poru\u0161eni objekti na Port Mileni u Ulcinju"}]},{"@type":"Person","@id":"https:\/\/www.visit-ulcinj.com\/blog\/#\/schema\/person\/dcab619c614d3038751c63bc2aadc06d","name":"ulqini","sameAs":["http:\/\/www.visit-ulcinj.com"],"url":"https:\/\/www.visit-ulcinj.com\/blog\/author\/admin\/"}]}},"jetpack_featured_media_url":"","jetpack_sharing_enabled":true,"jetpack_shortlink":"https:\/\/wp.me\/pe6lTn-pkQ","_links":{"self":[{"href":"https:\/\/www.visit-ulcinj.com\/blog\/wp-json\/wp\/v2\/posts\/97392"}],"collection":[{"href":"https:\/\/www.visit-ulcinj.com\/blog\/wp-json\/wp\/v2\/posts"}],"about":[{"href":"https:\/\/www.visit-ulcinj.com\/blog\/wp-json\/wp\/v2\/types\/post"}],"author":[{"embeddable":true,"href":"https:\/\/www.visit-ulcinj.com\/blog\/wp-json\/wp\/v2\/users\/1"}],"replies":[{"embeddable":true,"href":"https:\/\/www.visit-ulcinj.com\/blog\/wp-json\/wp\/v2\/comments?post=97392"}],"version-history":[{"count":1,"href":"https:\/\/www.visit-ulcinj.com\/blog\/wp-json\/wp\/v2\/posts\/97392\/revisions"}],"predecessor-version":[{"id":97394,"href":"https:\/\/www.visit-ulcinj.com\/blog\/wp-json\/wp\/v2\/posts\/97392\/revisions\/97394"}],"wp:attachment":[{"href":"https:\/\/www.visit-ulcinj.com\/blog\/wp-json\/wp\/v2\/media?parent=97392"}],"wp:term":[{"taxonomy":"category","embeddable":true,"href":"https:\/\/www.visit-ulcinj.com\/blog\/wp-json\/wp\/v2\/categories?post=97392"},{"taxonomy":"post_tag","embeddable":true,"href":"https:\/\/www.visit-ulcinj.com\/blog\/wp-json\/wp\/v2\/tags?post=97392"}],"curies":[{"name":"wp","href":"https:\/\/api.w.org\/{rel}","templated":true}]}}