{"id":97395,"date":"2016-06-07T14:45:53","date_gmt":"2016-06-07T13:45:53","guid":{"rendered":"http:\/\/www.visit-ulcinj.com\/blog\/?p=97395"},"modified":"2016-06-07T17:29:42","modified_gmt":"2016-06-07T16:29:42","slug":"kksh-reagim-per-rastin-e-padise-penale-ndaj-subjektit-allaj-company-ne-ulqin","status":"publish","type":"post","link":"https:\/\/www.visit-ulcinj.com\/blog\/2016\/06\/07\/kksh-reagim-per-rastin-e-padise-penale-ndaj-subjektit-allaj-company-ne-ulqin\/","title":{"rendered":"KKSH: Reagim p\u00ebr rastin e padis\u00eb penale ndaj subjektit \u201cAllaj Company\u201d n\u00eb Ulqin"},"content":{"rendered":"<p><strong><a href=\"http:\/\/www.visit-ulcinj.com\/blog\/wp-content\/uploads\/2011\/12\/KNSH_MZ_logo.jpg\"><img loading=\"lazy\" class=\"alignleft wp-image-53927 size-full\" src=\"http:\/\/www.visit-ulcinj.com\/blog\/wp-content\/uploads\/2011\/12\/KNSH_MZ_logo.jpg\" alt=\"KNSH_MZ_logo\" width=\"318\" height=\"142\" srcset=\"https:\/\/www.visit-ulcinj.com\/blog\/wp-content\/uploads\/2011\/12\/KNSH_MZ_logo.jpg 318w, https:\/\/www.visit-ulcinj.com\/blog\/wp-content\/uploads\/2011\/12\/KNSH_MZ_logo-300x133.jpg 300w\" sizes=\"(max-width: 318px) 100vw, 318px\" \/><\/a>K\u00cbSHILLI KOMB\u00cbTAR I SHQIPTAR\u00cbVE N\u00cb MALIN E ZI<\/strong><\/p>\n<p><strong>\u00a0NACIONALNI SAVJET ALBANACA U CRNOJ GORI<\/strong><\/p>\n<p><strong>ALBANIAN\u00a0 NATIONAL COUNCIL IN MONTENEGRO<\/strong><\/p>\n<p><strong>Nr. 110\/16<\/strong><\/p>\n<p><strong>Ulqin, me 07.06.2016<\/strong><\/p>\n<p><strong>\u00a0<\/strong><\/p>\n<p><a href=\"http:\/\/www.visit-ulcinj.com\/blog\/wp-content\/uploads\/2014\/03\/KNSH-ja-Ulqin.jpg\"><img loading=\"lazy\" class=\"alignleft wp-image-80467\" src=\"http:\/\/www.visit-ulcinj.com\/blog\/wp-content\/uploads\/2014\/03\/KNSH-ja-Ulqin.jpg\" alt=\"KNSH-ja-Ulqin\" width=\"508\" height=\"377\" srcset=\"https:\/\/www.visit-ulcinj.com\/blog\/wp-content\/uploads\/2014\/03\/KNSH-ja-Ulqin.jpg 526w, https:\/\/www.visit-ulcinj.com\/blog\/wp-content\/uploads\/2014\/03\/KNSH-ja-Ulqin-300x222.jpg 300w\" sizes=\"(max-width: 508px) 100vw, 508px\" \/><\/a><\/p>\n<p style=\"text-align: center;\"><strong>Kumtes\u00eb p\u00ebr Opinion<\/strong><\/p>\n<p>&nbsp;<\/p>\n<p>K\u00ebshilli Komb\u00ebtar i Shqiptareve n\u00eb Malin e Zi shprehet i shqet\u00ebsimin dhe d\u00ebnon ashp\u00ebr veprimet e zyrtar\u00ebve t\u00eb Ministris\u00eb s\u00eb Pun\u00ebve t\u00eb Brendshme t\u00eb Malit t\u00eb Zi, gjegj\u00ebsisht Drejtoris\u00eb s\u00eb Policis\u00eb Q.S. Tivar\u00eb, Filjalit t\u00eb Siguris\u00eb Ulqin, t\u00eb cil\u00ebt kan\u00eb nisur procedur\u00ebn p\u00ebr ndjekje penale ndaj subjektit \u201cAllaj Company\u201d n\u00eb pron\u00ebsi t\u00eb S. A, \u00a0me argumentin e shkeljes s\u00eb Ligjit p\u00ebr Rendin dhe Qet\u00ebsin\u00eb Publike n\u00eb lokalin \u201cShisha Bar\u201d me dat\u00eb 11.10.2015 nga mysafir\u00ebt e pranish\u00ebm.<\/p>\n<p>N\u00eb k\u00ebrkes\u00ebn p\u00ebr ndjekje penale t\u00eb parashtruar nga zyrtar\u00eb t\u00eb filjal\u00ebs s\u00eb Policis\u00eb n\u00eb Ulqin, theksohet se nga \u201cmysafir\u00ebt e pranish\u00ebm n\u00eb lokal \u00ebsht\u00eb prishur rendi dhe q\u00ebt\u00ebsia publike nga brohoritjet e tifoz\u00ebve me baza etnike \u201cShqip\u00ebri Etnike\u201d, U\u00c7K dhe m\u00eb pas jan\u00eb shpalosur disa flamuj t\u00eb nj\u00eb Shteti tjeter\u201d.<\/p>\n<p>K\u00ebshilli Komb\u00ebtar shpreh brengosje dhe habi p\u00ebr veprimin e zyrtar\u00ebve t\u00eb organeve shtet\u00ebrore, t\u00eb nisin procedurat p\u00ebr ndjekje penale n\u00eb baz\u00eb t\u00eb deliktit verbal dhe shpalosjes s\u00eb simbolit komb\u00ebtar.<\/p>\n<p>Me k\u00ebt\u00eb rast\u00eb rivlersojm\u00eb se Flamuri Komb\u00ebtar\u00a0 i\u00a0 p\u00ebrket t\u00eb gjith\u00eb shqiptar\u00ebve ku ata jetojn\u00eb dhe nuk \u00ebsht\u00eb vet\u00ebm flamur i nj\u00eb shteti tjet\u00ebr dhe si t\u00eb till\u00eb e njohin t\u00eb gjitha organet shtetrore \u00a0t\u00eb Malit t\u00eb Zi, \u00a0flamur t\u00eb cilin shqiptar\u00ebt n\u00eb Malin e Zi e kan\u00eb n\u00eb p\u00ebrdorim n\u00eb raste t\u00eb festave komb\u00ebtare dhe t\u00eb g\u00ebzimeve familjare me shekuj.<\/p>\n<p>Vler\u00ebsojm\u00eb se veprime t\u00eb tilla nga ana e punonj\u00ebsve t\u00eb policis\u00eb s\u00eb Ulqinit nuk do duhej t\u00eb ndodhin, duke e ditur se Mali i Zi aspiron drejt\u00eb integrimeve Euro-Atlantike, ligje m\u00eb demorartike jan\u00eb n\u00eb p\u00ebrpunim dhe propozim e sip\u00ebr, sidomos kur\u00eb \u00ebsht\u00eb fjala p\u00ebr ligje t\u00eb till\u00eb si: Ligji p\u00ebr Lirit\u00eb dhe t\u00eb Drejtat e Nj\u00ebriut apo Ligji p\u00ebr P\u00ebrdorimin e Lir\u00eb dhe Publik t\u00eb Simboleve Komb\u00ebtare, t\u00eb cil\u00ebt presin t\u00eb miratohen nga Kuvendi i Malit t\u00eb Zi n\u00eb nj\u00eb t\u00eb ardhme t\u00eb af\u00ebrt, prandaj \u00e7far\u00eb kuptimi kan\u00eb veprime t\u00eb tilla , p\u00ebrve\u00e7 se mund\u00eb t\u00eb kuptohet si tendencioz me baz\u00eb t\u00eb diskriminimit etnik.<\/p>\n<p>I b\u00ebjm\u00eb apel organit p\u00ebrkat\u00ebs q\u00eb t\u00eb t\u00ebrheq\u00eb k\u00ebrkes\u00ebn p\u00ebr ndjekje penale ndaj subjektit\u201dAllaj Company\u201d. Nj\u00ebkoh\u00ebsisht i njoftojm\u00eb p\u00ebrgjegj\u00ebsit e Ministris\u00eb se p\u00ebr kat\u00eb rast\u00eb do t\u00eb informojm\u00eb institucionet e shtetit, institucionet nd\u00ebrkomb\u00ebtare q\u00eb monitorojn\u00eb zbatimin e t\u00eb drejtave dhe lirive t\u00eb njeriut, p\u00ebrfaq\u00ebsit\u00eb diplomatike etj.<\/p>\n<p>Shfryrt\u00ebzoj rastin t\u00eb ftoj t\u00eb gjith\u00eb bashkombasit, q\u00eb n\u00eb prag t\u00eb finaleve t\u00eb Kampionatit Europian t\u00eb b\u00ebjn\u00eb tifoz\u00ebri p\u00ebr ekipin komb\u00ebtar pa ndrojtje dhe hezitim. Urime Komb\u00ebtar\u00ebs !<\/p>\n<p>&nbsp;<\/p>\n<p><strong>KRYETARI<\/strong><\/p>\n<p><strong>Genci Nimanbegu<\/strong><\/p>\n<p>&nbsp;<\/p>\n<p>&nbsp;<\/p>\n<p><strong>K\u00cbSHILLI KOMB\u00cbTAR I SHQIPTAR\u00cbVE N\u00cb MALIN E ZI &#8211; NACIONALNI SAVJET ALBANACA U CRNOJ GORI &#8211; ALBANIAN\u00a0 NATIONAL COUNCIL IN MONTENEGRO<\/strong><\/p>\n<p>Maili i Zi &#8211; Crna Gora \u2013 Montenegro,\u00a0 85360 Ulqin-Ulcinj, bul. Gjergj Kastrioti Skenderbeu p.n-b.b , Tel\/fax\u00a0 +382\u00a0 30 411\u00a0 302 , mob.+382 67\u00a0 747 707, + 382 69 333 663<\/p>\n<p>Web: <a href=\"http:\/\/www.knsh.me\">www.knsh.me<\/a> , E-mail: <a href=\"mailto:knsh@t-com.me\">knsh@t-com.me<\/a><\/p>\n","protected":false},"excerpt":{"rendered":"<p>K\u00cbSHILLI KOMB\u00cbTAR I SHQIPTAR\u00cbVE N\u00cb MALIN E ZI \u00a0NACIONALNI SAVJET ALBANACA U CRNOJ GORI ALBANIAN\u00a0 NATIONAL COUNCIL IN MONTENEGRO Nr. 110\/16 Ulqin, me 07.06.2016 \u00a0 Kumtes\u00eb p\u00ebr Opinion &nbsp; K\u00ebshilli Komb\u00ebtar i Shqiptareve n\u00eb Malin e Zi shprehet i shqet\u00ebsimin dhe d\u00ebnon ashp\u00ebr veprimet e zyrtar\u00ebve t\u00eb Ministris\u00eb s\u00eb Pun\u00ebve t\u00eb Brendshme t\u00eb Malit t\u00eb [&hellip;]<\/p>\n","protected":false},"author":1,"featured_media":0,"comment_status":"closed","ping_status":"closed","sticky":false,"template":"","format":"standard","meta":{"spay_email":"","jetpack_publicize_message":"","jetpack_is_tweetstorm":false,"jetpack_publicize_feature_enabled":true},"categories":[13],"tags":[],"jetpack_publicize_connections":[],"yoast_head":"<!-- This site is optimized with the Yoast SEO plugin v19.1 - https:\/\/yoast.com\/wordpress\/plugins\/seo\/ -->\n<title>KKSH: Reagim p\u00ebr rastin e padis\u00eb penale ndaj subjektit \u201cAllaj Company\u201d n\u00eb Ulqin - Lajme nga Ulqini<\/title>\n<meta name=\"description\" content=\"K\u00cbSHILLI KOMB\u00cbTAR I SHQIPTAR\u00cbVE N\u00cb MALIN E ZI \u00a0NACIONALNI SAVJET ALBANACA U CRNOJ GORI ALBANIAN\u00a0 NATIONAL COUNCIL IN MONTENEGRO Nr. 110\/16 Ulqin, me\" \/>\n<meta name=\"robots\" content=\"index, follow, max-snippet:-1, max-image-preview:large, max-video-preview:-1\" \/>\n<link rel=\"canonical\" href=\"https:\/\/www.visit-ulcinj.com\/blog\/2016\/06\/07\/kksh-reagim-per-rastin-e-padise-penale-ndaj-subjektit-allaj-company-ne-ulqin\/\" \/>\n<meta property=\"og:locale\" content=\"en_US\" \/>\n<meta property=\"og:type\" content=\"article\" \/>\n<meta property=\"og:title\" content=\"KKSH: Reagim p\u00ebr rastin e padis\u00eb penale ndaj subjektit \u201cAllaj Company\u201d n\u00eb Ulqin - Lajme nga Ulqini\" \/>\n<meta property=\"og:description\" content=\"K\u00cbSHILLI KOMB\u00cbTAR I SHQIPTAR\u00cbVE N\u00cb MALIN E ZI \u00a0NACIONALNI SAVJET ALBANACA U CRNOJ GORI ALBANIAN\u00a0 NATIONAL COUNCIL IN MONTENEGRO Nr. 110\/16 Ulqin, me\" \/>\n<meta property=\"og:url\" content=\"https:\/\/www.visit-ulcinj.com\/blog\/2016\/06\/07\/kksh-reagim-per-rastin-e-padise-penale-ndaj-subjektit-allaj-company-ne-ulqin\/\" \/>\n<meta property=\"og:site_name\" content=\"Lajme nga Ulqini\" \/>\n<meta property=\"article:published_time\" content=\"2016-06-07T13:45:53+00:00\" \/>\n<meta property=\"article:modified_time\" content=\"2016-06-07T16:29:42+00:00\" \/>\n<meta property=\"og:image\" content=\"http:\/\/www.visit-ulcinj.com\/blog\/wp-content\/uploads\/2011\/12\/KNSH_MZ_logo.jpg\" \/>\n<meta name=\"twitter:label1\" content=\"Written by\" \/>\n\t<meta name=\"twitter:data1\" content=\"ulqini\" \/>\n\t<meta name=\"twitter:label2\" content=\"Est. reading time\" \/>\n\t<meta name=\"twitter:data2\" content=\"3 minutes\" \/>\n<script type=\"application\/ld+json\" class=\"yoast-schema-graph\">{\"@context\":\"https:\/\/schema.org\",\"@graph\":[{\"@type\":\"WebSite\",\"@id\":\"https:\/\/www.visit-ulcinj.com\/blog\/#website\",\"url\":\"https:\/\/www.visit-ulcinj.com\/blog\/\",\"name\":\"Lajme nga Ulqini\",\"description\":\"Lajme,Vijesti,Ulqini,Ulqin,Crna Gora,Mali i Zi\",\"potentialAction\":[{\"@type\":\"SearchAction\",\"target\":{\"@type\":\"EntryPoint\",\"urlTemplate\":\"https:\/\/www.visit-ulcinj.com\/blog\/?s={search_term_string}\"},\"query-input\":\"required name=search_term_string\"}],\"inLanguage\":\"en-US\"},{\"@type\":\"ImageObject\",\"inLanguage\":\"en-US\",\"@id\":\"https:\/\/www.visit-ulcinj.com\/blog\/2016\/06\/07\/kksh-reagim-per-rastin-e-padise-penale-ndaj-subjektit-allaj-company-ne-ulqin\/#primaryimage\",\"url\":\"https:\/\/www.visit-ulcinj.com\/blog\/wp-content\/uploads\/2011\/12\/KNSH_MZ_logo.jpg\",\"contentUrl\":\"https:\/\/www.visit-ulcinj.com\/blog\/wp-content\/uploads\/2011\/12\/KNSH_MZ_logo.jpg\",\"width\":\"318\",\"height\":\"142\"},{\"@type\":\"WebPage\",\"@id\":\"https:\/\/www.visit-ulcinj.com\/blog\/2016\/06\/07\/kksh-reagim-per-rastin-e-padise-penale-ndaj-subjektit-allaj-company-ne-ulqin\/#webpage\",\"url\":\"https:\/\/www.visit-ulcinj.com\/blog\/2016\/06\/07\/kksh-reagim-per-rastin-e-padise-penale-ndaj-subjektit-allaj-company-ne-ulqin\/\",\"name\":\"KKSH: Reagim p\u00ebr rastin e padis\u00eb penale ndaj subjektit \u201cAllaj Company\u201d n\u00eb Ulqin - Lajme nga Ulqini\",\"isPartOf\":{\"@id\":\"https:\/\/www.visit-ulcinj.com\/blog\/#website\"},\"primaryImageOfPage\":{\"@id\":\"https:\/\/www.visit-ulcinj.com\/blog\/2016\/06\/07\/kksh-reagim-per-rastin-e-padise-penale-ndaj-subjektit-allaj-company-ne-ulqin\/#primaryimage\"},\"datePublished\":\"2016-06-07T13:45:53+00:00\",\"dateModified\":\"2016-06-07T16:29:42+00:00\",\"author\":{\"@id\":\"https:\/\/www.visit-ulcinj.com\/blog\/#\/schema\/person\/dcab619c614d3038751c63bc2aadc06d\"},\"description\":\"K\u00cbSHILLI KOMB\u00cbTAR I SHQIPTAR\u00cbVE N\u00cb MALIN E ZI \u00a0NACIONALNI SAVJET ALBANACA U CRNOJ GORI ALBANIAN\u00a0 NATIONAL COUNCIL IN MONTENEGRO Nr. 110\/16 Ulqin, me\",\"breadcrumb\":{\"@id\":\"https:\/\/www.visit-ulcinj.com\/blog\/2016\/06\/07\/kksh-reagim-per-rastin-e-padise-penale-ndaj-subjektit-allaj-company-ne-ulqin\/#breadcrumb\"},\"inLanguage\":\"en-US\",\"potentialAction\":[{\"@type\":\"ReadAction\",\"target\":[\"https:\/\/www.visit-ulcinj.com\/blog\/2016\/06\/07\/kksh-reagim-per-rastin-e-padise-penale-ndaj-subjektit-allaj-company-ne-ulqin\/\"]}]},{\"@type\":\"BreadcrumbList\",\"@id\":\"https:\/\/www.visit-ulcinj.com\/blog\/2016\/06\/07\/kksh-reagim-per-rastin-e-padise-penale-ndaj-subjektit-allaj-company-ne-ulqin\/#breadcrumb\",\"itemListElement\":[{\"@type\":\"ListItem\",\"position\":1,\"name\":\"KKSH: Reagim p\u00ebr rastin e padis\u00eb penale ndaj subjektit \u201cAllaj Company\u201d n\u00eb Ulqin\"}]},{\"@type\":\"Person\",\"@id\":\"https:\/\/www.visit-ulcinj.com\/blog\/#\/schema\/person\/dcab619c614d3038751c63bc2aadc06d\",\"name\":\"ulqini\",\"sameAs\":[\"http:\/\/www.visit-ulcinj.com\"],\"url\":\"https:\/\/www.visit-ulcinj.com\/blog\/author\/admin\/\"}]}<\/script>\n<!-- \/ Yoast SEO plugin. -->","yoast_head_json":{"title":"KKSH: Reagim p\u00ebr rastin e padis\u00eb penale ndaj subjektit \u201cAllaj Company\u201d n\u00eb Ulqin - Lajme nga Ulqini","description":"K\u00cbSHILLI KOMB\u00cbTAR I SHQIPTAR\u00cbVE N\u00cb MALIN E ZI \u00a0NACIONALNI SAVJET ALBANACA U CRNOJ GORI ALBANIAN\u00a0 NATIONAL COUNCIL IN MONTENEGRO Nr. 110\/16 Ulqin, me","robots":{"index":"index","follow":"follow","max-snippet":"max-snippet:-1","max-image-preview":"max-image-preview:large","max-video-preview":"max-video-preview:-1"},"canonical":"https:\/\/www.visit-ulcinj.com\/blog\/2016\/06\/07\/kksh-reagim-per-rastin-e-padise-penale-ndaj-subjektit-allaj-company-ne-ulqin\/","og_locale":"en_US","og_type":"article","og_title":"KKSH: Reagim p\u00ebr rastin e padis\u00eb penale ndaj subjektit \u201cAllaj Company\u201d n\u00eb Ulqin - Lajme nga Ulqini","og_description":"K\u00cbSHILLI KOMB\u00cbTAR I SHQIPTAR\u00cbVE N\u00cb MALIN E ZI \u00a0NACIONALNI SAVJET ALBANACA U CRNOJ GORI ALBANIAN\u00a0 NATIONAL COUNCIL IN MONTENEGRO Nr. 110\/16 Ulqin, me","og_url":"https:\/\/www.visit-ulcinj.com\/blog\/2016\/06\/07\/kksh-reagim-per-rastin-e-padise-penale-ndaj-subjektit-allaj-company-ne-ulqin\/","og_site_name":"Lajme nga Ulqini","article_published_time":"2016-06-07T13:45:53+00:00","article_modified_time":"2016-06-07T16:29:42+00:00","og_image":[{"url":"http:\/\/www.visit-ulcinj.com\/blog\/wp-content\/uploads\/2011\/12\/KNSH_MZ_logo.jpg"}],"twitter_misc":{"Written by":"ulqini","Est. reading time":"3 minutes"},"schema":{"@context":"https:\/\/schema.org","@graph":[{"@type":"WebSite","@id":"https:\/\/www.visit-ulcinj.com\/blog\/#website","url":"https:\/\/www.visit-ulcinj.com\/blog\/","name":"Lajme nga Ulqini","description":"Lajme,Vijesti,Ulqini,Ulqin,Crna Gora,Mali i Zi","potentialAction":[{"@type":"SearchAction","target":{"@type":"EntryPoint","urlTemplate":"https:\/\/www.visit-ulcinj.com\/blog\/?s={search_term_string}"},"query-input":"required name=search_term_string"}],"inLanguage":"en-US"},{"@type":"ImageObject","inLanguage":"en-US","@id":"https:\/\/www.visit-ulcinj.com\/blog\/2016\/06\/07\/kksh-reagim-per-rastin-e-padise-penale-ndaj-subjektit-allaj-company-ne-ulqin\/#primaryimage","url":"https:\/\/www.visit-ulcinj.com\/blog\/wp-content\/uploads\/2011\/12\/KNSH_MZ_logo.jpg","contentUrl":"https:\/\/www.visit-ulcinj.com\/blog\/wp-content\/uploads\/2011\/12\/KNSH_MZ_logo.jpg","width":"318","height":"142"},{"@type":"WebPage","@id":"https:\/\/www.visit-ulcinj.com\/blog\/2016\/06\/07\/kksh-reagim-per-rastin-e-padise-penale-ndaj-subjektit-allaj-company-ne-ulqin\/#webpage","url":"https:\/\/www.visit-ulcinj.com\/blog\/2016\/06\/07\/kksh-reagim-per-rastin-e-padise-penale-ndaj-subjektit-allaj-company-ne-ulqin\/","name":"KKSH: Reagim p\u00ebr rastin e padis\u00eb penale ndaj subjektit \u201cAllaj Company\u201d n\u00eb Ulqin - Lajme nga Ulqini","isPartOf":{"@id":"https:\/\/www.visit-ulcinj.com\/blog\/#website"},"primaryImageOfPage":{"@id":"https:\/\/www.visit-ulcinj.com\/blog\/2016\/06\/07\/kksh-reagim-per-rastin-e-padise-penale-ndaj-subjektit-allaj-company-ne-ulqin\/#primaryimage"},"datePublished":"2016-06-07T13:45:53+00:00","dateModified":"2016-06-07T16:29:42+00:00","author":{"@id":"https:\/\/www.visit-ulcinj.com\/blog\/#\/schema\/person\/dcab619c614d3038751c63bc2aadc06d"},"description":"K\u00cbSHILLI KOMB\u00cbTAR I SHQIPTAR\u00cbVE N\u00cb MALIN E ZI \u00a0NACIONALNI SAVJET ALBANACA U CRNOJ GORI ALBANIAN\u00a0 NATIONAL COUNCIL IN MONTENEGRO Nr. 110\/16 Ulqin, me","breadcrumb":{"@id":"https:\/\/www.visit-ulcinj.com\/blog\/2016\/06\/07\/kksh-reagim-per-rastin-e-padise-penale-ndaj-subjektit-allaj-company-ne-ulqin\/#breadcrumb"},"inLanguage":"en-US","potentialAction":[{"@type":"ReadAction","target":["https:\/\/www.visit-ulcinj.com\/blog\/2016\/06\/07\/kksh-reagim-per-rastin-e-padise-penale-ndaj-subjektit-allaj-company-ne-ulqin\/"]}]},{"@type":"BreadcrumbList","@id":"https:\/\/www.visit-ulcinj.com\/blog\/2016\/06\/07\/kksh-reagim-per-rastin-e-padise-penale-ndaj-subjektit-allaj-company-ne-ulqin\/#breadcrumb","itemListElement":[{"@type":"ListItem","position":1,"name":"KKSH: Reagim p\u00ebr rastin e padis\u00eb penale ndaj subjektit \u201cAllaj Company\u201d n\u00eb Ulqin"}]},{"@type":"Person","@id":"https:\/\/www.visit-ulcinj.com\/blog\/#\/schema\/person\/dcab619c614d3038751c63bc2aadc06d","name":"ulqini","sameAs":["http:\/\/www.visit-ulcinj.com"],"url":"https:\/\/www.visit-ulcinj.com\/blog\/author\/admin\/"}]}},"jetpack_featured_media_url":"","jetpack_sharing_enabled":true,"jetpack_shortlink":"https:\/\/wp.me\/pe6lTn-pkT","_links":{"self":[{"href":"https:\/\/www.visit-ulcinj.com\/blog\/wp-json\/wp\/v2\/posts\/97395"}],"collection":[{"href":"https:\/\/www.visit-ulcinj.com\/blog\/wp-json\/wp\/v2\/posts"}],"about":[{"href":"https:\/\/www.visit-ulcinj.com\/blog\/wp-json\/wp\/v2\/types\/post"}],"author":[{"embeddable":true,"href":"https:\/\/www.visit-ulcinj.com\/blog\/wp-json\/wp\/v2\/users\/1"}],"replies":[{"embeddable":true,"href":"https:\/\/www.visit-ulcinj.com\/blog\/wp-json\/wp\/v2\/comments?post=97395"}],"version-history":[{"count":1,"href":"https:\/\/www.visit-ulcinj.com\/blog\/wp-json\/wp\/v2\/posts\/97395\/revisions"}],"predecessor-version":[{"id":97396,"href":"https:\/\/www.visit-ulcinj.com\/blog\/wp-json\/wp\/v2\/posts\/97395\/revisions\/97396"}],"wp:attachment":[{"href":"https:\/\/www.visit-ulcinj.com\/blog\/wp-json\/wp\/v2\/media?parent=97395"}],"wp:term":[{"taxonomy":"category","embeddable":true,"href":"https:\/\/www.visit-ulcinj.com\/blog\/wp-json\/wp\/v2\/categories?post=97395"},{"taxonomy":"post_tag","embeddable":true,"href":"https:\/\/www.visit-ulcinj.com\/blog\/wp-json\/wp\/v2\/tags?post=97395"}],"curies":[{"name":"wp","href":"https:\/\/api.w.org\/{rel}","templated":true}]}}