{"id":97406,"date":"2016-06-07T17:16:03","date_gmt":"2016-06-07T16:16:03","guid":{"rendered":"http:\/\/www.visit-ulcinj.com\/blog\/?p=97406"},"modified":"2016-06-07T17:17:45","modified_gmt":"2016-06-07T16:17:45","slug":"dhuna-mes-bandave-trondit-kotorrin-ne-mal-te-zi","status":"publish","type":"post","link":"https:\/\/www.visit-ulcinj.com\/blog\/2016\/06\/07\/dhuna-mes-bandave-trondit-kotorrin-ne-mal-te-zi\/","title":{"rendered":"Dhuna mes bandave trondit Kotorrin ne Mal t\u00eb Zi"},"content":{"rendered":"<p><strong><em><a href=\"http:\/\/www.visit-ulcinj.com\/blog\/wp-content\/uploads\/2016\/06\/SAJ-Mali-Zi.jpg\"><img loading=\"lazy\" class=\"alignleft wp-image-97408\" src=\"http:\/\/www.visit-ulcinj.com\/blog\/wp-content\/uploads\/2016\/06\/SAJ-Mali-Zi.jpg\" alt=\"SAJ-Mali-Zi\" width=\"508\" height=\"341\" srcset=\"https:\/\/www.visit-ulcinj.com\/blog\/wp-content\/uploads\/2016\/06\/SAJ-Mali-Zi.jpg 999w, https:\/\/www.visit-ulcinj.com\/blog\/wp-content\/uploads\/2016\/06\/SAJ-Mali-Zi-300x201.jpg 300w, https:\/\/www.visit-ulcinj.com\/blog\/wp-content\/uploads\/2016\/06\/SAJ-Mali-Zi-768x515.jpg 768w\" sizes=\"(max-width: 508px) 100vw, 508px\" \/><\/a>Policia d\u00ebrgoi nj\u00ebsi anti-terror n\u00eb qytetin bregdetar t\u00eb Kotorrit t\u00eb h\u00ebn\u00ebn n\u00eb mbr\u00ebmje p\u00ebr t\u00eb parandaluar p\u00ebrplasjet e tjera mes bandave t\u00eb drog\u00ebs pas nj\u00eb seri vrasjesh dhe t\u00eb sht\u00ebnash n\u00eb muajt e fundit.<\/em><\/strong><\/p>\n<p>Ministria e Brendshme ka paralajm\u00ebruar se situata n\u00eb Kotorr \u00ebsht\u00eb \u201calarmante\u201d, pasi dhuna mes bandave kriminale e detyroi ministrin\u00eb t\u00eb d\u00ebrgoj\u00eb trupa anti-terror n\u00eb qytetin bregdetar t\u00eb h\u00ebn\u00ebn.<\/p>\n<p>Autoritetet kan\u00eb frik\u00eb se dhuna mund t\u00eb rrezikoj\u00eb sezonin turistik n\u00eb Kotorr, i cili vizitohet \u00e7do vit nga mij\u00ebra turist\u00eb t\u00eb huaj me anije turistike luksoze.<\/p>\n<p>Ministri i brendsh\u00ebm Goran Danilovi\u00e7, i cili udh\u00ebtoi gjithashtu n\u00eb Kotorr t\u00eb h\u00ebn\u00ebn bashk\u00eb me prokuror\u00ebt, tha se n\u00ebse nuk ka rezultate konkrete n\u00eb zgjidhjen e dhun\u00ebs deri t\u00eb enjten, ai do ta k\u00ebrkoj\u00eb p\u00ebrgjegj\u00ebsin\u00eb te hetuesit.<\/p>\n<p>\u201cKotorri \u00ebsht\u00eb tani i rrethuar\u201d,- tha Danilovi\u00e7.<\/p>\n<p>\u201cN\u00ebse personat q\u00eb jan\u00eb ende t\u00eb lir\u00eb nuk sillen p\u00ebrpara drejt\u00ebsis\u00eb, asgj\u00eb tjet\u00ebr nuk mund t\u00eb jet\u00eb nj\u00eb garanci p\u00ebr ne. Kotorri duhet t\u00eb pushoj\u00eb s\u00eb qenuri n\u00eb qend\u00ebr t\u00eb p\u00ebrleshjeve midis bandave kriminale rivale\u201d,- shtoi ai.<\/p>\n<p>Ai tha se zhvillimet n\u00eb qytet e kan\u00eb tejkaluar juridiksionin e policis\u00eb lokale dhe se i gjith\u00eb sektori i siguris\u00eb dhe drejt\u00ebsis\u00eb duhet t\u00eb p\u00ebrfshihet n\u00eb trajtimin e problemit.<\/p>\n<p>Shk\u00ebmbimi i fundit i zjarrit shp\u00ebrtheu n\u00eb Kotor t\u00eb premten, vet\u00ebm pak or\u00eb pasi drejtori i policis\u00eb Slavko Stojanovi\u00e7 d\u00ebrgoi nj\u00eb nj\u00ebsi t\u00eb ve\u00e7ant\u00eb n\u00eb qytet si nj\u00eb \u201cgaranci se nuk do t\u00eb ket\u00eb p\u00ebrleshje t\u00eb reja\u201d.<\/p>\n<p>Nj\u00eb vendpushim i vog\u00ebl me nj\u00eb qytet mesjetar t\u00eb vjet\u00ebr n\u00eb gjirin Boka, q\u00eb \u00ebsht\u00eb n\u00eb list\u00ebn e UNESCO p\u00ebr trash\u00ebgimin\u00eb bot\u00ebrore, Kotorri b\u00ebri buj\u00eb nj\u00eb dekad\u00eb m\u00eb par\u00eb, pasi u zbulua se baroni ballkanik i drog\u00ebs Darko Sar\u00e7i\u00e7 kishte filluar t\u00eb investonte shuma t\u00eb m\u00ebdha parash atje, kryesisht n\u00eb sektorin e turizmit.<\/p>\n<p>Nj\u00eb nga diskotekat m\u00eb t\u00eb m\u00ebdha n\u00eb detin Adriatik, Maximus, q\u00eb t\u00ebrheq mij\u00ebra t\u00eb ftuar \u00e7do ver\u00eb, thuhet se \u00ebsht\u00eb menaxhuar nga nj\u00eb prej kompanive t\u00eb themeluara prej Sari\u00e7 n\u00eb Kotor n\u00eb mesin e viteve 2000.<\/p>\n<p>N\u00eb nj\u00eb vendim t\u00eb shkall\u00ebs s\u00eb par\u00eb n\u00eb korrik t\u00eb vitit 2015, Gjykata Speciale e Beogradit p\u00ebr Krimin e Organizuar e d\u00ebnoi Sari\u00e7 me 20 vjet burg p\u00ebr kontraband\u00ebn e kokain\u00ebs nga Amerika Latine.<\/p>\n<p>Gjykata d\u00ebnoi gjithashtu rreth 30 t\u00eb pandehur t\u00eb tjer\u00eb, 14 prej t\u00eb cil\u00ebve jan\u00eb ende n\u00eb arrati, p\u00ebr kontraband\u00eb me m\u00eb shum\u00eb se pes\u00eb ton kokain\u00eb nga Amerika e Jugut n\u00eb vitin 2008 dhe 2009, duke u dh\u00ebn\u00eb atyre d\u00ebnime me burg nga pes\u00eb muaj n\u00eb 20 vjet.<\/p>\n<p>Shk\u00ebmbimet e para t\u00eb zjarrit n\u00eb Kotorr shp\u00ebrthyen n\u00eb vitin 2008 dhe dy vjet m\u00eb von\u00eb, nj\u00eb nga bashk\u00ebpun\u00ebtor\u00ebt m\u00eb t\u00eb ngusht\u00eb Sari\u00e7, Zoran Fri\u00e7 Dudi\u00e7, u q\u00ebllua p\u00ebr vdekje n\u00eb sheshin kryesor t\u00eb qytetit n\u00eb mes t\u00eb dit\u00ebs.<\/p>\n<p>N\u00eb tre muajt e fundit, Kotorr ka par\u00eb gjasht\u00eb p\u00ebrleshje t\u00eb armatosura midis klaneve rivale t\u00eb drog\u00ebs dhe n\u00eb prill, Srdjan Vllahovi\u00e7, i cili thuhet se \u00ebsht\u00eb i lidhur me nj\u00eb nga rrjetet kryesore t\u00eb narkotik\u00ebve, u vra.<\/p>\n<p>Mes pak\u00ebnaq\u00ebsis\u00eb publike p\u00ebr dhun\u00ebn, nj\u00eb ekip i posa\u00e7\u00ebm hetimor nga Prokuroria Speciale p\u00ebr Krimin e Organizuar dhe Korrupsionin pritet hetoj\u00eb \u00e7\u00ebshtjet.<\/p>\n<p>Prokuroria tha t\u00eb h\u00ebn\u00ebn se derisa Prokuroria Speciale t\u00eb marr\u00eb p\u00ebrsip\u00ebr \u00e7\u00ebshtjet, ajo do t\u00eb vazhdoj\u00eb t\u00eb merret me hetimet sa m\u00eb shpejt t\u00eb jet\u00eb e mundur.\/BIRN\/<\/p>\n<p>MAPO<\/p>\n","protected":false},"excerpt":{"rendered":"<p>Policia d\u00ebrgoi nj\u00ebsi anti-terror n\u00eb qytetin bregdetar t\u00eb Kotorrit t\u00eb h\u00ebn\u00ebn n\u00eb mbr\u00ebmje p\u00ebr t\u00eb parandaluar p\u00ebrplasjet e tjera mes bandave t\u00eb drog\u00ebs pas nj\u00eb seri vrasjesh dhe t\u00eb sht\u00ebnash n\u00eb muajt e fundit. Ministria e Brendshme ka paralajm\u00ebruar se situata n\u00eb Kotorr \u00ebsht\u00eb \u201calarmante\u201d, pasi dhuna mes bandave kriminale e detyroi ministrin\u00eb t\u00eb d\u00ebrgoj\u00eb [&hellip;]<\/p>\n","protected":false},"author":1,"featured_media":0,"comment_status":"closed","ping_status":"closed","sticky":false,"template":"","format":"standard","meta":{"spay_email":"","jetpack_publicize_message":"","jetpack_is_tweetstorm":false,"jetpack_publicize_feature_enabled":true},"categories":[14],"tags":[],"jetpack_publicize_connections":[],"yoast_head":"<!-- This site is optimized with the Yoast SEO plugin v19.1 - https:\/\/yoast.com\/wordpress\/plugins\/seo\/ -->\n<title>Dhuna mes bandave trondit Kotorrin ne Mal t\u00eb Zi - Lajme nga Ulqini<\/title>\n<meta name=\"description\" content=\"Policia d\u00ebrgoi nj\u00ebsi anti-terror n\u00eb qytetin bregdetar t\u00eb Kotorrit t\u00eb h\u00ebn\u00ebn n\u00eb mbr\u00ebmje p\u00ebr t\u00eb parandaluar p\u00ebrplasjet e tjera mes bandave t\u00eb drog\u00ebs pas nj\u00eb\" \/>\n<meta name=\"robots\" content=\"index, follow, max-snippet:-1, max-image-preview:large, max-video-preview:-1\" \/>\n<link rel=\"canonical\" href=\"https:\/\/www.visit-ulcinj.com\/blog\/2016\/06\/07\/dhuna-mes-bandave-trondit-kotorrin-ne-mal-te-zi\/\" \/>\n<meta property=\"og:locale\" content=\"en_US\" \/>\n<meta property=\"og:type\" content=\"article\" \/>\n<meta property=\"og:title\" content=\"Dhuna mes bandave trondit Kotorrin ne Mal t\u00eb Zi - Lajme nga Ulqini\" \/>\n<meta property=\"og:description\" content=\"Policia d\u00ebrgoi nj\u00ebsi anti-terror n\u00eb qytetin bregdetar t\u00eb Kotorrit t\u00eb h\u00ebn\u00ebn n\u00eb mbr\u00ebmje p\u00ebr t\u00eb parandaluar p\u00ebrplasjet e tjera mes bandave t\u00eb drog\u00ebs pas nj\u00eb\" \/>\n<meta property=\"og:url\" content=\"https:\/\/www.visit-ulcinj.com\/blog\/2016\/06\/07\/dhuna-mes-bandave-trondit-kotorrin-ne-mal-te-zi\/\" \/>\n<meta property=\"og:site_name\" content=\"Lajme nga Ulqini\" \/>\n<meta property=\"article:published_time\" content=\"2016-06-07T16:16:03+00:00\" \/>\n<meta property=\"article:modified_time\" content=\"2016-06-07T16:17:45+00:00\" \/>\n<meta property=\"og:image\" content=\"http:\/\/www.visit-ulcinj.com\/blog\/wp-content\/uploads\/2016\/06\/SAJ-Mali-Zi.jpg\" \/>\n<meta name=\"twitter:label1\" content=\"Written by\" \/>\n\t<meta name=\"twitter:data1\" content=\"ulqini\" \/>\n\t<meta name=\"twitter:label2\" content=\"Est. reading time\" \/>\n\t<meta name=\"twitter:data2\" content=\"3 minutes\" \/>\n<script type=\"application\/ld+json\" class=\"yoast-schema-graph\">{\"@context\":\"https:\/\/schema.org\",\"@graph\":[{\"@type\":\"WebSite\",\"@id\":\"https:\/\/www.visit-ulcinj.com\/blog\/#website\",\"url\":\"https:\/\/www.visit-ulcinj.com\/blog\/\",\"name\":\"Lajme nga Ulqini\",\"description\":\"Lajme,Vijesti,Ulqini,Ulqin,Crna Gora,Mali i Zi\",\"potentialAction\":[{\"@type\":\"SearchAction\",\"target\":{\"@type\":\"EntryPoint\",\"urlTemplate\":\"https:\/\/www.visit-ulcinj.com\/blog\/?s={search_term_string}\"},\"query-input\":\"required name=search_term_string\"}],\"inLanguage\":\"en-US\"},{\"@type\":\"ImageObject\",\"inLanguage\":\"en-US\",\"@id\":\"https:\/\/www.visit-ulcinj.com\/blog\/2016\/06\/07\/dhuna-mes-bandave-trondit-kotorrin-ne-mal-te-zi\/#primaryimage\",\"url\":\"https:\/\/www.visit-ulcinj.com\/blog\/wp-content\/uploads\/2016\/06\/SAJ-Mali-Zi.jpg\",\"contentUrl\":\"https:\/\/www.visit-ulcinj.com\/blog\/wp-content\/uploads\/2016\/06\/SAJ-Mali-Zi.jpg\",\"width\":999,\"height\":670},{\"@type\":\"WebPage\",\"@id\":\"https:\/\/www.visit-ulcinj.com\/blog\/2016\/06\/07\/dhuna-mes-bandave-trondit-kotorrin-ne-mal-te-zi\/#webpage\",\"url\":\"https:\/\/www.visit-ulcinj.com\/blog\/2016\/06\/07\/dhuna-mes-bandave-trondit-kotorrin-ne-mal-te-zi\/\",\"name\":\"Dhuna mes bandave trondit Kotorrin ne Mal t\u00eb Zi - Lajme nga Ulqini\",\"isPartOf\":{\"@id\":\"https:\/\/www.visit-ulcinj.com\/blog\/#website\"},\"primaryImageOfPage\":{\"@id\":\"https:\/\/www.visit-ulcinj.com\/blog\/2016\/06\/07\/dhuna-mes-bandave-trondit-kotorrin-ne-mal-te-zi\/#primaryimage\"},\"datePublished\":\"2016-06-07T16:16:03+00:00\",\"dateModified\":\"2016-06-07T16:17:45+00:00\",\"author\":{\"@id\":\"https:\/\/www.visit-ulcinj.com\/blog\/#\/schema\/person\/dcab619c614d3038751c63bc2aadc06d\"},\"description\":\"Policia d\u00ebrgoi nj\u00ebsi anti-terror n\u00eb qytetin bregdetar t\u00eb Kotorrit t\u00eb h\u00ebn\u00ebn n\u00eb mbr\u00ebmje p\u00ebr t\u00eb parandaluar p\u00ebrplasjet e tjera mes bandave t\u00eb drog\u00ebs pas nj\u00eb\",\"breadcrumb\":{\"@id\":\"https:\/\/www.visit-ulcinj.com\/blog\/2016\/06\/07\/dhuna-mes-bandave-trondit-kotorrin-ne-mal-te-zi\/#breadcrumb\"},\"inLanguage\":\"en-US\",\"potentialAction\":[{\"@type\":\"ReadAction\",\"target\":[\"https:\/\/www.visit-ulcinj.com\/blog\/2016\/06\/07\/dhuna-mes-bandave-trondit-kotorrin-ne-mal-te-zi\/\"]}]},{\"@type\":\"BreadcrumbList\",\"@id\":\"https:\/\/www.visit-ulcinj.com\/blog\/2016\/06\/07\/dhuna-mes-bandave-trondit-kotorrin-ne-mal-te-zi\/#breadcrumb\",\"itemListElement\":[{\"@type\":\"ListItem\",\"position\":1,\"name\":\"Dhuna mes bandave trondit Kotorrin ne Mal t\u00eb Zi\"}]},{\"@type\":\"Person\",\"@id\":\"https:\/\/www.visit-ulcinj.com\/blog\/#\/schema\/person\/dcab619c614d3038751c63bc2aadc06d\",\"name\":\"ulqini\",\"sameAs\":[\"http:\/\/www.visit-ulcinj.com\"],\"url\":\"https:\/\/www.visit-ulcinj.com\/blog\/author\/admin\/\"}]}<\/script>\n<!-- \/ Yoast SEO plugin. -->","yoast_head_json":{"title":"Dhuna mes bandave trondit Kotorrin ne Mal t\u00eb Zi - Lajme nga Ulqini","description":"Policia d\u00ebrgoi nj\u00ebsi anti-terror n\u00eb qytetin bregdetar t\u00eb Kotorrit t\u00eb h\u00ebn\u00ebn n\u00eb mbr\u00ebmje p\u00ebr t\u00eb parandaluar p\u00ebrplasjet e tjera mes bandave t\u00eb drog\u00ebs pas nj\u00eb","robots":{"index":"index","follow":"follow","max-snippet":"max-snippet:-1","max-image-preview":"max-image-preview:large","max-video-preview":"max-video-preview:-1"},"canonical":"https:\/\/www.visit-ulcinj.com\/blog\/2016\/06\/07\/dhuna-mes-bandave-trondit-kotorrin-ne-mal-te-zi\/","og_locale":"en_US","og_type":"article","og_title":"Dhuna mes bandave trondit Kotorrin ne Mal t\u00eb Zi - Lajme nga Ulqini","og_description":"Policia d\u00ebrgoi nj\u00ebsi anti-terror n\u00eb qytetin bregdetar t\u00eb Kotorrit t\u00eb h\u00ebn\u00ebn n\u00eb mbr\u00ebmje p\u00ebr t\u00eb parandaluar p\u00ebrplasjet e tjera mes bandave t\u00eb drog\u00ebs pas nj\u00eb","og_url":"https:\/\/www.visit-ulcinj.com\/blog\/2016\/06\/07\/dhuna-mes-bandave-trondit-kotorrin-ne-mal-te-zi\/","og_site_name":"Lajme nga Ulqini","article_published_time":"2016-06-07T16:16:03+00:00","article_modified_time":"2016-06-07T16:17:45+00:00","og_image":[{"url":"http:\/\/www.visit-ulcinj.com\/blog\/wp-content\/uploads\/2016\/06\/SAJ-Mali-Zi.jpg"}],"twitter_misc":{"Written by":"ulqini","Est. reading time":"3 minutes"},"schema":{"@context":"https:\/\/schema.org","@graph":[{"@type":"WebSite","@id":"https:\/\/www.visit-ulcinj.com\/blog\/#website","url":"https:\/\/www.visit-ulcinj.com\/blog\/","name":"Lajme nga Ulqini","description":"Lajme,Vijesti,Ulqini,Ulqin,Crna Gora,Mali i Zi","potentialAction":[{"@type":"SearchAction","target":{"@type":"EntryPoint","urlTemplate":"https:\/\/www.visit-ulcinj.com\/blog\/?s={search_term_string}"},"query-input":"required name=search_term_string"}],"inLanguage":"en-US"},{"@type":"ImageObject","inLanguage":"en-US","@id":"https:\/\/www.visit-ulcinj.com\/blog\/2016\/06\/07\/dhuna-mes-bandave-trondit-kotorrin-ne-mal-te-zi\/#primaryimage","url":"https:\/\/www.visit-ulcinj.com\/blog\/wp-content\/uploads\/2016\/06\/SAJ-Mali-Zi.jpg","contentUrl":"https:\/\/www.visit-ulcinj.com\/blog\/wp-content\/uploads\/2016\/06\/SAJ-Mali-Zi.jpg","width":999,"height":670},{"@type":"WebPage","@id":"https:\/\/www.visit-ulcinj.com\/blog\/2016\/06\/07\/dhuna-mes-bandave-trondit-kotorrin-ne-mal-te-zi\/#webpage","url":"https:\/\/www.visit-ulcinj.com\/blog\/2016\/06\/07\/dhuna-mes-bandave-trondit-kotorrin-ne-mal-te-zi\/","name":"Dhuna mes bandave trondit Kotorrin ne Mal t\u00eb Zi - Lajme nga Ulqini","isPartOf":{"@id":"https:\/\/www.visit-ulcinj.com\/blog\/#website"},"primaryImageOfPage":{"@id":"https:\/\/www.visit-ulcinj.com\/blog\/2016\/06\/07\/dhuna-mes-bandave-trondit-kotorrin-ne-mal-te-zi\/#primaryimage"},"datePublished":"2016-06-07T16:16:03+00:00","dateModified":"2016-06-07T16:17:45+00:00","author":{"@id":"https:\/\/www.visit-ulcinj.com\/blog\/#\/schema\/person\/dcab619c614d3038751c63bc2aadc06d"},"description":"Policia d\u00ebrgoi nj\u00ebsi anti-terror n\u00eb qytetin bregdetar t\u00eb Kotorrit t\u00eb h\u00ebn\u00ebn n\u00eb mbr\u00ebmje p\u00ebr t\u00eb parandaluar p\u00ebrplasjet e tjera mes bandave t\u00eb drog\u00ebs pas nj\u00eb","breadcrumb":{"@id":"https:\/\/www.visit-ulcinj.com\/blog\/2016\/06\/07\/dhuna-mes-bandave-trondit-kotorrin-ne-mal-te-zi\/#breadcrumb"},"inLanguage":"en-US","potentialAction":[{"@type":"ReadAction","target":["https:\/\/www.visit-ulcinj.com\/blog\/2016\/06\/07\/dhuna-mes-bandave-trondit-kotorrin-ne-mal-te-zi\/"]}]},{"@type":"BreadcrumbList","@id":"https:\/\/www.visit-ulcinj.com\/blog\/2016\/06\/07\/dhuna-mes-bandave-trondit-kotorrin-ne-mal-te-zi\/#breadcrumb","itemListElement":[{"@type":"ListItem","position":1,"name":"Dhuna mes bandave trondit Kotorrin ne Mal t\u00eb Zi"}]},{"@type":"Person","@id":"https:\/\/www.visit-ulcinj.com\/blog\/#\/schema\/person\/dcab619c614d3038751c63bc2aadc06d","name":"ulqini","sameAs":["http:\/\/www.visit-ulcinj.com"],"url":"https:\/\/www.visit-ulcinj.com\/blog\/author\/admin\/"}]}},"jetpack_featured_media_url":"","jetpack_sharing_enabled":true,"jetpack_shortlink":"https:\/\/wp.me\/pe6lTn-pl4","_links":{"self":[{"href":"https:\/\/www.visit-ulcinj.com\/blog\/wp-json\/wp\/v2\/posts\/97406"}],"collection":[{"href":"https:\/\/www.visit-ulcinj.com\/blog\/wp-json\/wp\/v2\/posts"}],"about":[{"href":"https:\/\/www.visit-ulcinj.com\/blog\/wp-json\/wp\/v2\/types\/post"}],"author":[{"embeddable":true,"href":"https:\/\/www.visit-ulcinj.com\/blog\/wp-json\/wp\/v2\/users\/1"}],"replies":[{"embeddable":true,"href":"https:\/\/www.visit-ulcinj.com\/blog\/wp-json\/wp\/v2\/comments?post=97406"}],"version-history":[{"count":2,"href":"https:\/\/www.visit-ulcinj.com\/blog\/wp-json\/wp\/v2\/posts\/97406\/revisions"}],"predecessor-version":[{"id":97410,"href":"https:\/\/www.visit-ulcinj.com\/blog\/wp-json\/wp\/v2\/posts\/97406\/revisions\/97410"}],"wp:attachment":[{"href":"https:\/\/www.visit-ulcinj.com\/blog\/wp-json\/wp\/v2\/media?parent=97406"}],"wp:term":[{"taxonomy":"category","embeddable":true,"href":"https:\/\/www.visit-ulcinj.com\/blog\/wp-json\/wp\/v2\/categories?post=97406"},{"taxonomy":"post_tag","embeddable":true,"href":"https:\/\/www.visit-ulcinj.com\/blog\/wp-json\/wp\/v2\/tags?post=97406"}],"curies":[{"name":"wp","href":"https:\/\/api.w.org\/{rel}","templated":true}]}}