{"id":97411,"date":"2016-06-07T17:27:43","date_gmt":"2016-06-07T16:27:43","guid":{"rendered":"http:\/\/www.visit-ulcinj.com\/blog\/?p=97411"},"modified":"2016-06-07T17:33:03","modified_gmt":"2016-06-07T16:33:03","slug":"lajmpress-policia-padit-pronarin-e-lokalit-ku-u-shikua-ndeshja-shqiperi-armeni","status":"publish","type":"post","link":"https:\/\/www.visit-ulcinj.com\/blog\/2016\/06\/07\/lajmpress-policia-padit-pronarin-e-lokalit-ku-u-shikua-ndeshja-shqiperi-armeni\/","title":{"rendered":"Lajmpress: Policia padit pronarin e lokalit ku u shikua ndeshja Shqip\u00ebri-Armeni"},"content":{"rendered":"<p><a href=\"http:\/\/www.visit-ulcinj.com\/blog\/wp-content\/uploads\/2016\/06\/shisha-bar-ulqin.jpg\"><img loading=\"lazy\" class=\"alignleft wp-image-97412\" src=\"http:\/\/www.visit-ulcinj.com\/blog\/wp-content\/uploads\/2016\/06\/shisha-bar-ulqin.jpg\" alt=\"shisha-bar-ulqin\" width=\"508\" height=\"381\" srcset=\"https:\/\/www.visit-ulcinj.com\/blog\/wp-content\/uploads\/2016\/06\/shisha-bar-ulqin.jpg 960w, https:\/\/www.visit-ulcinj.com\/blog\/wp-content\/uploads\/2016\/06\/shisha-bar-ulqin-300x225.jpg 300w, https:\/\/www.visit-ulcinj.com\/blog\/wp-content\/uploads\/2016\/06\/shisha-bar-ulqin-768x576.jpg 768w\" sizes=\"(max-width: 508px) 100vw, 508px\" \/><\/a>Policia e Ulqinit ka iniciuar k\u00ebrkes\u00ebn p\u00ebr fillimin e procesit t\u00eb kund\u00ebrvajtjes kund\u00ebr \u201eAllaj Company\u201d dhe p\u00ebrfaq\u00ebsuesit t\u00eb saj t\u00eb autorizuar Skender Alloviq p\u00ebr shkak t\u00eb \u201cprishjes s\u00eb rendit dhe qet\u00ebsis\u00eb publike\u201d.<\/p>\n<p>Policia thekson se me 11 tetor t\u00eb vitit t\u00eb kaluar \u00ebsht\u00eb prishur rendi dhe qet\u00ebsia publike n\u00eb m\u00ebnyr\u00eb q\u00eb n\u00eb objektin e tij afarist \u201cShisha bar\u201d nga ana e disa personave t\u00eb pranish\u00ebm jan\u00eb brohoritur fjal\u00ebt ofenduese n\u00eb baz\u00eb t\u00eb p\u00ebrkat\u00ebsis\u00eb nacionale \u201cShqip\u00ebri etnike\u201d, \u201cU\u00c7K\u201d dhe se jan\u00eb val\u00ebvitur flamujt e shtetit tjet\u00ebr, Shqip\u00ebris\u00eb.<\/p>\n<p>Alloviq akuzohet se p\u00ebr k\u00ebt\u00eb gj\u00eb nuk e njoftoi policin\u00eb dhe se \u201chumbi kontrollin e detyruar\u201d, transmetojn\u00eb potalet shqiptare n\u00eb Mal t\u00eb Zi, UL-info\/Malesia.Org.<\/p>\n<p>\u201cNjer\u00ebzit n\u00eb lokalin tim ndoq\u00ebn ndeshjen Armeni-Shqip\u00ebri. Nuk kishte asnj\u00eb lloj incidenti dhe as nuk erdhi policia. Mendoj se b\u00ebhet fjal\u00eb p\u00ebr skandal p\u00ebr t\u00eb cilin do t\u00eb njoftoj adresat vendase dhe nd\u00ebrkomb\u00ebtare t\u00eb cilat merren me mbrojtjen e t\u00eb drejtave t\u00eb njeriut, ambasadat e huaja dhe Delegacionin e BE-s\u00eb\u201d, thot\u00eb pronari i \u201cShisha bar\u201d.<\/p>\n<p><a href=\"http:\/\/www.visit-ulcinj.com\/blog\/wp-content\/uploads\/2014\/01\/Mehmet-Zenka-UDSH.jpg\"><img loading=\"lazy\" class=\"alignleft wp-image-78962\" src=\"http:\/\/www.visit-ulcinj.com\/blog\/wp-content\/uploads\/2014\/01\/Mehmet-Zenka-UDSH.jpg\" alt=\"Mehmet-Zenka-UDSH\" width=\"508\" height=\"453\" srcset=\"https:\/\/www.visit-ulcinj.com\/blog\/wp-content\/uploads\/2014\/01\/Mehmet-Zenka-UDSH.jpg 960w, https:\/\/www.visit-ulcinj.com\/blog\/wp-content\/uploads\/2014\/01\/Mehmet-Zenka-UDSH-300x267.jpg 300w\" sizes=\"(max-width: 508px) 100vw, 508px\" \/><\/a><\/p>\n<p>Kryetari i Unionit Demokratik t\u00eb Shqiptar\u00ebve, Mehmet Zanka ka reaguar ndaj padis\u00eb policore.<br \/>\nN\u00eb reagim thuhet:<br \/>\nIshim t\u00eb bindur se n\u00eb Malin e Zi demokratik, multinacional dhe multikonfesional nuk mund t\u00eb dal\u00eb nga MPB-ja dokumenti, gjegj\u00ebsisht padia e cila i ngjan\u00eb atyre t\u00eb viteve t\u00eb \u201980-ta t\u00eb shekullit t\u00eb kaluar.<\/p>\n<p>Po paditet penalisht p\u00ebrfaq\u00ebsuesi zyrtar i SHPK \u201cAlaj Company\u201d p\u00ebr arsye se m\u00eb 11.10.2015 ka lejuar q\u00eb n\u00eb lokalin e tij mysafir\u00ebt t\u00eb ndjekin ndeshjen e futbollit n\u00eb mes Armenis\u00eb dhe Shqip\u00ebris\u00eb, si dhe p\u00ebr arsye se mbas ndeshjes \u00ebsht\u00eb brohoritur U\u00c7K dhe Shqip\u00ebri.<\/p>\n<p>Rikujtojm\u00eb k\u00ebto zot\u00ebrinj, t\u00eb cil\u00ebt si\u00e7 duket kan\u00eb harruar, se para m\u00eb shum\u00eb se nj\u00eb dekade \u00ebsht\u00eb hequr ligji p\u00ebr delikt verbal dhe se Mali i Zi pak koh\u00eb m\u00eb par\u00eb festoi 10 vjetorin e pavar\u00ebsis\u00eb, si dhe synon integrimet Euro-Atlantike.<\/p>\n<p>Me p\u00ebrgjegj\u00ebsi t\u00eb plot\u00eb pohojm\u00eb se n\u00eb k\u00ebt\u00eb lokal nuk ndodhi asgj\u00eb e pap\u00ebrshtatshme. I vetmi m\u00ebkat i k\u00ebtyre t\u00eb rinjve ishte q\u00eb b\u00ebn\u00eb tifozll\u00ebk p\u00ebr skuadr\u00ebn e shtetit t\u00eb tyre am\u00eb. Nuk kishte asnj\u00ebfar\u00eb incidentesh dhe asnj\u00ebfar\u00eb intervenimesh t\u00eb organeve t\u00eb rendit n\u00eb hap\u00ebsirat e lokalit.<\/p>\n<p>Prandaj jemi t\u00eb zem\u00ebruar me padin\u00eb e ngritur e cila, dor\u00ebn n\u00eb zem\u00ebr, m\u00eb shum\u00eb sh\u00ebrben n\u00eb krijimin e klim\u00ebs antishqiptare se sa sh\u00ebrben p\u00ebr ruajtjen e rendit dhe qet\u00ebsis\u00eb.<\/p>\n<p>Ftojm\u00eb Ministrin e pun\u00ebve t\u00eb brendshme dhe t\u00eb gjith\u00eb organet kompetente t\u00eb reagojn\u00eb kund\u00ebr k\u00ebtij dhe akteve t\u00eb ngjashme sepse kjo nuk \u00ebsht\u00eb karakteristik\u00eb e Malit t\u00eb Zi t\u00eb shekullit 21.<\/p>\n<p>Shqiptar\u00ebt i festojn\u00eb dhe gjithmon\u00eb do t\u2019i festojn\u00eb sukseset e p\u00ebrfaq\u00ebsueses s\u00eb tyre prandaj padit\u00eb e k\u00ebtij lloji nuk i trembin. Ato vet\u00ebm prishin imazhin euroatlantik t\u00eb Malit t\u00eb Zi.<\/p>\n<p><strong>Gazeta Lajmpress<\/strong><\/p>\n","protected":false},"excerpt":{"rendered":"<p>Policia e Ulqinit ka iniciuar k\u00ebrkes\u00ebn p\u00ebr fillimin e procesit t\u00eb kund\u00ebrvajtjes kund\u00ebr \u201eAllaj Company\u201d dhe p\u00ebrfaq\u00ebsuesit t\u00eb saj t\u00eb autorizuar Skender Alloviq p\u00ebr shkak t\u00eb \u201cprishjes s\u00eb rendit dhe qet\u00ebsis\u00eb publike\u201d. Policia thekson se me 11 tetor t\u00eb vitit t\u00eb kaluar \u00ebsht\u00eb prishur rendi dhe qet\u00ebsia publike n\u00eb m\u00ebnyr\u00eb q\u00eb n\u00eb objektin e tij [&hellip;]<\/p>\n","protected":false},"author":1,"featured_media":0,"comment_status":"closed","ping_status":"closed","sticky":false,"template":"","format":"standard","meta":{"spay_email":"","jetpack_publicize_message":"","jetpack_is_tweetstorm":false,"jetpack_publicize_feature_enabled":true},"categories":[12],"tags":[],"jetpack_publicize_connections":[],"yoast_head":"<!-- This site is optimized with the Yoast SEO plugin v19.1 - https:\/\/yoast.com\/wordpress\/plugins\/seo\/ -->\n<title>Lajmpress: Policia padit pronarin e lokalit ku u shikua ndeshja Shqip\u00ebri-Armeni - Lajme nga Ulqini<\/title>\n<meta name=\"description\" content=\"Policia e Ulqinit ka iniciuar k\u00ebrkes\u00ebn p\u00ebr fillimin e procesit t\u00eb kund\u00ebrvajtjes kund\u00ebr \u201eAllaj Company\u201d dhe p\u00ebrfaq\u00ebsuesit t\u00eb saj t\u00eb autorizuar Skender\" \/>\n<meta name=\"robots\" content=\"index, follow, max-snippet:-1, max-image-preview:large, max-video-preview:-1\" \/>\n<link rel=\"canonical\" href=\"https:\/\/www.visit-ulcinj.com\/blog\/2016\/06\/07\/lajmpress-policia-padit-pronarin-e-lokalit-ku-u-shikua-ndeshja-shqiperi-armeni\/\" \/>\n<meta property=\"og:locale\" content=\"en_US\" \/>\n<meta property=\"og:type\" content=\"article\" \/>\n<meta property=\"og:title\" content=\"Lajmpress: Policia padit pronarin e lokalit ku u shikua ndeshja Shqip\u00ebri-Armeni - Lajme nga Ulqini\" \/>\n<meta property=\"og:description\" content=\"Policia e Ulqinit ka iniciuar k\u00ebrkes\u00ebn p\u00ebr fillimin e procesit t\u00eb kund\u00ebrvajtjes kund\u00ebr \u201eAllaj Company\u201d dhe p\u00ebrfaq\u00ebsuesit t\u00eb saj t\u00eb autorizuar Skender\" \/>\n<meta property=\"og:url\" content=\"https:\/\/www.visit-ulcinj.com\/blog\/2016\/06\/07\/lajmpress-policia-padit-pronarin-e-lokalit-ku-u-shikua-ndeshja-shqiperi-armeni\/\" \/>\n<meta property=\"og:site_name\" content=\"Lajme nga Ulqini\" \/>\n<meta property=\"article:published_time\" content=\"2016-06-07T16:27:43+00:00\" \/>\n<meta property=\"article:modified_time\" content=\"2016-06-07T16:33:03+00:00\" \/>\n<meta property=\"og:image\" content=\"http:\/\/www.visit-ulcinj.com\/blog\/wp-content\/uploads\/2016\/06\/shisha-bar-ulqin.jpg\" \/>\n<meta name=\"twitter:label1\" content=\"Written by\" \/>\n\t<meta name=\"twitter:data1\" content=\"ulqini\" \/>\n\t<meta name=\"twitter:label2\" content=\"Est. reading time\" \/>\n\t<meta name=\"twitter:data2\" content=\"3 minutes\" \/>\n<script type=\"application\/ld+json\" class=\"yoast-schema-graph\">{\"@context\":\"https:\/\/schema.org\",\"@graph\":[{\"@type\":\"WebSite\",\"@id\":\"https:\/\/www.visit-ulcinj.com\/blog\/#website\",\"url\":\"https:\/\/www.visit-ulcinj.com\/blog\/\",\"name\":\"Lajme nga Ulqini\",\"description\":\"Lajme,Vijesti,Ulqini,Ulqin,Crna Gora,Mali i Zi\",\"potentialAction\":[{\"@type\":\"SearchAction\",\"target\":{\"@type\":\"EntryPoint\",\"urlTemplate\":\"https:\/\/www.visit-ulcinj.com\/blog\/?s={search_term_string}\"},\"query-input\":\"required name=search_term_string\"}],\"inLanguage\":\"en-US\"},{\"@type\":\"ImageObject\",\"inLanguage\":\"en-US\",\"@id\":\"https:\/\/www.visit-ulcinj.com\/blog\/2016\/06\/07\/lajmpress-policia-padit-pronarin-e-lokalit-ku-u-shikua-ndeshja-shqiperi-armeni\/#primaryimage\",\"url\":\"https:\/\/www.visit-ulcinj.com\/blog\/wp-content\/uploads\/2016\/06\/shisha-bar-ulqin.jpg\",\"contentUrl\":\"https:\/\/www.visit-ulcinj.com\/blog\/wp-content\/uploads\/2016\/06\/shisha-bar-ulqin.jpg\",\"width\":960,\"height\":720},{\"@type\":\"WebPage\",\"@id\":\"https:\/\/www.visit-ulcinj.com\/blog\/2016\/06\/07\/lajmpress-policia-padit-pronarin-e-lokalit-ku-u-shikua-ndeshja-shqiperi-armeni\/#webpage\",\"url\":\"https:\/\/www.visit-ulcinj.com\/blog\/2016\/06\/07\/lajmpress-policia-padit-pronarin-e-lokalit-ku-u-shikua-ndeshja-shqiperi-armeni\/\",\"name\":\"Lajmpress: Policia padit pronarin e lokalit ku u shikua ndeshja Shqip\u00ebri-Armeni - Lajme nga Ulqini\",\"isPartOf\":{\"@id\":\"https:\/\/www.visit-ulcinj.com\/blog\/#website\"},\"primaryImageOfPage\":{\"@id\":\"https:\/\/www.visit-ulcinj.com\/blog\/2016\/06\/07\/lajmpress-policia-padit-pronarin-e-lokalit-ku-u-shikua-ndeshja-shqiperi-armeni\/#primaryimage\"},\"datePublished\":\"2016-06-07T16:27:43+00:00\",\"dateModified\":\"2016-06-07T16:33:03+00:00\",\"author\":{\"@id\":\"https:\/\/www.visit-ulcinj.com\/blog\/#\/schema\/person\/dcab619c614d3038751c63bc2aadc06d\"},\"description\":\"Policia e Ulqinit ka iniciuar k\u00ebrkes\u00ebn p\u00ebr fillimin e procesit t\u00eb kund\u00ebrvajtjes kund\u00ebr \u201eAllaj Company\u201d dhe p\u00ebrfaq\u00ebsuesit t\u00eb saj t\u00eb autorizuar Skender\",\"breadcrumb\":{\"@id\":\"https:\/\/www.visit-ulcinj.com\/blog\/2016\/06\/07\/lajmpress-policia-padit-pronarin-e-lokalit-ku-u-shikua-ndeshja-shqiperi-armeni\/#breadcrumb\"},\"inLanguage\":\"en-US\",\"potentialAction\":[{\"@type\":\"ReadAction\",\"target\":[\"https:\/\/www.visit-ulcinj.com\/blog\/2016\/06\/07\/lajmpress-policia-padit-pronarin-e-lokalit-ku-u-shikua-ndeshja-shqiperi-armeni\/\"]}]},{\"@type\":\"BreadcrumbList\",\"@id\":\"https:\/\/www.visit-ulcinj.com\/blog\/2016\/06\/07\/lajmpress-policia-padit-pronarin-e-lokalit-ku-u-shikua-ndeshja-shqiperi-armeni\/#breadcrumb\",\"itemListElement\":[{\"@type\":\"ListItem\",\"position\":1,\"name\":\"Lajmpress: Policia padit pronarin e lokalit ku u shikua ndeshja Shqip\u00ebri-Armeni\"}]},{\"@type\":\"Person\",\"@id\":\"https:\/\/www.visit-ulcinj.com\/blog\/#\/schema\/person\/dcab619c614d3038751c63bc2aadc06d\",\"name\":\"ulqini\",\"sameAs\":[\"http:\/\/www.visit-ulcinj.com\"],\"url\":\"https:\/\/www.visit-ulcinj.com\/blog\/author\/admin\/\"}]}<\/script>\n<!-- \/ Yoast SEO plugin. -->","yoast_head_json":{"title":"Lajmpress: Policia padit pronarin e lokalit ku u shikua ndeshja Shqip\u00ebri-Armeni - Lajme nga Ulqini","description":"Policia e Ulqinit ka iniciuar k\u00ebrkes\u00ebn p\u00ebr fillimin e procesit t\u00eb kund\u00ebrvajtjes kund\u00ebr \u201eAllaj Company\u201d dhe p\u00ebrfaq\u00ebsuesit t\u00eb saj t\u00eb autorizuar Skender","robots":{"index":"index","follow":"follow","max-snippet":"max-snippet:-1","max-image-preview":"max-image-preview:large","max-video-preview":"max-video-preview:-1"},"canonical":"https:\/\/www.visit-ulcinj.com\/blog\/2016\/06\/07\/lajmpress-policia-padit-pronarin-e-lokalit-ku-u-shikua-ndeshja-shqiperi-armeni\/","og_locale":"en_US","og_type":"article","og_title":"Lajmpress: Policia padit pronarin e lokalit ku u shikua ndeshja Shqip\u00ebri-Armeni - Lajme nga Ulqini","og_description":"Policia e Ulqinit ka iniciuar k\u00ebrkes\u00ebn p\u00ebr fillimin e procesit t\u00eb kund\u00ebrvajtjes kund\u00ebr \u201eAllaj Company\u201d dhe p\u00ebrfaq\u00ebsuesit t\u00eb saj t\u00eb autorizuar Skender","og_url":"https:\/\/www.visit-ulcinj.com\/blog\/2016\/06\/07\/lajmpress-policia-padit-pronarin-e-lokalit-ku-u-shikua-ndeshja-shqiperi-armeni\/","og_site_name":"Lajme nga Ulqini","article_published_time":"2016-06-07T16:27:43+00:00","article_modified_time":"2016-06-07T16:33:03+00:00","og_image":[{"url":"http:\/\/www.visit-ulcinj.com\/blog\/wp-content\/uploads\/2016\/06\/shisha-bar-ulqin.jpg"}],"twitter_misc":{"Written by":"ulqini","Est. reading time":"3 minutes"},"schema":{"@context":"https:\/\/schema.org","@graph":[{"@type":"WebSite","@id":"https:\/\/www.visit-ulcinj.com\/blog\/#website","url":"https:\/\/www.visit-ulcinj.com\/blog\/","name":"Lajme nga Ulqini","description":"Lajme,Vijesti,Ulqini,Ulqin,Crna Gora,Mali i Zi","potentialAction":[{"@type":"SearchAction","target":{"@type":"EntryPoint","urlTemplate":"https:\/\/www.visit-ulcinj.com\/blog\/?s={search_term_string}"},"query-input":"required name=search_term_string"}],"inLanguage":"en-US"},{"@type":"ImageObject","inLanguage":"en-US","@id":"https:\/\/www.visit-ulcinj.com\/blog\/2016\/06\/07\/lajmpress-policia-padit-pronarin-e-lokalit-ku-u-shikua-ndeshja-shqiperi-armeni\/#primaryimage","url":"https:\/\/www.visit-ulcinj.com\/blog\/wp-content\/uploads\/2016\/06\/shisha-bar-ulqin.jpg","contentUrl":"https:\/\/www.visit-ulcinj.com\/blog\/wp-content\/uploads\/2016\/06\/shisha-bar-ulqin.jpg","width":960,"height":720},{"@type":"WebPage","@id":"https:\/\/www.visit-ulcinj.com\/blog\/2016\/06\/07\/lajmpress-policia-padit-pronarin-e-lokalit-ku-u-shikua-ndeshja-shqiperi-armeni\/#webpage","url":"https:\/\/www.visit-ulcinj.com\/blog\/2016\/06\/07\/lajmpress-policia-padit-pronarin-e-lokalit-ku-u-shikua-ndeshja-shqiperi-armeni\/","name":"Lajmpress: Policia padit pronarin e lokalit ku u shikua ndeshja Shqip\u00ebri-Armeni - Lajme nga Ulqini","isPartOf":{"@id":"https:\/\/www.visit-ulcinj.com\/blog\/#website"},"primaryImageOfPage":{"@id":"https:\/\/www.visit-ulcinj.com\/blog\/2016\/06\/07\/lajmpress-policia-padit-pronarin-e-lokalit-ku-u-shikua-ndeshja-shqiperi-armeni\/#primaryimage"},"datePublished":"2016-06-07T16:27:43+00:00","dateModified":"2016-06-07T16:33:03+00:00","author":{"@id":"https:\/\/www.visit-ulcinj.com\/blog\/#\/schema\/person\/dcab619c614d3038751c63bc2aadc06d"},"description":"Policia e Ulqinit ka iniciuar k\u00ebrkes\u00ebn p\u00ebr fillimin e procesit t\u00eb kund\u00ebrvajtjes kund\u00ebr \u201eAllaj Company\u201d dhe p\u00ebrfaq\u00ebsuesit t\u00eb saj t\u00eb autorizuar Skender","breadcrumb":{"@id":"https:\/\/www.visit-ulcinj.com\/blog\/2016\/06\/07\/lajmpress-policia-padit-pronarin-e-lokalit-ku-u-shikua-ndeshja-shqiperi-armeni\/#breadcrumb"},"inLanguage":"en-US","potentialAction":[{"@type":"ReadAction","target":["https:\/\/www.visit-ulcinj.com\/blog\/2016\/06\/07\/lajmpress-policia-padit-pronarin-e-lokalit-ku-u-shikua-ndeshja-shqiperi-armeni\/"]}]},{"@type":"BreadcrumbList","@id":"https:\/\/www.visit-ulcinj.com\/blog\/2016\/06\/07\/lajmpress-policia-padit-pronarin-e-lokalit-ku-u-shikua-ndeshja-shqiperi-armeni\/#breadcrumb","itemListElement":[{"@type":"ListItem","position":1,"name":"Lajmpress: Policia padit pronarin e lokalit ku u shikua ndeshja Shqip\u00ebri-Armeni"}]},{"@type":"Person","@id":"https:\/\/www.visit-ulcinj.com\/blog\/#\/schema\/person\/dcab619c614d3038751c63bc2aadc06d","name":"ulqini","sameAs":["http:\/\/www.visit-ulcinj.com"],"url":"https:\/\/www.visit-ulcinj.com\/blog\/author\/admin\/"}]}},"jetpack_featured_media_url":"","jetpack_sharing_enabled":true,"jetpack_shortlink":"https:\/\/wp.me\/pe6lTn-pl9","_links":{"self":[{"href":"https:\/\/www.visit-ulcinj.com\/blog\/wp-json\/wp\/v2\/posts\/97411"}],"collection":[{"href":"https:\/\/www.visit-ulcinj.com\/blog\/wp-json\/wp\/v2\/posts"}],"about":[{"href":"https:\/\/www.visit-ulcinj.com\/blog\/wp-json\/wp\/v2\/types\/post"}],"author":[{"embeddable":true,"href":"https:\/\/www.visit-ulcinj.com\/blog\/wp-json\/wp\/v2\/users\/1"}],"replies":[{"embeddable":true,"href":"https:\/\/www.visit-ulcinj.com\/blog\/wp-json\/wp\/v2\/comments?post=97411"}],"version-history":[{"count":2,"href":"https:\/\/www.visit-ulcinj.com\/blog\/wp-json\/wp\/v2\/posts\/97411\/revisions"}],"predecessor-version":[{"id":97415,"href":"https:\/\/www.visit-ulcinj.com\/blog\/wp-json\/wp\/v2\/posts\/97411\/revisions\/97415"}],"wp:attachment":[{"href":"https:\/\/www.visit-ulcinj.com\/blog\/wp-json\/wp\/v2\/media?parent=97411"}],"wp:term":[{"taxonomy":"category","embeddable":true,"href":"https:\/\/www.visit-ulcinj.com\/blog\/wp-json\/wp\/v2\/categories?post=97411"},{"taxonomy":"post_tag","embeddable":true,"href":"https:\/\/www.visit-ulcinj.com\/blog\/wp-json\/wp\/v2\/tags?post=97411"}],"curies":[{"name":"wp","href":"https:\/\/api.w.org\/{rel}","templated":true}]}}