{"id":97418,"date":"2016-06-07T23:00:10","date_gmt":"2016-06-07T22:00:10","guid":{"rendered":"http:\/\/www.visit-ulcinj.com\/blog\/?p=97418"},"modified":"2016-06-08T17:04:36","modified_gmt":"2016-06-08T16:04:36","slug":"fc-otrant-olimpik-kualifikohet-ne-ligen-e-dyte-te-malit-te-zi","status":"publish","type":"post","link":"https:\/\/www.visit-ulcinj.com\/blog\/2016\/06\/07\/fc-otrant-olimpik-kualifikohet-ne-ligen-e-dyte-te-malit-te-zi\/","title":{"rendered":"FC \u201cOtrant Olimpik\u201d kualifikohet n\u00eb Lig\u00ebn e dyt\u00eb t\u00eb Malit t\u00eb Zi"},"content":{"rendered":"<p><a href=\"http:\/\/www.visit-ulcinj.com\/blog\/wp-content\/uploads\/2016\/06\/Otrant-Olimpik-Ulqin-Ulqini.jpg\"><img loading=\"lazy\" class=\"alignleft wp-image-97425\" src=\"http:\/\/www.visit-ulcinj.com\/blog\/wp-content\/uploads\/2016\/06\/Otrant-Olimpik-Ulqin-Ulqini.jpg\" alt=\"Otrant Olimpik-Ulqin-Ulqini\" width=\"508\" height=\"340\" srcset=\"https:\/\/www.visit-ulcinj.com\/blog\/wp-content\/uploads\/2016\/06\/Otrant-Olimpik-Ulqin-Ulqini.jpg 960w, https:\/\/www.visit-ulcinj.com\/blog\/wp-content\/uploads\/2016\/06\/Otrant-Olimpik-Ulqin-Ulqini-300x201.jpg 300w, https:\/\/www.visit-ulcinj.com\/blog\/wp-content\/uploads\/2016\/06\/Otrant-Olimpik-Ulqin-Ulqini-768x514.jpg 768w\" sizes=\"(max-width: 508px) 100vw, 508px\" \/><\/a>N\u00eb terrenin e sportit n\u00eb Plazh\u00eb t\u00eb madhe u zhvillua ndeshja p\u00ebr kualifikime n\u00eb Lig\u00ebn e dyt\u00eb malazeze. U takuan skuadra vendase \u201cOtrant Olimpik\u201d me \u201c\u00c7elikun\u201d e Nikshiqit. N\u00eb fillim t\u00eb ndeshjes u mbajt nj\u00eb minut heshtje p\u00ebr bashk\u00ebqytetarin ton\u00eb Gazmir Mustafiq i cili humbi jet\u00ebn n\u00eb mosh\u00ebn 27 vje\u00e7are n\u00eb nj\u00eb aksident komunikacioni, raporton portali TV Teuta.<\/p>\n<p><strong>Si\u00e7 e shihni edhe ne foto, para fillimit te ndeshjes u mbajt 1 minut heshtje per shokun, vllaun tone Gazi Mustafiq. <i class=\"_lew\" title=\"\u00e9motic\u00f4ne frown\"><\/i>Gjithmon ne zemrat tona Gazi<\/strong><\/p>\n<p>Pjesa e par\u00eb e ndeshjes p\u00ebrfundoj me rezultatin 0:0, por pas shum\u00eb p\u00ebrpjekjeve n\u00eb minutin e kat\u00ebrt t\u00eb\u00a0 pjes\u00ebs s\u00eb dyt\u00eb gol arriti t\u00eb sh\u00ebnoj lojtari m\u00eb i ri i \u201cOtrant Olimpik\u201d, 18 vje\u00e7ari Kristian Shkrela dhe k\u00ebshtu skuadr\u00ebs s\u00eb vet i sjell\u00eb fitore me rezultatin 1:0. Kjo fitore e kualifikon klubin e futbollit \u201cOtrant Olimpik\u201d n\u00eb Lig\u00ebn e dyt\u00eb t\u00eb Malit t\u00eb Zi. Trajneri i klubit Xhemal Kapllanbegu shprehet i k\u00ebnaqur p\u00ebr rezultatin e arritur.<\/p>\n<p><a href=\"http:\/\/www.visit-ulcinj.com\/blog\/wp-content\/uploads\/2016\/06\/Otrant-Olimpik-Ulqin-Ulqini-1.jpg\"><img loading=\"lazy\" class=\"alignleft wp-image-97427\" src=\"http:\/\/www.visit-ulcinj.com\/blog\/wp-content\/uploads\/2016\/06\/Otrant-Olimpik-Ulqin-Ulqini-1.jpg\" alt=\"Otrant Olimpik-Ulqin-Ulqini-1\" width=\"508\" height=\"330\" srcset=\"https:\/\/www.visit-ulcinj.com\/blog\/wp-content\/uploads\/2016\/06\/Otrant-Olimpik-Ulqin-Ulqini-1.jpg 552w, https:\/\/www.visit-ulcinj.com\/blog\/wp-content\/uploads\/2016\/06\/Otrant-Olimpik-Ulqin-Ulqini-1-300x195.jpg 300w\" sizes=\"(max-width: 508px) 100vw, 508px\" \/><\/a><\/p>\n<p>Lojtari i cili sjell\u00eb dy her\u00eb radhazi fitore klubit ulqinak, Kristian Shkrela p\u00ebr televizionin Teuta flet mbi ndeshjen dhe falenderon tifoz\u00ebt q\u00eb i p\u00ebrkrah\u00ebn.<\/p>\n<p>\u201cOtrant Olimpik\u201d pas gjith\u00eb mundit e kualifikon Ulqinin n\u00eb Lig\u00ebn e dyt\u00eb malazeze dhe k\u00ebshtu treguan se qyteti yn\u00eb ka sportist t\u00eb cil\u00ebt duhen p\u00ebrkrahur.<\/p>\n","protected":false},"excerpt":{"rendered":"<p>N\u00eb terrenin e sportit n\u00eb Plazh\u00eb t\u00eb madhe u zhvillua ndeshja p\u00ebr kualifikime n\u00eb Lig\u00ebn e dyt\u00eb malazeze. U takuan skuadra vendase \u201cOtrant Olimpik\u201d me \u201c\u00c7elikun\u201d e Nikshiqit. N\u00eb fillim t\u00eb ndeshjes u mbajt nj\u00eb minut heshtje p\u00ebr bashk\u00ebqytetarin ton\u00eb Gazmir Mustafiq i cili humbi jet\u00ebn n\u00eb mosh\u00ebn 27 vje\u00e7are n\u00eb nj\u00eb aksident komunikacioni, raporton [&hellip;]<\/p>\n","protected":false},"author":1,"featured_media":0,"comment_status":"closed","ping_status":"closed","sticky":false,"template":"","format":"standard","meta":{"spay_email":"","jetpack_publicize_message":"","jetpack_is_tweetstorm":false,"jetpack_publicize_feature_enabled":true},"categories":[8,3],"tags":[],"jetpack_publicize_connections":[],"yoast_head":"<!-- This site is optimized with the Yoast SEO plugin v19.1 - https:\/\/yoast.com\/wordpress\/plugins\/seo\/ -->\n<title>FC \u201cOtrant Olimpik\u201d kualifikohet n\u00eb Lig\u00ebn e dyt\u00eb t\u00eb Malit t\u00eb Zi - Lajme nga Ulqini<\/title>\n<meta name=\"description\" content=\"N\u00eb terrenin e sportit n\u00eb Plazh\u00eb t\u00eb madhe u zhvillua ndeshja p\u00ebr kualifikime n\u00eb Lig\u00ebn e dyt\u00eb malazeze. U takuan skuadra vendase \u201cOtrant Olimpik\u201d me\" \/>\n<meta name=\"robots\" content=\"index, follow, max-snippet:-1, max-image-preview:large, max-video-preview:-1\" \/>\n<link rel=\"canonical\" href=\"https:\/\/www.visit-ulcinj.com\/blog\/2016\/06\/07\/fc-otrant-olimpik-kualifikohet-ne-ligen-e-dyte-te-malit-te-zi\/\" \/>\n<meta property=\"og:locale\" content=\"en_US\" \/>\n<meta property=\"og:type\" content=\"article\" \/>\n<meta property=\"og:title\" content=\"FC \u201cOtrant Olimpik\u201d kualifikohet n\u00eb Lig\u00ebn e dyt\u00eb t\u00eb Malit t\u00eb Zi - Lajme nga Ulqini\" \/>\n<meta property=\"og:description\" content=\"N\u00eb terrenin e sportit n\u00eb Plazh\u00eb t\u00eb madhe u zhvillua ndeshja p\u00ebr kualifikime n\u00eb Lig\u00ebn e dyt\u00eb malazeze. U takuan skuadra vendase \u201cOtrant Olimpik\u201d me\" \/>\n<meta property=\"og:url\" content=\"https:\/\/www.visit-ulcinj.com\/blog\/2016\/06\/07\/fc-otrant-olimpik-kualifikohet-ne-ligen-e-dyte-te-malit-te-zi\/\" \/>\n<meta property=\"og:site_name\" content=\"Lajme nga Ulqini\" \/>\n<meta property=\"article:published_time\" content=\"2016-06-07T22:00:10+00:00\" \/>\n<meta property=\"article:modified_time\" content=\"2016-06-08T16:04:36+00:00\" \/>\n<meta property=\"og:image\" content=\"http:\/\/www.visit-ulcinj.com\/blog\/wp-content\/uploads\/2016\/06\/Otrant-Olimpik-Ulqin-Ulqini.jpg\" \/>\n<meta name=\"twitter:label1\" content=\"Written by\" \/>\n\t<meta name=\"twitter:data1\" content=\"ulqini\" \/>\n\t<meta name=\"twitter:label2\" content=\"Est. reading time\" \/>\n\t<meta name=\"twitter:data2\" content=\"1 minute\" \/>\n<script type=\"application\/ld+json\" class=\"yoast-schema-graph\">{\"@context\":\"https:\/\/schema.org\",\"@graph\":[{\"@type\":\"WebSite\",\"@id\":\"https:\/\/www.visit-ulcinj.com\/blog\/#website\",\"url\":\"https:\/\/www.visit-ulcinj.com\/blog\/\",\"name\":\"Lajme nga Ulqini\",\"description\":\"Lajme,Vijesti,Ulqini,Ulqin,Crna Gora,Mali i Zi\",\"potentialAction\":[{\"@type\":\"SearchAction\",\"target\":{\"@type\":\"EntryPoint\",\"urlTemplate\":\"https:\/\/www.visit-ulcinj.com\/blog\/?s={search_term_string}\"},\"query-input\":\"required name=search_term_string\"}],\"inLanguage\":\"en-US\"},{\"@type\":\"ImageObject\",\"inLanguage\":\"en-US\",\"@id\":\"https:\/\/www.visit-ulcinj.com\/blog\/2016\/06\/07\/fc-otrant-olimpik-kualifikohet-ne-ligen-e-dyte-te-malit-te-zi\/#primaryimage\",\"url\":\"https:\/\/www.visit-ulcinj.com\/blog\/wp-content\/uploads\/2016\/06\/Otrant-Olimpik-Ulqin-Ulqini.jpg\",\"contentUrl\":\"https:\/\/www.visit-ulcinj.com\/blog\/wp-content\/uploads\/2016\/06\/Otrant-Olimpik-Ulqin-Ulqini.jpg\",\"width\":960,\"height\":643},{\"@type\":\"WebPage\",\"@id\":\"https:\/\/www.visit-ulcinj.com\/blog\/2016\/06\/07\/fc-otrant-olimpik-kualifikohet-ne-ligen-e-dyte-te-malit-te-zi\/#webpage\",\"url\":\"https:\/\/www.visit-ulcinj.com\/blog\/2016\/06\/07\/fc-otrant-olimpik-kualifikohet-ne-ligen-e-dyte-te-malit-te-zi\/\",\"name\":\"FC \u201cOtrant Olimpik\u201d kualifikohet n\u00eb Lig\u00ebn e dyt\u00eb t\u00eb Malit t\u00eb Zi - Lajme nga Ulqini\",\"isPartOf\":{\"@id\":\"https:\/\/www.visit-ulcinj.com\/blog\/#website\"},\"primaryImageOfPage\":{\"@id\":\"https:\/\/www.visit-ulcinj.com\/blog\/2016\/06\/07\/fc-otrant-olimpik-kualifikohet-ne-ligen-e-dyte-te-malit-te-zi\/#primaryimage\"},\"datePublished\":\"2016-06-07T22:00:10+00:00\",\"dateModified\":\"2016-06-08T16:04:36+00:00\",\"author\":{\"@id\":\"https:\/\/www.visit-ulcinj.com\/blog\/#\/schema\/person\/dcab619c614d3038751c63bc2aadc06d\"},\"description\":\"N\u00eb terrenin e sportit n\u00eb Plazh\u00eb t\u00eb madhe u zhvillua ndeshja p\u00ebr kualifikime n\u00eb Lig\u00ebn e dyt\u00eb malazeze. U takuan skuadra vendase \u201cOtrant Olimpik\u201d me\",\"breadcrumb\":{\"@id\":\"https:\/\/www.visit-ulcinj.com\/blog\/2016\/06\/07\/fc-otrant-olimpik-kualifikohet-ne-ligen-e-dyte-te-malit-te-zi\/#breadcrumb\"},\"inLanguage\":\"en-US\",\"potentialAction\":[{\"@type\":\"ReadAction\",\"target\":[\"https:\/\/www.visit-ulcinj.com\/blog\/2016\/06\/07\/fc-otrant-olimpik-kualifikohet-ne-ligen-e-dyte-te-malit-te-zi\/\"]}]},{\"@type\":\"BreadcrumbList\",\"@id\":\"https:\/\/www.visit-ulcinj.com\/blog\/2016\/06\/07\/fc-otrant-olimpik-kualifikohet-ne-ligen-e-dyte-te-malit-te-zi\/#breadcrumb\",\"itemListElement\":[{\"@type\":\"ListItem\",\"position\":1,\"name\":\"FC \u201cOtrant Olimpik\u201d kualifikohet n\u00eb Lig\u00ebn e dyt\u00eb t\u00eb Malit t\u00eb Zi\"}]},{\"@type\":\"Person\",\"@id\":\"https:\/\/www.visit-ulcinj.com\/blog\/#\/schema\/person\/dcab619c614d3038751c63bc2aadc06d\",\"name\":\"ulqini\",\"sameAs\":[\"http:\/\/www.visit-ulcinj.com\"],\"url\":\"https:\/\/www.visit-ulcinj.com\/blog\/author\/admin\/\"}]}<\/script>\n<!-- \/ Yoast SEO plugin. -->","yoast_head_json":{"title":"FC \u201cOtrant Olimpik\u201d kualifikohet n\u00eb Lig\u00ebn e dyt\u00eb t\u00eb Malit t\u00eb Zi - Lajme nga Ulqini","description":"N\u00eb terrenin e sportit n\u00eb Plazh\u00eb t\u00eb madhe u zhvillua ndeshja p\u00ebr kualifikime n\u00eb Lig\u00ebn e dyt\u00eb malazeze. U takuan skuadra vendase \u201cOtrant Olimpik\u201d me","robots":{"index":"index","follow":"follow","max-snippet":"max-snippet:-1","max-image-preview":"max-image-preview:large","max-video-preview":"max-video-preview:-1"},"canonical":"https:\/\/www.visit-ulcinj.com\/blog\/2016\/06\/07\/fc-otrant-olimpik-kualifikohet-ne-ligen-e-dyte-te-malit-te-zi\/","og_locale":"en_US","og_type":"article","og_title":"FC \u201cOtrant Olimpik\u201d kualifikohet n\u00eb Lig\u00ebn e dyt\u00eb t\u00eb Malit t\u00eb Zi - Lajme nga Ulqini","og_description":"N\u00eb terrenin e sportit n\u00eb Plazh\u00eb t\u00eb madhe u zhvillua ndeshja p\u00ebr kualifikime n\u00eb Lig\u00ebn e dyt\u00eb malazeze. U takuan skuadra vendase \u201cOtrant Olimpik\u201d me","og_url":"https:\/\/www.visit-ulcinj.com\/blog\/2016\/06\/07\/fc-otrant-olimpik-kualifikohet-ne-ligen-e-dyte-te-malit-te-zi\/","og_site_name":"Lajme nga Ulqini","article_published_time":"2016-06-07T22:00:10+00:00","article_modified_time":"2016-06-08T16:04:36+00:00","og_image":[{"url":"http:\/\/www.visit-ulcinj.com\/blog\/wp-content\/uploads\/2016\/06\/Otrant-Olimpik-Ulqin-Ulqini.jpg"}],"twitter_misc":{"Written by":"ulqini","Est. reading time":"1 minute"},"schema":{"@context":"https:\/\/schema.org","@graph":[{"@type":"WebSite","@id":"https:\/\/www.visit-ulcinj.com\/blog\/#website","url":"https:\/\/www.visit-ulcinj.com\/blog\/","name":"Lajme nga Ulqini","description":"Lajme,Vijesti,Ulqini,Ulqin,Crna Gora,Mali i Zi","potentialAction":[{"@type":"SearchAction","target":{"@type":"EntryPoint","urlTemplate":"https:\/\/www.visit-ulcinj.com\/blog\/?s={search_term_string}"},"query-input":"required name=search_term_string"}],"inLanguage":"en-US"},{"@type":"ImageObject","inLanguage":"en-US","@id":"https:\/\/www.visit-ulcinj.com\/blog\/2016\/06\/07\/fc-otrant-olimpik-kualifikohet-ne-ligen-e-dyte-te-malit-te-zi\/#primaryimage","url":"https:\/\/www.visit-ulcinj.com\/blog\/wp-content\/uploads\/2016\/06\/Otrant-Olimpik-Ulqin-Ulqini.jpg","contentUrl":"https:\/\/www.visit-ulcinj.com\/blog\/wp-content\/uploads\/2016\/06\/Otrant-Olimpik-Ulqin-Ulqini.jpg","width":960,"height":643},{"@type":"WebPage","@id":"https:\/\/www.visit-ulcinj.com\/blog\/2016\/06\/07\/fc-otrant-olimpik-kualifikohet-ne-ligen-e-dyte-te-malit-te-zi\/#webpage","url":"https:\/\/www.visit-ulcinj.com\/blog\/2016\/06\/07\/fc-otrant-olimpik-kualifikohet-ne-ligen-e-dyte-te-malit-te-zi\/","name":"FC \u201cOtrant Olimpik\u201d kualifikohet n\u00eb Lig\u00ebn e dyt\u00eb t\u00eb Malit t\u00eb Zi - Lajme nga Ulqini","isPartOf":{"@id":"https:\/\/www.visit-ulcinj.com\/blog\/#website"},"primaryImageOfPage":{"@id":"https:\/\/www.visit-ulcinj.com\/blog\/2016\/06\/07\/fc-otrant-olimpik-kualifikohet-ne-ligen-e-dyte-te-malit-te-zi\/#primaryimage"},"datePublished":"2016-06-07T22:00:10+00:00","dateModified":"2016-06-08T16:04:36+00:00","author":{"@id":"https:\/\/www.visit-ulcinj.com\/blog\/#\/schema\/person\/dcab619c614d3038751c63bc2aadc06d"},"description":"N\u00eb terrenin e sportit n\u00eb Plazh\u00eb t\u00eb madhe u zhvillua ndeshja p\u00ebr kualifikime n\u00eb Lig\u00ebn e dyt\u00eb malazeze. U takuan skuadra vendase \u201cOtrant Olimpik\u201d me","breadcrumb":{"@id":"https:\/\/www.visit-ulcinj.com\/blog\/2016\/06\/07\/fc-otrant-olimpik-kualifikohet-ne-ligen-e-dyte-te-malit-te-zi\/#breadcrumb"},"inLanguage":"en-US","potentialAction":[{"@type":"ReadAction","target":["https:\/\/www.visit-ulcinj.com\/blog\/2016\/06\/07\/fc-otrant-olimpik-kualifikohet-ne-ligen-e-dyte-te-malit-te-zi\/"]}]},{"@type":"BreadcrumbList","@id":"https:\/\/www.visit-ulcinj.com\/blog\/2016\/06\/07\/fc-otrant-olimpik-kualifikohet-ne-ligen-e-dyte-te-malit-te-zi\/#breadcrumb","itemListElement":[{"@type":"ListItem","position":1,"name":"FC \u201cOtrant Olimpik\u201d kualifikohet n\u00eb Lig\u00ebn e dyt\u00eb t\u00eb Malit t\u00eb Zi"}]},{"@type":"Person","@id":"https:\/\/www.visit-ulcinj.com\/blog\/#\/schema\/person\/dcab619c614d3038751c63bc2aadc06d","name":"ulqini","sameAs":["http:\/\/www.visit-ulcinj.com"],"url":"https:\/\/www.visit-ulcinj.com\/blog\/author\/admin\/"}]}},"jetpack_featured_media_url":"","jetpack_sharing_enabled":true,"jetpack_shortlink":"https:\/\/wp.me\/pe6lTn-plg","_links":{"self":[{"href":"https:\/\/www.visit-ulcinj.com\/blog\/wp-json\/wp\/v2\/posts\/97418"}],"collection":[{"href":"https:\/\/www.visit-ulcinj.com\/blog\/wp-json\/wp\/v2\/posts"}],"about":[{"href":"https:\/\/www.visit-ulcinj.com\/blog\/wp-json\/wp\/v2\/types\/post"}],"author":[{"embeddable":true,"href":"https:\/\/www.visit-ulcinj.com\/blog\/wp-json\/wp\/v2\/users\/1"}],"replies":[{"embeddable":true,"href":"https:\/\/www.visit-ulcinj.com\/blog\/wp-json\/wp\/v2\/comments?post=97418"}],"version-history":[{"count":4,"href":"https:\/\/www.visit-ulcinj.com\/blog\/wp-json\/wp\/v2\/posts\/97418\/revisions"}],"predecessor-version":[{"id":97433,"href":"https:\/\/www.visit-ulcinj.com\/blog\/wp-json\/wp\/v2\/posts\/97418\/revisions\/97433"}],"wp:attachment":[{"href":"https:\/\/www.visit-ulcinj.com\/blog\/wp-json\/wp\/v2\/media?parent=97418"}],"wp:term":[{"taxonomy":"category","embeddable":true,"href":"https:\/\/www.visit-ulcinj.com\/blog\/wp-json\/wp\/v2\/categories?post=97418"},{"taxonomy":"post_tag","embeddable":true,"href":"https:\/\/www.visit-ulcinj.com\/blog\/wp-json\/wp\/v2\/tags?post=97418"}],"curies":[{"name":"wp","href":"https:\/\/api.w.org\/{rel}","templated":true}]}}