{"id":97423,"date":"2016-06-08T15:05:17","date_gmt":"2016-06-08T14:05:17","guid":{"rendered":"http:\/\/www.visit-ulcinj.com\/blog\/?p=97423"},"modified":"2016-06-08T17:43:31","modified_gmt":"2016-06-08T16:43:31","slug":"mbrojtja-e-ambientit-kryesfide-e-ulqinit","status":"publish","type":"post","link":"https:\/\/www.visit-ulcinj.com\/blog\/2016\/06\/08\/mbrojtja-e-ambientit-kryesfide-e-ulqinit\/","title":{"rendered":"Mbrojtja e ambientit kryesfid\u00eb e Ulqinit"},"content":{"rendered":"<p><strong><a href=\"http:\/\/www.visit-ulcinj.com\/blog\/wp-content\/uploads\/2013\/10\/Gjeke-Gjonaj-Ulqin.jpg\"><img loading=\"lazy\" class=\"alignleft wp-image-75393\" src=\"http:\/\/www.visit-ulcinj.com\/blog\/wp-content\/uploads\/2013\/10\/Gjeke-Gjonaj-Ulqin.jpg\" alt=\"Gjeke-Gjonaj-Ulqin\" width=\"508\" height=\"467\" srcset=\"https:\/\/www.visit-ulcinj.com\/blog\/wp-content\/uploads\/2013\/10\/Gjeke-Gjonaj-Ulqin.jpg 606w, https:\/\/www.visit-ulcinj.com\/blog\/wp-content\/uploads\/2013\/10\/Gjeke-Gjonaj-Ulqin-300x275.jpg 300w\" sizes=\"(max-width: 508px) 100vw, 508px\" \/><\/a>Gjek\u00eb Gjonaj<\/strong><\/p>\n<p>Pa nj\u00eb ambijent t\u00eb past\u00ebr \u00a0nuk kemi\u00a0 njer\u00ebz t\u00eb sh\u00ebndetsh\u00ebm. Nj\u00eb ambient i past\u00ebr nuk mjafton vet\u00ebm t\u00eb duket, por duhet\u00a0 edhe t\u00eb mir\u00ebmbahet, p\u00ebr nj\u00eb jet\u00eb m\u00eb t\u00eb sh\u00ebndosh\u00eb. Dometh\u00ebn\u00eb\u00a0 nj\u00eb ambient i mir\u00eb \u00ebsht\u00eb i r\u00ebnd\u00ebsish\u00ebm.\u00a0 Prandaj\u00a0 t\u00eb gjith\u00eb qytetar\u00ebt e Komun\u00ebs s\u00eb Ulqinit duhet \u00a0t\u00eb kujdesen p\u00ebr \u00a0mir\u00ebmbajtjen\u00a0 dhe pastrimin e vazhduesh\u00ebm t\u00eb mbeturinave n\u00eb t\u00ebr\u00eb komun\u00eb, \u00a0pastrimin dhe mir\u00ebmbajtjen e vazhdueshme t\u00eb\u00a0 kanalit t\u00eb \u00a0Port\u00eb Milen\u00ebs, kanalit t\u00eb Bratic\u00ebs, rregullimin e shtratit t\u00eb lumit Buna, rregullimin e oborreve t\u00eb shkollave p\u00ebrmes financimit publik \u00a0dhe pun\u00ebs vullnetare me nx\u00ebn\u00ebsit e stafin arsimor, \u00a0rregullimin e parqeve n\u00eb zonat e qytetit dhe \u00a0ngritjen \u00a0e nivelit higjienik\u00a0 t\u00eb qytetit. Pastrimi i qytetit t\u00eb Ulqinit me rrethe nga mbetjet urbane\u00a0 por jo vet\u00ebm, mbetet nj\u00eb nga kryesfidat e pushtetit vendor. Me gjith\u00eb pun\u00ebn e b\u00ebr\u00eb situata vijon t\u00eb jet\u00eb problematike n\u00eb disa pjes\u00eb t\u00eb qytetit dhe n\u00eb periferi, \u00a0ku mbeturinat kan\u00eb pushtuar sip\u00ebrfaqe t\u00eb t\u00ebra. \u00a0Muaj\u00ebve t\u00eb fundit jan\u00eb organizuar aksione pastrimi, por nuk ka pasur dalje masive t\u00eb qytetar\u00ebve. Ato ishin t\u00eb pamjaftashmueshme p\u00ebr t\u00eb dh\u00ebn\u00eb mesazhin e duhur p\u00ebr t\u00eb sensibilizuar qytetar\u00ebt p\u00ebr t\u00eb\u00a0 mbajtur past\u00ebr qytetin.<\/p>\n<p>Mjedisi \u00ebsht\u00eb gj\u00eb e p\u00ebrbashk\u00ebt, prandaj nuk duhet pritur vet\u00ebm nga qeveria vendore dhe q\u00ebndrore \u00a0dhe institucionet e tyre ta mbrojn\u00eb at\u00eb, por ky kujdes duhet nisur q\u00eb nga qytetari. Si\u00e7 kan\u00eb th\u00ebn\u00eb shum\u00eb dijetar\u00eb dhe shum\u00eb ekspert\u00eb \u201cne nuk kemi planet tjet\u00ebr, nuk kemi planet rezerv\u00eb\u201d. Andaj , p\u00ebr ta mbrojtur mir\u00eb mjedisin, p\u00ebrfshir\u00eb tok\u00ebn, ajrin, ujin, nuk mund ta kryej\u00eb k\u00ebt\u00eb rol vet\u00ebm komuna, \u00a0qeveria, nuk mund ta kryej\u00eb k\u00ebt\u00eb rol vet\u00ebm institucionet, por n\u00eb k\u00ebt\u00eb udh\u00ebtim, p\u00ebr ta mbrojtur planetin, p\u00ebr ta mbrojtur mjedisin, duhet \u00a0t\u00eb jemi t\u00eb gjith\u00eb pjes\u00ebmarr\u00ebs, duke filluar prej qytetarit. \u00cbsht\u00eb shfaqur nevoja e domosdoshme \u00a0q\u00eb faktori \u201cnjeri\u201d t\u00eb ket\u00eb kujdes shum\u00eb m\u00eb t\u00eb shtuar ndaj mjedisit. Vet\u00ebm me nj\u00eb bashkim t\u00eb forcave dhe dijes, vet\u00ebm me nj\u00eb presion pozitiv ndaj qeveris\u00eb lokale e qendrore, mund t\u00eb b\u00ebjm\u00eb q\u00eb buxheti p\u00ebr mbrojtjen e mjedisit t\u00eb jet\u00eb m\u00eb i madh dhe p\u00ebrmir\u00ebsimi i mjedisit n\u00eb Komun\u00ebn e Ulqinit \u00a0t\u00eb jet\u00eb m\u00eb i duksh\u00ebm. Por q\u00eb aksioni n\u00eb pastrimine e Ulqinit me rrethe \u00a0t\u00eb ket\u00eb rezultate akoma edhe m\u00eb t\u00eb mira, \u00ebsht\u00eb e domosdoshme p\u00ebrfshirja e t\u00eb gjith\u00eb komunitetit, shoqatave t\u00eb biznesit, organizatave t\u00eb ndryshme, nx\u00ebn\u00ebsve t\u00eb shkollave dhe student\u00ebve, q\u00eb si nj\u00eb trup i vet\u00ebm t\u00eb \u00e7lirojm\u00eb rrug\u00ebt, bregdetin, mjedisin ton\u00eb nga plehrat q\u00eb i kan\u00eb z\u00ebn\u00eb frym\u00ebn Le t\u00eb tregojm\u00eb dhe ne qyetar\u00ebr\u00ebt ulqinak\u00eb \u00a0kultur\u00eb europiane, dashuri ndaj ambientit dhe gjith\u00e7kaje q\u00eb na rrethon, dhe n\u00eb radh\u00eb t\u00eb par\u00eb dashuri p\u00ebr veten ton\u00eb dhe jet\u00ebn e f\u00ebmij\u00ebve tan\u00eb. Ulqini \u00ebsht\u00eb i yni, i t\u00eb gjth\u00eb qytetar\u00ebve t\u00eb tij, \u00ebsht\u00eb vendi ku ne \u00a0kemi jetuar dhe jetojm\u00eb \u00a0s\u00eb bashku \u00a0me mij\u00ebra vjet, jetojm\u00eb me njer\u00ebzit tan\u00eb m\u00eb t\u00eb dashur dhe vendi n\u00eb t\u00eb cilin do t\u00eb jetojn\u00eb ne dhe f\u00ebmij\u00ebt tan\u00eb.<\/p>\n<p>Q\u00eb ta ruajm\u00eb Ulqinin \u00a0nj\u00eb nga qytetet m\u00eb t\u00eb vizituesh\u00ebm dhe m\u00eb t\u00eb frekuentuar \u00a0gjat\u00eb stin\u00ebs verore, \u00a0\u00a0sa m\u00eb \u00a0t\u00eb past\u00ebr duhet patjet\u00ebr t\u00eb ndryshojm\u00eb vetveten, duke u b\u00ebr\u00eb m\u00eb t\u00eb kujdessh\u00ebm\u00a0 dhe m\u00eb t\u00eb nd\u00ebrgjegjsh\u00ebm\u00a0 ndaj mbrojtjes s\u00eb mjedisit. P\u00ebrkujdesja\u00a0 ndaj ambientit dhe kujdesi i shtuar ndaj tij\u00a0 \u00ebsht\u00eb obligim individual dhe instuticional.<\/p>\n<p>Ulqini nuk mund t\u00eb pastrohet vet\u00ebm p\u00ebr nj\u00eb dit\u00eb, por n\u00eb m\u00ebnyr\u00eb q\u00eb t\u00eb kemi nj\u00eb ambient t\u00eb past\u00ebr duhet t\u00eb rritet vet\u00ebdija e qytetar\u00ebve.<\/p>\n<p>Do t\u00eb d\u00ebshiroja\u00a0 q\u00eb \u00a0ky qytet, n\u00eb shtetin e par\u00eb ekologjik n\u00eb bot\u00eb, \u00a0t\u00eb jet\u00eb nj\u00eb shembull i \u00a0mir\u00eb ( e jo si\u00e7 \u00ebsht\u00eb sot) \u00a0se si ruajtja e ambientit dhe hap\u00ebsir\u00ebs ku jetojm\u00eb \u00ebsht\u00eb\u00a0 \u00e7\u00ebshtje madhore p\u00ebr nj\u00eb zhvillim t\u00eb mbarsh\u00ebm.<\/p>\n","protected":false},"excerpt":{"rendered":"<p>Gjek\u00eb Gjonaj Pa nj\u00eb ambijent t\u00eb past\u00ebr \u00a0nuk kemi\u00a0 njer\u00ebz t\u00eb sh\u00ebndetsh\u00ebm. Nj\u00eb ambient i past\u00ebr nuk mjafton vet\u00ebm t\u00eb duket, por duhet\u00a0 edhe t\u00eb mir\u00ebmbahet, p\u00ebr nj\u00eb jet\u00eb m\u00eb t\u00eb sh\u00ebndosh\u00eb. Dometh\u00ebn\u00eb\u00a0 nj\u00eb ambient i mir\u00eb \u00ebsht\u00eb i r\u00ebnd\u00ebsish\u00ebm.\u00a0 Prandaj\u00a0 t\u00eb gjith\u00eb qytetar\u00ebt e Komun\u00ebs s\u00eb Ulqinit duhet \u00a0t\u00eb kujdesen p\u00ebr \u00a0mir\u00ebmbajtjen\u00a0 dhe pastrimin [&hellip;]<\/p>\n","protected":false},"author":1,"featured_media":0,"comment_status":"closed","ping_status":"closed","sticky":false,"template":"","format":"standard","meta":{"spay_email":"","jetpack_publicize_message":"","jetpack_is_tweetstorm":false,"jetpack_publicize_feature_enabled":true},"categories":[1,6950],"tags":[],"jetpack_publicize_connections":[],"yoast_head":"<!-- This site is optimized with the Yoast SEO plugin v19.1 - https:\/\/yoast.com\/wordpress\/plugins\/seo\/ -->\n<title>Mbrojtja e ambientit kryesfid\u00eb e Ulqinit - Lajme nga Ulqini<\/title>\n<meta name=\"description\" content=\"Gjek\u00eb Gjonaj Pa nj\u00eb ambijent t\u00eb past\u00ebr \u00a0nuk kemi\u00a0 njer\u00ebz t\u00eb sh\u00ebndetsh\u00ebm. Nj\u00eb ambient i past\u00ebr nuk mjafton vet\u00ebm t\u00eb duket, por duhet\u00a0 edhe t\u00eb mir\u00ebmbahet,\" \/>\n<meta name=\"robots\" content=\"index, follow, max-snippet:-1, max-image-preview:large, max-video-preview:-1\" \/>\n<link rel=\"canonical\" href=\"https:\/\/www.visit-ulcinj.com\/blog\/2016\/06\/08\/mbrojtja-e-ambientit-kryesfide-e-ulqinit\/\" \/>\n<meta property=\"og:locale\" content=\"en_US\" \/>\n<meta property=\"og:type\" content=\"article\" \/>\n<meta property=\"og:title\" content=\"Mbrojtja e ambientit kryesfid\u00eb e Ulqinit - Lajme nga Ulqini\" \/>\n<meta property=\"og:description\" content=\"Gjek\u00eb Gjonaj Pa nj\u00eb ambijent t\u00eb past\u00ebr \u00a0nuk kemi\u00a0 njer\u00ebz t\u00eb sh\u00ebndetsh\u00ebm. Nj\u00eb ambient i past\u00ebr nuk mjafton vet\u00ebm t\u00eb duket, por duhet\u00a0 edhe t\u00eb mir\u00ebmbahet,\" \/>\n<meta property=\"og:url\" content=\"https:\/\/www.visit-ulcinj.com\/blog\/2016\/06\/08\/mbrojtja-e-ambientit-kryesfide-e-ulqinit\/\" \/>\n<meta property=\"og:site_name\" content=\"Lajme nga Ulqini\" \/>\n<meta property=\"article:published_time\" content=\"2016-06-08T14:05:17+00:00\" \/>\n<meta property=\"article:modified_time\" content=\"2016-06-08T16:43:31+00:00\" \/>\n<meta property=\"og:image\" content=\"http:\/\/www.visit-ulcinj.com\/blog\/wp-content\/uploads\/2013\/10\/Gjeke-Gjonaj-Ulqin.jpg\" \/>\n<meta name=\"twitter:label1\" content=\"Written by\" \/>\n\t<meta name=\"twitter:data1\" content=\"ulqini\" \/>\n\t<meta name=\"twitter:label2\" content=\"Est. reading time\" \/>\n\t<meta name=\"twitter:data2\" content=\"4 minutes\" \/>\n<script type=\"application\/ld+json\" class=\"yoast-schema-graph\">{\"@context\":\"https:\/\/schema.org\",\"@graph\":[{\"@type\":\"WebSite\",\"@id\":\"https:\/\/www.visit-ulcinj.com\/blog\/#website\",\"url\":\"https:\/\/www.visit-ulcinj.com\/blog\/\",\"name\":\"Lajme nga Ulqini\",\"description\":\"Lajme,Vijesti,Ulqini,Ulqin,Crna Gora,Mali i Zi\",\"potentialAction\":[{\"@type\":\"SearchAction\",\"target\":{\"@type\":\"EntryPoint\",\"urlTemplate\":\"https:\/\/www.visit-ulcinj.com\/blog\/?s={search_term_string}\"},\"query-input\":\"required name=search_term_string\"}],\"inLanguage\":\"en-US\"},{\"@type\":\"ImageObject\",\"inLanguage\":\"en-US\",\"@id\":\"https:\/\/www.visit-ulcinj.com\/blog\/2016\/06\/08\/mbrojtja-e-ambientit-kryesfide-e-ulqinit\/#primaryimage\",\"url\":\"https:\/\/www.visit-ulcinj.com\/blog\/wp-content\/uploads\/2013\/10\/Gjeke-Gjonaj-Ulqin.jpg\",\"contentUrl\":\"https:\/\/www.visit-ulcinj.com\/blog\/wp-content\/uploads\/2013\/10\/Gjeke-Gjonaj-Ulqin.jpg\",\"width\":606,\"height\":557},{\"@type\":\"WebPage\",\"@id\":\"https:\/\/www.visit-ulcinj.com\/blog\/2016\/06\/08\/mbrojtja-e-ambientit-kryesfide-e-ulqinit\/#webpage\",\"url\":\"https:\/\/www.visit-ulcinj.com\/blog\/2016\/06\/08\/mbrojtja-e-ambientit-kryesfide-e-ulqinit\/\",\"name\":\"Mbrojtja e ambientit kryesfid\u00eb e Ulqinit - Lajme nga Ulqini\",\"isPartOf\":{\"@id\":\"https:\/\/www.visit-ulcinj.com\/blog\/#website\"},\"primaryImageOfPage\":{\"@id\":\"https:\/\/www.visit-ulcinj.com\/blog\/2016\/06\/08\/mbrojtja-e-ambientit-kryesfide-e-ulqinit\/#primaryimage\"},\"datePublished\":\"2016-06-08T14:05:17+00:00\",\"dateModified\":\"2016-06-08T16:43:31+00:00\",\"author\":{\"@id\":\"https:\/\/www.visit-ulcinj.com\/blog\/#\/schema\/person\/dcab619c614d3038751c63bc2aadc06d\"},\"description\":\"Gjek\u00eb Gjonaj Pa nj\u00eb ambijent t\u00eb past\u00ebr \u00a0nuk kemi\u00a0 njer\u00ebz t\u00eb sh\u00ebndetsh\u00ebm. Nj\u00eb ambient i past\u00ebr nuk mjafton vet\u00ebm t\u00eb duket, por duhet\u00a0 edhe t\u00eb mir\u00ebmbahet,\",\"breadcrumb\":{\"@id\":\"https:\/\/www.visit-ulcinj.com\/blog\/2016\/06\/08\/mbrojtja-e-ambientit-kryesfide-e-ulqinit\/#breadcrumb\"},\"inLanguage\":\"en-US\",\"potentialAction\":[{\"@type\":\"ReadAction\",\"target\":[\"https:\/\/www.visit-ulcinj.com\/blog\/2016\/06\/08\/mbrojtja-e-ambientit-kryesfide-e-ulqinit\/\"]}]},{\"@type\":\"BreadcrumbList\",\"@id\":\"https:\/\/www.visit-ulcinj.com\/blog\/2016\/06\/08\/mbrojtja-e-ambientit-kryesfide-e-ulqinit\/#breadcrumb\",\"itemListElement\":[{\"@type\":\"ListItem\",\"position\":1,\"name\":\"Mbrojtja e ambientit kryesfid\u00eb e Ulqinit\"}]},{\"@type\":\"Person\",\"@id\":\"https:\/\/www.visit-ulcinj.com\/blog\/#\/schema\/person\/dcab619c614d3038751c63bc2aadc06d\",\"name\":\"ulqini\",\"sameAs\":[\"http:\/\/www.visit-ulcinj.com\"],\"url\":\"https:\/\/www.visit-ulcinj.com\/blog\/author\/admin\/\"}]}<\/script>\n<!-- \/ Yoast SEO plugin. -->","yoast_head_json":{"title":"Mbrojtja e ambientit kryesfid\u00eb e Ulqinit - Lajme nga Ulqini","description":"Gjek\u00eb Gjonaj Pa nj\u00eb ambijent t\u00eb past\u00ebr \u00a0nuk kemi\u00a0 njer\u00ebz t\u00eb sh\u00ebndetsh\u00ebm. Nj\u00eb ambient i past\u00ebr nuk mjafton vet\u00ebm t\u00eb duket, por duhet\u00a0 edhe t\u00eb mir\u00ebmbahet,","robots":{"index":"index","follow":"follow","max-snippet":"max-snippet:-1","max-image-preview":"max-image-preview:large","max-video-preview":"max-video-preview:-1"},"canonical":"https:\/\/www.visit-ulcinj.com\/blog\/2016\/06\/08\/mbrojtja-e-ambientit-kryesfide-e-ulqinit\/","og_locale":"en_US","og_type":"article","og_title":"Mbrojtja e ambientit kryesfid\u00eb e Ulqinit - Lajme nga Ulqini","og_description":"Gjek\u00eb Gjonaj Pa nj\u00eb ambijent t\u00eb past\u00ebr \u00a0nuk kemi\u00a0 njer\u00ebz t\u00eb sh\u00ebndetsh\u00ebm. Nj\u00eb ambient i past\u00ebr nuk mjafton vet\u00ebm t\u00eb duket, por duhet\u00a0 edhe t\u00eb mir\u00ebmbahet,","og_url":"https:\/\/www.visit-ulcinj.com\/blog\/2016\/06\/08\/mbrojtja-e-ambientit-kryesfide-e-ulqinit\/","og_site_name":"Lajme nga Ulqini","article_published_time":"2016-06-08T14:05:17+00:00","article_modified_time":"2016-06-08T16:43:31+00:00","og_image":[{"url":"http:\/\/www.visit-ulcinj.com\/blog\/wp-content\/uploads\/2013\/10\/Gjeke-Gjonaj-Ulqin.jpg"}],"twitter_misc":{"Written by":"ulqini","Est. reading time":"4 minutes"},"schema":{"@context":"https:\/\/schema.org","@graph":[{"@type":"WebSite","@id":"https:\/\/www.visit-ulcinj.com\/blog\/#website","url":"https:\/\/www.visit-ulcinj.com\/blog\/","name":"Lajme nga Ulqini","description":"Lajme,Vijesti,Ulqini,Ulqin,Crna Gora,Mali i Zi","potentialAction":[{"@type":"SearchAction","target":{"@type":"EntryPoint","urlTemplate":"https:\/\/www.visit-ulcinj.com\/blog\/?s={search_term_string}"},"query-input":"required name=search_term_string"}],"inLanguage":"en-US"},{"@type":"ImageObject","inLanguage":"en-US","@id":"https:\/\/www.visit-ulcinj.com\/blog\/2016\/06\/08\/mbrojtja-e-ambientit-kryesfide-e-ulqinit\/#primaryimage","url":"https:\/\/www.visit-ulcinj.com\/blog\/wp-content\/uploads\/2013\/10\/Gjeke-Gjonaj-Ulqin.jpg","contentUrl":"https:\/\/www.visit-ulcinj.com\/blog\/wp-content\/uploads\/2013\/10\/Gjeke-Gjonaj-Ulqin.jpg","width":606,"height":557},{"@type":"WebPage","@id":"https:\/\/www.visit-ulcinj.com\/blog\/2016\/06\/08\/mbrojtja-e-ambientit-kryesfide-e-ulqinit\/#webpage","url":"https:\/\/www.visit-ulcinj.com\/blog\/2016\/06\/08\/mbrojtja-e-ambientit-kryesfide-e-ulqinit\/","name":"Mbrojtja e ambientit kryesfid\u00eb e Ulqinit - Lajme nga Ulqini","isPartOf":{"@id":"https:\/\/www.visit-ulcinj.com\/blog\/#website"},"primaryImageOfPage":{"@id":"https:\/\/www.visit-ulcinj.com\/blog\/2016\/06\/08\/mbrojtja-e-ambientit-kryesfide-e-ulqinit\/#primaryimage"},"datePublished":"2016-06-08T14:05:17+00:00","dateModified":"2016-06-08T16:43:31+00:00","author":{"@id":"https:\/\/www.visit-ulcinj.com\/blog\/#\/schema\/person\/dcab619c614d3038751c63bc2aadc06d"},"description":"Gjek\u00eb Gjonaj Pa nj\u00eb ambijent t\u00eb past\u00ebr \u00a0nuk kemi\u00a0 njer\u00ebz t\u00eb sh\u00ebndetsh\u00ebm. Nj\u00eb ambient i past\u00ebr nuk mjafton vet\u00ebm t\u00eb duket, por duhet\u00a0 edhe t\u00eb mir\u00ebmbahet,","breadcrumb":{"@id":"https:\/\/www.visit-ulcinj.com\/blog\/2016\/06\/08\/mbrojtja-e-ambientit-kryesfide-e-ulqinit\/#breadcrumb"},"inLanguage":"en-US","potentialAction":[{"@type":"ReadAction","target":["https:\/\/www.visit-ulcinj.com\/blog\/2016\/06\/08\/mbrojtja-e-ambientit-kryesfide-e-ulqinit\/"]}]},{"@type":"BreadcrumbList","@id":"https:\/\/www.visit-ulcinj.com\/blog\/2016\/06\/08\/mbrojtja-e-ambientit-kryesfide-e-ulqinit\/#breadcrumb","itemListElement":[{"@type":"ListItem","position":1,"name":"Mbrojtja e ambientit kryesfid\u00eb e Ulqinit"}]},{"@type":"Person","@id":"https:\/\/www.visit-ulcinj.com\/blog\/#\/schema\/person\/dcab619c614d3038751c63bc2aadc06d","name":"ulqini","sameAs":["http:\/\/www.visit-ulcinj.com"],"url":"https:\/\/www.visit-ulcinj.com\/blog\/author\/admin\/"}]}},"jetpack_featured_media_url":"","jetpack_sharing_enabled":true,"jetpack_shortlink":"https:\/\/wp.me\/pe6lTn-pll","_links":{"self":[{"href":"https:\/\/www.visit-ulcinj.com\/blog\/wp-json\/wp\/v2\/posts\/97423"}],"collection":[{"href":"https:\/\/www.visit-ulcinj.com\/blog\/wp-json\/wp\/v2\/posts"}],"about":[{"href":"https:\/\/www.visit-ulcinj.com\/blog\/wp-json\/wp\/v2\/types\/post"}],"author":[{"embeddable":true,"href":"https:\/\/www.visit-ulcinj.com\/blog\/wp-json\/wp\/v2\/users\/1"}],"replies":[{"embeddable":true,"href":"https:\/\/www.visit-ulcinj.com\/blog\/wp-json\/wp\/v2\/comments?post=97423"}],"version-history":[{"count":1,"href":"https:\/\/www.visit-ulcinj.com\/blog\/wp-json\/wp\/v2\/posts\/97423\/revisions"}],"predecessor-version":[{"id":97424,"href":"https:\/\/www.visit-ulcinj.com\/blog\/wp-json\/wp\/v2\/posts\/97423\/revisions\/97424"}],"wp:attachment":[{"href":"https:\/\/www.visit-ulcinj.com\/blog\/wp-json\/wp\/v2\/media?parent=97423"}],"wp:term":[{"taxonomy":"category","embeddable":true,"href":"https:\/\/www.visit-ulcinj.com\/blog\/wp-json\/wp\/v2\/categories?post=97423"},{"taxonomy":"post_tag","embeddable":true,"href":"https:\/\/www.visit-ulcinj.com\/blog\/wp-json\/wp\/v2\/tags?post=97423"}],"curies":[{"name":"wp","href":"https:\/\/api.w.org\/{rel}","templated":true}]}}