{"id":97439,"date":"2016-06-09T13:46:41","date_gmt":"2016-06-09T12:46:41","guid":{"rendered":"http:\/\/www.visit-ulcinj.com\/blog\/?p=97439"},"modified":"2016-06-09T18:26:06","modified_gmt":"2016-06-09T17:26:06","slug":"riciklimi-i-gjeloshajt-skandal-politik-sepse-ka-ricikluar-sot-faqet-e-fjalorit-malazez-video","status":"publish","type":"post","link":"https:\/\/www.visit-ulcinj.com\/blog\/2016\/06\/09\/riciklimi-i-gjeloshajt-skandal-politik-sepse-ka-ricikluar-sot-faqet-e-fjalorit-malazez-video\/","title":{"rendered":"Riciklimi i Gjeloshajt, skandal politik sepse ka ricikluar sot faqet e Fjalorit malazez &#8211; Video"},"content":{"rendered":"<p><a href=\"http:\/\/www.visit-ulcinj.com\/blog\/wp-content\/uploads\/2016\/06\/Riciklimi-i-Gjeloshajt-skandal-politik-sepse-ka-ricikluar-sot-faqet-e-Fjalorit.jpg\"><img loading=\"lazy\" class=\"alignleft wp-image-97440\" src=\"http:\/\/www.visit-ulcinj.com\/blog\/wp-content\/uploads\/2016\/06\/Riciklimi-i-Gjeloshajt-skandal-politik-sepse-ka-ricikluar-sot-faqet-e-Fjalorit.jpg\" alt=\"Riciklimi i Gjeloshajt, skandal politik sepse ka ricikluar sot faqet e Fjalorit\" width=\"508\" height=\"337\" srcset=\"https:\/\/www.visit-ulcinj.com\/blog\/wp-content\/uploads\/2016\/06\/Riciklimi-i-Gjeloshajt-skandal-politik-sepse-ka-ricikluar-sot-faqet-e-Fjalorit.jpg 920w, https:\/\/www.visit-ulcinj.com\/blog\/wp-content\/uploads\/2016\/06\/Riciklimi-i-Gjeloshajt-skandal-politik-sepse-ka-ricikluar-sot-faqet-e-Fjalorit-300x199.jpg 300w, https:\/\/www.visit-ulcinj.com\/blog\/wp-content\/uploads\/2016\/06\/Riciklimi-i-Gjeloshajt-skandal-politik-sepse-ka-ricikluar-sot-faqet-e-Fjalorit-768x510.jpg 768w\" sizes=\"(max-width: 508px) 100vw, 508px\" \/><\/a><strong>FOTO CDM<\/strong><\/p>\n<p>Deputeti i Alternativ\u00ebs Shqiptare Nik Gjeloshaj ka ricikluar sot faqet e Fjalorit t\u00eb Akademis\u00eb malazeze t\u00eb Shkencave dhe Art\u00ebve n\u00eb t\u00eb cilat fyhen shqiptar\u00ebt.<\/p>\n<p><strong>Gjeloshaj shprehert n\u00eb faqen e vet\u00eb t\u00eb Facebookut<\/strong><\/p>\n<p>T\u00eb nderuar miq,<\/p>\n<p>Si mund ta shihni n\u00eb linkun m\u00eb posht, sot n\u00eb Parlamentin e Malit t\u00eb Zi, u mundova t\u00eb jap kontributin tim n\u00eb projketin global t\u00eb reciklimit!<\/p>\n<p><iframe loading=\"lazy\" src=\"https:\/\/www.youtube.com\/embed\/dX3xsrK0f0Q\" width=\"508\" height=\"315\" frameborder=\"0\" allowfullscreen=\"allowfullscreen\"><\/iframe><\/p>\n<p><strong>FOTO CDM<\/strong><\/p>\n<p><a href=\"http:\/\/www.visit-ulcinj.com\/blog\/wp-content\/uploads\/2016\/06\/Riciklimi-i-Gjeloshajt-skandal-politik-sepse-ka-ricikluar-sot-faqet-e-Fjalorit-1.jpg\"><img loading=\"lazy\" class=\"alignleft wp-image-97441\" src=\"http:\/\/www.visit-ulcinj.com\/blog\/wp-content\/uploads\/2016\/06\/Riciklimi-i-Gjeloshajt-skandal-politik-sepse-ka-ricikluar-sot-faqet-e-Fjalorit-1.jpg\" alt=\"Riciklimi i Gjeloshajt, skandal politik sepse ka ricikluar sot faqet e Fjalorit-1\" width=\"508\" height=\"336\" srcset=\"https:\/\/www.visit-ulcinj.com\/blog\/wp-content\/uploads\/2016\/06\/Riciklimi-i-Gjeloshajt-skandal-politik-sepse-ka-ricikluar-sot-faqet-e-Fjalorit-1.jpg 924w, https:\/\/www.visit-ulcinj.com\/blog\/wp-content\/uploads\/2016\/06\/Riciklimi-i-Gjeloshajt-skandal-politik-sepse-ka-ricikluar-sot-faqet-e-Fjalorit-1-300x198.jpg 300w, https:\/\/www.visit-ulcinj.com\/blog\/wp-content\/uploads\/2016\/06\/Riciklimi-i-Gjeloshajt-skandal-politik-sepse-ka-ricikluar-sot-faqet-e-Fjalorit-1-768x508.jpg 768w\" sizes=\"(max-width: 508px) 100vw, 508px\" \/><\/a> <a href=\"http:\/\/www.visit-ulcinj.com\/blog\/wp-content\/uploads\/2016\/06\/Riciklimi-i-Gjeloshajt-skandal-politik-sepse-ka-ricikluar-sot-faqet-e-Fjalorit-2.jpg\"><img loading=\"lazy\" class=\"alignleft wp-image-97442\" src=\"http:\/\/www.visit-ulcinj.com\/blog\/wp-content\/uploads\/2016\/06\/Riciklimi-i-Gjeloshajt-skandal-politik-sepse-ka-ricikluar-sot-faqet-e-Fjalorit-2.jpg\" alt=\"Riciklimi i Gjeloshajt, skandal politik sepse ka ricikluar sot faqet e Fjalorit-2\" width=\"508\" height=\"337\" srcset=\"https:\/\/www.visit-ulcinj.com\/blog\/wp-content\/uploads\/2016\/06\/Riciklimi-i-Gjeloshajt-skandal-politik-sepse-ka-ricikluar-sot-faqet-e-Fjalorit-2.jpg 920w, https:\/\/www.visit-ulcinj.com\/blog\/wp-content\/uploads\/2016\/06\/Riciklimi-i-Gjeloshajt-skandal-politik-sepse-ka-ricikluar-sot-faqet-e-Fjalorit-2-300x199.jpg 300w, https:\/\/www.visit-ulcinj.com\/blog\/wp-content\/uploads\/2016\/06\/Riciklimi-i-Gjeloshajt-skandal-politik-sepse-ka-ricikluar-sot-faqet-e-Fjalorit-2-768x510.jpg 768w\" sizes=\"(max-width: 508px) 100vw, 508px\" \/><\/a><br \/>\n<strong><br \/>\nFOTO: Dejan Lopi\u010di\u0107<\/strong><\/p>\n<p>Deputeti i Alternativ\u00ebs Shqiptare n\u00eb Parlamentin e Malit t\u00eb Zi, Nik Gjeljoshaj ka ricikluar disa flet\u00eb t\u00eb Fjalorit t\u00eb kontestuar t\u00eb gjuh\u00ebs letrare dhe popullore t\u00eb Malit t\u00eb Zi, n\u00eb shenj\u00eb proteste ndaj disa shprehjeve t\u00eb diskutueshme t\u00eb cilat i p\u00ebrmbante, raporton Anadolu Agency (AA).<\/p>\n<p>Gjeljoshaj k\u00ebt\u00eb akt e ka b\u00ebr\u00eb, si\u00e7 tha, n\u00eb em\u00ebr \u201ct\u00eb t\u00eb gjith\u00eb shqiptar\u00ebve\u201d, sepse akademik\u00ebt e Akademis\u00eb t\u00eb Shkencave dhe Arteve Malazeze (CANU), nd\u00ebr t\u00eb tjera, termin \u201cshqiptarizim\u201d e ka p\u00ebrshkruar si \u201cimponim t\u00eb gjuh\u00ebs, kultur\u00ebs dhe zakoneve shqiptare ndaj kombeve t\u00eb tjera\u201d.<\/p>\n<p>\u201cPopullin q\u00eb un\u00eb p\u00ebrfaq\u00ebsoj, ky Fjalor nuk e fyen vet\u00ebm n\u00eb baza komb\u00ebtare, por edhe n\u00eb baza fetare. Ne kurr\u00eb nuk kemi th\u00ebn\u00eb se do t\u00eb djegim di\u00e7ka, kjo nuk \u00ebsht\u00eb m\u00ebnyra e veprimit ton\u00eb politik. Kjo \u00ebsht\u00eb m\u00ebnyra e veprimit t\u00eb autorit t\u00eb k\u00ebtij teksti. Ne do t\u2019i bashkohemi veprimit planetar, q\u00eb do t\u00eb thot\u00eb t\u00eb riciklohet ajo q\u00eb nuk \u00ebsht\u00eb n\u00eb p\u00ebrdorim. N\u00eb em\u00ebr t\u00eb popullit shqiptar, kudo q\u00eb jetojn\u00eb, tani un\u00eb do ta ricikloj\u00eb k\u00ebt\u00eb fjalor\u201d, tha Gjeljoshaj sot n\u00eb Parlament pas s\u00eb cil\u00ebs ai recikloi fjalorin.<\/p>\n<p>\u201cShpresoj q\u00eb kjo let\u00ebr e pa vler\u00eb tani do t\u2019i sh\u00ebrbej\u00eb dikujt p\u00ebr t\u00eb publikuar t\u00eb v\u00ebrtet\u00ebn\u201d, tha Gjeljoshaj.<\/p>\n<p>P\u00ebrfaq\u00ebsuesit shqiptar\u00eb dhe boshnjak\u00eb n\u00eb Mal t\u00eb Zi kan\u00eb reaguar ashp\u00ebr kund\u00ebr \u201cfyerjeve t\u00eb r\u00ebnda ndaj pjes\u00ebtar\u00ebve t\u00eb popullit shqiptar, boshnjak-musliman dhe qytetar\u00ebve t\u00eb besimit islam\u201d q\u00eb p\u00ebrmban fjalori i ri i gjuh\u00ebs malazeze, kurse nga Ministria e Shkenc\u00ebs kan\u00eb k\u00ebrkuar q\u00eb t\u00eb ndaloj\u00eb \u00e7do lloj t\u00eb botimit apo shitjes s\u00eb tij.<\/p>\n<p>P\u00ebrfaq\u00ebsuesit e t\u00eb dy popujve kan\u00eb gjetur nj\u00eb num\u00ebr t\u00eb madh t\u00eb termave, t\u00eb cilat si\u00e7 deklarojn\u00eb, n\u00eb m\u00ebnyr\u00ebn m\u00eb t\u00eb vrazhd\u00eb ofendon shqiptar\u00ebt, boshnjak\u00ebt si dhe pjes\u00ebtar\u00ebt e besimit islam.<\/p>\n<p>Gjeljoshaj shtoi se nuk do t\u00eb ndalet me k\u00ebt\u00eb performans\u00eb.<\/p>\n<p>\u201cNes\u00ebr kam takim me Presidentin e Shqip\u00ebris\u00eb dhe do t\u00eb k\u00ebrkoj takim edhe me kryeministrin e Shqip\u00ebris\u00eb, n\u00eb m\u00ebnyr\u00eb q\u00eb t\u2019ua p\u00ebrshkruaj problemet edhe n\u00eb lidhje me fjalorin edhe n\u00eb lidhje me statusin e komun\u00ebs s\u00eb Mal\u00ebsis\u00eb\u201d, ka th\u00ebn\u00eb Gjeljoshaj.<\/p>\n<p>N\u00eb fillim t\u00eb prillit, Akademia Malazeze e Shkencave dhe Arteve botoi pjes\u00ebn e par\u00eb t\u00eb fjalorit t\u00eb gjuh\u00ebs letrare dhe popullore t\u00eb Malit t\u00eb Zi, si \u201cnj\u00eb dhurat\u00eb modeste drejtuar kombit malazez n\u00eb prag t\u00eb dhjet\u00eb-vjetorit t\u00eb pavar\u00ebsis\u00eb\u201d.<\/p>\n<p>N\u00eb di\u00e7 m\u00eb shum\u00eb se 500 faqe jan\u00eb shkruar mbi 12.000 fjal\u00eb q\u00eb fillojn\u00eb me shkronjat A, B dhe V, s\u00eb bashku me informacionet n\u00eb lidhje me p\u00ebrdorimin, shqiptimin dhe kuptimin e tyre.<\/p>\n<p>Intelektual\u00ebt malazez\u00eb p\u00ebrmes nj\u00eb letre kan\u00eb k\u00ebrkuar nga ASHAMZ t\u00ebrheqjen e Fjalorit t\u00eb ri dhe t\u2019i k\u00ebrkojn\u00eb falje shqiptar\u00ebve, boshnjak\u00ebve dhe musliman\u00ebve.<\/p>\n","protected":false},"excerpt":{"rendered":"<p>FOTO CDM Deputeti i Alternativ\u00ebs Shqiptare Nik Gjeloshaj ka ricikluar sot faqet e Fjalorit t\u00eb Akademis\u00eb malazeze t\u00eb Shkencave dhe Art\u00ebve n\u00eb t\u00eb cilat fyhen shqiptar\u00ebt. Gjeloshaj shprehert n\u00eb faqen e vet\u00eb t\u00eb Facebookut T\u00eb nderuar miq, Si mund ta shihni n\u00eb linkun m\u00eb posht, sot n\u00eb Parlamentin e Malit t\u00eb Zi, u mundova t\u00eb [&hellip;]<\/p>\n","protected":false},"author":1,"featured_media":0,"comment_status":"closed","ping_status":"closed","sticky":false,"template":"","format":"standard","meta":{"spay_email":"","jetpack_publicize_message":"","jetpack_is_tweetstorm":false,"jetpack_publicize_feature_enabled":true},"categories":[6],"tags":[],"jetpack_publicize_connections":[],"yoast_head":"<!-- This site is optimized with the Yoast SEO plugin v19.1 - https:\/\/yoast.com\/wordpress\/plugins\/seo\/ -->\n<title>Riciklimi i Gjeloshajt, skandal politik sepse ka ricikluar sot faqet e Fjalorit malazez - Video - Lajme nga Ulqini<\/title>\n<meta name=\"description\" content=\"FOTO CDM Deputeti i Alternativ\u00ebs Shqiptare Nik Gjeloshaj ka ricikluar sot faqet e Fjalorit t\u00eb Akademis\u00eb malazeze t\u00eb Shkencave dhe Art\u00ebve n\u00eb t\u00eb cilat fyhen\" \/>\n<meta name=\"robots\" content=\"index, follow, max-snippet:-1, max-image-preview:large, max-video-preview:-1\" \/>\n<link rel=\"canonical\" href=\"https:\/\/www.visit-ulcinj.com\/blog\/2016\/06\/09\/riciklimi-i-gjeloshajt-skandal-politik-sepse-ka-ricikluar-sot-faqet-e-fjalorit-malazez-video\/\" \/>\n<meta property=\"og:locale\" content=\"en_US\" \/>\n<meta property=\"og:type\" content=\"article\" \/>\n<meta property=\"og:title\" content=\"Riciklimi i Gjeloshajt, skandal politik sepse ka ricikluar sot faqet e Fjalorit malazez - Video - Lajme nga Ulqini\" \/>\n<meta property=\"og:description\" content=\"FOTO CDM Deputeti i Alternativ\u00ebs Shqiptare Nik Gjeloshaj ka ricikluar sot faqet e Fjalorit t\u00eb Akademis\u00eb malazeze t\u00eb Shkencave dhe Art\u00ebve n\u00eb t\u00eb cilat fyhen\" \/>\n<meta property=\"og:url\" content=\"https:\/\/www.visit-ulcinj.com\/blog\/2016\/06\/09\/riciklimi-i-gjeloshajt-skandal-politik-sepse-ka-ricikluar-sot-faqet-e-fjalorit-malazez-video\/\" \/>\n<meta property=\"og:site_name\" content=\"Lajme nga Ulqini\" \/>\n<meta property=\"article:published_time\" content=\"2016-06-09T12:46:41+00:00\" \/>\n<meta property=\"article:modified_time\" content=\"2016-06-09T17:26:06+00:00\" \/>\n<meta property=\"og:image\" content=\"http:\/\/www.visit-ulcinj.com\/blog\/wp-content\/uploads\/2016\/06\/Riciklimi-i-Gjeloshajt-skandal-politik-sepse-ka-ricikluar-sot-faqet-e-Fjalorit.jpg\" \/>\n<meta name=\"twitter:label1\" content=\"Written by\" \/>\n\t<meta name=\"twitter:data1\" content=\"ulqini\" \/>\n\t<meta name=\"twitter:label2\" content=\"Est. reading time\" \/>\n\t<meta name=\"twitter:data2\" content=\"3 minutes\" \/>\n<script type=\"application\/ld+json\" class=\"yoast-schema-graph\">{\"@context\":\"https:\/\/schema.org\",\"@graph\":[{\"@type\":\"WebSite\",\"@id\":\"https:\/\/www.visit-ulcinj.com\/blog\/#website\",\"url\":\"https:\/\/www.visit-ulcinj.com\/blog\/\",\"name\":\"Lajme nga Ulqini\",\"description\":\"Lajme,Vijesti,Ulqini,Ulqin,Crna Gora,Mali i Zi\",\"potentialAction\":[{\"@type\":\"SearchAction\",\"target\":{\"@type\":\"EntryPoint\",\"urlTemplate\":\"https:\/\/www.visit-ulcinj.com\/blog\/?s={search_term_string}\"},\"query-input\":\"required name=search_term_string\"}],\"inLanguage\":\"en-US\"},{\"@type\":\"ImageObject\",\"inLanguage\":\"en-US\",\"@id\":\"https:\/\/www.visit-ulcinj.com\/blog\/2016\/06\/09\/riciklimi-i-gjeloshajt-skandal-politik-sepse-ka-ricikluar-sot-faqet-e-fjalorit-malazez-video\/#primaryimage\",\"url\":\"https:\/\/www.visit-ulcinj.com\/blog\/wp-content\/uploads\/2016\/06\/Riciklimi-i-Gjeloshajt-skandal-politik-sepse-ka-ricikluar-sot-faqet-e-Fjalorit.jpg\",\"contentUrl\":\"https:\/\/www.visit-ulcinj.com\/blog\/wp-content\/uploads\/2016\/06\/Riciklimi-i-Gjeloshajt-skandal-politik-sepse-ka-ricikluar-sot-faqet-e-Fjalorit.jpg\",\"width\":920,\"height\":611},{\"@type\":\"WebPage\",\"@id\":\"https:\/\/www.visit-ulcinj.com\/blog\/2016\/06\/09\/riciklimi-i-gjeloshajt-skandal-politik-sepse-ka-ricikluar-sot-faqet-e-fjalorit-malazez-video\/#webpage\",\"url\":\"https:\/\/www.visit-ulcinj.com\/blog\/2016\/06\/09\/riciklimi-i-gjeloshajt-skandal-politik-sepse-ka-ricikluar-sot-faqet-e-fjalorit-malazez-video\/\",\"name\":\"Riciklimi i Gjeloshajt, skandal politik sepse ka ricikluar sot faqet e Fjalorit malazez - Video - Lajme nga Ulqini\",\"isPartOf\":{\"@id\":\"https:\/\/www.visit-ulcinj.com\/blog\/#website\"},\"primaryImageOfPage\":{\"@id\":\"https:\/\/www.visit-ulcinj.com\/blog\/2016\/06\/09\/riciklimi-i-gjeloshajt-skandal-politik-sepse-ka-ricikluar-sot-faqet-e-fjalorit-malazez-video\/#primaryimage\"},\"datePublished\":\"2016-06-09T12:46:41+00:00\",\"dateModified\":\"2016-06-09T17:26:06+00:00\",\"author\":{\"@id\":\"https:\/\/www.visit-ulcinj.com\/blog\/#\/schema\/person\/dcab619c614d3038751c63bc2aadc06d\"},\"description\":\"FOTO CDM Deputeti i Alternativ\u00ebs Shqiptare Nik Gjeloshaj ka ricikluar sot faqet e Fjalorit t\u00eb Akademis\u00eb malazeze t\u00eb Shkencave dhe Art\u00ebve n\u00eb t\u00eb cilat fyhen\",\"breadcrumb\":{\"@id\":\"https:\/\/www.visit-ulcinj.com\/blog\/2016\/06\/09\/riciklimi-i-gjeloshajt-skandal-politik-sepse-ka-ricikluar-sot-faqet-e-fjalorit-malazez-video\/#breadcrumb\"},\"inLanguage\":\"en-US\",\"potentialAction\":[{\"@type\":\"ReadAction\",\"target\":[\"https:\/\/www.visit-ulcinj.com\/blog\/2016\/06\/09\/riciklimi-i-gjeloshajt-skandal-politik-sepse-ka-ricikluar-sot-faqet-e-fjalorit-malazez-video\/\"]}]},{\"@type\":\"BreadcrumbList\",\"@id\":\"https:\/\/www.visit-ulcinj.com\/blog\/2016\/06\/09\/riciklimi-i-gjeloshajt-skandal-politik-sepse-ka-ricikluar-sot-faqet-e-fjalorit-malazez-video\/#breadcrumb\",\"itemListElement\":[{\"@type\":\"ListItem\",\"position\":1,\"name\":\"Riciklimi i Gjeloshajt, skandal politik sepse ka ricikluar sot faqet e Fjalorit malazez &#8211; Video\"}]},{\"@type\":\"Person\",\"@id\":\"https:\/\/www.visit-ulcinj.com\/blog\/#\/schema\/person\/dcab619c614d3038751c63bc2aadc06d\",\"name\":\"ulqini\",\"sameAs\":[\"http:\/\/www.visit-ulcinj.com\"],\"url\":\"https:\/\/www.visit-ulcinj.com\/blog\/author\/admin\/\"}]}<\/script>\n<!-- \/ Yoast SEO plugin. -->","yoast_head_json":{"title":"Riciklimi i Gjeloshajt, skandal politik sepse ka ricikluar sot faqet e Fjalorit malazez - Video - Lajme nga Ulqini","description":"FOTO CDM Deputeti i Alternativ\u00ebs Shqiptare Nik Gjeloshaj ka ricikluar sot faqet e Fjalorit t\u00eb Akademis\u00eb malazeze t\u00eb Shkencave dhe Art\u00ebve n\u00eb t\u00eb cilat fyhen","robots":{"index":"index","follow":"follow","max-snippet":"max-snippet:-1","max-image-preview":"max-image-preview:large","max-video-preview":"max-video-preview:-1"},"canonical":"https:\/\/www.visit-ulcinj.com\/blog\/2016\/06\/09\/riciklimi-i-gjeloshajt-skandal-politik-sepse-ka-ricikluar-sot-faqet-e-fjalorit-malazez-video\/","og_locale":"en_US","og_type":"article","og_title":"Riciklimi i Gjeloshajt, skandal politik sepse ka ricikluar sot faqet e Fjalorit malazez - Video - Lajme nga Ulqini","og_description":"FOTO CDM Deputeti i Alternativ\u00ebs Shqiptare Nik Gjeloshaj ka ricikluar sot faqet e Fjalorit t\u00eb Akademis\u00eb malazeze t\u00eb Shkencave dhe Art\u00ebve n\u00eb t\u00eb cilat fyhen","og_url":"https:\/\/www.visit-ulcinj.com\/blog\/2016\/06\/09\/riciklimi-i-gjeloshajt-skandal-politik-sepse-ka-ricikluar-sot-faqet-e-fjalorit-malazez-video\/","og_site_name":"Lajme nga Ulqini","article_published_time":"2016-06-09T12:46:41+00:00","article_modified_time":"2016-06-09T17:26:06+00:00","og_image":[{"url":"http:\/\/www.visit-ulcinj.com\/blog\/wp-content\/uploads\/2016\/06\/Riciklimi-i-Gjeloshajt-skandal-politik-sepse-ka-ricikluar-sot-faqet-e-Fjalorit.jpg"}],"twitter_misc":{"Written by":"ulqini","Est. reading time":"3 minutes"},"schema":{"@context":"https:\/\/schema.org","@graph":[{"@type":"WebSite","@id":"https:\/\/www.visit-ulcinj.com\/blog\/#website","url":"https:\/\/www.visit-ulcinj.com\/blog\/","name":"Lajme nga Ulqini","description":"Lajme,Vijesti,Ulqini,Ulqin,Crna Gora,Mali i Zi","potentialAction":[{"@type":"SearchAction","target":{"@type":"EntryPoint","urlTemplate":"https:\/\/www.visit-ulcinj.com\/blog\/?s={search_term_string}"},"query-input":"required name=search_term_string"}],"inLanguage":"en-US"},{"@type":"ImageObject","inLanguage":"en-US","@id":"https:\/\/www.visit-ulcinj.com\/blog\/2016\/06\/09\/riciklimi-i-gjeloshajt-skandal-politik-sepse-ka-ricikluar-sot-faqet-e-fjalorit-malazez-video\/#primaryimage","url":"https:\/\/www.visit-ulcinj.com\/blog\/wp-content\/uploads\/2016\/06\/Riciklimi-i-Gjeloshajt-skandal-politik-sepse-ka-ricikluar-sot-faqet-e-Fjalorit.jpg","contentUrl":"https:\/\/www.visit-ulcinj.com\/blog\/wp-content\/uploads\/2016\/06\/Riciklimi-i-Gjeloshajt-skandal-politik-sepse-ka-ricikluar-sot-faqet-e-Fjalorit.jpg","width":920,"height":611},{"@type":"WebPage","@id":"https:\/\/www.visit-ulcinj.com\/blog\/2016\/06\/09\/riciklimi-i-gjeloshajt-skandal-politik-sepse-ka-ricikluar-sot-faqet-e-fjalorit-malazez-video\/#webpage","url":"https:\/\/www.visit-ulcinj.com\/blog\/2016\/06\/09\/riciklimi-i-gjeloshajt-skandal-politik-sepse-ka-ricikluar-sot-faqet-e-fjalorit-malazez-video\/","name":"Riciklimi i Gjeloshajt, skandal politik sepse ka ricikluar sot faqet e Fjalorit malazez - Video - Lajme nga Ulqini","isPartOf":{"@id":"https:\/\/www.visit-ulcinj.com\/blog\/#website"},"primaryImageOfPage":{"@id":"https:\/\/www.visit-ulcinj.com\/blog\/2016\/06\/09\/riciklimi-i-gjeloshajt-skandal-politik-sepse-ka-ricikluar-sot-faqet-e-fjalorit-malazez-video\/#primaryimage"},"datePublished":"2016-06-09T12:46:41+00:00","dateModified":"2016-06-09T17:26:06+00:00","author":{"@id":"https:\/\/www.visit-ulcinj.com\/blog\/#\/schema\/person\/dcab619c614d3038751c63bc2aadc06d"},"description":"FOTO CDM Deputeti i Alternativ\u00ebs Shqiptare Nik Gjeloshaj ka ricikluar sot faqet e Fjalorit t\u00eb Akademis\u00eb malazeze t\u00eb Shkencave dhe Art\u00ebve n\u00eb t\u00eb cilat fyhen","breadcrumb":{"@id":"https:\/\/www.visit-ulcinj.com\/blog\/2016\/06\/09\/riciklimi-i-gjeloshajt-skandal-politik-sepse-ka-ricikluar-sot-faqet-e-fjalorit-malazez-video\/#breadcrumb"},"inLanguage":"en-US","potentialAction":[{"@type":"ReadAction","target":["https:\/\/www.visit-ulcinj.com\/blog\/2016\/06\/09\/riciklimi-i-gjeloshajt-skandal-politik-sepse-ka-ricikluar-sot-faqet-e-fjalorit-malazez-video\/"]}]},{"@type":"BreadcrumbList","@id":"https:\/\/www.visit-ulcinj.com\/blog\/2016\/06\/09\/riciklimi-i-gjeloshajt-skandal-politik-sepse-ka-ricikluar-sot-faqet-e-fjalorit-malazez-video\/#breadcrumb","itemListElement":[{"@type":"ListItem","position":1,"name":"Riciklimi i Gjeloshajt, skandal politik sepse ka ricikluar sot faqet e Fjalorit malazez &#8211; Video"}]},{"@type":"Person","@id":"https:\/\/www.visit-ulcinj.com\/blog\/#\/schema\/person\/dcab619c614d3038751c63bc2aadc06d","name":"ulqini","sameAs":["http:\/\/www.visit-ulcinj.com"],"url":"https:\/\/www.visit-ulcinj.com\/blog\/author\/admin\/"}]}},"jetpack_featured_media_url":"","jetpack_sharing_enabled":true,"jetpack_shortlink":"https:\/\/wp.me\/pe6lTn-plB","_links":{"self":[{"href":"https:\/\/www.visit-ulcinj.com\/blog\/wp-json\/wp\/v2\/posts\/97439"}],"collection":[{"href":"https:\/\/www.visit-ulcinj.com\/blog\/wp-json\/wp\/v2\/posts"}],"about":[{"href":"https:\/\/www.visit-ulcinj.com\/blog\/wp-json\/wp\/v2\/types\/post"}],"author":[{"embeddable":true,"href":"https:\/\/www.visit-ulcinj.com\/blog\/wp-json\/wp\/v2\/users\/1"}],"replies":[{"embeddable":true,"href":"https:\/\/www.visit-ulcinj.com\/blog\/wp-json\/wp\/v2\/comments?post=97439"}],"version-history":[{"count":6,"href":"https:\/\/www.visit-ulcinj.com\/blog\/wp-json\/wp\/v2\/posts\/97439\/revisions"}],"predecessor-version":[{"id":97469,"href":"https:\/\/www.visit-ulcinj.com\/blog\/wp-json\/wp\/v2\/posts\/97439\/revisions\/97469"}],"wp:attachment":[{"href":"https:\/\/www.visit-ulcinj.com\/blog\/wp-json\/wp\/v2\/media?parent=97439"}],"wp:term":[{"taxonomy":"category","embeddable":true,"href":"https:\/\/www.visit-ulcinj.com\/blog\/wp-json\/wp\/v2\/categories?post=97439"},{"taxonomy":"post_tag","embeddable":true,"href":"https:\/\/www.visit-ulcinj.com\/blog\/wp-json\/wp\/v2\/tags?post=97439"}],"curies":[{"name":"wp","href":"https:\/\/api.w.org\/{rel}","templated":true}]}}