{"id":97450,"date":"2016-06-09T14:30:16","date_gmt":"2016-06-09T13:30:16","guid":{"rendered":"http:\/\/www.visit-ulcinj.com\/blog\/?p=97450"},"modified":"2016-06-09T14:30:16","modified_gmt":"2016-06-09T13:30:16","slug":"perfundon-festivali-netet-e-klipit-shqiptar-eliza-markiqi-merr-cmimin-debutuesi-mire","status":"publish","type":"post","link":"https:\/\/www.visit-ulcinj.com\/blog\/2016\/06\/09\/perfundon-festivali-netet-e-klipit-shqiptar-eliza-markiqi-merr-cmimin-debutuesi-mire\/","title":{"rendered":"P\u00ebrfundon festivali \u201cNet\u00ebt e klipit shqiptar\u201d Eliza Markiqi merr \u00e7mimin&#8221; Debutuesi m\u00eb i mir\u00eb&#8221;"},"content":{"rendered":"<p><a href=\"http:\/\/www.visit-ulcinj.com\/blog\/wp-content\/uploads\/2016\/06\/Netet-e-Klipit-Shqiptar-Eliza-Markiq-me-familje-nga-Ulqini.jpg\"><img loading=\"lazy\" class=\"alignleft wp-image-97451\" src=\"http:\/\/www.visit-ulcinj.com\/blog\/wp-content\/uploads\/2016\/06\/Netet-e-Klipit-Shqiptar-Eliza-Markiq-me-familje-nga-Ulqini.jpg\" alt=\"Netet e Klipit Shqiptar-Eliza Markiq me familje nga Ulqini\" width=\"508\" height=\"338\" \/><\/a>\u00cbsht\u00eb mbyllur edicioni i 15-t\u00eb i festivali \u201cNet\u00ebt e klipit shqiptar\u201d, n\u00eb fund t\u00eb t\u00eb cilit ka triumfuar Rozana Radi me k\u00ebng\u00ebn \u201cP\u00ebr me pas nji roze\u201d. \u00a0Klipi i k\u00ebng\u00ebs, i realizuar nga \u201cPro video\u201d \u00ebsht\u00eb vler\u00ebsuar si m\u00eb i miri nga juria e festivalit n\u00eb t\u00eb gjith\u00eb komponent\u00ebt. Pas marrjes s\u00eb \u00e7mimit, Rozana ka fal\u00ebnderuar t\u00eb gjith\u00eb bashk\u00ebpun\u00ebtor\u00ebt dhe ve\u00e7an\u00ebrisht personazhin kryesor t\u00eb klipit, aktorin Laert Vasili.<\/p>\n<p><a href=\"http:\/\/www.visit-ulcinj.com\/blog\/wp-content\/uploads\/2016\/06\/Netet-e-Klipit-Shqiptar-Cmimet.jpg\"><img loading=\"lazy\" class=\"alignleft wp-image-97452\" src=\"http:\/\/www.visit-ulcinj.com\/blog\/wp-content\/uploads\/2016\/06\/Netet-e-Klipit-Shqiptar-Cmimet.jpg\" alt=\"Netet e Klipit Shqiptar-Cmimet\" width=\"508\" height=\"338\" \/><\/a><\/p>\n<p>Disa nga \u00e7mimet e tjera t\u00eb festivalit jan\u00eb:<\/p>\n<p><strong>Debutuesi m\u00eb i mir\u00eb<\/strong><\/p>\n<p>\u201cMos hesht\u201d Eliza Markiq<\/p>\n<p><strong>Imazhi m\u00eb i mir\u00eb n\u00eb Klip<\/strong><\/p>\n<p>\u201cP\u00ebr me pas nji rose\u201d<\/p>\n<p><strong>Montazhi m\u00eb i mir\u00eb<\/strong><\/p>\n<p>\u201cPa mua\u201d Eranda Libohova<\/p>\n<p><strong>Grafika m\u00eb e mir\u00eb<\/strong><\/p>\n<p>\u201cGangsta Love\u201d<\/p>\n<p><strong>Interpretuesi m\u00eb i mir\u00eb mashkull<\/strong><\/p>\n<p>Devis Xherahu<\/p>\n<p><strong>Interpretuesja m\u00eb e mir\u00eb fem\u00ebr<\/strong><\/p>\n<p>Anxhela Peristeri<\/p>\n<p><strong>\u00c7mimi Special i juris\u00eb<\/strong><\/p>\n<p>Eranda Libohova<\/p>\n<p><strong>\u00c7mimi i medias<\/strong><\/p>\n<p>Orgesa Zaimi<\/p>\n<p><strong>\u00c7mimi Deliart Asosacion <\/strong><\/p>\n<p>Jeta Faqolli<\/p>\n<p><strong>Klipi m\u00eb i mir\u00eb Rock<\/strong><\/p>\n<p>Edmond Mancaku<\/p>\n<p><strong>Fabula m\u00eb e mir\u00eb<\/strong><\/p>\n<p>Neki Emra<\/p>\n<p><strong>Dueti m\u00eb i mir\u00eb<\/strong><\/p>\n<p>Alban Sk\u00ebnderaj<\/p>\n<p><strong>Kamera m\u00eb e mir\u00eb n\u00eb klip, regjia m\u00eb e mir\u00eb<\/strong><\/p>\n<p>\u201cEra\u201d<\/p>\n<p><strong>Produksioni m\u00eb i mir\u00eb<\/strong><\/p>\n<p>Dafina Zeqiri<\/p>\n<p><strong>Muzika qytetare <\/strong><\/p>\n<p>Irma Libohova<\/p>\n<p><strong>\u00c7mimi i publikut<\/strong><\/p>\n<p>Vullnet Ibrahimi<\/p>\n<p><a href=\"http:\/\/www.visit-ulcinj.com\/blog\/wp-content\/uploads\/2016\/06\/Netet-e-Klipit-Shqiptar-Eliza-Markiq-me-familje-nga-Ulqini-1.jpg\"><img loading=\"lazy\" class=\"alignleft wp-image-97453\" src=\"http:\/\/www.visit-ulcinj.com\/blog\/wp-content\/uploads\/2016\/06\/Netet-e-Klipit-Shqiptar-Eliza-Markiq-me-familje-nga-Ulqini-1.jpg\" alt=\"Netet e Klipit Shqiptar-Eliza Markiq me familje nga Ulqini-1\" width=\"508\" height=\"338\" \/><\/a> <a href=\"http:\/\/www.visit-ulcinj.com\/blog\/wp-content\/uploads\/2016\/06\/Netet-e-Klipit-Shqiptar-Eliza-Markiq-me-familje-nga-Ulqini-2.jpg\"><img loading=\"lazy\" class=\"alignleft wp-image-97454\" src=\"http:\/\/www.visit-ulcinj.com\/blog\/wp-content\/uploads\/2016\/06\/Netet-e-Klipit-Shqiptar-Eliza-Markiq-me-familje-nga-Ulqini-2.jpg\" alt=\"Netet e Klipit Shqiptar-Eliza Markiq me familje nga Ulqini-2\" width=\"508\" height=\"338\" \/><\/a> <a href=\"http:\/\/www.visit-ulcinj.com\/blog\/wp-content\/uploads\/2016\/06\/Netet-e-Klipit-Shqiptar-Eliza-Markiq-me-familje-nga-Ulqini-3.jpg\"><img loading=\"lazy\" class=\"alignleft wp-image-97455\" src=\"http:\/\/www.visit-ulcinj.com\/blog\/wp-content\/uploads\/2016\/06\/Netet-e-Klipit-Shqiptar-Eliza-Markiq-me-familje-nga-Ulqini-3.jpg\" alt=\"Netet e Klipit Shqiptar-Eliza Markiq me familje nga Ulqini-3\" width=\"508\" height=\"338\" \/><\/a><\/p>\n<p><strong>Revistaclass.al<\/strong><\/p>\n","protected":false},"excerpt":{"rendered":"<p>\u00cbsht\u00eb mbyllur edicioni i 15-t\u00eb i festivali \u201cNet\u00ebt e klipit shqiptar\u201d, n\u00eb fund t\u00eb t\u00eb cilit ka triumfuar Rozana Radi me k\u00ebng\u00ebn \u201cP\u00ebr me pas nji roze\u201d. \u00a0Klipi i k\u00ebng\u00ebs, i realizuar nga \u201cPro video\u201d \u00ebsht\u00eb vler\u00ebsuar si m\u00eb i miri nga juria e festivalit n\u00eb t\u00eb gjith\u00eb komponent\u00ebt. Pas marrjes s\u00eb \u00e7mimit, Rozana ka [&hellip;]<\/p>\n","protected":false},"author":1,"featured_media":0,"comment_status":"closed","ping_status":"closed","sticky":false,"template":"","format":"standard","meta":{"spay_email":"","jetpack_publicize_message":"","jetpack_is_tweetstorm":false,"jetpack_publicize_feature_enabled":true},"categories":[1],"tags":[],"jetpack_publicize_connections":[],"yoast_head":"<!-- This site is optimized with the Yoast SEO plugin v19.1 - https:\/\/yoast.com\/wordpress\/plugins\/seo\/ -->\n<title>P\u00ebrfundon festivali \u201cNet\u00ebt e klipit shqiptar\u201d Eliza Markiqi merr \u00e7mimin&quot; Debutuesi m\u00eb i mir\u00eb&quot; - Lajme nga Ulqini<\/title>\n<meta name=\"description\" content=\"\u00cbsht\u00eb mbyllur edicioni i 15-t\u00eb i festivali \u201cNet\u00ebt e klipit shqiptar\u201d, n\u00eb fund t\u00eb t\u00eb cilit ka triumfuar Rozana Radi me k\u00ebng\u00ebn \u201cP\u00ebr me pas nji roze\u201d. \u00a0Klipi\" \/>\n<meta name=\"robots\" content=\"index, follow, max-snippet:-1, max-image-preview:large, max-video-preview:-1\" \/>\n<link rel=\"canonical\" href=\"https:\/\/www.visit-ulcinj.com\/blog\/2016\/06\/09\/perfundon-festivali-netet-e-klipit-shqiptar-eliza-markiqi-merr-cmimin-debutuesi-mire\/\" \/>\n<meta property=\"og:locale\" content=\"en_US\" \/>\n<meta property=\"og:type\" content=\"article\" \/>\n<meta property=\"og:title\" content=\"P\u00ebrfundon festivali \u201cNet\u00ebt e klipit shqiptar\u201d Eliza Markiqi merr \u00e7mimin&quot; Debutuesi m\u00eb i mir\u00eb&quot; - Lajme nga Ulqini\" \/>\n<meta property=\"og:description\" content=\"\u00cbsht\u00eb mbyllur edicioni i 15-t\u00eb i festivali \u201cNet\u00ebt e klipit shqiptar\u201d, n\u00eb fund t\u00eb t\u00eb cilit ka triumfuar Rozana Radi me k\u00ebng\u00ebn \u201cP\u00ebr me pas nji roze\u201d. \u00a0Klipi\" \/>\n<meta property=\"og:url\" content=\"https:\/\/www.visit-ulcinj.com\/blog\/2016\/06\/09\/perfundon-festivali-netet-e-klipit-shqiptar-eliza-markiqi-merr-cmimin-debutuesi-mire\/\" \/>\n<meta property=\"og:site_name\" content=\"Lajme nga Ulqini\" \/>\n<meta property=\"article:published_time\" content=\"2016-06-09T13:30:16+00:00\" \/>\n<meta property=\"og:image\" content=\"http:\/\/www.visit-ulcinj.com\/blog\/wp-content\/uploads\/2016\/06\/Netet-e-Klipit-Shqiptar-Eliza-Markiq-me-familje-nga-Ulqini.jpg\" \/>\n<meta name=\"twitter:label1\" content=\"Written by\" \/>\n\t<meta name=\"twitter:data1\" content=\"ulqini\" \/>\n\t<meta name=\"twitter:label2\" content=\"Est. reading time\" \/>\n\t<meta name=\"twitter:data2\" content=\"1 minute\" \/>\n<script type=\"application\/ld+json\" class=\"yoast-schema-graph\">{\"@context\":\"https:\/\/schema.org\",\"@graph\":[{\"@type\":\"WebSite\",\"@id\":\"https:\/\/www.visit-ulcinj.com\/blog\/#website\",\"url\":\"https:\/\/www.visit-ulcinj.com\/blog\/\",\"name\":\"Lajme nga Ulqini\",\"description\":\"Lajme,Vijesti,Ulqini,Ulqin,Crna Gora,Mali i Zi\",\"potentialAction\":[{\"@type\":\"SearchAction\",\"target\":{\"@type\":\"EntryPoint\",\"urlTemplate\":\"https:\/\/www.visit-ulcinj.com\/blog\/?s={search_term_string}\"},\"query-input\":\"required name=search_term_string\"}],\"inLanguage\":\"en-US\"},{\"@type\":\"ImageObject\",\"inLanguage\":\"en-US\",\"@id\":\"https:\/\/www.visit-ulcinj.com\/blog\/2016\/06\/09\/perfundon-festivali-netet-e-klipit-shqiptar-eliza-markiqi-merr-cmimin-debutuesi-mire\/#primaryimage\",\"url\":\"http:\/\/www.visit-ulcinj.com\/blog\/wp-content\/uploads\/2016\/06\/Netet-e-Klipit-Shqiptar-Eliza-Markiq-me-familje-nga-Ulqini.jpg\",\"contentUrl\":\"http:\/\/www.visit-ulcinj.com\/blog\/wp-content\/uploads\/2016\/06\/Netet-e-Klipit-Shqiptar-Eliza-Markiq-me-familje-nga-Ulqini.jpg\"},{\"@type\":\"WebPage\",\"@id\":\"https:\/\/www.visit-ulcinj.com\/blog\/2016\/06\/09\/perfundon-festivali-netet-e-klipit-shqiptar-eliza-markiqi-merr-cmimin-debutuesi-mire\/#webpage\",\"url\":\"https:\/\/www.visit-ulcinj.com\/blog\/2016\/06\/09\/perfundon-festivali-netet-e-klipit-shqiptar-eliza-markiqi-merr-cmimin-debutuesi-mire\/\",\"name\":\"P\u00ebrfundon festivali \u201cNet\u00ebt e klipit shqiptar\u201d Eliza Markiqi merr \u00e7mimin\\\" Debutuesi m\u00eb i mir\u00eb\\\" - Lajme nga Ulqini\",\"isPartOf\":{\"@id\":\"https:\/\/www.visit-ulcinj.com\/blog\/#website\"},\"primaryImageOfPage\":{\"@id\":\"https:\/\/www.visit-ulcinj.com\/blog\/2016\/06\/09\/perfundon-festivali-netet-e-klipit-shqiptar-eliza-markiqi-merr-cmimin-debutuesi-mire\/#primaryimage\"},\"datePublished\":\"2016-06-09T13:30:16+00:00\",\"dateModified\":\"2016-06-09T13:30:16+00:00\",\"author\":{\"@id\":\"https:\/\/www.visit-ulcinj.com\/blog\/#\/schema\/person\/dcab619c614d3038751c63bc2aadc06d\"},\"description\":\"\u00cbsht\u00eb mbyllur edicioni i 15-t\u00eb i festivali \u201cNet\u00ebt e klipit shqiptar\u201d, n\u00eb fund t\u00eb t\u00eb cilit ka triumfuar Rozana Radi me k\u00ebng\u00ebn \u201cP\u00ebr me pas nji roze\u201d. \u00a0Klipi\",\"breadcrumb\":{\"@id\":\"https:\/\/www.visit-ulcinj.com\/blog\/2016\/06\/09\/perfundon-festivali-netet-e-klipit-shqiptar-eliza-markiqi-merr-cmimin-debutuesi-mire\/#breadcrumb\"},\"inLanguage\":\"en-US\",\"potentialAction\":[{\"@type\":\"ReadAction\",\"target\":[\"https:\/\/www.visit-ulcinj.com\/blog\/2016\/06\/09\/perfundon-festivali-netet-e-klipit-shqiptar-eliza-markiqi-merr-cmimin-debutuesi-mire\/\"]}]},{\"@type\":\"BreadcrumbList\",\"@id\":\"https:\/\/www.visit-ulcinj.com\/blog\/2016\/06\/09\/perfundon-festivali-netet-e-klipit-shqiptar-eliza-markiqi-merr-cmimin-debutuesi-mire\/#breadcrumb\",\"itemListElement\":[{\"@type\":\"ListItem\",\"position\":1,\"name\":\"P\u00ebrfundon festivali \u201cNet\u00ebt e klipit shqiptar\u201d Eliza Markiqi merr \u00e7mimin&#8221; Debutuesi m\u00eb i mir\u00eb&#8221;\"}]},{\"@type\":\"Person\",\"@id\":\"https:\/\/www.visit-ulcinj.com\/blog\/#\/schema\/person\/dcab619c614d3038751c63bc2aadc06d\",\"name\":\"ulqini\",\"sameAs\":[\"http:\/\/www.visit-ulcinj.com\"],\"url\":\"https:\/\/www.visit-ulcinj.com\/blog\/author\/admin\/\"}]}<\/script>\n<!-- \/ Yoast SEO plugin. -->","yoast_head_json":{"title":"P\u00ebrfundon festivali \u201cNet\u00ebt e klipit shqiptar\u201d Eliza Markiqi merr \u00e7mimin\" Debutuesi m\u00eb i mir\u00eb\" - Lajme nga Ulqini","description":"\u00cbsht\u00eb mbyllur edicioni i 15-t\u00eb i festivali \u201cNet\u00ebt e klipit shqiptar\u201d, n\u00eb fund t\u00eb t\u00eb cilit ka triumfuar Rozana Radi me k\u00ebng\u00ebn \u201cP\u00ebr me pas nji roze\u201d. \u00a0Klipi","robots":{"index":"index","follow":"follow","max-snippet":"max-snippet:-1","max-image-preview":"max-image-preview:large","max-video-preview":"max-video-preview:-1"},"canonical":"https:\/\/www.visit-ulcinj.com\/blog\/2016\/06\/09\/perfundon-festivali-netet-e-klipit-shqiptar-eliza-markiqi-merr-cmimin-debutuesi-mire\/","og_locale":"en_US","og_type":"article","og_title":"P\u00ebrfundon festivali \u201cNet\u00ebt e klipit shqiptar\u201d Eliza Markiqi merr \u00e7mimin\" Debutuesi m\u00eb i mir\u00eb\" - Lajme nga Ulqini","og_description":"\u00cbsht\u00eb mbyllur edicioni i 15-t\u00eb i festivali \u201cNet\u00ebt e klipit shqiptar\u201d, n\u00eb fund t\u00eb t\u00eb cilit ka triumfuar Rozana Radi me k\u00ebng\u00ebn \u201cP\u00ebr me pas nji roze\u201d. \u00a0Klipi","og_url":"https:\/\/www.visit-ulcinj.com\/blog\/2016\/06\/09\/perfundon-festivali-netet-e-klipit-shqiptar-eliza-markiqi-merr-cmimin-debutuesi-mire\/","og_site_name":"Lajme nga Ulqini","article_published_time":"2016-06-09T13:30:16+00:00","og_image":[{"url":"http:\/\/www.visit-ulcinj.com\/blog\/wp-content\/uploads\/2016\/06\/Netet-e-Klipit-Shqiptar-Eliza-Markiq-me-familje-nga-Ulqini.jpg"}],"twitter_misc":{"Written by":"ulqini","Est. reading time":"1 minute"},"schema":{"@context":"https:\/\/schema.org","@graph":[{"@type":"WebSite","@id":"https:\/\/www.visit-ulcinj.com\/blog\/#website","url":"https:\/\/www.visit-ulcinj.com\/blog\/","name":"Lajme nga Ulqini","description":"Lajme,Vijesti,Ulqini,Ulqin,Crna Gora,Mali i Zi","potentialAction":[{"@type":"SearchAction","target":{"@type":"EntryPoint","urlTemplate":"https:\/\/www.visit-ulcinj.com\/blog\/?s={search_term_string}"},"query-input":"required name=search_term_string"}],"inLanguage":"en-US"},{"@type":"ImageObject","inLanguage":"en-US","@id":"https:\/\/www.visit-ulcinj.com\/blog\/2016\/06\/09\/perfundon-festivali-netet-e-klipit-shqiptar-eliza-markiqi-merr-cmimin-debutuesi-mire\/#primaryimage","url":"http:\/\/www.visit-ulcinj.com\/blog\/wp-content\/uploads\/2016\/06\/Netet-e-Klipit-Shqiptar-Eliza-Markiq-me-familje-nga-Ulqini.jpg","contentUrl":"http:\/\/www.visit-ulcinj.com\/blog\/wp-content\/uploads\/2016\/06\/Netet-e-Klipit-Shqiptar-Eliza-Markiq-me-familje-nga-Ulqini.jpg"},{"@type":"WebPage","@id":"https:\/\/www.visit-ulcinj.com\/blog\/2016\/06\/09\/perfundon-festivali-netet-e-klipit-shqiptar-eliza-markiqi-merr-cmimin-debutuesi-mire\/#webpage","url":"https:\/\/www.visit-ulcinj.com\/blog\/2016\/06\/09\/perfundon-festivali-netet-e-klipit-shqiptar-eliza-markiqi-merr-cmimin-debutuesi-mire\/","name":"P\u00ebrfundon festivali \u201cNet\u00ebt e klipit shqiptar\u201d Eliza Markiqi merr \u00e7mimin\" Debutuesi m\u00eb i mir\u00eb\" - Lajme nga Ulqini","isPartOf":{"@id":"https:\/\/www.visit-ulcinj.com\/blog\/#website"},"primaryImageOfPage":{"@id":"https:\/\/www.visit-ulcinj.com\/blog\/2016\/06\/09\/perfundon-festivali-netet-e-klipit-shqiptar-eliza-markiqi-merr-cmimin-debutuesi-mire\/#primaryimage"},"datePublished":"2016-06-09T13:30:16+00:00","dateModified":"2016-06-09T13:30:16+00:00","author":{"@id":"https:\/\/www.visit-ulcinj.com\/blog\/#\/schema\/person\/dcab619c614d3038751c63bc2aadc06d"},"description":"\u00cbsht\u00eb mbyllur edicioni i 15-t\u00eb i festivali \u201cNet\u00ebt e klipit shqiptar\u201d, n\u00eb fund t\u00eb t\u00eb cilit ka triumfuar Rozana Radi me k\u00ebng\u00ebn \u201cP\u00ebr me pas nji roze\u201d. \u00a0Klipi","breadcrumb":{"@id":"https:\/\/www.visit-ulcinj.com\/blog\/2016\/06\/09\/perfundon-festivali-netet-e-klipit-shqiptar-eliza-markiqi-merr-cmimin-debutuesi-mire\/#breadcrumb"},"inLanguage":"en-US","potentialAction":[{"@type":"ReadAction","target":["https:\/\/www.visit-ulcinj.com\/blog\/2016\/06\/09\/perfundon-festivali-netet-e-klipit-shqiptar-eliza-markiqi-merr-cmimin-debutuesi-mire\/"]}]},{"@type":"BreadcrumbList","@id":"https:\/\/www.visit-ulcinj.com\/blog\/2016\/06\/09\/perfundon-festivali-netet-e-klipit-shqiptar-eliza-markiqi-merr-cmimin-debutuesi-mire\/#breadcrumb","itemListElement":[{"@type":"ListItem","position":1,"name":"P\u00ebrfundon festivali \u201cNet\u00ebt e klipit shqiptar\u201d Eliza Markiqi merr \u00e7mimin&#8221; Debutuesi m\u00eb i mir\u00eb&#8221;"}]},{"@type":"Person","@id":"https:\/\/www.visit-ulcinj.com\/blog\/#\/schema\/person\/dcab619c614d3038751c63bc2aadc06d","name":"ulqini","sameAs":["http:\/\/www.visit-ulcinj.com"],"url":"https:\/\/www.visit-ulcinj.com\/blog\/author\/admin\/"}]}},"jetpack_featured_media_url":"","jetpack_sharing_enabled":true,"jetpack_shortlink":"https:\/\/wp.me\/pe6lTn-plM","_links":{"self":[{"href":"https:\/\/www.visit-ulcinj.com\/blog\/wp-json\/wp\/v2\/posts\/97450"}],"collection":[{"href":"https:\/\/www.visit-ulcinj.com\/blog\/wp-json\/wp\/v2\/posts"}],"about":[{"href":"https:\/\/www.visit-ulcinj.com\/blog\/wp-json\/wp\/v2\/types\/post"}],"author":[{"embeddable":true,"href":"https:\/\/www.visit-ulcinj.com\/blog\/wp-json\/wp\/v2\/users\/1"}],"replies":[{"embeddable":true,"href":"https:\/\/www.visit-ulcinj.com\/blog\/wp-json\/wp\/v2\/comments?post=97450"}],"version-history":[{"count":1,"href":"https:\/\/www.visit-ulcinj.com\/blog\/wp-json\/wp\/v2\/posts\/97450\/revisions"}],"predecessor-version":[{"id":97456,"href":"https:\/\/www.visit-ulcinj.com\/blog\/wp-json\/wp\/v2\/posts\/97450\/revisions\/97456"}],"wp:attachment":[{"href":"https:\/\/www.visit-ulcinj.com\/blog\/wp-json\/wp\/v2\/media?parent=97450"}],"wp:term":[{"taxonomy":"category","embeddable":true,"href":"https:\/\/www.visit-ulcinj.com\/blog\/wp-json\/wp\/v2\/categories?post=97450"},{"taxonomy":"post_tag","embeddable":true,"href":"https:\/\/www.visit-ulcinj.com\/blog\/wp-json\/wp\/v2\/tags?post=97450"}],"curies":[{"name":"wp","href":"https:\/\/api.w.org\/{rel}","templated":true}]}}