{"id":97457,"date":"2016-06-09T16:53:43","date_gmt":"2016-06-09T15:53:43","guid":{"rendered":"http:\/\/www.visit-ulcinj.com\/blog\/?p=97457"},"modified":"2016-06-10T14:37:37","modified_gmt":"2016-06-10T13:37:37","slug":"reagon-muhamet-nika-pse-nuk-e-perkraha-letren-e-penit","status":"publish","type":"post","link":"https:\/\/www.visit-ulcinj.com\/blog\/2016\/06\/09\/reagon-muhamet-nika-pse-nuk-e-perkraha-letren-e-penit\/","title":{"rendered":"Reagon Muhamet Nika: Pse nuk e p\u00ebrkraha letr\u00ebn e penit ?!"},"content":{"rendered":"<p><strong><a href=\"http:\/\/www.visit-ulcinj.com\/blog\/wp-content\/uploads\/2014\/11\/Muhamet-Nika.jpg\"><img loading=\"lazy\" class=\"alignleft wp-image-86143 size-full\" src=\"http:\/\/www.visit-ulcinj.com\/blog\/wp-content\/uploads\/2014\/11\/Muhamet-Nika.jpg\" alt=\"Muhamet Nika\" width=\"256\" height=\"319\" srcset=\"https:\/\/www.visit-ulcinj.com\/blog\/wp-content\/uploads\/2014\/11\/Muhamet-Nika.jpg 256w, https:\/\/www.visit-ulcinj.com\/blog\/wp-content\/uploads\/2014\/11\/Muhamet-Nika-240x300.jpg 240w\" sizes=\"(max-width: 256px) 100vw, 256px\" \/><\/a><\/strong><strong>\u00c7ka nuk na p\u00eblqeu\u00a0\u00a0 n\u00eb letr\u00ebn e hapur t\u00eb Penit\u00a0 ofruar Art Clubit \u00a0dhe mua si an\u00ebtar\u00eb ?!<\/strong><\/p>\n<p>P\u00ebr momentin enigma djall\u00ebzore e Penit , zb\u00ebrthehet me prapavij\u00eb, \u00a0po t\u00eb marrim e b\u00ebjm\u00eb\u00a0 si duhet p\u00ebrkthimin n\u00eb shqip t\u00eb formulimit q\u00eb p\u00ebrcjell\u00a0 \u00a0letr\u00ebn e \u00a0hapur \u00a0i cili \u00a0\u00ebsht\u00eb\u201c Ne \u017eelimo da vjerujemo da Predsjedni\u0161tvo i ve\u0107ina \u010dlanova CANU dijeli stavove koji se ovih dana iz\u00a0<em>Rje\u010dnika\u00a0<\/em>citiraju, jer nijesu uvrije\u0111eni samo gra\u0111ani koji pripadaju manjinskim narodima nego i ve\u0107inska Crna Gora koja se ponosi lojalno\u0161\u0107u svojih autohtonih manjina\u2026\u201c. Nga \u00a0ky\u00a0 formulim i paketuar kaq bukur-\u00a0 \u00a0do t\u00eb kishim k\u00ebt\u00eb p\u00ebrmbajtje \u00a0t\u00eb p\u00ebrkthyer drejt\u00eb shqip:<\/p>\n<p>\u201cNe nuk duam t\u00eb besojm\u00eb se\u00a0 kryesia dhe shumica e an\u00ebtar\u00ebve t\u00eb Canu ndan\u00eb pik\u00ebpamjet q\u00eb k\u00ebto dit\u00eb, nga\u00a0 fjalori\u00a0 citohen, sepse ata kan\u00eb fyer jo vet\u00ebm qytetar\u00ebt q\u00eb i p\u00ebrkasin pakicave komb\u00ebtare, por edhe shumica e Malit t\u00eb Zi\u00a0<strong><em><u>e cila krenohet vet\u00eb n\u00eb minoritetet e saj\u00a0 me besnik\u00ebri indigjene\u2026\u201d?!<\/u><\/em><\/strong><\/p>\n<p>Ajo q\u00eb tmerr\u00ebsisht m\u00eb vrau veshin\u00a0 duke m\u00eb posht\u00ebruar dhe fyer edhe m\u00eb keq se vet\u00eb\u00a0 fjalori ,\u00a0 jan\u00eb \u00a0fjalit\u00eb e n\u00ebnvizuara me shkronja t\u00eb zeza n\u00eb letr\u00ebn e cekur.\u00a0 Q\u00eb p\u00ebr sherr m\u00eb kujtuan perceptimin\u00a0\u00a0 rreth shqiptar\u00ebve t\u00eb koh\u00ebs s\u00eb\u00a0 Mark\u00a0 Milanit, nga i cili\u00a0 po duket se \u00a0Peni ,\u00a0 ka p\u00ebrzgjedhur\u00a0 t\u00eb marr\u00eb\u00a0 m\u00ebsim.<\/p>\n<p>Ka mbetur e shkruar , q\u00eb\u00a0 \u00a0vet\u00eb M.Milani \u00a0i porosiste \u00a0\u00a0malazez\u00ebt \u00a0me fjal\u00ebt,\u00a0 se \u00a0shqiptar\u00ebt, jan\u00eb\u00a0\u00a0 popull\u00a0\u00a0 \u00a0ekzotik\u00eb \u00a0\u201cme nj\u00eb\u00a0 fantazi t\u00eb zhvilluar\u201d\u2026., q\u00eb gati sa \u00a0nuk fluturojn\u00eb \u00a0\u201d nga\u00a0\u00a0 \u00ebndrrat e \u00a0vet\u00eb shpikura \u2013 pa iu premtuar\u00a0 kush\u201c dhe se \u00a0pastaj\u00a0 \u00ebndrrave t\u00eb tilla\u00a0 \u00a0sillen e iu besojn\u00eb marr\u00ebzisht \u2026\u201d.\u00a0 Duke u k\u00ebnaqur shpesh her\u00eb edhe \u00a0me lug\u00eb boshe dhe duke e mbyll \u00a0amanetin\u00a0 e hesapin e tij p\u00ebr ne, \u00a0me fjal\u00ebt\u00a0 porosi: \u00a0Q\u00eb ata\u00a0 duhet \u00a0t\u00eb \u00a0ken\u00eb \u00a0shum\u00eb kujdes \u00a0si sill\u00ebn me shqiptar\u00ebt,\u00a0\u00a0 \u201c sepse\u00a0 atyre\u00a0 ashtu si u rri hatri me pak\u00a0 ,\u00a0 ashtu\u00a0 \u00a0\u00a0edhe k\u00ebnaqen me pak..\u201d?!!!<\/p>\n<p><strong><em>Kuptimi i\u00a0 fjal\u00ebs- vjerni\u00a0 lojani.., t\u00eb p\u00ebrdorur n\u00eb letr\u00ebn e Penit?<\/em><\/strong><\/p>\n<p>Konstrukti i p\u00ebrdorur n\u00eb let\u00ebr- \u201d\u00a0 besnik\u00ebri\u00a0 indigjene\u201d \u00ebsht\u00eb p\u00ebr mua kontestues dhe thelbi i injorimit , sepse\u00a0 gjithher\u00eb kur p\u00ebrdoret\u00a0 n\u00eb analet politike tradicionalisht n\u00ebnkupton popullsit\u00eb\u00a0 e gjetura \u2013\u00a0 t\u00eb kuqt\u00eb e Amerik\u00ebs\u00a0 apo t\u00eb Brazilit ,Australis\u00eb etj., q\u00eb u kolonizuan nga\u00a0 evropian\u00ebt ( portugez\u00ebt, spanjoll\u00ebt dhe \u00a0anglez\u00ebt),\u00a0 t\u00eb cil\u00ebt\u00a0\u00a0 ishin skajshm\u00ebrisht t\u00eb prapambetur\u00a0\u00a0 dhe i \u00a0\u00a0quajt\u00ebn \u201c indigjen\u00eb\u201d\u00a0 nga se\u00a0 i merrnin p\u00ebr Indian\u00eb, duke kujtuar \u00a0se kishin zbuluar Indin\u00eb \u2026?!!<\/p>\n<p>Shprehja\u00a0 e k\u00ebtill\u00eb\u00a0\u00a0 q\u00eb p\u00ebrdorej dhe p\u00ebrdoret\u00a0 edhe sot ka n\u00ebnkuptuar e\u00a0 n\u00ebnkupton t\u00eb nj\u00ebjt\u00ebn gj\u00eb-\u00a0 fise nomade dhe\u00a0 gjysm\u00eb nomade ( n\u00eb kuptimin q\u00eb nuk i lidh\u00eb territori dhe nuk jan\u00eb t\u00eb urbanizuar), q\u00eb merreshin dhe merren\u00a0 me gjueti, e peshkim dhe pak blegtori \u00a0e aspak bujq\u00ebsi. Q\u00eb\u00a0 nuk jan\u00eb t\u00eb pag\u00ebzuar- t\u00eb krishter\u00eb dhe \u00a0q\u00eb bota e tyre shpirt\u00ebrore \u00ebsht\u00eb banale- pagane, ose nuk ekziston fare\u00a0 n\u00eb kuptimin e vler\u00ebs etike dhe estetike \u00a0njer\u00ebzore.<\/p>\n<p>Prandaj \u00a0tashti, pas \u00a0nxjerrjes s\u00eb k\u00ebtyre konstatimeve, besoj se \u00a0jemi plot\u00ebsisht dakord, \u00a0q\u00eb p\u00ebrse ,\u00a0 ne\u00a0\u00a0 shqiptar\u00ebt nuk b\u00ebn\u00eb t\u00eb ngaz\u00ebllehemi nga\u00a0<strong><em>PENI<\/em><\/strong>\u00a0 , pa i shikuar dhe analizuar \u00a0mir\u00eb \u00a0formulimet e letr\u00ebs , t\u00eb cilat \u00a0si vler\u00ebsime tendencioze na kushtuan \u00a0dikur \u00a0dhe din\u00eb t\u00eb na kushtojn\u00eb edhe sot.<\/p>\n<p>Ne\u00a0\u00a0 v\u00ebrtet\u00eb q\u00eb ishim autokton\u00eb , por nuk ishim nomad\u00eb\u00a0 dhe \u00a0as q\u00eb \u00a0jetonim n\u00ebn cerg\u00eb ose n\u00eb shpella , t\u00eb pakt\u00ebn jo n\u00eb shekullin 7 \u2013 9, kur\u00a0 ia beh\u00ebn\u00a0 ata- sllav\u00ebt n\u00eb \u00a0Ballkan dhe\u00a0 filluan t\u00eb besojn\u00eb\u00a0 ashtu si ne duke marr\u00eb krishterimin nga v\u00ebllez\u00ebrit\u00a0 grek\u00eb \u2013 serbfol\u00ebs Qirillo dhe Metodi.?!<\/p>\n<p>Po plot\u00ebsojm\u00eb\u00a0 se shqiptaro- ilir\u00ebt, n\u00eb \u00a0k\u00ebt\u00eb koh\u00eb \u00a0\u00a0ve\u00e7 \u00a0kishin z\u00ebn\u00eb vend\u00a0 n\u00eb qytete duke u lidhur p\u00ebr\u00a0 territor t\u00eb vetin- e duke nd\u00ebrtuar \u201c Gur p\u00ebr Kull\u00eb e Ur\u00eb\u2026- si\u00e7 k\u00ebndon poeti,\u00a0 B. \u00c7apriqi \u201d?!! Dhe me nj\u00eb bot\u00eb shpirt\u00ebrore monoteiste t\u00eb avancuar\u00a0 me tradit\u00eb nja 7- 800 vje\u00e7are para vet\u00eb serbeve?! \u00a0E k\u00ebt\u00eb, q\u00eb n\u00eb koh\u00ebn e\u00a0 vet\u00eb\u00a0 Jezu Krishtit (Is\u00ebs, a.s.), duke na dh\u00ebn\u00eb \u00a0k\u00ebshtu nderin t\u00eb jemi \u00a0\u00a0\u00a0popull\u00a0 biblik\u00eb \u2013 apostolik\u00eb \u00a0\u00a0i rrall\u00eb i krishterimit t\u00eb hersh\u00ebm, qysh n\u00eb koh\u00ebn\u00a0 e \u00a0Sh\u00ebn Jertonimit \u2013 me \u00a0prejardhje\u00a0\u00a0 gjysm\u00eb ilire.<\/p>\n<p>Duke mos e zgjatur\u00a0 meselen k\u00ebtu n\u00eb fund \u00a0p\u00ebr krahasim \u00a0shih edhe\u00a0 nj\u00eb shpjegim etimologjik\u00eb t\u00eb\u00a0 fjal\u00ebs- Shkja(e), q\u00eb perdorim\u00a0 ne , n\u00eb aspektin peshorativ \u2013 fyes, kund\u00ebr sllav\u00ebve, ashtu si din\u00eb t\u00eb p\u00ebrdorin ata p\u00ebr ne \u00a0kur\u00a0 na quajn\u00eb \u2013 shipci- shiptar etj. Shprehje\u00a0 e k\u00ebtill\u00eb- sipas I. Kadares\u00eb,\u00a0 i bie t\u00eb\u00a0 rrjedh\u00eb nga latinishtja \u2013 skllav\u00ebt\u2026, \u00a0me t\u00eb cil\u00ebt romaket, \u00a0njihnin popullsin\u00eb e\u00a0 ardhur dhe \u00a0t\u00eb vendosur n\u00eb Ballkan. Merret vesh se\u00a0 shqipja\u00a0 p\u00ebr leht\u00ebsi shqiptimi ,nuk e bori \u00a0po duket \u00a0\u00a0germ\u00ebn\u00a0 K \u2013 e cila nuk ra\u00a0 dhe prodhoi, \u00a0emrin e p\u00ebrmendur p\u00ebr \u00a0sllav\u00ebt- <strong><em>SHKJE<\/em><\/strong>. Em\u00ebrtimi i till\u00eb i\u00a0\u00a0 huazuar , sipas natyr\u00ebs\u00a0\u00a0\u00a0 s\u00eb gjuh\u00ebs son\u00eb, ku ( s) jep sh\u00a0 , s(k)llav\u00ebt \u2013 \u00a0ne i\u00a0 quajt\u00ebm \u00a0shkje, po ashtu \u00a0n\u00eb\u00a0\u00a0 kuptimin\u00a0 fyes \u2013 si latin\u00ebt: Skllav\u00eb. Dhe k\u00ebshtu ngjau tu p\u00eblqej\u00eb kjo e latin\u00ebve duke u\u00a0 vet\u00ebquajtur edhe sot\u00eb sllav\u00eb .?!!!<\/p>\n<p><strong><em>\u00a0Dy fjal\u00eb p\u00ebr planin pro rus t\u00eb Canus dhe planit\u00a0 pro evropian hegjemonist\u00eb \u2013Na\u00e7ertanies s\u00eb Penit ?!<\/em><\/strong><\/p>\n<p>Po e vazhdoj k\u00ebt\u00eb reagim me fjal\u00ebt, \u00a0q\u00eb serb\u00ebt n\u00eb trillimet e veta \u2013\u00a0 termin \u00a0\u201c albanizacija \u201c\u00a0 e shpik\u00ebn p\u00ebr t\u00eb fshehur\u00a0 \u00a0\u201c serbizacjen..\u201d e vet si ide pansllaviste \u00a0t\u00eb perandoris\u00eb ruse dhe pop\u00ebve moskovit\u00eb, por edhe e planit tjet\u00ebr serb \u201c Na\u00e7ertanijes(1844) , e\u00a0 cila u mendua nga disa shtete evropiane si plan anti rus \u00a0\u00a0n\u00eb Ballkan \u00a0dhe anti\u00a0 austrohungarez\u00a0 pas t\u00ebrheqjes s\u00eb pritshme t\u00eb perandoris\u00eb turke ng Ballkani.<\/p>\n<p>Sipas\u00a0 k\u00ebtij plani\u00a0 t\u00eb fuqive kryesore evropiane, Serbia duhej t\u00eb punonte , \u00a0p\u00ebr krijimin e nj\u00eb shteti t\u00eb madh jugosllav, n\u00eb baz\u00eb t\u00eb \u201clidershipit\u201dt\u00eb saj duke i \u00a0kryesuar sllav\u00ebt tjer\u00eb t\u00eb \u00a0e jugut dhe\u00a0 duke dominuar e asgj\u00ebsuar me dhun\u00eb popujt tjer\u00eb \u2013 shqiptar\u00ebt \u2013 mysliman\u00ebt etj.. P\u00ebr\u00a0 k\u00ebt\u00eb u b\u00ebn\u00eb elaborate plot\u00ebsuese , e nj\u00ebri prej tyre ishte edhe nj\u00eb i Andriqit- SISHKRIMTARIT \u00a0\u00a0NONELIST SERB?!!<\/p>\n<p><strong><em>\u00a0Kjo do t\u00eb mjaftonte , p\u00ebr t\u00eb kuptuar dallimin n\u00eb mes dy institucioneve dhe t\u00eb politikave q\u00eb ndjekin \u00a0ata edhe sot<\/em><\/strong><\/p>\n<p>Sipas \u201c Na\u00e7ertanies\u201d serbe , p\u00ebr t\u00eb k\u00ebnaqur ambiciet e veta, ata n\u00eb dokument, fillimisht krijuan iden\u00eb \u00a0q\u00eb \u201c Serbia\u00a0 \u00ebsht\u00eb e\u00a0 vog\u00ebl..\u201d, q\u00eb rrethohet me popuj armiq- shqiptar\u00ebt t\u00eb cil\u00ebt u b\u00ebn\u00eb \u00a0t\u00eb m\u00ebdhenj, pasi \u00a0u zgjeruan dhe u\u00a0 soll\u00ebn nga\u00a0 turqit n\u00eb Ballkan, duke na e mohuar \u00a0k\u00ebshtu autoktonin\u00eb edhe sot \u2013\u00a0 CANU, q\u00eb PENI, po duket nuk na konteston por na e devalvon\u00a0 dhe deformon.?!!!.<\/p>\n<p>N\u00eb vazhdim, \u00a0k\u00ebto ide\u00a0<strong><em>\u00a0<\/em><\/strong>kolonialiste \u00a0serb\u00eb u pasuruan edhe me \u00a0m\u00ebsimet \u00a0\u00a0ruse , \u00a0q\u00eb u shpik\u00ebn enkas nga kisha ruse, kujto- \u201c mitin kishtar serb\u00eb, \u00a0t\u00eb \u00a0Betej\u00ebs s\u00eb Kosov\u00ebs\u201d, \u00a0p\u00ebr t\u00eb cilin faktet d\u00ebshmojn\u00eb q\u00eb \u00a0pop\u00ebt serb\u00eb, as q\u00eb kishin njohuri \u00a0t\u00eb ekzistimit si mit \u00a0deri n\u00eb shekullin 19 dhe si i k\u00ebtill\u00eb \u00a0p\u00ebr ta dhe gjith\u00eb serb\u00ebt, \u00a0as q\u00eb ekzistonte fare\u2026?!<\/p>\n<p>Ata\u00a0 u kujtuan\u00a0 dhe \u00a0p\u00ebr k\u00ebt\u00eb \u00a0do t\u00eb shohim q\u00eb \u00a0trilluan edhe \u00a0teorin\u00eb,\u00a0 q\u00eb \u00a0dikur p\u00ebrve\u00e7 Serbis\u00eb aktuale ekzistonte \u00a0\u00a0edhe \u201cStara Serbija\u00a0\u201c e cila \u00a0shtrihej aty ku sot \u00ebsht\u00eb Shqip\u00ebria dhe p\u00ebr k\u00ebt\u00eb na akuzojn\u00eb me urrejtje..?!!!<\/p>\n<p>Prandaj\u00a0 \u00ebsht\u00eb e qart\u00eb se termi- albanizim , u shpik nga vet\u00eb ata, p\u00ebr t\u00eb arsyetuar \u00a0\u00a0\u00a0\u201c serbizacijen- serbizimin\u201d, \u00a0q\u00eb me siguri \u00a0\u00a0mungon n\u00eb fjalorin e botuar , \u00a0dhe ngjash\u00ebm, n\u00eb k\u00ebt\u00eb frym\u00eb,\u00a0 pat\u00ebn shpikur edhe \u00a0teorin\u00eb e \u201cShqip\u00ebris\u00eb s\u00eb Madhe\u201d, p\u00ebr t\u00eb cil\u00ebn shqiptar\u00ebt,thon\u00eb se ajo nuk mund t\u00eb quhet k\u00ebshtu, sepse e till\u00eb \u00ebsht\u00eb vet\u00eb Shqip\u00ebria Natyrore. K\u00ebt\u00eb term t\u00eb fundit, si mendim \u00a0intelektual shqiptar\u00eb ,serb\u00ebt druhen\u00a0 q\u00eb edhe ta p\u00ebrmendin e l\u00ebre m\u00eb ta njohin e ta fusin n\u00eb fjalorin e vet- \u00a0pra edhe Canu?!!<\/p>\n<p>P\u00ebr ata q\u00eb jan\u00eb es\u00ebll dhe duan t\u00eb marrin vesh \u00a0\u00a0gjith\u00eb k\u00ebt\u00eb e d\u00ebshmon fakti , i mos ekzistenc\u00ebs\u00a0 s\u00eb fjal\u00ebs \u2013 kolonizim shqiptar, \u00a0e cila edhe si fjal\u00eb \u00ebsht\u00eb e huaj \u00a0jo vet\u00ebm p\u00ebr fjalorin e \u00a0gjuh\u00ebs shqipe, por edhe p\u00ebr \u00a0etnopsikologjin\u00eb shqiptare , \u00e7ka nuk ndodh\u00eb me serbo- malazez\u00ebt. Ata edhe sot, n\u00eb bisedat e lira, mund t\u2019i\u00a0 d\u00ebgjosh t\u00eb mburren me et\u00ebrit e vet\u00eb ose gjysh\u00ebrit q\u00eb i kishin \u201ckolon- kolonizator\u00eb\u201d.<\/p>\n<p>Sipas logjik\u00ebs \u00a0\u00a0s\u00eb cekur, n\u00ebse \u00a0nuk ekzistojn\u00eb shkaqet(kolon\u00ebt shqiptar\u00eb) , si mund t\u00eb ekzistojn\u00eb\u00a0 pasojat- albanizacija?! Pa kolon\u00eb- nuk mund t\u00eb ket\u00eb kolonizator\u00eb(albanizacije\u2026)?!! Mbase mund t\u00eb flitet edhe p\u00ebr \u201ccrnogorizacije \u201c, por jo p\u00ebr albanizacije, n\u00eb se p\u00ebrjashtojm\u00eb at\u00eb t\u00eb amfillohijes q\u00eb di t\u00eb thot\u00eb, nga nj\u00ebher\u00eb \u00a0\u201cARNAUTIZACIJA\u201d, por ama, pa fakte..?!!<\/p>\n<p>Sipas \u00a0neve , n\u00eb fund, nj\u00eblloj edhe vet\u00eb\u00a0<strong>akademik\u00ebt<\/strong>\u00a0e Penit-\u00a0 do t\u00eb duhej\u00a0 t\u00eb na \u00a0k\u00ebrkonin t\u00eb falur p\u00ebr \u00a0formulimet \u00a0n\u00eb vend se t\u00eb k\u00ebrkojn\u00eb \u00a0p\u00ebrkrahje..?!<\/p>\n<p>Dallimi i k\u00ebtyre t\u00eb fundit nga ata t\u00eb Canus\u00eb, \u00ebsht\u00eb vet\u00ebm \u00a0n\u00eb at\u00eb \u00a0\u00a0q\u00eb \u00a0na trajtojn\u00eb si t\u00eb kuqt\u00eb e Amerik\u00ebs , dhe jo si \u201ct\u00eb kuqt\u00eb me lesh\u201d t\u00eb Austalis\u00eb-\u00a0 por \u00a0gjithsesi t\u00eb kuq\u2026, e p\u00ebr t\u00eb cil\u00ebt \u2013 kolonizator\u00ebt, thon\u00eb\u00a0\u00a0 se \u00a0ishin\u00a0 disa shkall\u00eb m\u00eb posht\u00eb si njer\u00ebz, duke i quajtur edhe k\u00ebta\u00a0 \u201c njerz me bisht\u201d?! \u2013\u00a0 Ashtu si serb\u00ebt ne\u2026?!<\/p>\n<p>Shyqyr q\u00eb jan\u00eb n\u00eb erozion me k\u00ebto teori t\u00eb veta, sepse p\u00ebrndryshe, mund t\u00eb evidentohet t\u00eb ngjaj\u00eb me ne , ajo q\u00eb ka ngjar\u00eb me popullsin\u00eb abrogjene australiane , kur kolon\u00ebt anglez\u00eb, i zinin rob ata , duke i \u00e7uar disa prej tyre \u00a0n\u00eb Lond\u00ebr, \u00a0si most\u00ebr i hallk\u00ebs s\u00eb gjetur i \u00a0teoris\u00eb s\u00eb evolucionit, q\u00eb mungonte si ur\u00eb lidh\u00ebse. Ata pastaj n\u00eb Lond\u00ebr , p\u00ebr t\u00eb mahnitur popullin, i sh\u00ebtitnin \u00a0t\u00eb lidhur n\u00eb kafaz- rrug\u00ebve t\u00eb\u00a0 qytetit, \u00a0duke i marr\u00eb p\u00ebr majmun\u00eb \u2013 njeri\u2026?!!<\/p>\n<p>Kuptohet \u00a0q\u00eb\u00a0 pasi ishin qenie emocionale , \u00a0shum\u00eb shpejt vdisnin duke p\u00eblcitur , pasi i vendosnin n\u00eb kopsht zologjik me kafsh\u00ebt tjera\u2026?!!<\/p>\n<p>Dhe p\u00ebr k\u00ebt\u00eb e fal\u00ebnderoj Penin , p\u00ebr dallimin q\u00eb b\u00ebn\u00eb , por jo p\u00ebr m\u00eb shum\u00eb?!!<\/p>\n","protected":false},"excerpt":{"rendered":"<p>\u00c7ka nuk na p\u00eblqeu\u00a0\u00a0 n\u00eb letr\u00ebn e hapur t\u00eb Penit\u00a0 ofruar Art Clubit \u00a0dhe mua si an\u00ebtar\u00eb ?! P\u00ebr momentin enigma djall\u00ebzore e Penit , zb\u00ebrthehet me prapavij\u00eb, \u00a0po t\u00eb marrim e b\u00ebjm\u00eb\u00a0 si duhet p\u00ebrkthimin n\u00eb shqip t\u00eb formulimit q\u00eb p\u00ebrcjell\u00a0 \u00a0letr\u00ebn e \u00a0hapur \u00a0i cili \u00a0\u00ebsht\u00eb\u201c Ne \u017eelimo da vjerujemo da Predsjedni\u0161tvo i [&hellip;]<\/p>\n","protected":false},"author":1,"featured_media":0,"comment_status":"closed","ping_status":"closed","sticky":false,"template":"","format":"standard","meta":{"spay_email":"","jetpack_publicize_message":"","jetpack_is_tweetstorm":false,"jetpack_publicize_feature_enabled":true},"categories":[14249],"tags":[],"jetpack_publicize_connections":[],"yoast_head":"<!-- This site is optimized with the Yoast SEO plugin v19.1 - https:\/\/yoast.com\/wordpress\/plugins\/seo\/ -->\n<title>Reagon Muhamet Nika: Pse nuk e p\u00ebrkraha letr\u00ebn e penit ?! - Lajme nga Ulqini<\/title>\n<meta name=\"description\" content=\"\u00c7ka nuk na p\u00eblqeu\u00a0\u00a0 n\u00eb letr\u00ebn e hapur t\u00eb Penit\u00a0 ofruar Art Clubit \u00a0dhe mua si an\u00ebtar\u00eb ?! P\u00ebr momentin enigma djall\u00ebzore e Penit , zb\u00ebrthehet me prapavij\u00eb,\" \/>\n<meta name=\"robots\" content=\"index, follow, max-snippet:-1, max-image-preview:large, max-video-preview:-1\" \/>\n<link rel=\"canonical\" href=\"https:\/\/www.visit-ulcinj.com\/blog\/2016\/06\/09\/reagon-muhamet-nika-pse-nuk-e-perkraha-letren-e-penit\/\" \/>\n<meta property=\"og:locale\" content=\"en_US\" \/>\n<meta property=\"og:type\" content=\"article\" \/>\n<meta property=\"og:title\" content=\"Reagon Muhamet Nika: Pse nuk e p\u00ebrkraha letr\u00ebn e penit ?! - Lajme nga Ulqini\" \/>\n<meta property=\"og:description\" content=\"\u00c7ka nuk na p\u00eblqeu\u00a0\u00a0 n\u00eb letr\u00ebn e hapur t\u00eb Penit\u00a0 ofruar Art Clubit \u00a0dhe mua si an\u00ebtar\u00eb ?! P\u00ebr momentin enigma djall\u00ebzore e Penit , zb\u00ebrthehet me prapavij\u00eb,\" \/>\n<meta property=\"og:url\" content=\"https:\/\/www.visit-ulcinj.com\/blog\/2016\/06\/09\/reagon-muhamet-nika-pse-nuk-e-perkraha-letren-e-penit\/\" \/>\n<meta property=\"og:site_name\" content=\"Lajme nga Ulqini\" \/>\n<meta property=\"article:published_time\" content=\"2016-06-09T15:53:43+00:00\" \/>\n<meta property=\"article:modified_time\" content=\"2016-06-10T13:37:37+00:00\" \/>\n<meta property=\"og:image\" content=\"http:\/\/www.visit-ulcinj.com\/blog\/wp-content\/uploads\/2014\/11\/Muhamet-Nika.jpg\" \/>\n<meta name=\"twitter:label1\" content=\"Written by\" \/>\n\t<meta name=\"twitter:data1\" content=\"ulqini\" \/>\n\t<meta name=\"twitter:label2\" content=\"Est. reading time\" \/>\n\t<meta name=\"twitter:data2\" content=\"9 minutes\" \/>\n<script type=\"application\/ld+json\" class=\"yoast-schema-graph\">{\"@context\":\"https:\/\/schema.org\",\"@graph\":[{\"@type\":\"WebSite\",\"@id\":\"https:\/\/www.visit-ulcinj.com\/blog\/#website\",\"url\":\"https:\/\/www.visit-ulcinj.com\/blog\/\",\"name\":\"Lajme nga Ulqini\",\"description\":\"Lajme,Vijesti,Ulqini,Ulqin,Crna Gora,Mali i Zi\",\"potentialAction\":[{\"@type\":\"SearchAction\",\"target\":{\"@type\":\"EntryPoint\",\"urlTemplate\":\"https:\/\/www.visit-ulcinj.com\/blog\/?s={search_term_string}\"},\"query-input\":\"required name=search_term_string\"}],\"inLanguage\":\"en-US\"},{\"@type\":\"ImageObject\",\"inLanguage\":\"en-US\",\"@id\":\"https:\/\/www.visit-ulcinj.com\/blog\/2016\/06\/09\/reagon-muhamet-nika-pse-nuk-e-perkraha-letren-e-penit\/#primaryimage\",\"url\":\"https:\/\/www.visit-ulcinj.com\/blog\/wp-content\/uploads\/2014\/11\/Muhamet-Nika.jpg\",\"contentUrl\":\"https:\/\/www.visit-ulcinj.com\/blog\/wp-content\/uploads\/2014\/11\/Muhamet-Nika.jpg\",\"width\":256,\"height\":319},{\"@type\":\"WebPage\",\"@id\":\"https:\/\/www.visit-ulcinj.com\/blog\/2016\/06\/09\/reagon-muhamet-nika-pse-nuk-e-perkraha-letren-e-penit\/#webpage\",\"url\":\"https:\/\/www.visit-ulcinj.com\/blog\/2016\/06\/09\/reagon-muhamet-nika-pse-nuk-e-perkraha-letren-e-penit\/\",\"name\":\"Reagon Muhamet Nika: Pse nuk e p\u00ebrkraha letr\u00ebn e penit ?! - Lajme nga Ulqini\",\"isPartOf\":{\"@id\":\"https:\/\/www.visit-ulcinj.com\/blog\/#website\"},\"primaryImageOfPage\":{\"@id\":\"https:\/\/www.visit-ulcinj.com\/blog\/2016\/06\/09\/reagon-muhamet-nika-pse-nuk-e-perkraha-letren-e-penit\/#primaryimage\"},\"datePublished\":\"2016-06-09T15:53:43+00:00\",\"dateModified\":\"2016-06-10T13:37:37+00:00\",\"author\":{\"@id\":\"https:\/\/www.visit-ulcinj.com\/blog\/#\/schema\/person\/dcab619c614d3038751c63bc2aadc06d\"},\"description\":\"\u00c7ka nuk na p\u00eblqeu\u00a0\u00a0 n\u00eb letr\u00ebn e hapur t\u00eb Penit\u00a0 ofruar Art Clubit \u00a0dhe mua si an\u00ebtar\u00eb ?! P\u00ebr momentin enigma djall\u00ebzore e Penit , zb\u00ebrthehet me prapavij\u00eb,\",\"breadcrumb\":{\"@id\":\"https:\/\/www.visit-ulcinj.com\/blog\/2016\/06\/09\/reagon-muhamet-nika-pse-nuk-e-perkraha-letren-e-penit\/#breadcrumb\"},\"inLanguage\":\"en-US\",\"potentialAction\":[{\"@type\":\"ReadAction\",\"target\":[\"https:\/\/www.visit-ulcinj.com\/blog\/2016\/06\/09\/reagon-muhamet-nika-pse-nuk-e-perkraha-letren-e-penit\/\"]}]},{\"@type\":\"BreadcrumbList\",\"@id\":\"https:\/\/www.visit-ulcinj.com\/blog\/2016\/06\/09\/reagon-muhamet-nika-pse-nuk-e-perkraha-letren-e-penit\/#breadcrumb\",\"itemListElement\":[{\"@type\":\"ListItem\",\"position\":1,\"name\":\"Reagon Muhamet Nika: Pse nuk e p\u00ebrkraha letr\u00ebn e penit ?!\"}]},{\"@type\":\"Person\",\"@id\":\"https:\/\/www.visit-ulcinj.com\/blog\/#\/schema\/person\/dcab619c614d3038751c63bc2aadc06d\",\"name\":\"ulqini\",\"sameAs\":[\"http:\/\/www.visit-ulcinj.com\"],\"url\":\"https:\/\/www.visit-ulcinj.com\/blog\/author\/admin\/\"}]}<\/script>\n<!-- \/ Yoast SEO plugin. -->","yoast_head_json":{"title":"Reagon Muhamet Nika: Pse nuk e p\u00ebrkraha letr\u00ebn e penit ?! - Lajme nga Ulqini","description":"\u00c7ka nuk na p\u00eblqeu\u00a0\u00a0 n\u00eb letr\u00ebn e hapur t\u00eb Penit\u00a0 ofruar Art Clubit \u00a0dhe mua si an\u00ebtar\u00eb ?! P\u00ebr momentin enigma djall\u00ebzore e Penit , zb\u00ebrthehet me prapavij\u00eb,","robots":{"index":"index","follow":"follow","max-snippet":"max-snippet:-1","max-image-preview":"max-image-preview:large","max-video-preview":"max-video-preview:-1"},"canonical":"https:\/\/www.visit-ulcinj.com\/blog\/2016\/06\/09\/reagon-muhamet-nika-pse-nuk-e-perkraha-letren-e-penit\/","og_locale":"en_US","og_type":"article","og_title":"Reagon Muhamet Nika: Pse nuk e p\u00ebrkraha letr\u00ebn e penit ?! - Lajme nga Ulqini","og_description":"\u00c7ka nuk na p\u00eblqeu\u00a0\u00a0 n\u00eb letr\u00ebn e hapur t\u00eb Penit\u00a0 ofruar Art Clubit \u00a0dhe mua si an\u00ebtar\u00eb ?! P\u00ebr momentin enigma djall\u00ebzore e Penit , zb\u00ebrthehet me prapavij\u00eb,","og_url":"https:\/\/www.visit-ulcinj.com\/blog\/2016\/06\/09\/reagon-muhamet-nika-pse-nuk-e-perkraha-letren-e-penit\/","og_site_name":"Lajme nga Ulqini","article_published_time":"2016-06-09T15:53:43+00:00","article_modified_time":"2016-06-10T13:37:37+00:00","og_image":[{"url":"http:\/\/www.visit-ulcinj.com\/blog\/wp-content\/uploads\/2014\/11\/Muhamet-Nika.jpg"}],"twitter_misc":{"Written by":"ulqini","Est. reading time":"9 minutes"},"schema":{"@context":"https:\/\/schema.org","@graph":[{"@type":"WebSite","@id":"https:\/\/www.visit-ulcinj.com\/blog\/#website","url":"https:\/\/www.visit-ulcinj.com\/blog\/","name":"Lajme nga Ulqini","description":"Lajme,Vijesti,Ulqini,Ulqin,Crna Gora,Mali i Zi","potentialAction":[{"@type":"SearchAction","target":{"@type":"EntryPoint","urlTemplate":"https:\/\/www.visit-ulcinj.com\/blog\/?s={search_term_string}"},"query-input":"required name=search_term_string"}],"inLanguage":"en-US"},{"@type":"ImageObject","inLanguage":"en-US","@id":"https:\/\/www.visit-ulcinj.com\/blog\/2016\/06\/09\/reagon-muhamet-nika-pse-nuk-e-perkraha-letren-e-penit\/#primaryimage","url":"https:\/\/www.visit-ulcinj.com\/blog\/wp-content\/uploads\/2014\/11\/Muhamet-Nika.jpg","contentUrl":"https:\/\/www.visit-ulcinj.com\/blog\/wp-content\/uploads\/2014\/11\/Muhamet-Nika.jpg","width":256,"height":319},{"@type":"WebPage","@id":"https:\/\/www.visit-ulcinj.com\/blog\/2016\/06\/09\/reagon-muhamet-nika-pse-nuk-e-perkraha-letren-e-penit\/#webpage","url":"https:\/\/www.visit-ulcinj.com\/blog\/2016\/06\/09\/reagon-muhamet-nika-pse-nuk-e-perkraha-letren-e-penit\/","name":"Reagon Muhamet Nika: Pse nuk e p\u00ebrkraha letr\u00ebn e penit ?! - Lajme nga Ulqini","isPartOf":{"@id":"https:\/\/www.visit-ulcinj.com\/blog\/#website"},"primaryImageOfPage":{"@id":"https:\/\/www.visit-ulcinj.com\/blog\/2016\/06\/09\/reagon-muhamet-nika-pse-nuk-e-perkraha-letren-e-penit\/#primaryimage"},"datePublished":"2016-06-09T15:53:43+00:00","dateModified":"2016-06-10T13:37:37+00:00","author":{"@id":"https:\/\/www.visit-ulcinj.com\/blog\/#\/schema\/person\/dcab619c614d3038751c63bc2aadc06d"},"description":"\u00c7ka nuk na p\u00eblqeu\u00a0\u00a0 n\u00eb letr\u00ebn e hapur t\u00eb Penit\u00a0 ofruar Art Clubit \u00a0dhe mua si an\u00ebtar\u00eb ?! P\u00ebr momentin enigma djall\u00ebzore e Penit , zb\u00ebrthehet me prapavij\u00eb,","breadcrumb":{"@id":"https:\/\/www.visit-ulcinj.com\/blog\/2016\/06\/09\/reagon-muhamet-nika-pse-nuk-e-perkraha-letren-e-penit\/#breadcrumb"},"inLanguage":"en-US","potentialAction":[{"@type":"ReadAction","target":["https:\/\/www.visit-ulcinj.com\/blog\/2016\/06\/09\/reagon-muhamet-nika-pse-nuk-e-perkraha-letren-e-penit\/"]}]},{"@type":"BreadcrumbList","@id":"https:\/\/www.visit-ulcinj.com\/blog\/2016\/06\/09\/reagon-muhamet-nika-pse-nuk-e-perkraha-letren-e-penit\/#breadcrumb","itemListElement":[{"@type":"ListItem","position":1,"name":"Reagon Muhamet Nika: Pse nuk e p\u00ebrkraha letr\u00ebn e penit ?!"}]},{"@type":"Person","@id":"https:\/\/www.visit-ulcinj.com\/blog\/#\/schema\/person\/dcab619c614d3038751c63bc2aadc06d","name":"ulqini","sameAs":["http:\/\/www.visit-ulcinj.com"],"url":"https:\/\/www.visit-ulcinj.com\/blog\/author\/admin\/"}]}},"jetpack_featured_media_url":"","jetpack_sharing_enabled":true,"jetpack_shortlink":"https:\/\/wp.me\/pe6lTn-plT","_links":{"self":[{"href":"https:\/\/www.visit-ulcinj.com\/blog\/wp-json\/wp\/v2\/posts\/97457"}],"collection":[{"href":"https:\/\/www.visit-ulcinj.com\/blog\/wp-json\/wp\/v2\/posts"}],"about":[{"href":"https:\/\/www.visit-ulcinj.com\/blog\/wp-json\/wp\/v2\/types\/post"}],"author":[{"embeddable":true,"href":"https:\/\/www.visit-ulcinj.com\/blog\/wp-json\/wp\/v2\/users\/1"}],"replies":[{"embeddable":true,"href":"https:\/\/www.visit-ulcinj.com\/blog\/wp-json\/wp\/v2\/comments?post=97457"}],"version-history":[{"count":3,"href":"https:\/\/www.visit-ulcinj.com\/blog\/wp-json\/wp\/v2\/posts\/97457\/revisions"}],"predecessor-version":[{"id":97471,"href":"https:\/\/www.visit-ulcinj.com\/blog\/wp-json\/wp\/v2\/posts\/97457\/revisions\/97471"}],"wp:attachment":[{"href":"https:\/\/www.visit-ulcinj.com\/blog\/wp-json\/wp\/v2\/media?parent=97457"}],"wp:term":[{"taxonomy":"category","embeddable":true,"href":"https:\/\/www.visit-ulcinj.com\/blog\/wp-json\/wp\/v2\/categories?post=97457"},{"taxonomy":"post_tag","embeddable":true,"href":"https:\/\/www.visit-ulcinj.com\/blog\/wp-json\/wp\/v2\/tags?post=97457"}],"curies":[{"name":"wp","href":"https:\/\/api.w.org\/{rel}","templated":true}]}}