{"id":97461,"date":"2016-06-09T18:10:57","date_gmt":"2016-06-09T17:10:57","guid":{"rendered":"http:\/\/www.visit-ulcinj.com\/blog\/?p=97461"},"modified":"2016-06-09T18:10:57","modified_gmt":"2016-06-09T17:10:57","slug":"dritan-abazovic-pozvao-canu-da-koriguje-greske","status":"publish","type":"post","link":"https:\/\/www.visit-ulcinj.com\/blog\/2016\/06\/09\/dritan-abazovic-pozvao-canu-da-koriguje-greske\/","title":{"rendered":"Dritan Abazovi\u0107 pozvao CANU da koriguje gre\u0161ke"},"content":{"rendered":"<p><strong><a href=\"http:\/\/www.visit-ulcinj.com\/blog\/wp-content\/uploads\/2016\/06\/Dritan-Abazovic-URA.jpg\"><img loading=\"lazy\" class=\"alignleft wp-image-97462\" src=\"http:\/\/www.visit-ulcinj.com\/blog\/wp-content\/uploads\/2016\/06\/Dritan-Abazovic-URA.jpg\" alt=\"Dritan-Abazovic-URA\" width=\"508\" height=\"313\" srcset=\"https:\/\/www.visit-ulcinj.com\/blog\/wp-content\/uploads\/2016\/06\/Dritan-Abazovic-URA.jpg 900w, https:\/\/www.visit-ulcinj.com\/blog\/wp-content\/uploads\/2016\/06\/Dritan-Abazovic-URA-300x185.jpg 300w, https:\/\/www.visit-ulcinj.com\/blog\/wp-content\/uploads\/2016\/06\/Dritan-Abazovic-URA-768x473.jpg 768w\" sizes=\"(max-width: 508px) 100vw, 508px\" \/><\/a>Potpredsjednik Gra\u0111anskog pokreta URA Dritan Abazovi\u0107 pozvao je Crnogorsku akademiju nauka i umjetnosti (CANU) i njenog predsjednika Momira \u0110urovi\u0107a da u \u0161to kra\u0107em roku priznaju i koriguju iritiraju\u0107e gre\u0161ke u Rje\u010dniku crnogorskog narodnog i knji\u017eevnog rje\u010dnika.<\/strong><\/p>\n<p>Abazovi\u0107 je potvrdio da je o Rje\u010dniku razgovarao sa \u0110urovi\u0107em koji mu je obe\u0107ao &#8220;otvorenost za sve sugestije&#8221;.<\/p>\n<p>&#8220;Nakon toga su uslijedila i neka saop\u0161tenja za javnost u tom pravcu, a moje skromno mi\u0161ljenje je da, ipak, treba biti odlu\u010dniji, priznati gre\u0161ke i obe\u0107ati korekcije u najkra\u0107em realnom roku. O\u010dekujem da se sa rije\u010di pre\u0111e na djela&#8221;, kazao je Abazovi\u0107 za Pobjedu.<\/p>\n<p>Potpredsjednik Ure je ponovio da bi bio sre\u0107an kada bi Rje\u010dnik bio najve\u0107i problem u Crnoj Gori, jer bi to onda zna\u010dilo da smo kao dru\u0161tvo daleko odmakli u razvoju.<\/p>\n<p>&#8220;Naravno, to nije tako. U potpunosti sam saglasan da su neke odrednice u Rje\u010dniku neprihvatljive i uvredljive, ali javno pitam kolegu (Nik) \u0110eljo\u0161aja, kao i ostale kolege koje su se javile povodom ovog pitanja: zbog kojeg ste to pitanja bili ovako aktivni? Za Solanu? Za Op\u0161tinu Tuzi? Za porast javnog duga zemlje? Za aferu Zavala? Za pitanje ratnih zlo\u010dina? Za Kalu\u0111erski Laz? Za iseljavanja sa sjevera? Oko svega ovoga su \u0107utali ili ponekad stidljivo govorili, dok su sve vrijeme uredno podr\u017eavali nepromjenjivu vlast zbog koje se, izme\u0111u ostalog, i danas sva\u0111amo po raznim nacionalnim i vjerskim osnovama. Jednostavno re\u010deno, nema potrebe da se bilo \u0161ta internacionalizuje, mi smo najve\u0107i problem sebi samima. Tenzije moramo smanjiti, svi zajedno moramo raditi na ja\u010danju na\u0161eg demokratskog kapaciteta i te\u017eiti da priznajemo i da ne ponavljamo gre\u0161ke. Moramo mijenjati sistem i dru\u0161tvenu atmosferu u kojoj \u017eivimo. To va\u017ei i za aktere koji su aktivni u ovom slu\u010daju, pa neka svako krene od sebe&#8221;, zaklju\u010dio je Abazovi\u0107.<\/p>\n<p><strong>Izvor: RTCG<\/strong><\/p>\n","protected":false},"excerpt":{"rendered":"<p>Potpredsjednik Gra\u0111anskog pokreta URA Dritan Abazovi\u0107 pozvao je Crnogorsku akademiju nauka i umjetnosti (CANU) i njenog predsjednika Momira \u0110urovi\u0107a da u \u0161to kra\u0107em roku priznaju i koriguju iritiraju\u0107e gre\u0161ke u Rje\u010dniku crnogorskog narodnog i knji\u017eevnog rje\u010dnika. Abazovi\u0107 je potvrdio da je o Rje\u010dniku razgovarao sa \u0110urovi\u0107em koji mu je obe\u0107ao &#8220;otvorenost za sve sugestije&#8221;. &#8220;Nakon [&hellip;]<\/p>\n","protected":false},"author":1,"featured_media":0,"comment_status":"closed","ping_status":"closed","sticky":false,"template":"","format":"standard","meta":{"spay_email":"","jetpack_publicize_message":"","jetpack_is_tweetstorm":false,"jetpack_publicize_feature_enabled":true},"categories":[6950],"tags":[],"jetpack_publicize_connections":[],"yoast_head":"<!-- This site is optimized with the Yoast SEO plugin v19.1 - https:\/\/yoast.com\/wordpress\/plugins\/seo\/ -->\n<title>Dritan Abazovi\u0107 pozvao CANU da koriguje gre\u0161ke - Lajme nga Ulqini<\/title>\n<meta name=\"description\" content=\"Potpredsjednik Gra\u0111anskog pokreta URA Dritan Abazovi\u0107 pozvao je Crnogorsku akademiju nauka i umjetnosti (CANU) i njenog predsjednika Momira \u0110urovi\u0107a da u\" \/>\n<meta name=\"robots\" content=\"index, follow, max-snippet:-1, max-image-preview:large, max-video-preview:-1\" \/>\n<link rel=\"canonical\" href=\"https:\/\/www.visit-ulcinj.com\/blog\/2016\/06\/09\/dritan-abazovic-pozvao-canu-da-koriguje-greske\/\" \/>\n<meta property=\"og:locale\" content=\"en_US\" \/>\n<meta property=\"og:type\" content=\"article\" \/>\n<meta property=\"og:title\" content=\"Dritan Abazovi\u0107 pozvao CANU da koriguje gre\u0161ke - Lajme nga Ulqini\" \/>\n<meta property=\"og:description\" content=\"Potpredsjednik Gra\u0111anskog pokreta URA Dritan Abazovi\u0107 pozvao je Crnogorsku akademiju nauka i umjetnosti (CANU) i njenog predsjednika Momira \u0110urovi\u0107a da u\" \/>\n<meta property=\"og:url\" content=\"https:\/\/www.visit-ulcinj.com\/blog\/2016\/06\/09\/dritan-abazovic-pozvao-canu-da-koriguje-greske\/\" \/>\n<meta property=\"og:site_name\" content=\"Lajme nga Ulqini\" \/>\n<meta property=\"article:published_time\" content=\"2016-06-09T17:10:57+00:00\" \/>\n<meta property=\"og:image\" content=\"http:\/\/www.visit-ulcinj.com\/blog\/wp-content\/uploads\/2016\/06\/Dritan-Abazovic-URA.jpg\" \/>\n<meta name=\"twitter:label1\" content=\"Written by\" \/>\n\t<meta name=\"twitter:data1\" content=\"ulqini\" \/>\n\t<meta name=\"twitter:label2\" content=\"Est. reading time\" \/>\n\t<meta name=\"twitter:data2\" content=\"2 minutes\" \/>\n<script type=\"application\/ld+json\" class=\"yoast-schema-graph\">{\"@context\":\"https:\/\/schema.org\",\"@graph\":[{\"@type\":\"WebSite\",\"@id\":\"https:\/\/www.visit-ulcinj.com\/blog\/#website\",\"url\":\"https:\/\/www.visit-ulcinj.com\/blog\/\",\"name\":\"Lajme nga Ulqini\",\"description\":\"Lajme,Vijesti,Ulqini,Ulqin,Crna Gora,Mali i Zi\",\"potentialAction\":[{\"@type\":\"SearchAction\",\"target\":{\"@type\":\"EntryPoint\",\"urlTemplate\":\"https:\/\/www.visit-ulcinj.com\/blog\/?s={search_term_string}\"},\"query-input\":\"required name=search_term_string\"}],\"inLanguage\":\"en-US\"},{\"@type\":\"ImageObject\",\"inLanguage\":\"en-US\",\"@id\":\"https:\/\/www.visit-ulcinj.com\/blog\/2016\/06\/09\/dritan-abazovic-pozvao-canu-da-koriguje-greske\/#primaryimage\",\"url\":\"https:\/\/www.visit-ulcinj.com\/blog\/wp-content\/uploads\/2016\/06\/Dritan-Abazovic-URA.jpg\",\"contentUrl\":\"https:\/\/www.visit-ulcinj.com\/blog\/wp-content\/uploads\/2016\/06\/Dritan-Abazovic-URA.jpg\",\"width\":900,\"height\":554},{\"@type\":\"WebPage\",\"@id\":\"https:\/\/www.visit-ulcinj.com\/blog\/2016\/06\/09\/dritan-abazovic-pozvao-canu-da-koriguje-greske\/#webpage\",\"url\":\"https:\/\/www.visit-ulcinj.com\/blog\/2016\/06\/09\/dritan-abazovic-pozvao-canu-da-koriguje-greske\/\",\"name\":\"Dritan Abazovi\u0107 pozvao CANU da koriguje gre\u0161ke - Lajme nga Ulqini\",\"isPartOf\":{\"@id\":\"https:\/\/www.visit-ulcinj.com\/blog\/#website\"},\"primaryImageOfPage\":{\"@id\":\"https:\/\/www.visit-ulcinj.com\/blog\/2016\/06\/09\/dritan-abazovic-pozvao-canu-da-koriguje-greske\/#primaryimage\"},\"datePublished\":\"2016-06-09T17:10:57+00:00\",\"dateModified\":\"2016-06-09T17:10:57+00:00\",\"author\":{\"@id\":\"https:\/\/www.visit-ulcinj.com\/blog\/#\/schema\/person\/dcab619c614d3038751c63bc2aadc06d\"},\"description\":\"Potpredsjednik Gra\u0111anskog pokreta URA Dritan Abazovi\u0107 pozvao je Crnogorsku akademiju nauka i umjetnosti (CANU) i njenog predsjednika Momira \u0110urovi\u0107a da u\",\"breadcrumb\":{\"@id\":\"https:\/\/www.visit-ulcinj.com\/blog\/2016\/06\/09\/dritan-abazovic-pozvao-canu-da-koriguje-greske\/#breadcrumb\"},\"inLanguage\":\"en-US\",\"potentialAction\":[{\"@type\":\"ReadAction\",\"target\":[\"https:\/\/www.visit-ulcinj.com\/blog\/2016\/06\/09\/dritan-abazovic-pozvao-canu-da-koriguje-greske\/\"]}]},{\"@type\":\"BreadcrumbList\",\"@id\":\"https:\/\/www.visit-ulcinj.com\/blog\/2016\/06\/09\/dritan-abazovic-pozvao-canu-da-koriguje-greske\/#breadcrumb\",\"itemListElement\":[{\"@type\":\"ListItem\",\"position\":1,\"name\":\"Dritan Abazovi\u0107 pozvao CANU da koriguje gre\u0161ke\"}]},{\"@type\":\"Person\",\"@id\":\"https:\/\/www.visit-ulcinj.com\/blog\/#\/schema\/person\/dcab619c614d3038751c63bc2aadc06d\",\"name\":\"ulqini\",\"sameAs\":[\"http:\/\/www.visit-ulcinj.com\"],\"url\":\"https:\/\/www.visit-ulcinj.com\/blog\/author\/admin\/\"}]}<\/script>\n<!-- \/ Yoast SEO plugin. -->","yoast_head_json":{"title":"Dritan Abazovi\u0107 pozvao CANU da koriguje gre\u0161ke - Lajme nga Ulqini","description":"Potpredsjednik Gra\u0111anskog pokreta URA Dritan Abazovi\u0107 pozvao je Crnogorsku akademiju nauka i umjetnosti (CANU) i njenog predsjednika Momira \u0110urovi\u0107a da u","robots":{"index":"index","follow":"follow","max-snippet":"max-snippet:-1","max-image-preview":"max-image-preview:large","max-video-preview":"max-video-preview:-1"},"canonical":"https:\/\/www.visit-ulcinj.com\/blog\/2016\/06\/09\/dritan-abazovic-pozvao-canu-da-koriguje-greske\/","og_locale":"en_US","og_type":"article","og_title":"Dritan Abazovi\u0107 pozvao CANU da koriguje gre\u0161ke - Lajme nga Ulqini","og_description":"Potpredsjednik Gra\u0111anskog pokreta URA Dritan Abazovi\u0107 pozvao je Crnogorsku akademiju nauka i umjetnosti (CANU) i njenog predsjednika Momira \u0110urovi\u0107a da u","og_url":"https:\/\/www.visit-ulcinj.com\/blog\/2016\/06\/09\/dritan-abazovic-pozvao-canu-da-koriguje-greske\/","og_site_name":"Lajme nga Ulqini","article_published_time":"2016-06-09T17:10:57+00:00","og_image":[{"url":"http:\/\/www.visit-ulcinj.com\/blog\/wp-content\/uploads\/2016\/06\/Dritan-Abazovic-URA.jpg"}],"twitter_misc":{"Written by":"ulqini","Est. reading time":"2 minutes"},"schema":{"@context":"https:\/\/schema.org","@graph":[{"@type":"WebSite","@id":"https:\/\/www.visit-ulcinj.com\/blog\/#website","url":"https:\/\/www.visit-ulcinj.com\/blog\/","name":"Lajme nga Ulqini","description":"Lajme,Vijesti,Ulqini,Ulqin,Crna Gora,Mali i Zi","potentialAction":[{"@type":"SearchAction","target":{"@type":"EntryPoint","urlTemplate":"https:\/\/www.visit-ulcinj.com\/blog\/?s={search_term_string}"},"query-input":"required name=search_term_string"}],"inLanguage":"en-US"},{"@type":"ImageObject","inLanguage":"en-US","@id":"https:\/\/www.visit-ulcinj.com\/blog\/2016\/06\/09\/dritan-abazovic-pozvao-canu-da-koriguje-greske\/#primaryimage","url":"https:\/\/www.visit-ulcinj.com\/blog\/wp-content\/uploads\/2016\/06\/Dritan-Abazovic-URA.jpg","contentUrl":"https:\/\/www.visit-ulcinj.com\/blog\/wp-content\/uploads\/2016\/06\/Dritan-Abazovic-URA.jpg","width":900,"height":554},{"@type":"WebPage","@id":"https:\/\/www.visit-ulcinj.com\/blog\/2016\/06\/09\/dritan-abazovic-pozvao-canu-da-koriguje-greske\/#webpage","url":"https:\/\/www.visit-ulcinj.com\/blog\/2016\/06\/09\/dritan-abazovic-pozvao-canu-da-koriguje-greske\/","name":"Dritan Abazovi\u0107 pozvao CANU da koriguje gre\u0161ke - Lajme nga Ulqini","isPartOf":{"@id":"https:\/\/www.visit-ulcinj.com\/blog\/#website"},"primaryImageOfPage":{"@id":"https:\/\/www.visit-ulcinj.com\/blog\/2016\/06\/09\/dritan-abazovic-pozvao-canu-da-koriguje-greske\/#primaryimage"},"datePublished":"2016-06-09T17:10:57+00:00","dateModified":"2016-06-09T17:10:57+00:00","author":{"@id":"https:\/\/www.visit-ulcinj.com\/blog\/#\/schema\/person\/dcab619c614d3038751c63bc2aadc06d"},"description":"Potpredsjednik Gra\u0111anskog pokreta URA Dritan Abazovi\u0107 pozvao je Crnogorsku akademiju nauka i umjetnosti (CANU) i njenog predsjednika Momira \u0110urovi\u0107a da u","breadcrumb":{"@id":"https:\/\/www.visit-ulcinj.com\/blog\/2016\/06\/09\/dritan-abazovic-pozvao-canu-da-koriguje-greske\/#breadcrumb"},"inLanguage":"en-US","potentialAction":[{"@type":"ReadAction","target":["https:\/\/www.visit-ulcinj.com\/blog\/2016\/06\/09\/dritan-abazovic-pozvao-canu-da-koriguje-greske\/"]}]},{"@type":"BreadcrumbList","@id":"https:\/\/www.visit-ulcinj.com\/blog\/2016\/06\/09\/dritan-abazovic-pozvao-canu-da-koriguje-greske\/#breadcrumb","itemListElement":[{"@type":"ListItem","position":1,"name":"Dritan Abazovi\u0107 pozvao CANU da koriguje gre\u0161ke"}]},{"@type":"Person","@id":"https:\/\/www.visit-ulcinj.com\/blog\/#\/schema\/person\/dcab619c614d3038751c63bc2aadc06d","name":"ulqini","sameAs":["http:\/\/www.visit-ulcinj.com"],"url":"https:\/\/www.visit-ulcinj.com\/blog\/author\/admin\/"}]}},"jetpack_featured_media_url":"","jetpack_sharing_enabled":true,"jetpack_shortlink":"https:\/\/wp.me\/pe6lTn-plX","_links":{"self":[{"href":"https:\/\/www.visit-ulcinj.com\/blog\/wp-json\/wp\/v2\/posts\/97461"}],"collection":[{"href":"https:\/\/www.visit-ulcinj.com\/blog\/wp-json\/wp\/v2\/posts"}],"about":[{"href":"https:\/\/www.visit-ulcinj.com\/blog\/wp-json\/wp\/v2\/types\/post"}],"author":[{"embeddable":true,"href":"https:\/\/www.visit-ulcinj.com\/blog\/wp-json\/wp\/v2\/users\/1"}],"replies":[{"embeddable":true,"href":"https:\/\/www.visit-ulcinj.com\/blog\/wp-json\/wp\/v2\/comments?post=97461"}],"version-history":[{"count":1,"href":"https:\/\/www.visit-ulcinj.com\/blog\/wp-json\/wp\/v2\/posts\/97461\/revisions"}],"predecessor-version":[{"id":97463,"href":"https:\/\/www.visit-ulcinj.com\/blog\/wp-json\/wp\/v2\/posts\/97461\/revisions\/97463"}],"wp:attachment":[{"href":"https:\/\/www.visit-ulcinj.com\/blog\/wp-json\/wp\/v2\/media?parent=97461"}],"wp:term":[{"taxonomy":"category","embeddable":true,"href":"https:\/\/www.visit-ulcinj.com\/blog\/wp-json\/wp\/v2\/categories?post=97461"},{"taxonomy":"post_tag","embeddable":true,"href":"https:\/\/www.visit-ulcinj.com\/blog\/wp-json\/wp\/v2\/tags?post=97461"}],"curies":[{"name":"wp","href":"https:\/\/api.w.org\/{rel}","templated":true}]}}