{"id":97464,"date":"2016-06-09T18:16:50","date_gmt":"2016-06-09T17:16:50","guid":{"rendered":"http:\/\/www.visit-ulcinj.com\/blog\/?p=97464"},"modified":"2016-06-09T18:17:34","modified_gmt":"2016-06-09T17:17:34","slug":"abazoviq-amsha-te-korrigjoje-gabimet-ne-fjalor-malazez","status":"publish","type":"post","link":"https:\/\/www.visit-ulcinj.com\/blog\/2016\/06\/09\/abazoviq-amsha-te-korrigjoje-gabimet-ne-fjalor-malazez\/","title":{"rendered":"Abazoviq: AMShA t\u00eb korrigjoj\u00eb gabimet n\u00eb Fjalor Malazez"},"content":{"rendered":"<p><a href=\"http:\/\/www.visit-ulcinj.com\/blog\/wp-content\/uploads\/2016\/06\/Dritan-Abazovic-URA.jpg\"><img loading=\"lazy\" class=\"alignleft wp-image-97462\" src=\"http:\/\/www.visit-ulcinj.com\/blog\/wp-content\/uploads\/2016\/06\/Dritan-Abazovic-URA.jpg\" alt=\"Dritan-Abazovic-URA\" width=\"508\" height=\"313\" srcset=\"https:\/\/www.visit-ulcinj.com\/blog\/wp-content\/uploads\/2016\/06\/Dritan-Abazovic-URA.jpg 900w, https:\/\/www.visit-ulcinj.com\/blog\/wp-content\/uploads\/2016\/06\/Dritan-Abazovic-URA-300x185.jpg 300w, https:\/\/www.visit-ulcinj.com\/blog\/wp-content\/uploads\/2016\/06\/Dritan-Abazovic-URA-768x473.jpg 768w\" sizes=\"(max-width: 508px) 100vw, 508px\" \/><\/a>Edhe n\u00ebnkryetari i L\u00ebvizjes Qytetare URA, Dritan Abazoviq ka ftuar Akademin\u00eb malazeze t\u00eb shkencave dhe art\u00ebve dhe kryetarin e saj Momir Gjuroviq, q\u00eb n\u00eb nj\u00eb afat sa m\u00eb t\u00eb shkurt\u00ebr t\u2019i pranojn\u00eb dhe korrigjojn\u00eb gabimet irrituese n\u00eb fjalorin e Gjuh\u00ebs popullore dhe letrare malazeze. Abazoviq ka deklaruar se mbi fjalorin ka biseduar me Gjuroviqin, i cili i ka premtuar se do t\u00eb jen\u00eb t\u00eb hapur p\u00ebr t\u00eb gjitha sugjerimet.<\/p>\n<p>M\u00eb pastaj kan\u00eb pasuar disa kumtesa p\u00ebr opinion n\u00eb k\u00ebt\u00eb drejtim, kurse mendimi im modest \u00ebsht\u00eb se prap\u00ebseprap\u00eb \u00ebsht\u00eb dashur t\u00eb jen\u00eb m\u00eb t\u00eb vendosur, t\u00eb pranohen gabimet dhe t\u00eb korrigjohen n\u00eb nj\u00eb afat sa m\u00eb t\u00eb shkurt\u00ebr.<\/p>\n<p>Pres q\u00eb nga fjal\u00ebt t\u00eb kalohet n\u00eb vepra, ka th\u00ebn\u00eb Abazoviq p\u00ebr gazet\u00ebn Pobjeda. N\u00ebnkryetari i URA-s, ka p\u00ebrs\u00ebritur se do t\u00eb ishte i g\u00ebzuar sikurse fjalori do t\u00eb ishte problemi m\u00eb i madh n\u00eb Mal t\u00eb Zi, sepse kjo do t\u00eb thot\u00eb se si shoq\u00ebri kemi arritur shum\u00eb. Natyrisht, kjo nuk \u00ebsht\u00eb k\u00ebshtu. N\u00eb t\u00ebr\u00ebsi jam i pajtimit se disa p\u00ebrcaktime n\u00eb fjalor jan\u00eb t\u00eb papranueshme dhe fyese, por e pyes publikisht kolegun Nik Gjeloshaj, si edhe koleg\u00ebt e tjer\u00eb q\u00eb jan\u00eb shprehur publikisht mbi k\u00ebt\u00eb \u00e7\u00ebshtje: \u201cP\u00ebr cil\u00ebn nga \u00e7\u00ebshtjet kini qen\u00eb kaq aktiv?<\/p>\n<p>P\u00ebr Kriporen, Komun\u00ebn e Tuzit, afer\u00ebn Zavalla? P\u00ebr \u00e7\u00ebshtjen e Husajve? P\u00ebr t\u00eb gjitha k\u00ebto kan\u00eb folur vet\u00ebm ndonj\u00ebher\u00eb kalimthi, kurse gjat\u00eb gjith\u00eb k\u00ebsaj kohe e kan\u00eb p\u00ebrkrahur pushtetin.<\/p>\n<p>RTCG<\/p>\n","protected":false},"excerpt":{"rendered":"<p>Edhe n\u00ebnkryetari i L\u00ebvizjes Qytetare URA, Dritan Abazoviq ka ftuar Akademin\u00eb malazeze t\u00eb shkencave dhe art\u00ebve dhe kryetarin e saj Momir Gjuroviq, q\u00eb n\u00eb nj\u00eb afat sa m\u00eb t\u00eb shkurt\u00ebr t\u2019i pranojn\u00eb dhe korrigjojn\u00eb gabimet irrituese n\u00eb fjalorin e Gjuh\u00ebs popullore dhe letrare malazeze. Abazoviq ka deklaruar se mbi fjalorin ka biseduar me Gjuroviqin, i [&hellip;]<\/p>\n","protected":false},"author":1,"featured_media":0,"comment_status":"closed","ping_status":"closed","sticky":false,"template":"","format":"standard","meta":{"spay_email":"","jetpack_publicize_message":"","jetpack_is_tweetstorm":false,"jetpack_publicize_feature_enabled":true},"categories":[4],"tags":[],"jetpack_publicize_connections":[],"yoast_head":"<!-- This site is optimized with the Yoast SEO plugin v19.1 - https:\/\/yoast.com\/wordpress\/plugins\/seo\/ -->\n<title>Abazoviq: AMShA t\u00eb korrigjoj\u00eb gabimet n\u00eb Fjalor Malazez - Lajme nga Ulqini<\/title>\n<meta name=\"description\" content=\"Edhe n\u00ebnkryetari i L\u00ebvizjes Qytetare URA, Dritan Abazoviq ka ftuar Akademin\u00eb malazeze t\u00eb shkencave dhe art\u00ebve dhe kryetarin e saj Momir Gjuroviq, q\u00eb n\u00eb\" \/>\n<meta name=\"robots\" content=\"index, follow, max-snippet:-1, max-image-preview:large, max-video-preview:-1\" \/>\n<link rel=\"canonical\" href=\"https:\/\/www.visit-ulcinj.com\/blog\/2016\/06\/09\/abazoviq-amsha-te-korrigjoje-gabimet-ne-fjalor-malazez\/\" \/>\n<meta property=\"og:locale\" content=\"en_US\" \/>\n<meta property=\"og:type\" content=\"article\" \/>\n<meta property=\"og:title\" content=\"Abazoviq: AMShA t\u00eb korrigjoj\u00eb gabimet n\u00eb Fjalor Malazez - Lajme nga Ulqini\" \/>\n<meta property=\"og:description\" content=\"Edhe n\u00ebnkryetari i L\u00ebvizjes Qytetare URA, Dritan Abazoviq ka ftuar Akademin\u00eb malazeze t\u00eb shkencave dhe art\u00ebve dhe kryetarin e saj Momir Gjuroviq, q\u00eb n\u00eb\" \/>\n<meta property=\"og:url\" content=\"https:\/\/www.visit-ulcinj.com\/blog\/2016\/06\/09\/abazoviq-amsha-te-korrigjoje-gabimet-ne-fjalor-malazez\/\" \/>\n<meta property=\"og:site_name\" content=\"Lajme nga Ulqini\" \/>\n<meta property=\"article:published_time\" content=\"2016-06-09T17:16:50+00:00\" \/>\n<meta property=\"article:modified_time\" content=\"2016-06-09T17:17:34+00:00\" \/>\n<meta property=\"og:image\" content=\"http:\/\/www.visit-ulcinj.com\/blog\/wp-content\/uploads\/2016\/06\/Dritan-Abazovic-URA.jpg\" \/>\n<meta name=\"twitter:label1\" content=\"Written by\" \/>\n\t<meta name=\"twitter:data1\" content=\"ulqini\" \/>\n\t<meta name=\"twitter:label2\" content=\"Est. reading time\" \/>\n\t<meta name=\"twitter:data2\" content=\"1 minute\" \/>\n<script type=\"application\/ld+json\" class=\"yoast-schema-graph\">{\"@context\":\"https:\/\/schema.org\",\"@graph\":[{\"@type\":\"WebSite\",\"@id\":\"https:\/\/www.visit-ulcinj.com\/blog\/#website\",\"url\":\"https:\/\/www.visit-ulcinj.com\/blog\/\",\"name\":\"Lajme nga Ulqini\",\"description\":\"Lajme,Vijesti,Ulqini,Ulqin,Crna Gora,Mali i Zi\",\"potentialAction\":[{\"@type\":\"SearchAction\",\"target\":{\"@type\":\"EntryPoint\",\"urlTemplate\":\"https:\/\/www.visit-ulcinj.com\/blog\/?s={search_term_string}\"},\"query-input\":\"required name=search_term_string\"}],\"inLanguage\":\"en-US\"},{\"@type\":\"ImageObject\",\"inLanguage\":\"en-US\",\"@id\":\"https:\/\/www.visit-ulcinj.com\/blog\/2016\/06\/09\/abazoviq-amsha-te-korrigjoje-gabimet-ne-fjalor-malazez\/#primaryimage\",\"url\":\"https:\/\/www.visit-ulcinj.com\/blog\/wp-content\/uploads\/2016\/06\/Dritan-Abazovic-URA.jpg\",\"contentUrl\":\"https:\/\/www.visit-ulcinj.com\/blog\/wp-content\/uploads\/2016\/06\/Dritan-Abazovic-URA.jpg\",\"width\":900,\"height\":554},{\"@type\":\"WebPage\",\"@id\":\"https:\/\/www.visit-ulcinj.com\/blog\/2016\/06\/09\/abazoviq-amsha-te-korrigjoje-gabimet-ne-fjalor-malazez\/#webpage\",\"url\":\"https:\/\/www.visit-ulcinj.com\/blog\/2016\/06\/09\/abazoviq-amsha-te-korrigjoje-gabimet-ne-fjalor-malazez\/\",\"name\":\"Abazoviq: AMShA t\u00eb korrigjoj\u00eb gabimet n\u00eb Fjalor Malazez - Lajme nga Ulqini\",\"isPartOf\":{\"@id\":\"https:\/\/www.visit-ulcinj.com\/blog\/#website\"},\"primaryImageOfPage\":{\"@id\":\"https:\/\/www.visit-ulcinj.com\/blog\/2016\/06\/09\/abazoviq-amsha-te-korrigjoje-gabimet-ne-fjalor-malazez\/#primaryimage\"},\"datePublished\":\"2016-06-09T17:16:50+00:00\",\"dateModified\":\"2016-06-09T17:17:34+00:00\",\"author\":{\"@id\":\"https:\/\/www.visit-ulcinj.com\/blog\/#\/schema\/person\/dcab619c614d3038751c63bc2aadc06d\"},\"description\":\"Edhe n\u00ebnkryetari i L\u00ebvizjes Qytetare URA, Dritan Abazoviq ka ftuar Akademin\u00eb malazeze t\u00eb shkencave dhe art\u00ebve dhe kryetarin e saj Momir Gjuroviq, q\u00eb n\u00eb\",\"breadcrumb\":{\"@id\":\"https:\/\/www.visit-ulcinj.com\/blog\/2016\/06\/09\/abazoviq-amsha-te-korrigjoje-gabimet-ne-fjalor-malazez\/#breadcrumb\"},\"inLanguage\":\"en-US\",\"potentialAction\":[{\"@type\":\"ReadAction\",\"target\":[\"https:\/\/www.visit-ulcinj.com\/blog\/2016\/06\/09\/abazoviq-amsha-te-korrigjoje-gabimet-ne-fjalor-malazez\/\"]}]},{\"@type\":\"BreadcrumbList\",\"@id\":\"https:\/\/www.visit-ulcinj.com\/blog\/2016\/06\/09\/abazoviq-amsha-te-korrigjoje-gabimet-ne-fjalor-malazez\/#breadcrumb\",\"itemListElement\":[{\"@type\":\"ListItem\",\"position\":1,\"name\":\"Abazoviq: AMShA t\u00eb korrigjoj\u00eb gabimet n\u00eb Fjalor Malazez\"}]},{\"@type\":\"Person\",\"@id\":\"https:\/\/www.visit-ulcinj.com\/blog\/#\/schema\/person\/dcab619c614d3038751c63bc2aadc06d\",\"name\":\"ulqini\",\"sameAs\":[\"http:\/\/www.visit-ulcinj.com\"],\"url\":\"https:\/\/www.visit-ulcinj.com\/blog\/author\/admin\/\"}]}<\/script>\n<!-- \/ Yoast SEO plugin. -->","yoast_head_json":{"title":"Abazoviq: AMShA t\u00eb korrigjoj\u00eb gabimet n\u00eb Fjalor Malazez - Lajme nga Ulqini","description":"Edhe n\u00ebnkryetari i L\u00ebvizjes Qytetare URA, Dritan Abazoviq ka ftuar Akademin\u00eb malazeze t\u00eb shkencave dhe art\u00ebve dhe kryetarin e saj Momir Gjuroviq, q\u00eb n\u00eb","robots":{"index":"index","follow":"follow","max-snippet":"max-snippet:-1","max-image-preview":"max-image-preview:large","max-video-preview":"max-video-preview:-1"},"canonical":"https:\/\/www.visit-ulcinj.com\/blog\/2016\/06\/09\/abazoviq-amsha-te-korrigjoje-gabimet-ne-fjalor-malazez\/","og_locale":"en_US","og_type":"article","og_title":"Abazoviq: AMShA t\u00eb korrigjoj\u00eb gabimet n\u00eb Fjalor Malazez - Lajme nga Ulqini","og_description":"Edhe n\u00ebnkryetari i L\u00ebvizjes Qytetare URA, Dritan Abazoviq ka ftuar Akademin\u00eb malazeze t\u00eb shkencave dhe art\u00ebve dhe kryetarin e saj Momir Gjuroviq, q\u00eb n\u00eb","og_url":"https:\/\/www.visit-ulcinj.com\/blog\/2016\/06\/09\/abazoviq-amsha-te-korrigjoje-gabimet-ne-fjalor-malazez\/","og_site_name":"Lajme nga Ulqini","article_published_time":"2016-06-09T17:16:50+00:00","article_modified_time":"2016-06-09T17:17:34+00:00","og_image":[{"url":"http:\/\/www.visit-ulcinj.com\/blog\/wp-content\/uploads\/2016\/06\/Dritan-Abazovic-URA.jpg"}],"twitter_misc":{"Written by":"ulqini","Est. reading time":"1 minute"},"schema":{"@context":"https:\/\/schema.org","@graph":[{"@type":"WebSite","@id":"https:\/\/www.visit-ulcinj.com\/blog\/#website","url":"https:\/\/www.visit-ulcinj.com\/blog\/","name":"Lajme nga Ulqini","description":"Lajme,Vijesti,Ulqini,Ulqin,Crna Gora,Mali i Zi","potentialAction":[{"@type":"SearchAction","target":{"@type":"EntryPoint","urlTemplate":"https:\/\/www.visit-ulcinj.com\/blog\/?s={search_term_string}"},"query-input":"required name=search_term_string"}],"inLanguage":"en-US"},{"@type":"ImageObject","inLanguage":"en-US","@id":"https:\/\/www.visit-ulcinj.com\/blog\/2016\/06\/09\/abazoviq-amsha-te-korrigjoje-gabimet-ne-fjalor-malazez\/#primaryimage","url":"https:\/\/www.visit-ulcinj.com\/blog\/wp-content\/uploads\/2016\/06\/Dritan-Abazovic-URA.jpg","contentUrl":"https:\/\/www.visit-ulcinj.com\/blog\/wp-content\/uploads\/2016\/06\/Dritan-Abazovic-URA.jpg","width":900,"height":554},{"@type":"WebPage","@id":"https:\/\/www.visit-ulcinj.com\/blog\/2016\/06\/09\/abazoviq-amsha-te-korrigjoje-gabimet-ne-fjalor-malazez\/#webpage","url":"https:\/\/www.visit-ulcinj.com\/blog\/2016\/06\/09\/abazoviq-amsha-te-korrigjoje-gabimet-ne-fjalor-malazez\/","name":"Abazoviq: AMShA t\u00eb korrigjoj\u00eb gabimet n\u00eb Fjalor Malazez - Lajme nga Ulqini","isPartOf":{"@id":"https:\/\/www.visit-ulcinj.com\/blog\/#website"},"primaryImageOfPage":{"@id":"https:\/\/www.visit-ulcinj.com\/blog\/2016\/06\/09\/abazoviq-amsha-te-korrigjoje-gabimet-ne-fjalor-malazez\/#primaryimage"},"datePublished":"2016-06-09T17:16:50+00:00","dateModified":"2016-06-09T17:17:34+00:00","author":{"@id":"https:\/\/www.visit-ulcinj.com\/blog\/#\/schema\/person\/dcab619c614d3038751c63bc2aadc06d"},"description":"Edhe n\u00ebnkryetari i L\u00ebvizjes Qytetare URA, Dritan Abazoviq ka ftuar Akademin\u00eb malazeze t\u00eb shkencave dhe art\u00ebve dhe kryetarin e saj Momir Gjuroviq, q\u00eb n\u00eb","breadcrumb":{"@id":"https:\/\/www.visit-ulcinj.com\/blog\/2016\/06\/09\/abazoviq-amsha-te-korrigjoje-gabimet-ne-fjalor-malazez\/#breadcrumb"},"inLanguage":"en-US","potentialAction":[{"@type":"ReadAction","target":["https:\/\/www.visit-ulcinj.com\/blog\/2016\/06\/09\/abazoviq-amsha-te-korrigjoje-gabimet-ne-fjalor-malazez\/"]}]},{"@type":"BreadcrumbList","@id":"https:\/\/www.visit-ulcinj.com\/blog\/2016\/06\/09\/abazoviq-amsha-te-korrigjoje-gabimet-ne-fjalor-malazez\/#breadcrumb","itemListElement":[{"@type":"ListItem","position":1,"name":"Abazoviq: AMShA t\u00eb korrigjoj\u00eb gabimet n\u00eb Fjalor Malazez"}]},{"@type":"Person","@id":"https:\/\/www.visit-ulcinj.com\/blog\/#\/schema\/person\/dcab619c614d3038751c63bc2aadc06d","name":"ulqini","sameAs":["http:\/\/www.visit-ulcinj.com"],"url":"https:\/\/www.visit-ulcinj.com\/blog\/author\/admin\/"}]}},"jetpack_featured_media_url":"","jetpack_sharing_enabled":true,"jetpack_shortlink":"https:\/\/wp.me\/pe6lTn-pm0","_links":{"self":[{"href":"https:\/\/www.visit-ulcinj.com\/blog\/wp-json\/wp\/v2\/posts\/97464"}],"collection":[{"href":"https:\/\/www.visit-ulcinj.com\/blog\/wp-json\/wp\/v2\/posts"}],"about":[{"href":"https:\/\/www.visit-ulcinj.com\/blog\/wp-json\/wp\/v2\/types\/post"}],"author":[{"embeddable":true,"href":"https:\/\/www.visit-ulcinj.com\/blog\/wp-json\/wp\/v2\/users\/1"}],"replies":[{"embeddable":true,"href":"https:\/\/www.visit-ulcinj.com\/blog\/wp-json\/wp\/v2\/comments?post=97464"}],"version-history":[{"count":2,"href":"https:\/\/www.visit-ulcinj.com\/blog\/wp-json\/wp\/v2\/posts\/97464\/revisions"}],"predecessor-version":[{"id":97466,"href":"https:\/\/www.visit-ulcinj.com\/blog\/wp-json\/wp\/v2\/posts\/97464\/revisions\/97466"}],"wp:attachment":[{"href":"https:\/\/www.visit-ulcinj.com\/blog\/wp-json\/wp\/v2\/media?parent=97464"}],"wp:term":[{"taxonomy":"category","embeddable":true,"href":"https:\/\/www.visit-ulcinj.com\/blog\/wp-json\/wp\/v2\/categories?post=97464"},{"taxonomy":"post_tag","embeddable":true,"href":"https:\/\/www.visit-ulcinj.com\/blog\/wp-json\/wp\/v2\/tags?post=97464"}],"curies":[{"name":"wp","href":"https:\/\/api.w.org\/{rel}","templated":true}]}}