{"id":97467,"date":"2016-06-09T18:21:01","date_gmt":"2016-06-09T17:21:01","guid":{"rendered":"http:\/\/www.visit-ulcinj.com\/blog\/?p=97467"},"modified":"2016-06-09T18:21:01","modified_gmt":"2016-06-09T17:21:01","slug":"kuvendi-komunal-ulqinit-prape-probleme-kuorum-ne-pritje-vendimi-per-pagat","status":"publish","type":"post","link":"https:\/\/www.visit-ulcinj.com\/blog\/2016\/06\/09\/kuvendi-komunal-ulqinit-prape-probleme-kuorum-ne-pritje-vendimi-per-pagat\/","title":{"rendered":"Kuvendi komunal i Ulqinit:   Prap\u00eb probleme me kuorum, n\u00eb pritje vendimi p\u00ebr pagat"},"content":{"rendered":"<p><a href=\"http:\/\/www.visit-ulcinj.com\/blog\/wp-content\/uploads\/2013\/04\/skupstina-opstina-ulcinj.jpg\"><img loading=\"lazy\" class=\"alignleft wp-image-70749\" src=\"http:\/\/www.visit-ulcinj.com\/blog\/wp-content\/uploads\/2013\/04\/skupstina-opstina-ulcinj.jpg\" alt=\"skupstina opstina ulcinj\" width=\"508\" height=\"286\" srcset=\"https:\/\/www.visit-ulcinj.com\/blog\/wp-content\/uploads\/2013\/04\/skupstina-opstina-ulcinj.jpg 640w, https:\/\/www.visit-ulcinj.com\/blog\/wp-content\/uploads\/2013\/04\/skupstina-opstina-ulcinj-300x168.jpg 300w\" sizes=\"(max-width: 508px) 100vw, 508px\" \/><\/a>Kuvendi komunal i Ulqinit gjat\u00eb mbledhjes s\u00eb djeshme prap\u00eb kishte probleme me kuorum. P\u00ebr k\u00ebt\u00eb arsye kryetari i Parlamentit Loro Nrekiq n\u00eb fund t\u00eb seanc\u00ebs ka th\u00ebn\u00eb se i vjen turp, ve\u00e7an\u00ebrisht p\u00ebr arsye se koalicioni qeveris\u00ebs ka tre t\u00eb kat\u00ebrtat e k\u00ebshilltar\u00ebve. P\u00ebr shkak t\u00eb kund\u00ebrshtimit t\u00eb \u201cKoalicionit bashk\u00eb p\u00ebr t\u00eb ardhmen e Ulqinit\u201d dhe opozit\u00ebs nuk \u00ebsht\u00eb votuar p\u00ebr Propozim Vendimin p\u00ebr pagat e punonj\u00ebsve lokal n\u00eb Komun\u00eb t\u00eb Ulqinit.<\/p>\n<p>\u201cNuk mund t\u00eb pranojm\u00eb q\u00eb t\u00eb zvog\u00eblohen pagat atyre q\u00eb fitojn\u00eb m\u00eb pak, nd\u00ebrsa t\u00eb ju rrit\u00ebn atyre q\u00eb i kan\u00eb m\u00eb t\u00eb larta. Kjo \u00ebsht\u00eb e padrejt\u00eb\u201d, than\u00eb ata derisa Nrekiq ka th\u00ebn\u00eb se vendimi duhet t\u00eb miratohet sepse ligji p\u00ebr k\u00ebt\u00eb \u00ebsht\u00eb miratuar n\u00eb Kuvendin e Malit t\u00eb Zi, njofton portali Ul- Info.com. Ai shtoi q\u00eb p\u00ebr k\u00ebt\u00eb vendim do t\u00eb votohet n\u00eb vazhdim t\u00eb mbledhjes, nd\u00ebrsa p\u00ebr dat\u00ebn e sakt\u00eb k\u00ebshilltar\u00ebt dhe opinioni do t\u00eb lajm\u00ebrohet. P\u00ebrndryshe, k\u00ebshilltarin Fuad Haxhibetin, i cili dha dor\u00ebheqje, e z\u00ebvend\u00ebsoj\u00eb Kujtim Nimanbegu.<\/p>\n<p>TVCG<\/p>\n","protected":false},"excerpt":{"rendered":"<p>Kuvendi komunal i Ulqinit gjat\u00eb mbledhjes s\u00eb djeshme prap\u00eb kishte probleme me kuorum. P\u00ebr k\u00ebt\u00eb arsye kryetari i Parlamentit Loro Nrekiq n\u00eb fund t\u00eb seanc\u00ebs ka th\u00ebn\u00eb se i vjen turp, ve\u00e7an\u00ebrisht p\u00ebr arsye se koalicioni qeveris\u00ebs ka tre t\u00eb kat\u00ebrtat e k\u00ebshilltar\u00ebve. P\u00ebr shkak t\u00eb kund\u00ebrshtimit t\u00eb \u201cKoalicionit bashk\u00eb p\u00ebr t\u00eb ardhmen e Ulqinit\u201d [&hellip;]<\/p>\n","protected":false},"author":1,"featured_media":0,"comment_status":"closed","ping_status":"closed","sticky":false,"template":"","format":"standard","meta":{"spay_email":"","jetpack_publicize_message":"","jetpack_is_tweetstorm":false,"jetpack_publicize_feature_enabled":true},"categories":[6950],"tags":[],"jetpack_publicize_connections":[],"yoast_head":"<!-- This site is optimized with the Yoast SEO plugin v19.1 - https:\/\/yoast.com\/wordpress\/plugins\/seo\/ -->\n<title>Kuvendi komunal i Ulqinit:  Prap\u00eb probleme me kuorum, n\u00eb pritje vendimi p\u00ebr pagat - Lajme nga Ulqini<\/title>\n<meta name=\"description\" content=\"Kuvendi komunal i Ulqinit gjat\u00eb mbledhjes s\u00eb djeshme prap\u00eb kishte probleme me kuorum. P\u00ebr k\u00ebt\u00eb arsye kryetari i Parlamentit Loro Nrekiq n\u00eb fund t\u00eb seanc\u00ebs\" \/>\n<meta name=\"robots\" content=\"index, follow, max-snippet:-1, max-image-preview:large, max-video-preview:-1\" \/>\n<link rel=\"canonical\" href=\"https:\/\/www.visit-ulcinj.com\/blog\/2016\/06\/09\/kuvendi-komunal-ulqinit-prape-probleme-kuorum-ne-pritje-vendimi-per-pagat\/\" \/>\n<meta property=\"og:locale\" content=\"en_US\" \/>\n<meta property=\"og:type\" content=\"article\" \/>\n<meta property=\"og:title\" content=\"Kuvendi komunal i Ulqinit:  Prap\u00eb probleme me kuorum, n\u00eb pritje vendimi p\u00ebr pagat - Lajme nga Ulqini\" \/>\n<meta property=\"og:description\" content=\"Kuvendi komunal i Ulqinit gjat\u00eb mbledhjes s\u00eb djeshme prap\u00eb kishte probleme me kuorum. P\u00ebr k\u00ebt\u00eb arsye kryetari i Parlamentit Loro Nrekiq n\u00eb fund t\u00eb seanc\u00ebs\" \/>\n<meta property=\"og:url\" content=\"https:\/\/www.visit-ulcinj.com\/blog\/2016\/06\/09\/kuvendi-komunal-ulqinit-prape-probleme-kuorum-ne-pritje-vendimi-per-pagat\/\" \/>\n<meta property=\"og:site_name\" content=\"Lajme nga Ulqini\" \/>\n<meta property=\"article:published_time\" content=\"2016-06-09T17:21:01+00:00\" \/>\n<meta property=\"og:image\" content=\"http:\/\/www.visit-ulcinj.com\/blog\/wp-content\/uploads\/2013\/04\/skupstina-opstina-ulcinj.jpg\" \/>\n<meta name=\"twitter:label1\" content=\"Written by\" \/>\n\t<meta name=\"twitter:data1\" content=\"ulqini\" \/>\n\t<meta name=\"twitter:label2\" content=\"Est. reading time\" \/>\n\t<meta name=\"twitter:data2\" content=\"1 minute\" \/>\n<script type=\"application\/ld+json\" class=\"yoast-schema-graph\">{\"@context\":\"https:\/\/schema.org\",\"@graph\":[{\"@type\":\"WebSite\",\"@id\":\"https:\/\/www.visit-ulcinj.com\/blog\/#website\",\"url\":\"https:\/\/www.visit-ulcinj.com\/blog\/\",\"name\":\"Lajme nga Ulqini\",\"description\":\"Lajme,Vijesti,Ulqini,Ulqin,Crna Gora,Mali i Zi\",\"potentialAction\":[{\"@type\":\"SearchAction\",\"target\":{\"@type\":\"EntryPoint\",\"urlTemplate\":\"https:\/\/www.visit-ulcinj.com\/blog\/?s={search_term_string}\"},\"query-input\":\"required name=search_term_string\"}],\"inLanguage\":\"en-US\"},{\"@type\":\"ImageObject\",\"inLanguage\":\"en-US\",\"@id\":\"https:\/\/www.visit-ulcinj.com\/blog\/2016\/06\/09\/kuvendi-komunal-ulqinit-prape-probleme-kuorum-ne-pritje-vendimi-per-pagat\/#primaryimage\",\"url\":\"https:\/\/www.visit-ulcinj.com\/blog\/wp-content\/uploads\/2013\/04\/skupstina-opstina-ulcinj.jpg\",\"contentUrl\":\"https:\/\/www.visit-ulcinj.com\/blog\/wp-content\/uploads\/2013\/04\/skupstina-opstina-ulcinj.jpg\",\"width\":640,\"height\":360},{\"@type\":\"WebPage\",\"@id\":\"https:\/\/www.visit-ulcinj.com\/blog\/2016\/06\/09\/kuvendi-komunal-ulqinit-prape-probleme-kuorum-ne-pritje-vendimi-per-pagat\/#webpage\",\"url\":\"https:\/\/www.visit-ulcinj.com\/blog\/2016\/06\/09\/kuvendi-komunal-ulqinit-prape-probleme-kuorum-ne-pritje-vendimi-per-pagat\/\",\"name\":\"Kuvendi komunal i Ulqinit: Prap\u00eb probleme me kuorum, n\u00eb pritje vendimi p\u00ebr pagat - Lajme nga Ulqini\",\"isPartOf\":{\"@id\":\"https:\/\/www.visit-ulcinj.com\/blog\/#website\"},\"primaryImageOfPage\":{\"@id\":\"https:\/\/www.visit-ulcinj.com\/blog\/2016\/06\/09\/kuvendi-komunal-ulqinit-prape-probleme-kuorum-ne-pritje-vendimi-per-pagat\/#primaryimage\"},\"datePublished\":\"2016-06-09T17:21:01+00:00\",\"dateModified\":\"2016-06-09T17:21:01+00:00\",\"author\":{\"@id\":\"https:\/\/www.visit-ulcinj.com\/blog\/#\/schema\/person\/dcab619c614d3038751c63bc2aadc06d\"},\"description\":\"Kuvendi komunal i Ulqinit gjat\u00eb mbledhjes s\u00eb djeshme prap\u00eb kishte probleme me kuorum. P\u00ebr k\u00ebt\u00eb arsye kryetari i Parlamentit Loro Nrekiq n\u00eb fund t\u00eb seanc\u00ebs\",\"breadcrumb\":{\"@id\":\"https:\/\/www.visit-ulcinj.com\/blog\/2016\/06\/09\/kuvendi-komunal-ulqinit-prape-probleme-kuorum-ne-pritje-vendimi-per-pagat\/#breadcrumb\"},\"inLanguage\":\"en-US\",\"potentialAction\":[{\"@type\":\"ReadAction\",\"target\":[\"https:\/\/www.visit-ulcinj.com\/blog\/2016\/06\/09\/kuvendi-komunal-ulqinit-prape-probleme-kuorum-ne-pritje-vendimi-per-pagat\/\"]}]},{\"@type\":\"BreadcrumbList\",\"@id\":\"https:\/\/www.visit-ulcinj.com\/blog\/2016\/06\/09\/kuvendi-komunal-ulqinit-prape-probleme-kuorum-ne-pritje-vendimi-per-pagat\/#breadcrumb\",\"itemListElement\":[{\"@type\":\"ListItem\",\"position\":1,\"name\":\"Kuvendi komunal i Ulqinit: Prap\u00eb probleme me kuorum, n\u00eb pritje vendimi p\u00ebr pagat\"}]},{\"@type\":\"Person\",\"@id\":\"https:\/\/www.visit-ulcinj.com\/blog\/#\/schema\/person\/dcab619c614d3038751c63bc2aadc06d\",\"name\":\"ulqini\",\"sameAs\":[\"http:\/\/www.visit-ulcinj.com\"],\"url\":\"https:\/\/www.visit-ulcinj.com\/blog\/author\/admin\/\"}]}<\/script>\n<!-- \/ Yoast SEO plugin. -->","yoast_head_json":{"title":"Kuvendi komunal i Ulqinit:  Prap\u00eb probleme me kuorum, n\u00eb pritje vendimi p\u00ebr pagat - Lajme nga Ulqini","description":"Kuvendi komunal i Ulqinit gjat\u00eb mbledhjes s\u00eb djeshme prap\u00eb kishte probleme me kuorum. P\u00ebr k\u00ebt\u00eb arsye kryetari i Parlamentit Loro Nrekiq n\u00eb fund t\u00eb seanc\u00ebs","robots":{"index":"index","follow":"follow","max-snippet":"max-snippet:-1","max-image-preview":"max-image-preview:large","max-video-preview":"max-video-preview:-1"},"canonical":"https:\/\/www.visit-ulcinj.com\/blog\/2016\/06\/09\/kuvendi-komunal-ulqinit-prape-probleme-kuorum-ne-pritje-vendimi-per-pagat\/","og_locale":"en_US","og_type":"article","og_title":"Kuvendi komunal i Ulqinit:  Prap\u00eb probleme me kuorum, n\u00eb pritje vendimi p\u00ebr pagat - Lajme nga Ulqini","og_description":"Kuvendi komunal i Ulqinit gjat\u00eb mbledhjes s\u00eb djeshme prap\u00eb kishte probleme me kuorum. P\u00ebr k\u00ebt\u00eb arsye kryetari i Parlamentit Loro Nrekiq n\u00eb fund t\u00eb seanc\u00ebs","og_url":"https:\/\/www.visit-ulcinj.com\/blog\/2016\/06\/09\/kuvendi-komunal-ulqinit-prape-probleme-kuorum-ne-pritje-vendimi-per-pagat\/","og_site_name":"Lajme nga Ulqini","article_published_time":"2016-06-09T17:21:01+00:00","og_image":[{"url":"http:\/\/www.visit-ulcinj.com\/blog\/wp-content\/uploads\/2013\/04\/skupstina-opstina-ulcinj.jpg"}],"twitter_misc":{"Written by":"ulqini","Est. reading time":"1 minute"},"schema":{"@context":"https:\/\/schema.org","@graph":[{"@type":"WebSite","@id":"https:\/\/www.visit-ulcinj.com\/blog\/#website","url":"https:\/\/www.visit-ulcinj.com\/blog\/","name":"Lajme nga Ulqini","description":"Lajme,Vijesti,Ulqini,Ulqin,Crna Gora,Mali i Zi","potentialAction":[{"@type":"SearchAction","target":{"@type":"EntryPoint","urlTemplate":"https:\/\/www.visit-ulcinj.com\/blog\/?s={search_term_string}"},"query-input":"required name=search_term_string"}],"inLanguage":"en-US"},{"@type":"ImageObject","inLanguage":"en-US","@id":"https:\/\/www.visit-ulcinj.com\/blog\/2016\/06\/09\/kuvendi-komunal-ulqinit-prape-probleme-kuorum-ne-pritje-vendimi-per-pagat\/#primaryimage","url":"https:\/\/www.visit-ulcinj.com\/blog\/wp-content\/uploads\/2013\/04\/skupstina-opstina-ulcinj.jpg","contentUrl":"https:\/\/www.visit-ulcinj.com\/blog\/wp-content\/uploads\/2013\/04\/skupstina-opstina-ulcinj.jpg","width":640,"height":360},{"@type":"WebPage","@id":"https:\/\/www.visit-ulcinj.com\/blog\/2016\/06\/09\/kuvendi-komunal-ulqinit-prape-probleme-kuorum-ne-pritje-vendimi-per-pagat\/#webpage","url":"https:\/\/www.visit-ulcinj.com\/blog\/2016\/06\/09\/kuvendi-komunal-ulqinit-prape-probleme-kuorum-ne-pritje-vendimi-per-pagat\/","name":"Kuvendi komunal i Ulqinit: Prap\u00eb probleme me kuorum, n\u00eb pritje vendimi p\u00ebr pagat - Lajme nga Ulqini","isPartOf":{"@id":"https:\/\/www.visit-ulcinj.com\/blog\/#website"},"primaryImageOfPage":{"@id":"https:\/\/www.visit-ulcinj.com\/blog\/2016\/06\/09\/kuvendi-komunal-ulqinit-prape-probleme-kuorum-ne-pritje-vendimi-per-pagat\/#primaryimage"},"datePublished":"2016-06-09T17:21:01+00:00","dateModified":"2016-06-09T17:21:01+00:00","author":{"@id":"https:\/\/www.visit-ulcinj.com\/blog\/#\/schema\/person\/dcab619c614d3038751c63bc2aadc06d"},"description":"Kuvendi komunal i Ulqinit gjat\u00eb mbledhjes s\u00eb djeshme prap\u00eb kishte probleme me kuorum. P\u00ebr k\u00ebt\u00eb arsye kryetari i Parlamentit Loro Nrekiq n\u00eb fund t\u00eb seanc\u00ebs","breadcrumb":{"@id":"https:\/\/www.visit-ulcinj.com\/blog\/2016\/06\/09\/kuvendi-komunal-ulqinit-prape-probleme-kuorum-ne-pritje-vendimi-per-pagat\/#breadcrumb"},"inLanguage":"en-US","potentialAction":[{"@type":"ReadAction","target":["https:\/\/www.visit-ulcinj.com\/blog\/2016\/06\/09\/kuvendi-komunal-ulqinit-prape-probleme-kuorum-ne-pritje-vendimi-per-pagat\/"]}]},{"@type":"BreadcrumbList","@id":"https:\/\/www.visit-ulcinj.com\/blog\/2016\/06\/09\/kuvendi-komunal-ulqinit-prape-probleme-kuorum-ne-pritje-vendimi-per-pagat\/#breadcrumb","itemListElement":[{"@type":"ListItem","position":1,"name":"Kuvendi komunal i Ulqinit: Prap\u00eb probleme me kuorum, n\u00eb pritje vendimi p\u00ebr pagat"}]},{"@type":"Person","@id":"https:\/\/www.visit-ulcinj.com\/blog\/#\/schema\/person\/dcab619c614d3038751c63bc2aadc06d","name":"ulqini","sameAs":["http:\/\/www.visit-ulcinj.com"],"url":"https:\/\/www.visit-ulcinj.com\/blog\/author\/admin\/"}]}},"jetpack_featured_media_url":"","jetpack_sharing_enabled":true,"jetpack_shortlink":"https:\/\/wp.me\/pe6lTn-pm3","_links":{"self":[{"href":"https:\/\/www.visit-ulcinj.com\/blog\/wp-json\/wp\/v2\/posts\/97467"}],"collection":[{"href":"https:\/\/www.visit-ulcinj.com\/blog\/wp-json\/wp\/v2\/posts"}],"about":[{"href":"https:\/\/www.visit-ulcinj.com\/blog\/wp-json\/wp\/v2\/types\/post"}],"author":[{"embeddable":true,"href":"https:\/\/www.visit-ulcinj.com\/blog\/wp-json\/wp\/v2\/users\/1"}],"replies":[{"embeddable":true,"href":"https:\/\/www.visit-ulcinj.com\/blog\/wp-json\/wp\/v2\/comments?post=97467"}],"version-history":[{"count":1,"href":"https:\/\/www.visit-ulcinj.com\/blog\/wp-json\/wp\/v2\/posts\/97467\/revisions"}],"predecessor-version":[{"id":97468,"href":"https:\/\/www.visit-ulcinj.com\/blog\/wp-json\/wp\/v2\/posts\/97467\/revisions\/97468"}],"wp:attachment":[{"href":"https:\/\/www.visit-ulcinj.com\/blog\/wp-json\/wp\/v2\/media?parent=97467"}],"wp:term":[{"taxonomy":"category","embeddable":true,"href":"https:\/\/www.visit-ulcinj.com\/blog\/wp-json\/wp\/v2\/categories?post=97467"},{"taxonomy":"post_tag","embeddable":true,"href":"https:\/\/www.visit-ulcinj.com\/blog\/wp-json\/wp\/v2\/tags?post=97467"}],"curies":[{"name":"wp","href":"https:\/\/api.w.org\/{rel}","templated":true}]}}