{"id":97478,"date":"2016-06-10T20:24:42","date_gmt":"2016-06-10T19:24:42","guid":{"rendered":"http:\/\/www.visit-ulcinj.com\/blog\/?p=97478"},"modified":"2016-06-11T05:11:21","modified_gmt":"2016-06-11T04:11:21","slug":"ikones-se-boksit-muhamed-ali-mijera-njerez-dhane-lamtumiren-e-fundit","status":"publish","type":"post","link":"https:\/\/www.visit-ulcinj.com\/blog\/2016\/06\/10\/ikones-se-boksit-muhamed-ali-mijera-njerez-dhane-lamtumiren-e-fundit\/","title":{"rendered":"Ikon\u00ebs s\u00eb boksit Muhamed Ali mij\u00ebra nj\u00ebr\u00ebz i dhan\u00eb lamtumir\u00ebn e fundit"},"content":{"rendered":"<p><a href=\"http:\/\/www.visit-ulcinj.com\/blog\/wp-content\/uploads\/2016\/06\/Muhamet-Ali-1.jpg\"><img loading=\"lazy\" class=\"alignleft wp-image-97482\" src=\"http:\/\/www.visit-ulcinj.com\/blog\/wp-content\/uploads\/2016\/06\/Muhamet-Ali-1.jpg\" alt=\"Muhamet-Ali-1\" width=\"508\" height=\"350\" \/><\/a>Muhamed Ali i cili u nda nga jeta m\u00eb 3 qershor t\u00eb k\u00ebtij viti n\u00eb spitalin e qytetit Scottdale t\u00eb Arizon\u00ebs, u varros sot me nderime t\u00eb larta n\u00eb vendlindjen e tij Louisville-Kentucky, t\u00eb SHBA-s\u00eb.<br \/>\nCassius Marcellus Clay i lindur m\u00eb 17 janar 1942 n\u00eb mosh\u00ebn 22 vje\u00e7are konvertohet n\u00eb islam, dhe q\u00eb nga kjo periudh\u00eb ai njihet si Muhamed Ali.<br \/>\nMe p\u00ebrgatitjen e duhur\u00a0 fizike dhe taktike si dhe me goditjet e\u00a0 tij t\u00eb rrufeshme konsiderohet si njeriu q\u00eb ktheu loj\u00ebn e boksit n\u00eb aren\u00eb t\u00eb forc\u00ebs, eleganc\u00ebs dhe humanizmit.<br \/>\nAi ishte vet\u00ebm 18 vje\u00e7 kur shk\u00eblqeu\u00a0 n\u00eb loj\u00ebrat olimpike t\u00eb mbajtura n\u00eb ver\u00ebn e vitit 1960 n\u00eb Rom\u00eb t\u00eb Italis\u00eb. N\u00eb k\u00ebt\u00eb olimpiad\u00eb ende me emrin e tij t\u00eb v\u00ebrtet\u00eb Cassius Clay fiton medaljen e art\u00eb n\u00eb kategorin\u00eb gjysm\u00eb t\u00eb r\u00ebnd\u00eb.<br \/>\nKulmin e suksesit\u00a0 e arrin m\u00eb 1964 kur n\u00eb pesh\u00ebn e r\u00ebnd\u00eb e deklason Sonny Liston-in, i cili deriat\u00ebher\u00eb njihej si i pamposhtur dhe i friksh\u00ebm p\u00ebr t\u00eb gjith\u00eb.<br \/>\nNga ky moment sikur Cassius Glay ndjen\u00eb di\u00e7ka n\u00eb shpirt\u00a0 dhe nga religjioni i tij i t\u00eb krishter\u00eb kthehet n\u00eb at\u00eb mysliman.<br \/>\nAi q\u00eb tani fillon t\u00eb njihet n\u00eb gjith\u00eb bot\u00ebn edhe si Muhamed Ali.<br \/>\nListon duke e konsideruar\u00a0 k\u00ebt\u00eb humbje si t\u00eb rast\u00ebsishme i k\u00ebrkon pas nj\u00eb viti prap\u00eb dyluftim Cassius-it t\u00eb konvertuar n\u00eb besim mysliman.<br \/>\nMir\u00ebpo edhe n\u00eb k\u00ebt\u00eb p\u00ebrballje Ali e shpartallon Liston-in dhe k\u00ebshtu paralajm\u00ebron adhuruesit e shkatht\u00ebsis\u00eb bujare se ai do t\u00eb jet\u00eb nj\u00eb yll q\u00eb\u00a0 do t\u00eb shndris\u00eb gjat\u00eb n\u00eb t\u00eb gjitha ringjet e bot\u00ebs.<br \/>\nAli tashm\u00eb i njohur si kampion bote n\u00eb kategorin\u00eb e r\u00ebnd\u00eb mund leht\u00eb dhe bindsh\u00ebm edhe boksier\u00eb t\u00eb tjer\u00eb me em\u00ebr si: Floyd Patterson, Honry Cooper dhe Brian London.<\/p>\n<p><strong>\u00a0<\/strong><\/p>\n<p><strong>Ftesa p\u00ebr t\u2019u Mobilizuar n\u00eb Ushtrin\u00eb Amerikane Prish Planet e Muhamed Ali<\/strong><\/p>\n<p><strong><br \/>\n<\/strong>Edhe pse sh\u00ebnonte suksese t\u00eb nj\u00ebpasnj\u00ebshme dhe ishte n\u00eb kulmin e karrier\u00ebs Ali m\u00eb 1967 ftohet n\u00eb armat\u00ebn amerikane .<br \/>\nAi duke qen\u00eb i sigurt se do t\u00eb d\u00ebrgohet n\u00eb luft\u00ebn e Vietnamit refuzon kategorikisht\u00a0 \u00a0mobilizimin n\u00eb k\u00ebt\u00eb ushtri.<br \/>\nSi pasoj\u00eb e k\u00ebtij kund\u00ebrshtimi atij i hiqet titulli dhe i merret e drejta p\u00ebr t\u2019u marr\u00eb me boks. Gjithashtu d\u00ebnohet edhe me pes\u00eb vjet heqje lirie dhe gjobitet edhe me t\u00eb holla.<br \/>\nP\u00ebrkund\u00ebr k\u00ebtyre masave nd\u00ebshkuese ai nuk nd\u00ebrron mendje. Madje haptas deklaron: \u201dNuk do t\u00eb p\u00ebrfshihem n\u00eb luft\u00ebn e Vietnamit, p\u00ebrderisa vietnamez\u00ebt s\u2019mbajn\u00eb paragjykime mbi ngjyr\u00ebn time\u201d<br \/>\nKy reagim i tij b\u00ebn\u00eb jehon\u00eb gjithandej dhe nuk von\u00eb shum\u00eb ai ftohet nga Universitete t\u00eb ndryshme t\u00eb Amerik\u00ebs, p\u00ebr t\u00eb mbajtur ligj\u00ebrat\u00eb mbi paqejen dhe barazin\u00eb midis popujve.<br \/>\nGjykata Supreme e SHBA-ve, n\u00eb qershor t\u00eb vitit 1970 shqyrton rastin Ali, dhe vendos n\u00eb favor t\u00eb tij.<br \/>\nPas tre vjet e gjysm\u00eb pauze Muhamed Ali ,rishfaqet n\u00eb ring duke i kryq\u00ebzuar dor\u00ebzat me Jerry Quarry dhe\u00a0 Oscar Bonavena, t\u00eb cil\u00ebt shpejt i detyron t\u00eb vet\u00ebdorzohen.<br \/>\nM\u00eb 8 mars 1971 Ali i pas 32 fitoreve spektakolare p\u00ebson humbjen e par\u00eb nga Jeo Frajzer.<br \/>\nI revoltuar jasht\u00eb mase nga kjo humbje mbledh\u00eb forc\u00eb dhe n\u00eb me\u00e7in e organizuar m\u00eb 29 janar 1974 n\u00eb New York, mund bindsh\u00ebm Joe \u00a0Frejzer-in.<br \/>\nPas n\u00ebnt\u00eb muajve konkretisht m\u00eb 4 n\u00ebntor 1974 n\u00eb Kinshasa t\u00eb Zaires( ish-Kongoja belge) Ali sh\u00ebnon fitore historike duke mundur me nokaut klasik boksierin e famsh\u00ebm amerikan George Foreman, me \u00e7ka edhe mbron p\u00ebr her\u00eb t\u00eb tret\u00eb titullin e kampionit t\u00eb bot\u00ebs n\u00eb pesh\u00ebn e r\u00ebnd\u00eb.<br \/>\nK\u00ebt\u00eb titull Ali si boksieri m\u00eb i mir\u00eb i shekullit t\u00eb -XX-t\u00eb e ruajti deri m\u00eb 1976.<br \/>\nM\u00eb 1980 Muhamed Ali\u00a0 kishte rastin q\u00eb t\u00eb b\u00ebhej p\u00ebr her\u00eb t\u00eb kat\u00ebrt\u00eb kampion bote por krejt e natyrshme k\u00ebsaj radhe humb me num\u00ebrim poen\u00ebsh nga Larry Holmes, duksh\u00ebm m\u00eb i ri.<br \/>\nAli\u00a0 e p\u00ebrfundon karrier\u00ebn e tij t\u00eb shk\u00eblqyer me\u00a0 11 dhjetor 1981 duke zhvilluar gjithsej 61 p\u00ebrballje profesioniste prej t\u00eb cilave 56 i kuror\u00ebzon me \u00a0fitore, ku 37 her\u00eb kund\u00ebrshtar\u00ebt i \u00e7on n\u00eb nokaut klasik, dhe p\u00ebson vet\u00ebm pes\u00eb humbje edhe ato pas num\u00ebrimit t\u00eb pik\u00ebve nga ana e gjyqtar\u00ebve. Nj\u00eb sukses si ky v\u00ebshtir\u00eb se do t\u00eb p\u00ebrs\u00ebritet ndonj\u00ebher\u00eb.<br \/>\nP\u00ebrpos rezultateve n\u00eb loj\u00ebn nd\u00ebrmjet litar\u00ebve Ali u dallua edhe si respektues i v\u00ebrtet\u00eb i vlerave frymore.<br \/>\nAi deri sa u nda nga jeta ndihmoi \u00a0n\u00eb nd\u00ebrtimin e shkollave dhe ua shtriu dor\u00ebn e ndihm\u00ebs mij\u00ebra t\u00eb varf\u00ebrve. Po ashtu u angazhua edhe n\u00eb misione paqeje. Ali p\u00ebrve\u00e7 titujve dhe medaljeve \u00ebsht\u00eb nderuar edhe me \u00e7mime t\u00eb shumta nga Organizata e\u00a0 Asociacione t\u00eb ndryshme t\u00eb bot\u00ebs.<br \/>\nKurse m\u00eb 2005 n\u00eb Philadelphia \u00ebsht\u00eb dekoruar me \u201cMedaljen e Liris\u00eb\u201dp\u00ebr kontributin e tij t\u00eb dh\u00ebn\u00eb n\u00eb mbrojtje t\u00eb t\u00eb drejtave \u00a0t\u00eb njeriut dhe t\u00eb lirive fetare.<br \/>\nLegjend\u00ebs s\u00eb\u00a0 gjitha koh\u00ebrave n\u00eb boks Muhamed\u00a0 Ali,vitin q\u00eb shkoi iu dha edhe \u201c\u00c7mimi i Karrier\u00ebs\u201d Andaj sot\u00a0 kush me prezenc\u00eb e kush nga distanca u drejtua me lutjet q\u00eb shpirti i tij t\u00eb prehet n\u00eb paqeje.<br \/>\nProva m\u00eb e mir\u00eb q\u00eb Ali 74 vje\u00e7ar ishte i t\u00eb gjith\u00ebve \u00ebsht\u00eb edhe ceremonia e varrimit t\u00eb tij,n\u00eb t\u00eb cil\u00ebn mor\u00ebn pjes\u00eb\u00a0 personalitetet m\u00eb t\u00eb larta t\u00eb politik\u00ebs,shkenc\u00ebs,artit dhe t\u00eb kultur\u00ebs.<br \/>\nE, posa\u00e7\u00ebrisht \u00a0p\u00ebrshtypje n\u00eb k\u00ebt\u00eb ceremoni mortore b\u00ebri prania e t\u00eb gjitha konfesioneve fetare t\u00eb bot\u00ebs. Muhamed Ali me miq t\u00eb shumt\u00eb dhe i adhuruar n\u00eb t\u00eb gjith\u00eb rruzullin tok\u00ebsor do t\u00eb mbetet i paharruesh\u00ebm si nj\u00eb nga sportist\u00ebt m\u00eb t\u00eb m\u00ebdhenj t\u00eb bot\u00ebs.<\/p>\n<p>&nbsp;<\/p>\n<p>ARIF EJUPI<\/p>\n<p><a href=\"http:\/\/www.visit-ulcinj.com\/blog\/wp-content\/uploads\/2016\/06\/vdekja-e-muhamet-ali.jpg\"><img loading=\"lazy\" class=\"alignleft wp-image-97489\" src=\"http:\/\/www.visit-ulcinj.com\/blog\/wp-content\/uploads\/2016\/06\/vdekja-e-muhamet-ali.jpg\" alt=\"vdekja-e-muhamet-ali\" width=\"508\" height=\"339\" \/><\/a> <a href=\"http:\/\/www.visit-ulcinj.com\/blog\/wp-content\/uploads\/2016\/06\/vdekja-e-muhamet-ali-1.jpg\"><img loading=\"lazy\" class=\"alignleft wp-image-97490\" src=\"http:\/\/www.visit-ulcinj.com\/blog\/wp-content\/uploads\/2016\/06\/vdekja-e-muhamet-ali-1.jpg\" alt=\"vdekja-e-muhamet-ali-1\" width=\"508\" height=\"338\" \/><\/a> <a href=\"http:\/\/www.visit-ulcinj.com\/blog\/wp-content\/uploads\/2016\/06\/vdekja-e-muhamet-ali-2.jpg\"><img loading=\"lazy\" class=\"alignleft wp-image-97491\" src=\"http:\/\/www.visit-ulcinj.com\/blog\/wp-content\/uploads\/2016\/06\/vdekja-e-muhamet-ali-2.jpg\" alt=\"vdekja-e-muhamet-ali-2\" width=\"508\" height=\"339\" \/><\/a><\/p>\n","protected":false},"excerpt":{"rendered":"<p>Muhamed Ali i cili u nda nga jeta m\u00eb 3 qershor t\u00eb k\u00ebtij viti n\u00eb spitalin e qytetit Scottdale t\u00eb Arizon\u00ebs, u varros sot me nderime t\u00eb larta n\u00eb vendlindjen e tij Louisville-Kentucky, t\u00eb SHBA-s\u00eb. Cassius Marcellus Clay i lindur m\u00eb 17 janar 1942 n\u00eb mosh\u00ebn 22 vje\u00e7are konvertohet n\u00eb islam, dhe q\u00eb nga kjo [&hellip;]<\/p>\n","protected":false},"author":1,"featured_media":0,"comment_status":"closed","ping_status":"closed","sticky":false,"template":"","format":"standard","meta":{"spay_email":"","jetpack_publicize_message":"","jetpack_is_tweetstorm":false,"jetpack_publicize_feature_enabled":true},"categories":[6950],"tags":[],"jetpack_publicize_connections":[],"yoast_head":"<!-- This site is optimized with the Yoast SEO plugin v19.1 - https:\/\/yoast.com\/wordpress\/plugins\/seo\/ -->\n<title>Ikon\u00ebs s\u00eb boksit Muhamed Ali mij\u00ebra nj\u00ebr\u00ebz i dhan\u00eb lamtumir\u00ebn e fundit - Lajme nga Ulqini<\/title>\n<meta name=\"description\" content=\"Muhamed Ali i cili u nda nga jeta m\u00eb 3 qershor t\u00eb k\u00ebtij viti n\u00eb spitalin e qytetit Scottdale t\u00eb Arizon\u00ebs, u varros sot me nderime t\u00eb larta n\u00eb vendlindjen\" \/>\n<meta name=\"robots\" content=\"index, follow, max-snippet:-1, max-image-preview:large, max-video-preview:-1\" \/>\n<link rel=\"canonical\" href=\"https:\/\/www.visit-ulcinj.com\/blog\/2016\/06\/10\/ikones-se-boksit-muhamed-ali-mijera-njerez-dhane-lamtumiren-e-fundit\/\" \/>\n<meta property=\"og:locale\" content=\"en_US\" \/>\n<meta property=\"og:type\" content=\"article\" \/>\n<meta property=\"og:title\" content=\"Ikon\u00ebs s\u00eb boksit Muhamed Ali mij\u00ebra nj\u00ebr\u00ebz i dhan\u00eb lamtumir\u00ebn e fundit - Lajme nga Ulqini\" \/>\n<meta property=\"og:description\" content=\"Muhamed Ali i cili u nda nga jeta m\u00eb 3 qershor t\u00eb k\u00ebtij viti n\u00eb spitalin e qytetit Scottdale t\u00eb Arizon\u00ebs, u varros sot me nderime t\u00eb larta n\u00eb vendlindjen\" \/>\n<meta property=\"og:url\" content=\"https:\/\/www.visit-ulcinj.com\/blog\/2016\/06\/10\/ikones-se-boksit-muhamed-ali-mijera-njerez-dhane-lamtumiren-e-fundit\/\" \/>\n<meta property=\"og:site_name\" content=\"Lajme nga Ulqini\" \/>\n<meta property=\"article:published_time\" content=\"2016-06-10T19:24:42+00:00\" \/>\n<meta property=\"article:modified_time\" content=\"2016-06-11T04:11:21+00:00\" \/>\n<meta property=\"og:image\" content=\"http:\/\/www.visit-ulcinj.com\/blog\/wp-content\/uploads\/2016\/06\/Muhamet-Ali-1.jpg\" \/>\n<meta name=\"twitter:label1\" content=\"Written by\" \/>\n\t<meta name=\"twitter:data1\" content=\"ulqini\" \/>\n\t<meta name=\"twitter:label2\" content=\"Est. reading time\" \/>\n\t<meta name=\"twitter:data2\" content=\"5 minutes\" \/>\n<script type=\"application\/ld+json\" class=\"yoast-schema-graph\">{\"@context\":\"https:\/\/schema.org\",\"@graph\":[{\"@type\":\"WebSite\",\"@id\":\"https:\/\/www.visit-ulcinj.com\/blog\/#website\",\"url\":\"https:\/\/www.visit-ulcinj.com\/blog\/\",\"name\":\"Lajme nga Ulqini\",\"description\":\"Lajme,Vijesti,Ulqini,Ulqin,Crna Gora,Mali i Zi\",\"potentialAction\":[{\"@type\":\"SearchAction\",\"target\":{\"@type\":\"EntryPoint\",\"urlTemplate\":\"https:\/\/www.visit-ulcinj.com\/blog\/?s={search_term_string}\"},\"query-input\":\"required name=search_term_string\"}],\"inLanguage\":\"en-US\"},{\"@type\":\"ImageObject\",\"inLanguage\":\"en-US\",\"@id\":\"https:\/\/www.visit-ulcinj.com\/blog\/2016\/06\/10\/ikones-se-boksit-muhamed-ali-mijera-njerez-dhane-lamtumiren-e-fundit\/#primaryimage\",\"url\":\"http:\/\/www.visit-ulcinj.com\/blog\/wp-content\/uploads\/2016\/06\/Muhamet-Ali-1.jpg\",\"contentUrl\":\"http:\/\/www.visit-ulcinj.com\/blog\/wp-content\/uploads\/2016\/06\/Muhamet-Ali-1.jpg\"},{\"@type\":\"WebPage\",\"@id\":\"https:\/\/www.visit-ulcinj.com\/blog\/2016\/06\/10\/ikones-se-boksit-muhamed-ali-mijera-njerez-dhane-lamtumiren-e-fundit\/#webpage\",\"url\":\"https:\/\/www.visit-ulcinj.com\/blog\/2016\/06\/10\/ikones-se-boksit-muhamed-ali-mijera-njerez-dhane-lamtumiren-e-fundit\/\",\"name\":\"Ikon\u00ebs s\u00eb boksit Muhamed Ali mij\u00ebra nj\u00ebr\u00ebz i dhan\u00eb lamtumir\u00ebn e fundit - Lajme nga Ulqini\",\"isPartOf\":{\"@id\":\"https:\/\/www.visit-ulcinj.com\/blog\/#website\"},\"primaryImageOfPage\":{\"@id\":\"https:\/\/www.visit-ulcinj.com\/blog\/2016\/06\/10\/ikones-se-boksit-muhamed-ali-mijera-njerez-dhane-lamtumiren-e-fundit\/#primaryimage\"},\"datePublished\":\"2016-06-10T19:24:42+00:00\",\"dateModified\":\"2016-06-11T04:11:21+00:00\",\"author\":{\"@id\":\"https:\/\/www.visit-ulcinj.com\/blog\/#\/schema\/person\/dcab619c614d3038751c63bc2aadc06d\"},\"description\":\"Muhamed Ali i cili u nda nga jeta m\u00eb 3 qershor t\u00eb k\u00ebtij viti n\u00eb spitalin e qytetit Scottdale t\u00eb Arizon\u00ebs, u varros sot me nderime t\u00eb larta n\u00eb vendlindjen\",\"breadcrumb\":{\"@id\":\"https:\/\/www.visit-ulcinj.com\/blog\/2016\/06\/10\/ikones-se-boksit-muhamed-ali-mijera-njerez-dhane-lamtumiren-e-fundit\/#breadcrumb\"},\"inLanguage\":\"en-US\",\"potentialAction\":[{\"@type\":\"ReadAction\",\"target\":[\"https:\/\/www.visit-ulcinj.com\/blog\/2016\/06\/10\/ikones-se-boksit-muhamed-ali-mijera-njerez-dhane-lamtumiren-e-fundit\/\"]}]},{\"@type\":\"BreadcrumbList\",\"@id\":\"https:\/\/www.visit-ulcinj.com\/blog\/2016\/06\/10\/ikones-se-boksit-muhamed-ali-mijera-njerez-dhane-lamtumiren-e-fundit\/#breadcrumb\",\"itemListElement\":[{\"@type\":\"ListItem\",\"position\":1,\"name\":\"Ikon\u00ebs s\u00eb boksit Muhamed Ali mij\u00ebra nj\u00ebr\u00ebz i dhan\u00eb lamtumir\u00ebn e fundit\"}]},{\"@type\":\"Person\",\"@id\":\"https:\/\/www.visit-ulcinj.com\/blog\/#\/schema\/person\/dcab619c614d3038751c63bc2aadc06d\",\"name\":\"ulqini\",\"sameAs\":[\"http:\/\/www.visit-ulcinj.com\"],\"url\":\"https:\/\/www.visit-ulcinj.com\/blog\/author\/admin\/\"}]}<\/script>\n<!-- \/ Yoast SEO plugin. -->","yoast_head_json":{"title":"Ikon\u00ebs s\u00eb boksit Muhamed Ali mij\u00ebra nj\u00ebr\u00ebz i dhan\u00eb lamtumir\u00ebn e fundit - Lajme nga Ulqini","description":"Muhamed Ali i cili u nda nga jeta m\u00eb 3 qershor t\u00eb k\u00ebtij viti n\u00eb spitalin e qytetit Scottdale t\u00eb Arizon\u00ebs, u varros sot me nderime t\u00eb larta n\u00eb vendlindjen","robots":{"index":"index","follow":"follow","max-snippet":"max-snippet:-1","max-image-preview":"max-image-preview:large","max-video-preview":"max-video-preview:-1"},"canonical":"https:\/\/www.visit-ulcinj.com\/blog\/2016\/06\/10\/ikones-se-boksit-muhamed-ali-mijera-njerez-dhane-lamtumiren-e-fundit\/","og_locale":"en_US","og_type":"article","og_title":"Ikon\u00ebs s\u00eb boksit Muhamed Ali mij\u00ebra nj\u00ebr\u00ebz i dhan\u00eb lamtumir\u00ebn e fundit - Lajme nga Ulqini","og_description":"Muhamed Ali i cili u nda nga jeta m\u00eb 3 qershor t\u00eb k\u00ebtij viti n\u00eb spitalin e qytetit Scottdale t\u00eb Arizon\u00ebs, u varros sot me nderime t\u00eb larta n\u00eb vendlindjen","og_url":"https:\/\/www.visit-ulcinj.com\/blog\/2016\/06\/10\/ikones-se-boksit-muhamed-ali-mijera-njerez-dhane-lamtumiren-e-fundit\/","og_site_name":"Lajme nga Ulqini","article_published_time":"2016-06-10T19:24:42+00:00","article_modified_time":"2016-06-11T04:11:21+00:00","og_image":[{"url":"http:\/\/www.visit-ulcinj.com\/blog\/wp-content\/uploads\/2016\/06\/Muhamet-Ali-1.jpg"}],"twitter_misc":{"Written by":"ulqini","Est. reading time":"5 minutes"},"schema":{"@context":"https:\/\/schema.org","@graph":[{"@type":"WebSite","@id":"https:\/\/www.visit-ulcinj.com\/blog\/#website","url":"https:\/\/www.visit-ulcinj.com\/blog\/","name":"Lajme nga Ulqini","description":"Lajme,Vijesti,Ulqini,Ulqin,Crna Gora,Mali i Zi","potentialAction":[{"@type":"SearchAction","target":{"@type":"EntryPoint","urlTemplate":"https:\/\/www.visit-ulcinj.com\/blog\/?s={search_term_string}"},"query-input":"required name=search_term_string"}],"inLanguage":"en-US"},{"@type":"ImageObject","inLanguage":"en-US","@id":"https:\/\/www.visit-ulcinj.com\/blog\/2016\/06\/10\/ikones-se-boksit-muhamed-ali-mijera-njerez-dhane-lamtumiren-e-fundit\/#primaryimage","url":"http:\/\/www.visit-ulcinj.com\/blog\/wp-content\/uploads\/2016\/06\/Muhamet-Ali-1.jpg","contentUrl":"http:\/\/www.visit-ulcinj.com\/blog\/wp-content\/uploads\/2016\/06\/Muhamet-Ali-1.jpg"},{"@type":"WebPage","@id":"https:\/\/www.visit-ulcinj.com\/blog\/2016\/06\/10\/ikones-se-boksit-muhamed-ali-mijera-njerez-dhane-lamtumiren-e-fundit\/#webpage","url":"https:\/\/www.visit-ulcinj.com\/blog\/2016\/06\/10\/ikones-se-boksit-muhamed-ali-mijera-njerez-dhane-lamtumiren-e-fundit\/","name":"Ikon\u00ebs s\u00eb boksit Muhamed Ali mij\u00ebra nj\u00ebr\u00ebz i dhan\u00eb lamtumir\u00ebn e fundit - Lajme nga Ulqini","isPartOf":{"@id":"https:\/\/www.visit-ulcinj.com\/blog\/#website"},"primaryImageOfPage":{"@id":"https:\/\/www.visit-ulcinj.com\/blog\/2016\/06\/10\/ikones-se-boksit-muhamed-ali-mijera-njerez-dhane-lamtumiren-e-fundit\/#primaryimage"},"datePublished":"2016-06-10T19:24:42+00:00","dateModified":"2016-06-11T04:11:21+00:00","author":{"@id":"https:\/\/www.visit-ulcinj.com\/blog\/#\/schema\/person\/dcab619c614d3038751c63bc2aadc06d"},"description":"Muhamed Ali i cili u nda nga jeta m\u00eb 3 qershor t\u00eb k\u00ebtij viti n\u00eb spitalin e qytetit Scottdale t\u00eb Arizon\u00ebs, u varros sot me nderime t\u00eb larta n\u00eb vendlindjen","breadcrumb":{"@id":"https:\/\/www.visit-ulcinj.com\/blog\/2016\/06\/10\/ikones-se-boksit-muhamed-ali-mijera-njerez-dhane-lamtumiren-e-fundit\/#breadcrumb"},"inLanguage":"en-US","potentialAction":[{"@type":"ReadAction","target":["https:\/\/www.visit-ulcinj.com\/blog\/2016\/06\/10\/ikones-se-boksit-muhamed-ali-mijera-njerez-dhane-lamtumiren-e-fundit\/"]}]},{"@type":"BreadcrumbList","@id":"https:\/\/www.visit-ulcinj.com\/blog\/2016\/06\/10\/ikones-se-boksit-muhamed-ali-mijera-njerez-dhane-lamtumiren-e-fundit\/#breadcrumb","itemListElement":[{"@type":"ListItem","position":1,"name":"Ikon\u00ebs s\u00eb boksit Muhamed Ali mij\u00ebra nj\u00ebr\u00ebz i dhan\u00eb lamtumir\u00ebn e fundit"}]},{"@type":"Person","@id":"https:\/\/www.visit-ulcinj.com\/blog\/#\/schema\/person\/dcab619c614d3038751c63bc2aadc06d","name":"ulqini","sameAs":["http:\/\/www.visit-ulcinj.com"],"url":"https:\/\/www.visit-ulcinj.com\/blog\/author\/admin\/"}]}},"jetpack_featured_media_url":"","jetpack_sharing_enabled":true,"jetpack_shortlink":"https:\/\/wp.me\/pe6lTn-pme","_links":{"self":[{"href":"https:\/\/www.visit-ulcinj.com\/blog\/wp-json\/wp\/v2\/posts\/97478"}],"collection":[{"href":"https:\/\/www.visit-ulcinj.com\/blog\/wp-json\/wp\/v2\/posts"}],"about":[{"href":"https:\/\/www.visit-ulcinj.com\/blog\/wp-json\/wp\/v2\/types\/post"}],"author":[{"embeddable":true,"href":"https:\/\/www.visit-ulcinj.com\/blog\/wp-json\/wp\/v2\/users\/1"}],"replies":[{"embeddable":true,"href":"https:\/\/www.visit-ulcinj.com\/blog\/wp-json\/wp\/v2\/comments?post=97478"}],"version-history":[{"count":4,"href":"https:\/\/www.visit-ulcinj.com\/blog\/wp-json\/wp\/v2\/posts\/97478\/revisions"}],"predecessor-version":[{"id":97492,"href":"https:\/\/www.visit-ulcinj.com\/blog\/wp-json\/wp\/v2\/posts\/97478\/revisions\/97492"}],"wp:attachment":[{"href":"https:\/\/www.visit-ulcinj.com\/blog\/wp-json\/wp\/v2\/media?parent=97478"}],"wp:term":[{"taxonomy":"category","embeddable":true,"href":"https:\/\/www.visit-ulcinj.com\/blog\/wp-json\/wp\/v2\/categories?post=97478"},{"taxonomy":"post_tag","embeddable":true,"href":"https:\/\/www.visit-ulcinj.com\/blog\/wp-json\/wp\/v2\/tags?post=97478"}],"curies":[{"name":"wp","href":"https:\/\/api.w.org\/{rel}","templated":true}]}}