{"id":97484,"date":"2016-06-10T20:39:05","date_gmt":"2016-06-10T19:39:05","guid":{"rendered":"http:\/\/www.visit-ulcinj.com\/blog\/?p=97484"},"modified":"2016-06-10T20:39:05","modified_gmt":"2016-06-10T19:39:05","slug":"ulcinj-deka-trazi-prijevremene-izbore","status":"publish","type":"post","link":"https:\/\/www.visit-ulcinj.com\/blog\/2016\/06\/10\/ulcinj-deka-trazi-prijevremene-izbore\/","title":{"rendered":"Ulcinj: \u0110eka tra\u017ei prijevremene izbore"},"content":{"rendered":"<p><strong><a href=\"http:\/\/www.visit-ulcinj.com\/blog\/wp-content\/uploads\/2016\/03\/Jep-dor\u00ebheqje-kryetari-i-Ulqinit-Fatmir-Gjeka-.jpg\"><img loading=\"lazy\" class=\"alignleft wp-image-95273\" src=\"http:\/\/www.visit-ulcinj.com\/blog\/wp-content\/uploads\/2016\/03\/Jep-dor\u00ebheqje-kryetari-i-Ulqinit-Fatmir-Gjeka-.jpg\" alt=\"Jep dor\u00ebheqje kryetari i Ulqinit, Fatmir Gjeka-\" width=\"508\" height=\"331\" srcset=\"https:\/\/www.visit-ulcinj.com\/blog\/wp-content\/uploads\/2016\/03\/Jep-dor\u00ebheqje-kryetari-i-Ulqinit-Fatmir-Gjeka-.jpg 516w, https:\/\/www.visit-ulcinj.com\/blog\/wp-content\/uploads\/2016\/03\/Jep-dor\u00ebheqje-kryetari-i-Ulqinit-Fatmir-Gjeka--300x195.jpg 300w\" sizes=\"(max-width: 508px) 100vw, 508px\" \/><\/a>Situacija nije dobra, a to se vidi i na sjednicama Skup\u0161tine op\u0161tine, jer se bez obzira na \u010dak 27 odbornika ve\u0107ine, \u010desto jedva obezbje\u0111uje kvorum, tvrdi \u0110ekaVlast u Ulcinju je stabilna, sve je u redu i sve funkcioni\u0161e kako treba. \u0110eka ne odlu\u010duje o izborima tako da ih ne\u0107e ni biti, tvrdi Ljoro Nreki\u0107Sumnjam da \u0107emo zbog problema koje \u0110eka ima unutar njegove koalicije, i\u0107i na nove izbore, ali po\u0161tujem njegov stav, rekao je Nazif Cungu <\/strong><\/p>\n<p><span class=\"tekstcijeli\"><span class=\"kapital\">P<\/span>r\u00advi \u010do\u00advjek ko\u00ada\u00adli\u00adci\u00adje \u201eZa\u00adjed\u00adno za bu\u00addu\u0107\u00adnost Ul\u00adci\u00adnja\u201c, pred\u00adsjed\u00adnik De\u00admo\u00adkrat\u00adske par\u00adti\u00adje (DP) i biv\u00ad\u0161i pred\u00adsjed\u00adnik Op\u00ad\u0161ti\u00adne Fat\u00admir \u0110e\u00adka iz\u00adja\u00advio je da tre\u00adnut\u00adna lo\u00adkal\u00adna vlast, ko\u00adju \u010di\u00adne al\u00adban\u00adske na\u00adci\u00ado\u00adnal\u00adne stran\u00adke sa DPS-om, ne funk\u00adci\u00ado\u00adni\u00ad\u0161e do\u00adbro, da ni\u00adje na\u00adsta\u00adla iz vo\u00adlje na\u00adro\u00adda te da bi tre\u00adba\u00adlo i\u0107i na pri\u00adje\u00advre\u00adme\u00adne lo\u00adkal\u00adne iz\u00adbo\u00adre. \u0110e\u00adka je u in\u00adter\u00advi\u00adjuu Ra\u00addio Ul\u00adci\u00adnju ka\u00adzao da se par\u00adti\u00adja na \u010di\u00adjem je \u010de\u00adlu na\u00ad\u0161la u no\u00advoj vla\u00adsti iz \u017ee\u00adlje da se do\u00adno\u00adse od\u00adlu\u00adke ko\u00adje su pri\u00adpre\u00admlje\u00adne u pret\u00adhod\u00adne dvi\u00adje go\u00addi\u00adne, a ko\u00adje su u in\u00adte\u00adre\u00adsu gra\u00ad\u0111a\u00adna.<br \/>\n&#8211; Me\u00ad\u0111u\u00adtim, si\u00adtu\u00ada\u00adci\u00adja ni\u00adje do\u00adbra. To se vi\u00addi na sjed\u00adni\u00adca\u00adma Skup\u00ad\u0161ti\u00adne op\u00ad\u0161ti\u00adne, jer se bez ob\u00adzi\u00adra na \u010dak 27 od\u00adbo\u00adr\u00adni\u00adka ve\u00ad\u0107i\u00adne, \u010de\u00adsto je\u00addva se obez\u00adbje\u00ad\u0111u\u00adje kvo\u00adrum. Jed\u00adno\u00adstav\u00adno, atmos\u00adfe\u00adra ni\u00adje do\u00adbra. A to ni\u00adje na\u00ad\u0161im kri\u00advi\u00adcom &#8211; ka\u00adzao je \u0110e\u00adka.<br \/>\nOn je re\u00adkao i da lo\u00adkal\u00adni par\u00adla\u00adment usva\u00adja prak\u00adti\u010d\u00adno sa\u00admo one od\u00adlu\u00adke ko\u00adje je u pro\u00adce\u00addu\u00adru upu\u00adti\u00adla ra\u00adni\u00adja vlast. \u0110e\u00adka sma\u00adtra i da bi tre\u00adba\u00adlo i\u0107i na pri\u00adje\u00advre\u00adme\u00adne lo\u00adkal\u00adne iz\u00adbo\u00adre, ka\u00adko bi se, ka\u00adko je ka\u00adzao, \u201elo\u00ad\u0161a, ne\u00adga\u00adtiv\u00adna ener\u00adgi\u00adja ko\u00adja se u pret\u00adhod\u00adnom pe\u00adri\u00ado\u00addu na\u00adku\u00adpi\u00adla oslo\u00adbo\u00add\u00adi\u00adla u kam\u00adpa\u00adnji, i do\u00adbi\u00adlo ne\u00ad\u0161to no\u00advo\u201c.<br \/>\nPod\u00adsje\u00adti\u00admo sa\u00adda\u00ad\u0161nja lo\u00adkal\u00adna vlast ozva\u00adni\u00ad\u010de\u00adna je u mar\u00adtu ka\u00adda su pred\u00adstav\u00adni\u00adci De\u00admo\u00adkrat\u00adske par\u00adti\u00adje so\u00adci\u00adja\u00adli\u00adsta, For\u00adce, De\u00admo\u00adkrat\u00adske uni\u00adje Al\u00adba\u00adna\u00adca DUA i Ko\u00ada\u00adli\u00adci\u00adje \u201eZa\u00adjed\u00adno za bu\u00addu\u0107\u00adnost Ul\u00adci\u00adnja\u201d pot\u00adpi\u00adsa\u00adli spo\u00adra\u00adzum i ta\u00adko for\u00admi\u00adra\u00adli \u0161i\u00adro\u00adku ko\u00ada\u00adli\u00adci\u00adju. U vlast je ta\u00adda, na\u00adkon vi\u00ad\u0161e\u00admje\u00adse\u010dne po\u00adli\u00adti\u010d\u00adke kri\u00adze, u\u0161la DPS. Pret\u00adhod\u00adno je na\u00adkon du\u00ad\u017eeg ko\u00adke\u00adti\u00adra\u00adnja al\u00adnban\u00adskih par\u00adti\u00adja sa DPS-om vlast na\u00adpu\u00adsti\u00adla URA \u010di\u00adja su dva od\u00adbor\u00adni\u00adka obez\u00adbje\u00ad\u0111i\u00adva\u00adla skup\u00ad\u0161tin\u00adsku ve\u00ad\u0107i\u00adnu.<br \/>\nPo ko\u00ada\u00adli\u00adci\u00ado\u00adnom spo\u00adra\u00adzu\u00admu, ta\u00adda\u00ad\u0161njeg pred\u00adsjed\u00adni\u00adka Op\u00ad\u0161ti\u00adne Fat\u00admi\u00adra \u0110e\u00adku na\u00adsli\u00adje\u00addio je li\u00adder For\u00adce Na\u00adzif Cun\u00adgu, a na \u010de\u00adlo lo\u00adkal\u00adnog par\u00adlamen\u00adta sjeo je pred\u00adsjed\u00adnik OO DPS Ljo\u00adro Nre\u00adki\u0107. Iako se o\u010de\u00adki\u00adva\u00adlo, \u0110e\u00adka ni\u00adje pri\u00adhva\u00adtio pod\u00adpred\u00adsjed\u00adni\u010d\u00adku funk\u00adci\u00adju, iako su \u010dla\u00adni\u00adce nje\u00adgo\u00adve ko\u00ada\u00adli\u00adci\u00adje do\u00adbi\u00adle zna\u00ad\u010da\u00adjan dio re\u00adso\u00adra u no\u00advoj vla\u00adsti.<br \/>\nPr\u00advi \u010do\u00advjek ul\u00adcinj\u00adskog DPS ju\u00ad\u010de je od\u00adba\u00adcio \u0110e\u00adki\u00adne ocje\u00adne da lo\u00adkal\u00adna vlast ne funk\u00adci\u00ado\u00adni\u00ad\u0161e do\u00adbro i is\u00adta\u00adkao da ne\u00ad\u0107e bi\u00adti pri\u00adje\u00advre\u00adme\u00adnih lo\u00adkal\u00adnih iz\u00adbo\u00adra.<br \/>\n\u2013 Vlast u Uci\u00adnju je sta\u00adbil\u00adna, sve je u re\u00addu i sve funk\u00adci\u00ado\u00adni\u00ad\u0161e ka\u00adko tre\u00adba. \u0110e\u00adka ne od\u00adlu\u00ad\u010du\u00adje o iz\u00adbo\u00adri\u00adma ta\u00adko da ih ne\u00ad\u0107e ni bi\u00adti. Ne bi se slo\u00ad\u017eio sa njim jer do sa\u00adda ni\u00adsmo ima\u00adli ve\u00ad\u0107ih pro\u00adble\u00adma. Za\u00ad\u0161to je on to iz\u00adja\u00advio ne znam. Mo\u00adje je vi\u00ad\u0111e\u00adnje da ne\u00ad\u0107e\u00admo mi\u00adje\u00adnja\u00adti vlast do re\u00addov\u00adnih iz\u00adbo\u00adra. Za ovih ne\u00adko\u00adli\u00adko mje\u00adse\u00adci si\u00adtu\u00ada\u00adci\u00adja u lo\u00adkal\u00adnoj upra\u00advi je sta\u00adbi\u00adli\u00adzo\u00adva\u00adna a bo\u00adlja je i ukup\u00adna fi\u00adnan\u00adsij\u00adska si\u00adtu\u00ada\u00adci\u00adja, ka\u00adzao je \u201eDa\u00adnu\u201c Nre\u00adki\u0107.<br \/>\nPre\u00adma nje\u00adgo\u00advim ri\u00adje\u00ad\u010di\u00adma u sva\u00adkoj vla\u00adsti ima ne\u00adza\u00addo\u00advolj\u00adnih a u kon\u00adkret\u00adnom slu\u00ad\u010da\u00adju u Ul\u00adci\u00adnju, ti ko\u00adji su ne\u00adza\u00addo\u00advolj\u00adni su mi\u00adnor\u00adni i ne mo\u00adgu da uti\u00ad\u010du na tok de\u00ad\u0161a\u00adva\u00adnja u Op\u00ad\u0161ti\u00adni Ul\u00adcinj. &#8211; Bi\u00ad\u0107e pri\u00adje da u nje\u00adgo\u00advoj ko\u00ada\u00adli\u00adci\u00adji ni\u00adje ba\u0161 do\u00adbra si\u00adtu\u00ada\u00adci\u00adja i da ta\u00admo ima ne\u00adza\u00addo\u00advolj\u00adnih. Od\u00adbo\u00adr\u00adni\u00adci nje\u00adgo\u00adve ko\u00ada\u00adli\u00adci\u00adje \u010de\u00adsto ne po\u00addr\u00ad\u017ea\u00adva\u00adju od\u00adlu\u00adke ve\u00ad\u0107i\u00adne i gla\u00adsa\u00adju pro\u00adtiv &#8211; re\u00adkao je Nre\u00adki\u0107.<br \/>\nSli\u00ad\u010dan stav sa\u00adop\u00ad\u0161tio je i li\u00adder For\u00adce i pred\u00adsjed\u00adnik Op\u00ad\u0161ti\u00adne.<br \/>\n&#8211; Ne di\u00adje\u00adlim \u0110e\u00adki\u00adno mi\u00ad\u0161lje\u00adnje da ko\u00ada\u00adli\u00adci\u00adja na vla\u00adsti ne funk\u00adci\u00ado\u00adni\u00ad\u0161e. Na\u00adpro\u00adtiv, za\u00addo\u00advolj\u00adni smo me\u00ad\u0111u\u00adsob\u00adnim od\u00adno\u00adsi\u00adma i po\u00ad\u0161to\u00adva\u00adnjem. Skup\u00ad\u0161ti\u00adna funk\u00adci\u00ado\u00adni\u00ad\u0161e, ko\u00adno\u00adsli\u00adda\u00adci\u00adja je u to\u00adku. U ro\u00adku od dva mje\u00adse\u00adca mi smo iz\u00admi\u00adri\u00adli se\u00addam pla\u00adta u or\u00adga\u00adni\u00adma upra\u00adve, is\u00adpla\u00adti\u00adli ot\u00adprem\u00adni\u00adne za 53 rad\u00adni\u00adka a u to\u00adku smo sa is\u00adpla\u00adta\u00adma za \u0161est rad\u00adni\u00adka. Pod\u00admi\u00adri\u00adli smo do\u00adsta oba\u00adve\u00adza iz pret\u00adhod\u00adnog pe\u00adri\u00ado\u00adda. Sma\u00adnji\u00adli smo i oba\u00adve\u00adze pre\u00adma rad\u00adni\u00adci\u00adma u jav\u00adnim pred\u00adu\u00adze\u00ad\u0107i\u00adma. Iz\u00advr\u00ad\u0161i\u00adli smo re\u00adpro\u00adgram oba\u00adve\u00adza sa ne\u00adko\u00adli\u00adko ve\u00adli\u00adkih do\u00adba\u00advlja\u00ad\u010da. Po\u00adla\u00adko vra\u00ad\u0107a\u00admo po\u00advje\u00adre\u00adnje gra\u00ad\u0111a\u00adna u lo\u00adkal\u00adnu upra\u00advu. Zbog sve\u00adga, sum\u00adnjam da \u0107e\u00admo, zbog pro\u00adble\u00adma ko\u00adje \u0110e\u00adka ima unu\u00adtar nje\u00adgo\u00adve ko\u00ada\u00adli\u00adci\u00adje, i\u0107i na no\u00adve iz\u00adbo\u00adre, ali po\u00ad\u0161tu\u00adjem nje\u00adgov stav &#8211; re\u00adkao je Cun\u00adgu.<br \/>\nOn sma\u00adtra da ako \u0110e\u00adka \u017ee\u00adli da na\u00adpu\u00adsti vla\u00adda\u00adju\u00ad\u0107u ko\u00ada\u00adli\u00adciju, to tre\u00adba da ura\u00addi \u0161to pri\u00adje. &#8211; Jer sa \u010de\u00adti\u00adri od\u00adbo\u00adr\u00adni\u00adka ne\u00ad\u0107e pu\u00adno uti\u00adca\u00adti na po\u00adli\u00adti\u010d\u00adke to\u00adko\u00adve u op\u00ad\u0161ti\u00adni Ul\u00adcinj &#8211; po\u00adru\u00ad\u010dio je li\u00adder For\u00adce.<br \/>\nM.K.<\/p>\n<p><strong>Ne\u00adma kri\u00adze u DPS-u<\/strong><\/p>\n<p>Pred\u00adsjed\u00adnik OO DPS i pr\u00advi \u010do\u00advjek SO Ljo\u00adro Nre\u00adki\u0107 re\u00adkao je da unu\u00adtar te par\u00adti\u00adje u Ul\u00adci\u00adnju ne\u00adma kri\u00adze i ocije\u00adnio da je boj\u00adkot lo\u00adkal\u00adnog par\u00adla\u00admen\u00adta od\u00adbor\u00adni\u00adka Bo\u00adra Ba\u00ad\u0161o\u00advi\u00ad\u0107a pred\u00adsta\u00advlja nje\u00adgov li\u010d\u00adni iz\u00adbor.<br \/>\n\u2013 Si\u00adtu\u00ada\u00adci\u00adja u od\u00adbor\u00adni\u010d\u00adkom klu\u00adbu DPS-a u Ul\u00adci\u00adnju je re\u00addov\u00adna. Ko\u00adle\u00adga Ba\u00ad\u0161o\u00advi\u0107 je ljut jer mu ni\u00adje od\u00adgo\u00advo\u00adre\u00adno na pi\u00adta\u00adnja ko\u00adja je upu\u00ad\u0107i\u00advao sa\u00adda\u00ad\u0161njem i pro\u00ad\u0161lom pred\u00adsjed\u00adni\u00adku op\u00ad\u0161ti\u00adne. Mi\u00adslim da \u0107e se to ri\u00adje\u00ad\u0161ti\u00adti a od\u00adlu\u00adka da ne do\u00adla\u00adzi na sjed\u00adni\u00adce je nje\u00adgo\u00advo pra\u00advo. Mi kao tim fun\u00adkci\u00ado\u00adni\u00ad\u0161e\u00admo do\u00adbro i ta\u00adko \u0107e\u00admo na\u00adsta\u00advi\u00adti bez ob\u00adzi\u00adra \u0161to u po\u00adsled\u00adnje vri\u00adje\u00adme ni\u00adsmo u pu\u00adnom sa\u00adsta\u00advu zbog oba\u00adve\u00adza po\u00adje\u00addi\u00adnih ko\u00adle\u00adga &#8211; re\u00adkao je Nre\u00adki\u0107.<\/p>\n<p><strong>Met \u0110o\u00adni no\u00advi pot\u00adpred\u00adsjed\u00adnik<\/strong><\/p>\n<p>Na pr\u00advoj na\u00adred\u00adnoj sjed\u00adni\u00adci od\u00adbor\u00adni\u00adci Skup\u00ad\u0161ti\u00adne op\u00ad\u0161ti\u00adne Ul\u00adcinj SO Ul\u00adcinj da\u00ad\u0107e sa\u00adgla\u00adsnost da Met \u0110o\u00adni bu\u00adde no\u00advi pot\u00adpred\u00adsjed\u00adnik Op\u00ad\u0161ti\u00adne. On \u0107e na tu funk\u00adci\u00adju do\u00ad\u0107i kao kan\u00addi\u00addat De\u00admo\u00adkrat\u00adske par\u00adti\u00adje Fat\u00admi\u00adra \u0110e\u00adke. Do sa\u00adda je vr\u00ad\u0161io du\u00ad\u017enost \u0161e\u00adfa ka\u00adbi\u00adne\u00adta gra\u00addo\u00adna\u00ad\u010del\u00adni\u00adka Ul\u00adci\u00adnja, a bio je i po\u00adsla\u00adnik u Skup\u00ad\u0161ti\u00adni Cr\u00adne Go\u00adre. \u0110o\u00adni \u0107e na mje\u00adstu pot\u00adpred\u00adsjed\u00adni\u00adka za\u00admi\u00adje\u00adni\u00adti Ze\u00adne\u00adpu Li\u00adku ko\u00adju je na tu funk\u00adci\u00adju de\u00adle\u00adgi\u00adra\u00adla par\u00adti\u00adja Per\u00adspek\u00adti\u00adva, i bi\u00ad\u0107e je\u00addan od ukup\u00adno \u010de\u00adti\u00adri pot\u00adpred\u00adsjed\u00adni\u00adka Op\u00ad\u0161ti\u00adne. <\/span><\/p>\n<p><strong>Izvor: DAN<\/strong><\/p>\n","protected":false},"excerpt":{"rendered":"<p>Situacija nije dobra, a to se vidi i na sjednicama Skup\u0161tine op\u0161tine, jer se bez obzira na \u010dak 27 odbornika ve\u0107ine, \u010desto jedva obezbje\u0111uje kvorum, tvrdi \u0110ekaVlast u Ulcinju je stabilna, sve je u redu i sve funkcioni\u0161e kako treba. \u0110eka ne odlu\u010duje o izborima tako da ih ne\u0107e ni biti, tvrdi Ljoro Nreki\u0107Sumnjam da [&hellip;]<\/p>\n","protected":false},"author":1,"featured_media":0,"comment_status":"closed","ping_status":"closed","sticky":false,"template":"","format":"standard","meta":{"spay_email":"","jetpack_publicize_message":"","jetpack_is_tweetstorm":false,"jetpack_publicize_feature_enabled":true},"categories":[8337],"tags":[],"jetpack_publicize_connections":[],"yoast_head":"<!-- This site is optimized with the Yoast SEO plugin v19.1 - https:\/\/yoast.com\/wordpress\/plugins\/seo\/ -->\n<title>Ulcinj: \u0110eka tra\u017ei prijevremene izbore - Lajme nga Ulqini<\/title>\n<meta name=\"description\" content=\"Situacija nije dobra, a to se vidi i na sjednicama Skup\u0161tine op\u0161tine, jer se bez obzira na \u010dak 27 odbornika ve\u0107ine, \u010desto jedva obezbje\u0111uje kvorum, tvrdi\" \/>\n<meta name=\"robots\" content=\"index, follow, max-snippet:-1, max-image-preview:large, max-video-preview:-1\" \/>\n<link rel=\"canonical\" href=\"https:\/\/www.visit-ulcinj.com\/blog\/2016\/06\/10\/ulcinj-deka-trazi-prijevremene-izbore\/\" \/>\n<meta property=\"og:locale\" content=\"en_US\" \/>\n<meta property=\"og:type\" content=\"article\" \/>\n<meta property=\"og:title\" content=\"Ulcinj: \u0110eka tra\u017ei prijevremene izbore - Lajme nga Ulqini\" \/>\n<meta property=\"og:description\" content=\"Situacija nije dobra, a to se vidi i na sjednicama Skup\u0161tine op\u0161tine, jer se bez obzira na \u010dak 27 odbornika ve\u0107ine, \u010desto jedva obezbje\u0111uje kvorum, tvrdi\" \/>\n<meta property=\"og:url\" content=\"https:\/\/www.visit-ulcinj.com\/blog\/2016\/06\/10\/ulcinj-deka-trazi-prijevremene-izbore\/\" \/>\n<meta property=\"og:site_name\" content=\"Lajme nga Ulqini\" \/>\n<meta property=\"article:published_time\" content=\"2016-06-10T19:39:05+00:00\" \/>\n<meta name=\"twitter:label1\" content=\"Written by\" \/>\n\t<meta name=\"twitter:data1\" content=\"ulqini\" \/>\n\t<meta name=\"twitter:label2\" content=\"Est. reading time\" \/>\n\t<meta name=\"twitter:data2\" content=\"9 minutes\" \/>\n<script type=\"application\/ld+json\" class=\"yoast-schema-graph\">{\"@context\":\"https:\/\/schema.org\",\"@graph\":[{\"@type\":\"WebSite\",\"@id\":\"https:\/\/www.visit-ulcinj.com\/blog\/#website\",\"url\":\"https:\/\/www.visit-ulcinj.com\/blog\/\",\"name\":\"Lajme nga Ulqini\",\"description\":\"Lajme,Vijesti,Ulqini,Ulqin,Crna Gora,Mali i Zi\",\"potentialAction\":[{\"@type\":\"SearchAction\",\"target\":{\"@type\":\"EntryPoint\",\"urlTemplate\":\"https:\/\/www.visit-ulcinj.com\/blog\/?s={search_term_string}\"},\"query-input\":\"required name=search_term_string\"}],\"inLanguage\":\"en-US\"},{\"@type\":\"WebPage\",\"@id\":\"https:\/\/www.visit-ulcinj.com\/blog\/2016\/06\/10\/ulcinj-deka-trazi-prijevremene-izbore\/#webpage\",\"url\":\"https:\/\/www.visit-ulcinj.com\/blog\/2016\/06\/10\/ulcinj-deka-trazi-prijevremene-izbore\/\",\"name\":\"Ulcinj: \u0110eka tra\u017ei prijevremene izbore - Lajme nga Ulqini\",\"isPartOf\":{\"@id\":\"https:\/\/www.visit-ulcinj.com\/blog\/#website\"},\"datePublished\":\"2016-06-10T19:39:05+00:00\",\"dateModified\":\"2016-06-10T19:39:05+00:00\",\"author\":{\"@id\":\"https:\/\/www.visit-ulcinj.com\/blog\/#\/schema\/person\/dcab619c614d3038751c63bc2aadc06d\"},\"description\":\"Situacija nije dobra, a to se vidi i na sjednicama Skup\u0161tine op\u0161tine, jer se bez obzira na \u010dak 27 odbornika ve\u0107ine, \u010desto jedva obezbje\u0111uje kvorum, tvrdi\",\"breadcrumb\":{\"@id\":\"https:\/\/www.visit-ulcinj.com\/blog\/2016\/06\/10\/ulcinj-deka-trazi-prijevremene-izbore\/#breadcrumb\"},\"inLanguage\":\"en-US\",\"potentialAction\":[{\"@type\":\"ReadAction\",\"target\":[\"https:\/\/www.visit-ulcinj.com\/blog\/2016\/06\/10\/ulcinj-deka-trazi-prijevremene-izbore\/\"]}]},{\"@type\":\"BreadcrumbList\",\"@id\":\"https:\/\/www.visit-ulcinj.com\/blog\/2016\/06\/10\/ulcinj-deka-trazi-prijevremene-izbore\/#breadcrumb\",\"itemListElement\":[{\"@type\":\"ListItem\",\"position\":1,\"name\":\"Ulcinj: \u0110eka tra\u017ei prijevremene izbore\"}]},{\"@type\":\"Person\",\"@id\":\"https:\/\/www.visit-ulcinj.com\/blog\/#\/schema\/person\/dcab619c614d3038751c63bc2aadc06d\",\"name\":\"ulqini\",\"sameAs\":[\"http:\/\/www.visit-ulcinj.com\"],\"url\":\"https:\/\/www.visit-ulcinj.com\/blog\/author\/admin\/\"}]}<\/script>\n<!-- \/ Yoast SEO plugin. -->","yoast_head_json":{"title":"Ulcinj: \u0110eka tra\u017ei prijevremene izbore - Lajme nga Ulqini","description":"Situacija nije dobra, a to se vidi i na sjednicama Skup\u0161tine op\u0161tine, jer se bez obzira na \u010dak 27 odbornika ve\u0107ine, \u010desto jedva obezbje\u0111uje kvorum, tvrdi","robots":{"index":"index","follow":"follow","max-snippet":"max-snippet:-1","max-image-preview":"max-image-preview:large","max-video-preview":"max-video-preview:-1"},"canonical":"https:\/\/www.visit-ulcinj.com\/blog\/2016\/06\/10\/ulcinj-deka-trazi-prijevremene-izbore\/","og_locale":"en_US","og_type":"article","og_title":"Ulcinj: \u0110eka tra\u017ei prijevremene izbore - Lajme nga Ulqini","og_description":"Situacija nije dobra, a to se vidi i na sjednicama Skup\u0161tine op\u0161tine, jer se bez obzira na \u010dak 27 odbornika ve\u0107ine, \u010desto jedva obezbje\u0111uje kvorum, tvrdi","og_url":"https:\/\/www.visit-ulcinj.com\/blog\/2016\/06\/10\/ulcinj-deka-trazi-prijevremene-izbore\/","og_site_name":"Lajme nga Ulqini","article_published_time":"2016-06-10T19:39:05+00:00","twitter_misc":{"Written by":"ulqini","Est. reading time":"9 minutes"},"schema":{"@context":"https:\/\/schema.org","@graph":[{"@type":"WebSite","@id":"https:\/\/www.visit-ulcinj.com\/blog\/#website","url":"https:\/\/www.visit-ulcinj.com\/blog\/","name":"Lajme nga Ulqini","description":"Lajme,Vijesti,Ulqini,Ulqin,Crna Gora,Mali i Zi","potentialAction":[{"@type":"SearchAction","target":{"@type":"EntryPoint","urlTemplate":"https:\/\/www.visit-ulcinj.com\/blog\/?s={search_term_string}"},"query-input":"required name=search_term_string"}],"inLanguage":"en-US"},{"@type":"WebPage","@id":"https:\/\/www.visit-ulcinj.com\/blog\/2016\/06\/10\/ulcinj-deka-trazi-prijevremene-izbore\/#webpage","url":"https:\/\/www.visit-ulcinj.com\/blog\/2016\/06\/10\/ulcinj-deka-trazi-prijevremene-izbore\/","name":"Ulcinj: \u0110eka tra\u017ei prijevremene izbore - Lajme nga Ulqini","isPartOf":{"@id":"https:\/\/www.visit-ulcinj.com\/blog\/#website"},"datePublished":"2016-06-10T19:39:05+00:00","dateModified":"2016-06-10T19:39:05+00:00","author":{"@id":"https:\/\/www.visit-ulcinj.com\/blog\/#\/schema\/person\/dcab619c614d3038751c63bc2aadc06d"},"description":"Situacija nije dobra, a to se vidi i na sjednicama Skup\u0161tine op\u0161tine, jer se bez obzira na \u010dak 27 odbornika ve\u0107ine, \u010desto jedva obezbje\u0111uje kvorum, tvrdi","breadcrumb":{"@id":"https:\/\/www.visit-ulcinj.com\/blog\/2016\/06\/10\/ulcinj-deka-trazi-prijevremene-izbore\/#breadcrumb"},"inLanguage":"en-US","potentialAction":[{"@type":"ReadAction","target":["https:\/\/www.visit-ulcinj.com\/blog\/2016\/06\/10\/ulcinj-deka-trazi-prijevremene-izbore\/"]}]},{"@type":"BreadcrumbList","@id":"https:\/\/www.visit-ulcinj.com\/blog\/2016\/06\/10\/ulcinj-deka-trazi-prijevremene-izbore\/#breadcrumb","itemListElement":[{"@type":"ListItem","position":1,"name":"Ulcinj: \u0110eka tra\u017ei prijevremene izbore"}]},{"@type":"Person","@id":"https:\/\/www.visit-ulcinj.com\/blog\/#\/schema\/person\/dcab619c614d3038751c63bc2aadc06d","name":"ulqini","sameAs":["http:\/\/www.visit-ulcinj.com"],"url":"https:\/\/www.visit-ulcinj.com\/blog\/author\/admin\/"}]}},"jetpack_featured_media_url":"","jetpack_sharing_enabled":true,"jetpack_shortlink":"https:\/\/wp.me\/pe6lTn-pmk","_links":{"self":[{"href":"https:\/\/www.visit-ulcinj.com\/blog\/wp-json\/wp\/v2\/posts\/97484"}],"collection":[{"href":"https:\/\/www.visit-ulcinj.com\/blog\/wp-json\/wp\/v2\/posts"}],"about":[{"href":"https:\/\/www.visit-ulcinj.com\/blog\/wp-json\/wp\/v2\/types\/post"}],"author":[{"embeddable":true,"href":"https:\/\/www.visit-ulcinj.com\/blog\/wp-json\/wp\/v2\/users\/1"}],"replies":[{"embeddable":true,"href":"https:\/\/www.visit-ulcinj.com\/blog\/wp-json\/wp\/v2\/comments?post=97484"}],"version-history":[{"count":1,"href":"https:\/\/www.visit-ulcinj.com\/blog\/wp-json\/wp\/v2\/posts\/97484\/revisions"}],"predecessor-version":[{"id":97485,"href":"https:\/\/www.visit-ulcinj.com\/blog\/wp-json\/wp\/v2\/posts\/97484\/revisions\/97485"}],"wp:attachment":[{"href":"https:\/\/www.visit-ulcinj.com\/blog\/wp-json\/wp\/v2\/media?parent=97484"}],"wp:term":[{"taxonomy":"category","embeddable":true,"href":"https:\/\/www.visit-ulcinj.com\/blog\/wp-json\/wp\/v2\/categories?post=97484"},{"taxonomy":"post_tag","embeddable":true,"href":"https:\/\/www.visit-ulcinj.com\/blog\/wp-json\/wp\/v2\/tags?post=97484"}],"curies":[{"name":"wp","href":"https:\/\/api.w.org\/{rel}","templated":true}]}}