{"id":97498,"date":"2016-06-11T08:43:34","date_gmt":"2016-06-11T07:43:34","guid":{"rendered":"http:\/\/www.visit-ulcinj.com\/blog\/?p=97498"},"modified":"2016-06-11T08:43:34","modified_gmt":"2016-06-11T07:43:34","slug":"ljoro-nrekic-imamo-precih-od-stajnaker","status":"publish","type":"post","link":"https:\/\/www.visit-ulcinj.com\/blog\/2016\/06\/11\/ljoro-nrekic-imamo-precih-od-stajnaker\/","title":{"rendered":"Ljoro Nreki\u0107: Imamo pre\u010dih od \u0160tajnaker"},"content":{"rendered":"<p><strong><a href=\"http:\/\/www.visit-ulcinj.com\/blog\/wp-content\/uploads\/2016\/02\/Ljoro-Loro-Nrekic-Ulcinj.jpg\"><img loading=\"lazy\" class=\"alignleft wp-image-94531\" src=\"http:\/\/www.visit-ulcinj.com\/blog\/wp-content\/uploads\/2016\/02\/Ljoro-Loro-Nrekic-Ulcinj.jpg\" alt=\"Ljoro-Loro-Nrekic-Ulcinj\" width=\"508\" height=\"434\" srcset=\"https:\/\/www.visit-ulcinj.com\/blog\/wp-content\/uploads\/2016\/02\/Ljoro-Loro-Nrekic-Ulcinj.jpg 610w, https:\/\/www.visit-ulcinj.com\/blog\/wp-content\/uploads\/2016\/02\/Ljoro-Loro-Nrekic-Ulcinj-300x256.jpg 300w\" sizes=\"(max-width: 508px) 100vw, 508px\" \/><\/a>Predsjednik ulcinjske Skup\u0161tine op\u0161tine Ljoro Nreki\u0107 nema ni\u0161ta protiv toga da ambasadorka Njema\u010dke u Crnoj Gori Gudrun \u0160tajnaker bude po\u010dasna gra\u0111anka Ulcinja, ali misli da ima i onih koji su to zaslu\u017eili da budu i prije nje<\/strong><\/p>\n<p>U lokalni parlament jo\u0161 nije stigla inicijativa, koju je najavio SDP, da ambasadorka \u0160tajnaker bude progla\u0161ena po\u010dasnom gra\u0111ankom tog grada, kazao je on za Pobjedu.<\/p>\n<p>\u201eImamo dosta li\u010dnosti koji bi trebali biti po\u010dasni gra\u0111ani prije ovih koje predla\u017ee SDP. Me\u0111utim, niko ne vodi ra\u010duna o tome, ve\u0107 samo kako kome \u201eduva\u201c. Ima dosta Ulcinjana koji bi mogli biti po\u010dasni gra\u0111ani, ali to nije do\u0161lo na dnevni red. Po mom mi\u0161ljenju, prije bih dao da oni budu po\u010dasni gra\u0111ani, iako ne \u017eive ovdje u Ulcinju, nego poznate li\u010dnosti iz oblasti medicine ili drugih oblasti\u201c, rekao je Nreki\u0107 i dodao da \u0107e inicijativu komentarisati kada je bude dobio.<\/p>\n<p>On je naveo i da je \u0160tajnaker uradila dosta po pitanju za\u0161tite Solane.<\/p>\n<p>\u201eI prethodnici su radili dosta za Solanu, a njih niko nije predlo\u017eio za po\u010dasne gra\u0111ane Ulcinja\u201c, dodao je Nreki\u0107.<\/p>\n<p>Inicijativu da ambasadorka \u0160najnaker bude po\u010dasna gra\u0111anka Ulcinja podr\u017eao je i Op\u0161tinski odbor Gra\u0111anskog pokreta URA.<\/p>\n<p><strong>Izvor: RTCG<\/strong><\/p>\n","protected":false},"excerpt":{"rendered":"<p>Predsjednik ulcinjske Skup\u0161tine op\u0161tine Ljoro Nreki\u0107 nema ni\u0161ta protiv toga da ambasadorka Njema\u010dke u Crnoj Gori Gudrun \u0160tajnaker bude po\u010dasna gra\u0111anka Ulcinja, ali misli da ima i onih koji su to zaslu\u017eili da budu i prije nje U lokalni parlament jo\u0161 nije stigla inicijativa, koju je najavio SDP, da ambasadorka \u0160tajnaker bude progla\u0161ena po\u010dasnom gra\u0111ankom [&hellip;]<\/p>\n","protected":false},"author":1,"featured_media":0,"comment_status":"closed","ping_status":"closed","sticky":false,"template":"","format":"standard","meta":{"spay_email":"","jetpack_publicize_message":"","jetpack_is_tweetstorm":false,"jetpack_publicize_feature_enabled":true},"categories":[8337],"tags":[],"jetpack_publicize_connections":[],"yoast_head":"<!-- This site is optimized with the Yoast SEO plugin v19.1 - https:\/\/yoast.com\/wordpress\/plugins\/seo\/ -->\n<title>Ljoro Nreki\u0107: Imamo pre\u010dih od \u0160tajnaker - Lajme nga Ulqini<\/title>\n<meta name=\"description\" content=\"Predsjednik ulcinjske Skup\u0161tine op\u0161tine Ljoro Nreki\u0107 nema ni\u0161ta protiv toga da ambasadorka Njema\u010dke u Crnoj Gori Gudrun \u0160tajnaker bude po\u010dasna gra\u0111anka\" \/>\n<meta name=\"robots\" content=\"index, follow, max-snippet:-1, max-image-preview:large, max-video-preview:-1\" \/>\n<link rel=\"canonical\" href=\"https:\/\/www.visit-ulcinj.com\/blog\/2016\/06\/11\/ljoro-nrekic-imamo-precih-od-stajnaker\/\" \/>\n<meta property=\"og:locale\" content=\"en_US\" \/>\n<meta property=\"og:type\" content=\"article\" \/>\n<meta property=\"og:title\" content=\"Ljoro Nreki\u0107: Imamo pre\u010dih od \u0160tajnaker - Lajme nga Ulqini\" \/>\n<meta property=\"og:description\" content=\"Predsjednik ulcinjske Skup\u0161tine op\u0161tine Ljoro Nreki\u0107 nema ni\u0161ta protiv toga da ambasadorka Njema\u010dke u Crnoj Gori Gudrun \u0160tajnaker bude po\u010dasna gra\u0111anka\" \/>\n<meta property=\"og:url\" content=\"https:\/\/www.visit-ulcinj.com\/blog\/2016\/06\/11\/ljoro-nrekic-imamo-precih-od-stajnaker\/\" \/>\n<meta property=\"og:site_name\" content=\"Lajme nga Ulqini\" \/>\n<meta property=\"article:published_time\" content=\"2016-06-11T07:43:34+00:00\" \/>\n<meta property=\"og:image\" content=\"http:\/\/www.visit-ulcinj.com\/blog\/wp-content\/uploads\/2016\/02\/Ljoro-Loro-Nrekic-Ulcinj.jpg\" \/>\n<meta name=\"twitter:label1\" content=\"Written by\" \/>\n\t<meta name=\"twitter:data1\" content=\"ulqini\" \/>\n\t<meta name=\"twitter:label2\" content=\"Est. reading time\" \/>\n\t<meta name=\"twitter:data2\" content=\"1 minute\" \/>\n<script type=\"application\/ld+json\" class=\"yoast-schema-graph\">{\"@context\":\"https:\/\/schema.org\",\"@graph\":[{\"@type\":\"WebSite\",\"@id\":\"https:\/\/www.visit-ulcinj.com\/blog\/#website\",\"url\":\"https:\/\/www.visit-ulcinj.com\/blog\/\",\"name\":\"Lajme nga Ulqini\",\"description\":\"Lajme,Vijesti,Ulqini,Ulqin,Crna Gora,Mali i Zi\",\"potentialAction\":[{\"@type\":\"SearchAction\",\"target\":{\"@type\":\"EntryPoint\",\"urlTemplate\":\"https:\/\/www.visit-ulcinj.com\/blog\/?s={search_term_string}\"},\"query-input\":\"required name=search_term_string\"}],\"inLanguage\":\"en-US\"},{\"@type\":\"ImageObject\",\"inLanguage\":\"en-US\",\"@id\":\"https:\/\/www.visit-ulcinj.com\/blog\/2016\/06\/11\/ljoro-nrekic-imamo-precih-od-stajnaker\/#primaryimage\",\"url\":\"https:\/\/www.visit-ulcinj.com\/blog\/wp-content\/uploads\/2016\/02\/Ljoro-Loro-Nrekic-Ulcinj.jpg\",\"contentUrl\":\"https:\/\/www.visit-ulcinj.com\/blog\/wp-content\/uploads\/2016\/02\/Ljoro-Loro-Nrekic-Ulcinj.jpg\",\"width\":610,\"height\":521},{\"@type\":\"WebPage\",\"@id\":\"https:\/\/www.visit-ulcinj.com\/blog\/2016\/06\/11\/ljoro-nrekic-imamo-precih-od-stajnaker\/#webpage\",\"url\":\"https:\/\/www.visit-ulcinj.com\/blog\/2016\/06\/11\/ljoro-nrekic-imamo-precih-od-stajnaker\/\",\"name\":\"Ljoro Nreki\u0107: Imamo pre\u010dih od \u0160tajnaker - Lajme nga Ulqini\",\"isPartOf\":{\"@id\":\"https:\/\/www.visit-ulcinj.com\/blog\/#website\"},\"primaryImageOfPage\":{\"@id\":\"https:\/\/www.visit-ulcinj.com\/blog\/2016\/06\/11\/ljoro-nrekic-imamo-precih-od-stajnaker\/#primaryimage\"},\"datePublished\":\"2016-06-11T07:43:34+00:00\",\"dateModified\":\"2016-06-11T07:43:34+00:00\",\"author\":{\"@id\":\"https:\/\/www.visit-ulcinj.com\/blog\/#\/schema\/person\/dcab619c614d3038751c63bc2aadc06d\"},\"description\":\"Predsjednik ulcinjske Skup\u0161tine op\u0161tine Ljoro Nreki\u0107 nema ni\u0161ta protiv toga da ambasadorka Njema\u010dke u Crnoj Gori Gudrun \u0160tajnaker bude po\u010dasna gra\u0111anka\",\"breadcrumb\":{\"@id\":\"https:\/\/www.visit-ulcinj.com\/blog\/2016\/06\/11\/ljoro-nrekic-imamo-precih-od-stajnaker\/#breadcrumb\"},\"inLanguage\":\"en-US\",\"potentialAction\":[{\"@type\":\"ReadAction\",\"target\":[\"https:\/\/www.visit-ulcinj.com\/blog\/2016\/06\/11\/ljoro-nrekic-imamo-precih-od-stajnaker\/\"]}]},{\"@type\":\"BreadcrumbList\",\"@id\":\"https:\/\/www.visit-ulcinj.com\/blog\/2016\/06\/11\/ljoro-nrekic-imamo-precih-od-stajnaker\/#breadcrumb\",\"itemListElement\":[{\"@type\":\"ListItem\",\"position\":1,\"name\":\"Ljoro Nreki\u0107: Imamo pre\u010dih od \u0160tajnaker\"}]},{\"@type\":\"Person\",\"@id\":\"https:\/\/www.visit-ulcinj.com\/blog\/#\/schema\/person\/dcab619c614d3038751c63bc2aadc06d\",\"name\":\"ulqini\",\"sameAs\":[\"http:\/\/www.visit-ulcinj.com\"],\"url\":\"https:\/\/www.visit-ulcinj.com\/blog\/author\/admin\/\"}]}<\/script>\n<!-- \/ Yoast SEO plugin. -->","yoast_head_json":{"title":"Ljoro Nreki\u0107: Imamo pre\u010dih od \u0160tajnaker - Lajme nga Ulqini","description":"Predsjednik ulcinjske Skup\u0161tine op\u0161tine Ljoro Nreki\u0107 nema ni\u0161ta protiv toga da ambasadorka Njema\u010dke u Crnoj Gori Gudrun \u0160tajnaker bude po\u010dasna gra\u0111anka","robots":{"index":"index","follow":"follow","max-snippet":"max-snippet:-1","max-image-preview":"max-image-preview:large","max-video-preview":"max-video-preview:-1"},"canonical":"https:\/\/www.visit-ulcinj.com\/blog\/2016\/06\/11\/ljoro-nrekic-imamo-precih-od-stajnaker\/","og_locale":"en_US","og_type":"article","og_title":"Ljoro Nreki\u0107: Imamo pre\u010dih od \u0160tajnaker - Lajme nga Ulqini","og_description":"Predsjednik ulcinjske Skup\u0161tine op\u0161tine Ljoro Nreki\u0107 nema ni\u0161ta protiv toga da ambasadorka Njema\u010dke u Crnoj Gori Gudrun \u0160tajnaker bude po\u010dasna gra\u0111anka","og_url":"https:\/\/www.visit-ulcinj.com\/blog\/2016\/06\/11\/ljoro-nrekic-imamo-precih-od-stajnaker\/","og_site_name":"Lajme nga Ulqini","article_published_time":"2016-06-11T07:43:34+00:00","og_image":[{"url":"http:\/\/www.visit-ulcinj.com\/blog\/wp-content\/uploads\/2016\/02\/Ljoro-Loro-Nrekic-Ulcinj.jpg"}],"twitter_misc":{"Written by":"ulqini","Est. reading time":"1 minute"},"schema":{"@context":"https:\/\/schema.org","@graph":[{"@type":"WebSite","@id":"https:\/\/www.visit-ulcinj.com\/blog\/#website","url":"https:\/\/www.visit-ulcinj.com\/blog\/","name":"Lajme nga Ulqini","description":"Lajme,Vijesti,Ulqini,Ulqin,Crna Gora,Mali i Zi","potentialAction":[{"@type":"SearchAction","target":{"@type":"EntryPoint","urlTemplate":"https:\/\/www.visit-ulcinj.com\/blog\/?s={search_term_string}"},"query-input":"required name=search_term_string"}],"inLanguage":"en-US"},{"@type":"ImageObject","inLanguage":"en-US","@id":"https:\/\/www.visit-ulcinj.com\/blog\/2016\/06\/11\/ljoro-nrekic-imamo-precih-od-stajnaker\/#primaryimage","url":"https:\/\/www.visit-ulcinj.com\/blog\/wp-content\/uploads\/2016\/02\/Ljoro-Loro-Nrekic-Ulcinj.jpg","contentUrl":"https:\/\/www.visit-ulcinj.com\/blog\/wp-content\/uploads\/2016\/02\/Ljoro-Loro-Nrekic-Ulcinj.jpg","width":610,"height":521},{"@type":"WebPage","@id":"https:\/\/www.visit-ulcinj.com\/blog\/2016\/06\/11\/ljoro-nrekic-imamo-precih-od-stajnaker\/#webpage","url":"https:\/\/www.visit-ulcinj.com\/blog\/2016\/06\/11\/ljoro-nrekic-imamo-precih-od-stajnaker\/","name":"Ljoro Nreki\u0107: Imamo pre\u010dih od \u0160tajnaker - Lajme nga Ulqini","isPartOf":{"@id":"https:\/\/www.visit-ulcinj.com\/blog\/#website"},"primaryImageOfPage":{"@id":"https:\/\/www.visit-ulcinj.com\/blog\/2016\/06\/11\/ljoro-nrekic-imamo-precih-od-stajnaker\/#primaryimage"},"datePublished":"2016-06-11T07:43:34+00:00","dateModified":"2016-06-11T07:43:34+00:00","author":{"@id":"https:\/\/www.visit-ulcinj.com\/blog\/#\/schema\/person\/dcab619c614d3038751c63bc2aadc06d"},"description":"Predsjednik ulcinjske Skup\u0161tine op\u0161tine Ljoro Nreki\u0107 nema ni\u0161ta protiv toga da ambasadorka Njema\u010dke u Crnoj Gori Gudrun \u0160tajnaker bude po\u010dasna gra\u0111anka","breadcrumb":{"@id":"https:\/\/www.visit-ulcinj.com\/blog\/2016\/06\/11\/ljoro-nrekic-imamo-precih-od-stajnaker\/#breadcrumb"},"inLanguage":"en-US","potentialAction":[{"@type":"ReadAction","target":["https:\/\/www.visit-ulcinj.com\/blog\/2016\/06\/11\/ljoro-nrekic-imamo-precih-od-stajnaker\/"]}]},{"@type":"BreadcrumbList","@id":"https:\/\/www.visit-ulcinj.com\/blog\/2016\/06\/11\/ljoro-nrekic-imamo-precih-od-stajnaker\/#breadcrumb","itemListElement":[{"@type":"ListItem","position":1,"name":"Ljoro Nreki\u0107: Imamo pre\u010dih od \u0160tajnaker"}]},{"@type":"Person","@id":"https:\/\/www.visit-ulcinj.com\/blog\/#\/schema\/person\/dcab619c614d3038751c63bc2aadc06d","name":"ulqini","sameAs":["http:\/\/www.visit-ulcinj.com"],"url":"https:\/\/www.visit-ulcinj.com\/blog\/author\/admin\/"}]}},"jetpack_featured_media_url":"","jetpack_sharing_enabled":true,"jetpack_shortlink":"https:\/\/wp.me\/pe6lTn-pmy","_links":{"self":[{"href":"https:\/\/www.visit-ulcinj.com\/blog\/wp-json\/wp\/v2\/posts\/97498"}],"collection":[{"href":"https:\/\/www.visit-ulcinj.com\/blog\/wp-json\/wp\/v2\/posts"}],"about":[{"href":"https:\/\/www.visit-ulcinj.com\/blog\/wp-json\/wp\/v2\/types\/post"}],"author":[{"embeddable":true,"href":"https:\/\/www.visit-ulcinj.com\/blog\/wp-json\/wp\/v2\/users\/1"}],"replies":[{"embeddable":true,"href":"https:\/\/www.visit-ulcinj.com\/blog\/wp-json\/wp\/v2\/comments?post=97498"}],"version-history":[{"count":1,"href":"https:\/\/www.visit-ulcinj.com\/blog\/wp-json\/wp\/v2\/posts\/97498\/revisions"}],"predecessor-version":[{"id":97499,"href":"https:\/\/www.visit-ulcinj.com\/blog\/wp-json\/wp\/v2\/posts\/97498\/revisions\/97499"}],"wp:attachment":[{"href":"https:\/\/www.visit-ulcinj.com\/blog\/wp-json\/wp\/v2\/media?parent=97498"}],"wp:term":[{"taxonomy":"category","embeddable":true,"href":"https:\/\/www.visit-ulcinj.com\/blog\/wp-json\/wp\/v2\/categories?post=97498"},{"taxonomy":"post_tag","embeddable":true,"href":"https:\/\/www.visit-ulcinj.com\/blog\/wp-json\/wp\/v2\/tags?post=97498"}],"curies":[{"name":"wp","href":"https:\/\/api.w.org\/{rel}","templated":true}]}}