{"id":97500,"date":"2016-06-12T08:17:01","date_gmt":"2016-06-12T07:17:01","guid":{"rendered":"http:\/\/www.visit-ulcinj.com\/blog\/?p=97500"},"modified":"2016-06-12T08:17:01","modified_gmt":"2016-06-12T07:17:01","slug":"dhunohet-barbarisht-gazetari-ne-podgorice-kristjan-dukaj","status":"publish","type":"post","link":"https:\/\/www.visit-ulcinj.com\/blog\/2016\/06\/12\/dhunohet-barbarisht-gazetari-ne-podgorice-kristjan-dukaj\/","title":{"rendered":"Dhunohet barbarisht gazetari n\u00eb Podgoric\u00eb Kristjan Dukaj"},"content":{"rendered":"<p><a href=\"http:\/\/www.visit-ulcinj.com\/blog\/wp-content\/uploads\/2016\/06\/Kristjan-Dukaj.jpg\"><img loading=\"lazy\" class=\"alignleft wp-image-97501\" src=\"http:\/\/www.visit-ulcinj.com\/blog\/wp-content\/uploads\/2016\/06\/Kristjan-Dukaj.jpg\" alt=\"Kristjan Dukaj\" width=\"508\" height=\"433\" srcset=\"https:\/\/www.visit-ulcinj.com\/blog\/wp-content\/uploads\/2016\/06\/Kristjan-Dukaj.jpg 750w, https:\/\/www.visit-ulcinj.com\/blog\/wp-content\/uploads\/2016\/06\/Kristjan-Dukaj-300x256.jpg 300w\" sizes=\"(max-width: 508px) 100vw, 508px\" \/><\/a>T\u00eb mart\u00ebn n\u00eb mbr\u00ebmje rreth or\u00ebs 21:30 n\u00eb Podgoric\u00eb, \u00ebsht\u00eb sulmuar aktivisti nga Mal\u00ebsia e Madhe-Tuzi, Kristjan Dukaj tek sa po dilte nga automjeti i tij. Ai \u00ebsht\u00eb goditur mbrapa n\u00eb kok\u00eb nga disa persona ende t\u00eb paidentifikuar. Nd\u00ebrsa gjendja e tij sh\u00ebndetsore paraqitet jasht\u00eb rrezikut p\u00ebr jet\u00ebn. Shkaqet p\u00ebr k\u00ebt\u00eb sulm mbeten ende t\u00eb paditura, pasi as vet\u00eb Kristjani nuk mund ti sqaroj\u00eb ato. Nd\u00ebr t\u00eb tjera ai pohon \u00a0q\u00eb nuk ka pasur asnj\u00eb konflikt me ndok\u00ebnd gjat\u00eb k\u00ebtyre koh\u00ebve.<\/p>\n<p>Nd\u00ebrkoh\u00eb forcat policore, po punojn\u00eb p\u00ebr zbardhjen e k\u00ebtij incidenti.<br \/>\nDuhet cekur, q\u00eb koh\u00ebve t\u00eb fundit Kristjan Dukaj \u00ebsht\u00eb nj\u00eb nd\u00ebr student\u00ebt m\u00eb aktiv shqiptar\u00eb n\u00eb Mal t\u00eb Zi, duke botuar shkrime t\u00eb ndryshme n\u00eb gazetari dhe politik\u00eb. Ai ka kritikuar partit\u00eb shqiptare dhe gjithnj\u00eb duke cekuar ndryshimet q\u00eb duhen b\u00ebr\u00eb. S\u00eb fundi ka botuar artikullin \u201cNATO n\u00eb mbrojtje t\u00eb drejtave dhe lirive t\u00eb popujve\u201d i cili \u00ebsht\u00eb botuar n\u00eb gjuh\u00ebn shqipe dhe at\u00eb malazeze. Mbas k\u00ebtij artikulli, ka qen\u00eb i ftuar edhe Radion e Malit t\u00eb Zi n\u00eb gjuh\u00ebn shqipe, pasi \u00a0ky artikull ka shkaktuar edhe debate dhe polemika \u00a0t\u00eb shumta.<\/p>\n<p><strong>Arberia News<\/strong><\/p>\n","protected":false},"excerpt":{"rendered":"<p>T\u00eb mart\u00ebn n\u00eb mbr\u00ebmje rreth or\u00ebs 21:30 n\u00eb Podgoric\u00eb, \u00ebsht\u00eb sulmuar aktivisti nga Mal\u00ebsia e Madhe-Tuzi, Kristjan Dukaj tek sa po dilte nga automjeti i tij. Ai \u00ebsht\u00eb goditur mbrapa n\u00eb kok\u00eb nga disa persona ende t\u00eb paidentifikuar. Nd\u00ebrsa gjendja e tij sh\u00ebndetsore paraqitet jasht\u00eb rrezikut p\u00ebr jet\u00ebn. Shkaqet p\u00ebr k\u00ebt\u00eb sulm mbeten ende t\u00eb [&hellip;]<\/p>\n","protected":false},"author":1,"featured_media":0,"comment_status":"closed","ping_status":"closed","sticky":false,"template":"","format":"standard","meta":{"spay_email":"","jetpack_publicize_message":"","jetpack_is_tweetstorm":false,"jetpack_publicize_feature_enabled":true},"categories":[12],"tags":[],"jetpack_publicize_connections":[],"yoast_head":"<!-- This site is optimized with the Yoast SEO plugin v19.1 - https:\/\/yoast.com\/wordpress\/plugins\/seo\/ -->\n<title>Dhunohet barbarisht gazetari n\u00eb Podgoric\u00eb Kristjan Dukaj - Lajme nga Ulqini<\/title>\n<meta name=\"description\" content=\"T\u00eb mart\u00ebn n\u00eb mbr\u00ebmje rreth or\u00ebs 21:30 n\u00eb Podgoric\u00eb, \u00ebsht\u00eb sulmuar aktivisti nga Mal\u00ebsia e Madhe-Tuzi, Kristjan Dukaj tek sa po dilte nga automjeti i tij.\" \/>\n<meta name=\"robots\" content=\"index, follow, max-snippet:-1, max-image-preview:large, max-video-preview:-1\" \/>\n<link rel=\"canonical\" href=\"https:\/\/www.visit-ulcinj.com\/blog\/2016\/06\/12\/dhunohet-barbarisht-gazetari-ne-podgorice-kristjan-dukaj\/\" \/>\n<meta property=\"og:locale\" content=\"en_US\" \/>\n<meta property=\"og:type\" content=\"article\" \/>\n<meta property=\"og:title\" content=\"Dhunohet barbarisht gazetari n\u00eb Podgoric\u00eb Kristjan Dukaj - Lajme nga Ulqini\" \/>\n<meta property=\"og:description\" content=\"T\u00eb mart\u00ebn n\u00eb mbr\u00ebmje rreth or\u00ebs 21:30 n\u00eb Podgoric\u00eb, \u00ebsht\u00eb sulmuar aktivisti nga Mal\u00ebsia e Madhe-Tuzi, Kristjan Dukaj tek sa po dilte nga automjeti i tij.\" \/>\n<meta property=\"og:url\" content=\"https:\/\/www.visit-ulcinj.com\/blog\/2016\/06\/12\/dhunohet-barbarisht-gazetari-ne-podgorice-kristjan-dukaj\/\" \/>\n<meta property=\"og:site_name\" content=\"Lajme nga Ulqini\" \/>\n<meta property=\"article:published_time\" content=\"2016-06-12T07:17:01+00:00\" \/>\n<meta property=\"og:image\" content=\"http:\/\/www.visit-ulcinj.com\/blog\/wp-content\/uploads\/2016\/06\/Kristjan-Dukaj.jpg\" \/>\n<meta name=\"twitter:label1\" content=\"Written by\" \/>\n\t<meta name=\"twitter:data1\" content=\"ulqini\" \/>\n\t<meta name=\"twitter:label2\" content=\"Est. reading time\" \/>\n\t<meta name=\"twitter:data2\" content=\"1 minute\" \/>\n<script type=\"application\/ld+json\" class=\"yoast-schema-graph\">{\"@context\":\"https:\/\/schema.org\",\"@graph\":[{\"@type\":\"WebSite\",\"@id\":\"https:\/\/www.visit-ulcinj.com\/blog\/#website\",\"url\":\"https:\/\/www.visit-ulcinj.com\/blog\/\",\"name\":\"Lajme nga Ulqini\",\"description\":\"Lajme,Vijesti,Ulqini,Ulqin,Crna Gora,Mali i Zi\",\"potentialAction\":[{\"@type\":\"SearchAction\",\"target\":{\"@type\":\"EntryPoint\",\"urlTemplate\":\"https:\/\/www.visit-ulcinj.com\/blog\/?s={search_term_string}\"},\"query-input\":\"required name=search_term_string\"}],\"inLanguage\":\"en-US\"},{\"@type\":\"ImageObject\",\"inLanguage\":\"en-US\",\"@id\":\"https:\/\/www.visit-ulcinj.com\/blog\/2016\/06\/12\/dhunohet-barbarisht-gazetari-ne-podgorice-kristjan-dukaj\/#primaryimage\",\"url\":\"https:\/\/www.visit-ulcinj.com\/blog\/wp-content\/uploads\/2016\/06\/Kristjan-Dukaj.jpg\",\"contentUrl\":\"https:\/\/www.visit-ulcinj.com\/blog\/wp-content\/uploads\/2016\/06\/Kristjan-Dukaj.jpg\",\"width\":750,\"height\":640},{\"@type\":\"WebPage\",\"@id\":\"https:\/\/www.visit-ulcinj.com\/blog\/2016\/06\/12\/dhunohet-barbarisht-gazetari-ne-podgorice-kristjan-dukaj\/#webpage\",\"url\":\"https:\/\/www.visit-ulcinj.com\/blog\/2016\/06\/12\/dhunohet-barbarisht-gazetari-ne-podgorice-kristjan-dukaj\/\",\"name\":\"Dhunohet barbarisht gazetari n\u00eb Podgoric\u00eb Kristjan Dukaj - Lajme nga Ulqini\",\"isPartOf\":{\"@id\":\"https:\/\/www.visit-ulcinj.com\/blog\/#website\"},\"primaryImageOfPage\":{\"@id\":\"https:\/\/www.visit-ulcinj.com\/blog\/2016\/06\/12\/dhunohet-barbarisht-gazetari-ne-podgorice-kristjan-dukaj\/#primaryimage\"},\"datePublished\":\"2016-06-12T07:17:01+00:00\",\"dateModified\":\"2016-06-12T07:17:01+00:00\",\"author\":{\"@id\":\"https:\/\/www.visit-ulcinj.com\/blog\/#\/schema\/person\/dcab619c614d3038751c63bc2aadc06d\"},\"description\":\"T\u00eb mart\u00ebn n\u00eb mbr\u00ebmje rreth or\u00ebs 21:30 n\u00eb Podgoric\u00eb, \u00ebsht\u00eb sulmuar aktivisti nga Mal\u00ebsia e Madhe-Tuzi, Kristjan Dukaj tek sa po dilte nga automjeti i tij.\",\"breadcrumb\":{\"@id\":\"https:\/\/www.visit-ulcinj.com\/blog\/2016\/06\/12\/dhunohet-barbarisht-gazetari-ne-podgorice-kristjan-dukaj\/#breadcrumb\"},\"inLanguage\":\"en-US\",\"potentialAction\":[{\"@type\":\"ReadAction\",\"target\":[\"https:\/\/www.visit-ulcinj.com\/blog\/2016\/06\/12\/dhunohet-barbarisht-gazetari-ne-podgorice-kristjan-dukaj\/\"]}]},{\"@type\":\"BreadcrumbList\",\"@id\":\"https:\/\/www.visit-ulcinj.com\/blog\/2016\/06\/12\/dhunohet-barbarisht-gazetari-ne-podgorice-kristjan-dukaj\/#breadcrumb\",\"itemListElement\":[{\"@type\":\"ListItem\",\"position\":1,\"name\":\"Dhunohet barbarisht gazetari n\u00eb Podgoric\u00eb Kristjan Dukaj\"}]},{\"@type\":\"Person\",\"@id\":\"https:\/\/www.visit-ulcinj.com\/blog\/#\/schema\/person\/dcab619c614d3038751c63bc2aadc06d\",\"name\":\"ulqini\",\"sameAs\":[\"http:\/\/www.visit-ulcinj.com\"],\"url\":\"https:\/\/www.visit-ulcinj.com\/blog\/author\/admin\/\"}]}<\/script>\n<!-- \/ Yoast SEO plugin. -->","yoast_head_json":{"title":"Dhunohet barbarisht gazetari n\u00eb Podgoric\u00eb Kristjan Dukaj - Lajme nga Ulqini","description":"T\u00eb mart\u00ebn n\u00eb mbr\u00ebmje rreth or\u00ebs 21:30 n\u00eb Podgoric\u00eb, \u00ebsht\u00eb sulmuar aktivisti nga Mal\u00ebsia e Madhe-Tuzi, Kristjan Dukaj tek sa po dilte nga automjeti i tij.","robots":{"index":"index","follow":"follow","max-snippet":"max-snippet:-1","max-image-preview":"max-image-preview:large","max-video-preview":"max-video-preview:-1"},"canonical":"https:\/\/www.visit-ulcinj.com\/blog\/2016\/06\/12\/dhunohet-barbarisht-gazetari-ne-podgorice-kristjan-dukaj\/","og_locale":"en_US","og_type":"article","og_title":"Dhunohet barbarisht gazetari n\u00eb Podgoric\u00eb Kristjan Dukaj - Lajme nga Ulqini","og_description":"T\u00eb mart\u00ebn n\u00eb mbr\u00ebmje rreth or\u00ebs 21:30 n\u00eb Podgoric\u00eb, \u00ebsht\u00eb sulmuar aktivisti nga Mal\u00ebsia e Madhe-Tuzi, Kristjan Dukaj tek sa po dilte nga automjeti i tij.","og_url":"https:\/\/www.visit-ulcinj.com\/blog\/2016\/06\/12\/dhunohet-barbarisht-gazetari-ne-podgorice-kristjan-dukaj\/","og_site_name":"Lajme nga Ulqini","article_published_time":"2016-06-12T07:17:01+00:00","og_image":[{"url":"http:\/\/www.visit-ulcinj.com\/blog\/wp-content\/uploads\/2016\/06\/Kristjan-Dukaj.jpg"}],"twitter_misc":{"Written by":"ulqini","Est. reading time":"1 minute"},"schema":{"@context":"https:\/\/schema.org","@graph":[{"@type":"WebSite","@id":"https:\/\/www.visit-ulcinj.com\/blog\/#website","url":"https:\/\/www.visit-ulcinj.com\/blog\/","name":"Lajme nga Ulqini","description":"Lajme,Vijesti,Ulqini,Ulqin,Crna Gora,Mali i Zi","potentialAction":[{"@type":"SearchAction","target":{"@type":"EntryPoint","urlTemplate":"https:\/\/www.visit-ulcinj.com\/blog\/?s={search_term_string}"},"query-input":"required name=search_term_string"}],"inLanguage":"en-US"},{"@type":"ImageObject","inLanguage":"en-US","@id":"https:\/\/www.visit-ulcinj.com\/blog\/2016\/06\/12\/dhunohet-barbarisht-gazetari-ne-podgorice-kristjan-dukaj\/#primaryimage","url":"https:\/\/www.visit-ulcinj.com\/blog\/wp-content\/uploads\/2016\/06\/Kristjan-Dukaj.jpg","contentUrl":"https:\/\/www.visit-ulcinj.com\/blog\/wp-content\/uploads\/2016\/06\/Kristjan-Dukaj.jpg","width":750,"height":640},{"@type":"WebPage","@id":"https:\/\/www.visit-ulcinj.com\/blog\/2016\/06\/12\/dhunohet-barbarisht-gazetari-ne-podgorice-kristjan-dukaj\/#webpage","url":"https:\/\/www.visit-ulcinj.com\/blog\/2016\/06\/12\/dhunohet-barbarisht-gazetari-ne-podgorice-kristjan-dukaj\/","name":"Dhunohet barbarisht gazetari n\u00eb Podgoric\u00eb Kristjan Dukaj - Lajme nga Ulqini","isPartOf":{"@id":"https:\/\/www.visit-ulcinj.com\/blog\/#website"},"primaryImageOfPage":{"@id":"https:\/\/www.visit-ulcinj.com\/blog\/2016\/06\/12\/dhunohet-barbarisht-gazetari-ne-podgorice-kristjan-dukaj\/#primaryimage"},"datePublished":"2016-06-12T07:17:01+00:00","dateModified":"2016-06-12T07:17:01+00:00","author":{"@id":"https:\/\/www.visit-ulcinj.com\/blog\/#\/schema\/person\/dcab619c614d3038751c63bc2aadc06d"},"description":"T\u00eb mart\u00ebn n\u00eb mbr\u00ebmje rreth or\u00ebs 21:30 n\u00eb Podgoric\u00eb, \u00ebsht\u00eb sulmuar aktivisti nga Mal\u00ebsia e Madhe-Tuzi, Kristjan Dukaj tek sa po dilte nga automjeti i tij.","breadcrumb":{"@id":"https:\/\/www.visit-ulcinj.com\/blog\/2016\/06\/12\/dhunohet-barbarisht-gazetari-ne-podgorice-kristjan-dukaj\/#breadcrumb"},"inLanguage":"en-US","potentialAction":[{"@type":"ReadAction","target":["https:\/\/www.visit-ulcinj.com\/blog\/2016\/06\/12\/dhunohet-barbarisht-gazetari-ne-podgorice-kristjan-dukaj\/"]}]},{"@type":"BreadcrumbList","@id":"https:\/\/www.visit-ulcinj.com\/blog\/2016\/06\/12\/dhunohet-barbarisht-gazetari-ne-podgorice-kristjan-dukaj\/#breadcrumb","itemListElement":[{"@type":"ListItem","position":1,"name":"Dhunohet barbarisht gazetari n\u00eb Podgoric\u00eb Kristjan Dukaj"}]},{"@type":"Person","@id":"https:\/\/www.visit-ulcinj.com\/blog\/#\/schema\/person\/dcab619c614d3038751c63bc2aadc06d","name":"ulqini","sameAs":["http:\/\/www.visit-ulcinj.com"],"url":"https:\/\/www.visit-ulcinj.com\/blog\/author\/admin\/"}]}},"jetpack_featured_media_url":"","jetpack_sharing_enabled":true,"jetpack_shortlink":"https:\/\/wp.me\/pe6lTn-pmA","_links":{"self":[{"href":"https:\/\/www.visit-ulcinj.com\/blog\/wp-json\/wp\/v2\/posts\/97500"}],"collection":[{"href":"https:\/\/www.visit-ulcinj.com\/blog\/wp-json\/wp\/v2\/posts"}],"about":[{"href":"https:\/\/www.visit-ulcinj.com\/blog\/wp-json\/wp\/v2\/types\/post"}],"author":[{"embeddable":true,"href":"https:\/\/www.visit-ulcinj.com\/blog\/wp-json\/wp\/v2\/users\/1"}],"replies":[{"embeddable":true,"href":"https:\/\/www.visit-ulcinj.com\/blog\/wp-json\/wp\/v2\/comments?post=97500"}],"version-history":[{"count":1,"href":"https:\/\/www.visit-ulcinj.com\/blog\/wp-json\/wp\/v2\/posts\/97500\/revisions"}],"predecessor-version":[{"id":97502,"href":"https:\/\/www.visit-ulcinj.com\/blog\/wp-json\/wp\/v2\/posts\/97500\/revisions\/97502"}],"wp:attachment":[{"href":"https:\/\/www.visit-ulcinj.com\/blog\/wp-json\/wp\/v2\/media?parent=97500"}],"wp:term":[{"taxonomy":"category","embeddable":true,"href":"https:\/\/www.visit-ulcinj.com\/blog\/wp-json\/wp\/v2\/categories?post=97500"},{"taxonomy":"post_tag","embeddable":true,"href":"https:\/\/www.visit-ulcinj.com\/blog\/wp-json\/wp\/v2\/tags?post=97500"}],"curies":[{"name":"wp","href":"https:\/\/api.w.org\/{rel}","templated":true}]}}