{"id":97503,"date":"2016-06-12T08:24:14","date_gmt":"2016-06-12T07:24:14","guid":{"rendered":"http:\/\/www.visit-ulcinj.com\/blog\/?p=97503"},"modified":"2016-06-13T22:48:00","modified_gmt":"2016-06-13T21:48:00","slug":"ne-ulqin-tifozet-kuq-e-zi-ne-nje-vend-nen-bedemet-e-kalase","status":"publish","type":"post","link":"https:\/\/www.visit-ulcinj.com\/blog\/2016\/06\/12\/ne-ulqin-tifozet-kuq-e-zi-ne-nje-vend-nen-bedemet-e-kalase\/","title":{"rendered":"N\u00eb Ulqin tifoz\u00ebt kuq e zi n\u00eb nj\u00eb vend-n\u00ebn bedemet e kalas\u00eb"},"content":{"rendered":"<p><a href=\"http:\/\/www.visit-ulcinj.com\/blog\/wp-content\/uploads\/2016\/06\/Festojm-se-bashku-kombetarja-Ulqin.jpg\"><img loading=\"lazy\" class=\"alignleft wp-image-97504\" src=\"http:\/\/www.visit-ulcinj.com\/blog\/wp-content\/uploads\/2016\/06\/Festojm-se-bashku-kombetarja-Ulqin.jpg\" alt=\"Festojm se bashku-kombetarja-Ulqin\" width=\"508\" height=\"381\" srcset=\"https:\/\/www.visit-ulcinj.com\/blog\/wp-content\/uploads\/2016\/06\/Festojm-se-bashku-kombetarja-Ulqin.jpg 664w, https:\/\/www.visit-ulcinj.com\/blog\/wp-content\/uploads\/2016\/06\/Festojm-se-bashku-kombetarja-Ulqin-300x225.jpg 300w\" sizes=\"(max-width: 508px) 100vw, 508px\" \/><\/a><\/p>\n<p>Kampionati evropian n\u00eb futboll, i cili para dy dit\u00ebsh filloi n\u00eb Franc\u00eb, solli atmosfer\u00eb festive edhe n\u00eb Ulqin. N\u00eb tribun\u00ebn e vendosur posht\u00eb bedenave t\u00eb Kalas\u00eb, n\u00eb ekranin gjigant\u00eb t\u00eb teknologjis\u00eb s\u00eb fundit, do t\u00eb p\u00ebrcillen t\u00eb gjitha ndeshjet deri n\u00eb fund t\u00eb k\u00ebtij evenimenti.<\/p>\n<p>\u201cIdeja fillestare ishte q\u00eb, n\u00eb nj\u00ebfar\u00eb m\u00ebnyre, t\u00eb \u201cshfryt\u00ebzojm\u00eb\u201d Kampionatin evropian n\u00eb futboll p\u00ebr pasurimin e ofert\u00ebs turistike. Meq\u00eb jemi n\u00eb periudh\u00eb parasezonale, tentuam q\u00eb n\u00eb k\u00ebt\u00eb form\u00eb unike dhe t\u00eb papar\u00eb deri tani t\u00eb sjellim nj\u00eb pjes\u00eb t\u00eb atmosfer\u00ebs nga stadiumet e Franc\u00ebs, me q\u00ebllim arg\u00ebtimin e t\u00eb gjith\u00eb dashamir\u00ebsve t\u00eb futbollit, qofshin ato mysafir\u00eb apo vendas\u201d, shprehet Bledar Nelaj, nj\u00ebri nga organizator\u00ebt e k\u00ebtij manifestimi.<\/p>\n<p>\u201cPo ashtu, duke u nisur nga fakti se kjo \u00ebsht\u00eb hera e par\u00eb n\u00eb histori \u00a0q\u00eb Komb\u00ebtarja jon\u00eb kualifikohet n\u00eb gar\u00ebn Nd\u00ebrkomb\u00ebtare \u201cEuro 2016\u201d, kemi nisur iniciativ\u00ebn t\u2019i bashkojm\u00eb t\u00eb gjith\u00eb tifoz\u00ebt shqiptar\u00eb n\u00eb nj\u00eb vend, me nj\u00eb moto, me nj\u00eb d\u00ebshir\u00eb \u2013 t\u00eb p\u00ebrkrahim Komb\u00ebtaren ton\u00eb duke i ndjekur t\u00eb tubuar n\u00ebn bedenat e Kalas\u00eb shekullore\u201d,\u00a0vazhdoi ai.<\/p>\n<p>T\u00eb gjitha ndeshjet e Kampionatit, prej faz\u00ebs s\u00eb grupeve, asaj eliminatore, e deri n\u00eb ndeshjen finale do t\u00eb transmetohen drejtp\u00ebrdrejt\u00eb dhe t\u00eb gjith\u00eb t\u00eb pasionuarit mbas futbollit do t\u00eb ken\u00eb mund\u00ebsi t\u2019i ndjekin n\u00eb Mol\u00ebn e madhe t\u00eb Ulqinit.<\/p>\n<p>\u201cP\u00ebr t\u00eb realizuar k\u00ebt\u00eb projekt \u00ebsht\u00eb dashur shum\u00eb mund dhe sakrific\u00eb. P\u00ebrshtypjet e para t\u00eb njer\u00ebzve jan\u00eb t\u00eb shk\u00eblqyera, atmosfera \u00ebsht\u00eb sportive dhe kjo m\u00eb b\u00ebn\u00eb t\u00eb besoj\u00eb se kemi b\u00ebr\u00eb nj\u00eb pun\u00eb t\u00eb mir\u00eb deri tani\u201d, theksoi Nelaj.<\/p>\n<p>Ai nj\u00ebherit i fton t\u00eb gjith\u00eb, n\u00eb ve\u00e7anti t\u00eb rinjt\u00eb e Komun\u00ebs s\u00eb Ulqinit t\u2019i bashk\u00ebngjiten tifoz\u00ebve kuq\u00eb e zi dhe t\u00eb ndjekin s\u00eb bashku ndeshjet n\u00eb m\u00ebnyr\u00eb t\u00eb organizuar.<\/p>\n<p>Ky aktivitet\u00a0 \u00ebsht\u00eb p\u00ebrkrahur\u00a0 dhe mb\u00ebshtetur nga Kumuna e Ulqinit krzetari Nazif Cungu,Organizata Turistike e Ulqinit,Nd\u00ebrmarrja p\u00ebr veprimtari Komunale dhe UBA t\u00eb cil\u00ebt I fal\u00ebnderojm\u00eb ,se pa p\u00ebrkrahjen e tyre nuk do t\u00eb ishte I mundur realizimi I k\u00ebtij aktiviteti 30 dit\u00ebsh sportive.<\/p>\n<p><a href=\"http:\/\/www.visit-ulcinj.com\/blog\/wp-content\/uploads\/2016\/06\/Festojm-se-bashku-kombetarja-Ulqin-1.jpg\"><img loading=\"lazy\" class=\"alignleft wp-image-97505\" src=\"http:\/\/www.visit-ulcinj.com\/blog\/wp-content\/uploads\/2016\/06\/Festojm-se-bashku-kombetarja-Ulqin-1.jpg\" alt=\"Festojm se bashku-kombetarja-Ulqin-1\" width=\"508\" height=\"381\" srcset=\"https:\/\/www.visit-ulcinj.com\/blog\/wp-content\/uploads\/2016\/06\/Festojm-se-bashku-kombetarja-Ulqin-1.jpg 526w, https:\/\/www.visit-ulcinj.com\/blog\/wp-content\/uploads\/2016\/06\/Festojm-se-bashku-kombetarja-Ulqin-1-300x225.jpg 300w\" sizes=\"(max-width: 508px) 100vw, 508px\" \/><\/a><\/p>\n<p><a href=\"http:\/\/www.visit-ulcinj.com\/blog\/wp-content\/uploads\/2016\/06\/Festojm-se-bashku-kombetarja-Ulqin-2.jpg\"><img loading=\"lazy\" class=\"alignleft wp-image-97506\" src=\"http:\/\/www.visit-ulcinj.com\/blog\/wp-content\/uploads\/2016\/06\/Festojm-se-bashku-kombetarja-Ulqin-2.jpg\" alt=\"Festojm se bashku-kombetarja-Ulqin-2\" width=\"508\" height=\"381\" srcset=\"https:\/\/www.visit-ulcinj.com\/blog\/wp-content\/uploads\/2016\/06\/Festojm-se-bashku-kombetarja-Ulqin-2.jpg 664w, https:\/\/www.visit-ulcinj.com\/blog\/wp-content\/uploads\/2016\/06\/Festojm-se-bashku-kombetarja-Ulqin-2-300x225.jpg 300w\" sizes=\"(max-width: 508px) 100vw, 508px\" \/><\/a> <a href=\"http:\/\/www.visit-ulcinj.com\/blog\/wp-content\/uploads\/2016\/06\/Festojm-se-bashku-kombetarja-Ulqin-3.jpg\"><img loading=\"lazy\" class=\"alignleft wp-image-97507\" src=\"http:\/\/www.visit-ulcinj.com\/blog\/wp-content\/uploads\/2016\/06\/Festojm-se-bashku-kombetarja-Ulqin-3.jpg\" alt=\"Festojm se bashku-kombetarja-Ulqin-3\" width=\"508\" height=\"290\" srcset=\"https:\/\/www.visit-ulcinj.com\/blog\/wp-content\/uploads\/2016\/06\/Festojm-se-bashku-kombetarja-Ulqin-3.jpg 872w, https:\/\/www.visit-ulcinj.com\/blog\/wp-content\/uploads\/2016\/06\/Festojm-se-bashku-kombetarja-Ulqin-3-300x171.jpg 300w, https:\/\/www.visit-ulcinj.com\/blog\/wp-content\/uploads\/2016\/06\/Festojm-se-bashku-kombetarja-Ulqin-3-768x439.jpg 768w\" sizes=\"(max-width: 508px) 100vw, 508px\" \/><\/a><\/p>\n","protected":false},"excerpt":{"rendered":"<p>Kampionati evropian n\u00eb futboll, i cili para dy dit\u00ebsh filloi n\u00eb Franc\u00eb, solli atmosfer\u00eb festive edhe n\u00eb Ulqin. N\u00eb tribun\u00ebn e vendosur posht\u00eb bedenave t\u00eb Kalas\u00eb, n\u00eb ekranin gjigant\u00eb t\u00eb teknologjis\u00eb s\u00eb fundit, do t\u00eb p\u00ebrcillen t\u00eb gjitha ndeshjet deri n\u00eb fund t\u00eb k\u00ebtij evenimenti. \u201cIdeja fillestare ishte q\u00eb, n\u00eb nj\u00ebfar\u00eb m\u00ebnyre, t\u00eb \u201cshfryt\u00ebzojm\u00eb\u201d Kampionatin [&hellip;]<\/p>\n","protected":false},"author":1,"featured_media":0,"comment_status":"closed","ping_status":"closed","sticky":false,"template":"","format":"standard","meta":{"spay_email":"","jetpack_publicize_message":"","jetpack_is_tweetstorm":false,"jetpack_publicize_feature_enabled":true},"categories":[1],"tags":[],"jetpack_publicize_connections":[],"yoast_head":"<!-- This site is optimized with the Yoast SEO plugin v19.1 - https:\/\/yoast.com\/wordpress\/plugins\/seo\/ -->\n<title>N\u00eb Ulqin tifoz\u00ebt kuq e zi n\u00eb nj\u00eb vend-n\u00ebn bedemet e kalas\u00eb - Lajme nga Ulqini<\/title>\n<meta name=\"description\" content=\"Kampionati evropian n\u00eb futboll, i cili para dy dit\u00ebsh filloi n\u00eb Franc\u00eb, solli atmosfer\u00eb festive edhe n\u00eb Ulqin. N\u00eb tribun\u00ebn e vendosur posht\u00eb bedenave t\u00eb\" \/>\n<meta name=\"robots\" content=\"index, follow, max-snippet:-1, max-image-preview:large, max-video-preview:-1\" \/>\n<link rel=\"canonical\" href=\"https:\/\/www.visit-ulcinj.com\/blog\/2016\/06\/12\/ne-ulqin-tifozet-kuq-e-zi-ne-nje-vend-nen-bedemet-e-kalase\/\" \/>\n<meta property=\"og:locale\" content=\"en_US\" \/>\n<meta property=\"og:type\" content=\"article\" \/>\n<meta property=\"og:title\" content=\"N\u00eb Ulqin tifoz\u00ebt kuq e zi n\u00eb nj\u00eb vend-n\u00ebn bedemet e kalas\u00eb - Lajme nga Ulqini\" \/>\n<meta property=\"og:description\" content=\"Kampionati evropian n\u00eb futboll, i cili para dy dit\u00ebsh filloi n\u00eb Franc\u00eb, solli atmosfer\u00eb festive edhe n\u00eb Ulqin. N\u00eb tribun\u00ebn e vendosur posht\u00eb bedenave t\u00eb\" \/>\n<meta property=\"og:url\" content=\"https:\/\/www.visit-ulcinj.com\/blog\/2016\/06\/12\/ne-ulqin-tifozet-kuq-e-zi-ne-nje-vend-nen-bedemet-e-kalase\/\" \/>\n<meta property=\"og:site_name\" content=\"Lajme nga Ulqini\" \/>\n<meta property=\"article:published_time\" content=\"2016-06-12T07:24:14+00:00\" \/>\n<meta property=\"article:modified_time\" content=\"2016-06-13T21:48:00+00:00\" \/>\n<meta property=\"og:image\" content=\"http:\/\/www.visit-ulcinj.com\/blog\/wp-content\/uploads\/2016\/06\/Festojm-se-bashku-kombetarja-Ulqin.jpg\" \/>\n<meta name=\"twitter:label1\" content=\"Written by\" \/>\n\t<meta name=\"twitter:data1\" content=\"ulqini\" \/>\n\t<meta name=\"twitter:label2\" content=\"Est. reading time\" \/>\n\t<meta name=\"twitter:data2\" content=\"2 minutes\" \/>\n<script type=\"application\/ld+json\" class=\"yoast-schema-graph\">{\"@context\":\"https:\/\/schema.org\",\"@graph\":[{\"@type\":\"WebSite\",\"@id\":\"https:\/\/www.visit-ulcinj.com\/blog\/#website\",\"url\":\"https:\/\/www.visit-ulcinj.com\/blog\/\",\"name\":\"Lajme nga Ulqini\",\"description\":\"Lajme,Vijesti,Ulqini,Ulqin,Crna Gora,Mali i Zi\",\"potentialAction\":[{\"@type\":\"SearchAction\",\"target\":{\"@type\":\"EntryPoint\",\"urlTemplate\":\"https:\/\/www.visit-ulcinj.com\/blog\/?s={search_term_string}\"},\"query-input\":\"required name=search_term_string\"}],\"inLanguage\":\"en-US\"},{\"@type\":\"ImageObject\",\"inLanguage\":\"en-US\",\"@id\":\"https:\/\/www.visit-ulcinj.com\/blog\/2016\/06\/12\/ne-ulqin-tifozet-kuq-e-zi-ne-nje-vend-nen-bedemet-e-kalase\/#primaryimage\",\"url\":\"https:\/\/www.visit-ulcinj.com\/blog\/wp-content\/uploads\/2016\/06\/Festojm-se-bashku-kombetarja-Ulqin.jpg\",\"contentUrl\":\"https:\/\/www.visit-ulcinj.com\/blog\/wp-content\/uploads\/2016\/06\/Festojm-se-bashku-kombetarja-Ulqin.jpg\",\"width\":664,\"height\":498},{\"@type\":\"WebPage\",\"@id\":\"https:\/\/www.visit-ulcinj.com\/blog\/2016\/06\/12\/ne-ulqin-tifozet-kuq-e-zi-ne-nje-vend-nen-bedemet-e-kalase\/#webpage\",\"url\":\"https:\/\/www.visit-ulcinj.com\/blog\/2016\/06\/12\/ne-ulqin-tifozet-kuq-e-zi-ne-nje-vend-nen-bedemet-e-kalase\/\",\"name\":\"N\u00eb Ulqin tifoz\u00ebt kuq e zi n\u00eb nj\u00eb vend-n\u00ebn bedemet e kalas\u00eb - Lajme nga Ulqini\",\"isPartOf\":{\"@id\":\"https:\/\/www.visit-ulcinj.com\/blog\/#website\"},\"primaryImageOfPage\":{\"@id\":\"https:\/\/www.visit-ulcinj.com\/blog\/2016\/06\/12\/ne-ulqin-tifozet-kuq-e-zi-ne-nje-vend-nen-bedemet-e-kalase\/#primaryimage\"},\"datePublished\":\"2016-06-12T07:24:14+00:00\",\"dateModified\":\"2016-06-13T21:48:00+00:00\",\"author\":{\"@id\":\"https:\/\/www.visit-ulcinj.com\/blog\/#\/schema\/person\/dcab619c614d3038751c63bc2aadc06d\"},\"description\":\"Kampionati evropian n\u00eb futboll, i cili para dy dit\u00ebsh filloi n\u00eb Franc\u00eb, solli atmosfer\u00eb festive edhe n\u00eb Ulqin. N\u00eb tribun\u00ebn e vendosur posht\u00eb bedenave t\u00eb\",\"breadcrumb\":{\"@id\":\"https:\/\/www.visit-ulcinj.com\/blog\/2016\/06\/12\/ne-ulqin-tifozet-kuq-e-zi-ne-nje-vend-nen-bedemet-e-kalase\/#breadcrumb\"},\"inLanguage\":\"en-US\",\"potentialAction\":[{\"@type\":\"ReadAction\",\"target\":[\"https:\/\/www.visit-ulcinj.com\/blog\/2016\/06\/12\/ne-ulqin-tifozet-kuq-e-zi-ne-nje-vend-nen-bedemet-e-kalase\/\"]}]},{\"@type\":\"BreadcrumbList\",\"@id\":\"https:\/\/www.visit-ulcinj.com\/blog\/2016\/06\/12\/ne-ulqin-tifozet-kuq-e-zi-ne-nje-vend-nen-bedemet-e-kalase\/#breadcrumb\",\"itemListElement\":[{\"@type\":\"ListItem\",\"position\":1,\"name\":\"N\u00eb Ulqin tifoz\u00ebt kuq e zi n\u00eb nj\u00eb vend-n\u00ebn bedemet e kalas\u00eb\"}]},{\"@type\":\"Person\",\"@id\":\"https:\/\/www.visit-ulcinj.com\/blog\/#\/schema\/person\/dcab619c614d3038751c63bc2aadc06d\",\"name\":\"ulqini\",\"sameAs\":[\"http:\/\/www.visit-ulcinj.com\"],\"url\":\"https:\/\/www.visit-ulcinj.com\/blog\/author\/admin\/\"}]}<\/script>\n<!-- \/ Yoast SEO plugin. -->","yoast_head_json":{"title":"N\u00eb Ulqin tifoz\u00ebt kuq e zi n\u00eb nj\u00eb vend-n\u00ebn bedemet e kalas\u00eb - Lajme nga Ulqini","description":"Kampionati evropian n\u00eb futboll, i cili para dy dit\u00ebsh filloi n\u00eb Franc\u00eb, solli atmosfer\u00eb festive edhe n\u00eb Ulqin. N\u00eb tribun\u00ebn e vendosur posht\u00eb bedenave t\u00eb","robots":{"index":"index","follow":"follow","max-snippet":"max-snippet:-1","max-image-preview":"max-image-preview:large","max-video-preview":"max-video-preview:-1"},"canonical":"https:\/\/www.visit-ulcinj.com\/blog\/2016\/06\/12\/ne-ulqin-tifozet-kuq-e-zi-ne-nje-vend-nen-bedemet-e-kalase\/","og_locale":"en_US","og_type":"article","og_title":"N\u00eb Ulqin tifoz\u00ebt kuq e zi n\u00eb nj\u00eb vend-n\u00ebn bedemet e kalas\u00eb - Lajme nga Ulqini","og_description":"Kampionati evropian n\u00eb futboll, i cili para dy dit\u00ebsh filloi n\u00eb Franc\u00eb, solli atmosfer\u00eb festive edhe n\u00eb Ulqin. N\u00eb tribun\u00ebn e vendosur posht\u00eb bedenave t\u00eb","og_url":"https:\/\/www.visit-ulcinj.com\/blog\/2016\/06\/12\/ne-ulqin-tifozet-kuq-e-zi-ne-nje-vend-nen-bedemet-e-kalase\/","og_site_name":"Lajme nga Ulqini","article_published_time":"2016-06-12T07:24:14+00:00","article_modified_time":"2016-06-13T21:48:00+00:00","og_image":[{"url":"http:\/\/www.visit-ulcinj.com\/blog\/wp-content\/uploads\/2016\/06\/Festojm-se-bashku-kombetarja-Ulqin.jpg"}],"twitter_misc":{"Written by":"ulqini","Est. reading time":"2 minutes"},"schema":{"@context":"https:\/\/schema.org","@graph":[{"@type":"WebSite","@id":"https:\/\/www.visit-ulcinj.com\/blog\/#website","url":"https:\/\/www.visit-ulcinj.com\/blog\/","name":"Lajme nga Ulqini","description":"Lajme,Vijesti,Ulqini,Ulqin,Crna Gora,Mali i Zi","potentialAction":[{"@type":"SearchAction","target":{"@type":"EntryPoint","urlTemplate":"https:\/\/www.visit-ulcinj.com\/blog\/?s={search_term_string}"},"query-input":"required name=search_term_string"}],"inLanguage":"en-US"},{"@type":"ImageObject","inLanguage":"en-US","@id":"https:\/\/www.visit-ulcinj.com\/blog\/2016\/06\/12\/ne-ulqin-tifozet-kuq-e-zi-ne-nje-vend-nen-bedemet-e-kalase\/#primaryimage","url":"https:\/\/www.visit-ulcinj.com\/blog\/wp-content\/uploads\/2016\/06\/Festojm-se-bashku-kombetarja-Ulqin.jpg","contentUrl":"https:\/\/www.visit-ulcinj.com\/blog\/wp-content\/uploads\/2016\/06\/Festojm-se-bashku-kombetarja-Ulqin.jpg","width":664,"height":498},{"@type":"WebPage","@id":"https:\/\/www.visit-ulcinj.com\/blog\/2016\/06\/12\/ne-ulqin-tifozet-kuq-e-zi-ne-nje-vend-nen-bedemet-e-kalase\/#webpage","url":"https:\/\/www.visit-ulcinj.com\/blog\/2016\/06\/12\/ne-ulqin-tifozet-kuq-e-zi-ne-nje-vend-nen-bedemet-e-kalase\/","name":"N\u00eb Ulqin tifoz\u00ebt kuq e zi n\u00eb nj\u00eb vend-n\u00ebn bedemet e kalas\u00eb - Lajme nga Ulqini","isPartOf":{"@id":"https:\/\/www.visit-ulcinj.com\/blog\/#website"},"primaryImageOfPage":{"@id":"https:\/\/www.visit-ulcinj.com\/blog\/2016\/06\/12\/ne-ulqin-tifozet-kuq-e-zi-ne-nje-vend-nen-bedemet-e-kalase\/#primaryimage"},"datePublished":"2016-06-12T07:24:14+00:00","dateModified":"2016-06-13T21:48:00+00:00","author":{"@id":"https:\/\/www.visit-ulcinj.com\/blog\/#\/schema\/person\/dcab619c614d3038751c63bc2aadc06d"},"description":"Kampionati evropian n\u00eb futboll, i cili para dy dit\u00ebsh filloi n\u00eb Franc\u00eb, solli atmosfer\u00eb festive edhe n\u00eb Ulqin. N\u00eb tribun\u00ebn e vendosur posht\u00eb bedenave t\u00eb","breadcrumb":{"@id":"https:\/\/www.visit-ulcinj.com\/blog\/2016\/06\/12\/ne-ulqin-tifozet-kuq-e-zi-ne-nje-vend-nen-bedemet-e-kalase\/#breadcrumb"},"inLanguage":"en-US","potentialAction":[{"@type":"ReadAction","target":["https:\/\/www.visit-ulcinj.com\/blog\/2016\/06\/12\/ne-ulqin-tifozet-kuq-e-zi-ne-nje-vend-nen-bedemet-e-kalase\/"]}]},{"@type":"BreadcrumbList","@id":"https:\/\/www.visit-ulcinj.com\/blog\/2016\/06\/12\/ne-ulqin-tifozet-kuq-e-zi-ne-nje-vend-nen-bedemet-e-kalase\/#breadcrumb","itemListElement":[{"@type":"ListItem","position":1,"name":"N\u00eb Ulqin tifoz\u00ebt kuq e zi n\u00eb nj\u00eb vend-n\u00ebn bedemet e kalas\u00eb"}]},{"@type":"Person","@id":"https:\/\/www.visit-ulcinj.com\/blog\/#\/schema\/person\/dcab619c614d3038751c63bc2aadc06d","name":"ulqini","sameAs":["http:\/\/www.visit-ulcinj.com"],"url":"https:\/\/www.visit-ulcinj.com\/blog\/author\/admin\/"}]}},"jetpack_featured_media_url":"","jetpack_sharing_enabled":true,"jetpack_shortlink":"https:\/\/wp.me\/pe6lTn-pmD","_links":{"self":[{"href":"https:\/\/www.visit-ulcinj.com\/blog\/wp-json\/wp\/v2\/posts\/97503"}],"collection":[{"href":"https:\/\/www.visit-ulcinj.com\/blog\/wp-json\/wp\/v2\/posts"}],"about":[{"href":"https:\/\/www.visit-ulcinj.com\/blog\/wp-json\/wp\/v2\/types\/post"}],"author":[{"embeddable":true,"href":"https:\/\/www.visit-ulcinj.com\/blog\/wp-json\/wp\/v2\/users\/1"}],"replies":[{"embeddable":true,"href":"https:\/\/www.visit-ulcinj.com\/blog\/wp-json\/wp\/v2\/comments?post=97503"}],"version-history":[{"count":5,"href":"https:\/\/www.visit-ulcinj.com\/blog\/wp-json\/wp\/v2\/posts\/97503\/revisions"}],"predecessor-version":[{"id":97530,"href":"https:\/\/www.visit-ulcinj.com\/blog\/wp-json\/wp\/v2\/posts\/97503\/revisions\/97530"}],"wp:attachment":[{"href":"https:\/\/www.visit-ulcinj.com\/blog\/wp-json\/wp\/v2\/media?parent=97503"}],"wp:term":[{"taxonomy":"category","embeddable":true,"href":"https:\/\/www.visit-ulcinj.com\/blog\/wp-json\/wp\/v2\/categories?post=97503"},{"taxonomy":"post_tag","embeddable":true,"href":"https:\/\/www.visit-ulcinj.com\/blog\/wp-json\/wp\/v2\/tags?post=97503"}],"curies":[{"name":"wp","href":"https:\/\/api.w.org\/{rel}","templated":true}]}}