{"id":97509,"date":"2016-06-12T10:53:24","date_gmt":"2016-06-12T09:53:24","guid":{"rendered":"http:\/\/www.visit-ulcinj.com\/blog\/?p=97509"},"modified":"2016-06-12T10:53:24","modified_gmt":"2016-06-12T09:53:24","slug":"causi-bojana-na-pinjesu","status":"publish","type":"post","link":"https:\/\/www.visit-ulcinj.com\/blog\/2016\/06\/12\/causi-bojana-na-pinjesu\/","title":{"rendered":"\u010cau\u0161i: Bojana na Pinje\u0161u"},"content":{"rendered":"<p><strong><a href=\"http:\/\/www.visit-ulcinj.com\/blog\/wp-content\/uploads\/2016\/06\/Muzafer-Beljo-Causi-Ulcinj.jpg\"><img loading=\"lazy\" class=\"alignleft wp-image-97510\" src=\"http:\/\/www.visit-ulcinj.com\/blog\/wp-content\/uploads\/2016\/06\/Muzafer-Beljo-Causi-Ulcinj.jpg\" alt=\"Muzafer-Beljo-Causi-Ulcinj\" width=\"508\" height=\"320\" srcset=\"https:\/\/www.visit-ulcinj.com\/blog\/wp-content\/uploads\/2016\/06\/Muzafer-Beljo-Causi-Ulcinj.jpg 793w, https:\/\/www.visit-ulcinj.com\/blog\/wp-content\/uploads\/2016\/06\/Muzafer-Beljo-Causi-Ulcinj-300x189.jpg 300w, https:\/\/www.visit-ulcinj.com\/blog\/wp-content\/uploads\/2016\/06\/Muzafer-Beljo-Causi-Ulcinj-768x484.jpg 768w\" sizes=\"(max-width: 508px) 100vw, 508px\" \/><\/a>Pi\u0161e: Muzafer Beljo \u010cau\u0161i<\/strong><\/p>\n<p>Nikada nisam naro\u010dito volio karte i kartanje, ali jedne jeseni, pokisle i tmurne, svakodnevno sam, u Bo\u0161kovoj kafani, bio uz njih. Ta\u010dnije, iza njih, iza karti u tu\u0111im rukama \u2013 bio sam kibicer. Opet, ne zato \u0161to me zanimao tok i ishod igre, volio sam igra\u010de, slu\u0161ao im pri\u010du, gledao lica\u2026<\/p>\n<p>\u0160a\u0107ira su u\u0161i ofirale. \u010cim bi ga zapale dobre karte, jurnula bi mu krv u obraze, a u\u0161i bi pomodrele kao patlid\u017eani. Uzvrpolji se, ne dr\u017ei ga mjesto, a onda breca i psuje put posmatra\u010da, kad mu saigra\u010di naslute \u0161to krije u rukama.<\/p>\n<p>\u2013 Nije ti niko kriv, tebi u\u0161i ko razglas s javora javljaju na \u010detiri strane \u2013 smiju se svi, a \u0160a\u0107iru krv jo\u0161 ja\u010de razgori obraze. Samo mu damari desne \u0161ake nisu radili, ona mu je vazda zebla. Santa leda. Ni zimi, ni ljeti nije s nje skidao vunenu rukavicu. Ispegla mu snaha bijelu ko\u0161ulju, drap pantalone, natakne \u0161e\u0161ir \u2013 gospodin, ma ga ne mo\u017ee izmoliti da onu rukavicu skine da je bar opere, da joj ne iznosi bruku na Pristan.<\/p>\n<p>\u2013 Sve je kriva Bojana, njena vlaga mi je u kosti u\u0161la, ponije\u0107u je sa sobom na Pinje\u0161 \u2013 stalno je govorio.<\/p>\n<p>Ha, gledam: \u010dovjek uznosi bojansku vodu na vrh brda, na mjesno groblje \u2013 u svojim kostima! I, jes\u2019, jedino tako ako se \u0161to ponese sa sobom, jer gore se ide praznih ruku.<\/p>\n<p>Prgav, sva\u0111alica, \u0160a\u0107ir je sve poskakivao, kao svi ljudi malog rasta, kad se s kim pore\u010dka. Onda se blago nagne naprijed, za\u0161kilji na jedno oko i prijete\u0107i ma\u0161e \u0161tapom. Ma nije on nikada nikoga prepao, to je samo bila skoro svakodnevna pristanska predstava. Za\u0111enu ga dokoni, malo im treba. Razlegne se pustom obalom galama i smijeh i ubiju Pristand\u017eije\u00a0 pola sporog jesenjeg sata.<\/p>\n<p>Tog je kasnog oktobra, u danima kad ga karta nikako nije htjela, krv pio sinu da ga odvede na Bojanu. Ho\u0107e, ka\u017ee, da jo\u0161 jednom vidi masu skakavice i u vodi i u mre\u017ei.<\/p>\n<p>-Jesi li poludio, ima\u0161 osamdeset godina, jedva ulicom ide\u0161 \u2013\u00a0 ni\u0161ta nije pomagalo: ho\u0107e i ho\u0107e! Ko zlo dijete.<\/p>\n<p>-Ako ne\u0107e\u0161 ti da me vodi\u0161, ima ko ho\u0107e, nisam ja bez prijatelja \u2013 prijetio je, pa u isti \u010das mole\u0107ivo \u2013 samo \u0107u na dno flluge da sjedim. Umota\u0107u se dobro i glasa ne\u0107u pustit. Znali su da debelo la\u017ee: on da \u0107uti?!<\/p>\n<p>Smjestio se na kraj barke, dvojica su mu pomogla da u nju u\u0111e, i, stvarno, primirio se ko nevjesta. Samo su mu \u0161kiljave o\u010di bez treptaja sjekle mirnu povr\u0161inu vode.<\/p>\n<p>Zaboravili su svi na njega kad je masa jesenke zacvr\u010dala ispred prove. Uzbu\u0111enje bez glasa, \u017eurba, \u0161apat, dr\u017ei, pusti, vuci\u2026 grib je opkaljao masu. Nizala se po vodi perla od pluta, kad ribari za sobom ugleda\u0161e prikazu: \u0160a\u0107iru samo glava viri iz mora.<\/p>\n<p>-Vozi dalje, vira, vira, po\u017euri \u2013 komanduje, ma\u0161u\u0107i \u017eustro rukama\u00a0 \u2013 ja gazim konop od olova, nijedna mi ne\u0107e pro\u0107.<\/p>\n<p>Niko nije vidio kad se u barci svukao u duga\u010dke donje ga\u0107e i potko\u0161ulju i kada je s krme kliznuo u hladnu vodu. Pri\u010dao je poslije kako se prepao da \u0107e ovoj neznavenoj balavurdiji sva riba ute\u0107 ispod konopa.<\/p>\n<p>De\u0161avalo se, zbilja, mnogo puta, da olovni konop od mre\u017ee ne \u010de\u0161lja ravnomjerno\u00a0 naborano pje\u0161\u010dano dno, a kad jedna\u00a0 skakavica na\u0111e rupu, sve se za njom zaredaju. Iscuri riba iz mre\u017ee ko ulje iz lijevka.<\/p>\n<p>Sin, kad je do\u0161ao predve\u010de po njega, na\u0161ao ga je kraj vatre na obali, umotanog u \u0107ebe. Drhtao je.<\/p>\n<p>-A, kupao si se, je l\u2019, kupao te hod\u017ea na tene\u0161ir, dabogda \u2013 poludio je sin.<\/p>\n<p>\u0160a\u0107ir je te no\u0107i po\u010deo da ka\u0161lje, umro je dva mjeseca kasnije. Odnio je svoj pregr\u0161t Bojane na Pinje\u0161.<\/p>\n<p><strong>Izvor: Jedro.me\u00a0<\/strong><\/p>\n","protected":false},"excerpt":{"rendered":"<p>Pi\u0161e: Muzafer Beljo \u010cau\u0161i Nikada nisam naro\u010dito volio karte i kartanje, ali jedne jeseni, pokisle i tmurne, svakodnevno sam, u Bo\u0161kovoj kafani, bio uz njih. Ta\u010dnije, iza njih, iza karti u tu\u0111im rukama \u2013 bio sam kibicer. Opet, ne zato \u0161to me zanimao tok i ishod igre, volio sam igra\u010de, slu\u0161ao im pri\u010du, gledao lica\u2026 [&hellip;]<\/p>\n","protected":false},"author":1,"featured_media":0,"comment_status":"closed","ping_status":"closed","sticky":false,"template":"","format":"standard","meta":{"spay_email":"","jetpack_publicize_message":"","jetpack_is_tweetstorm":false,"jetpack_publicize_feature_enabled":true},"categories":[8337],"tags":[],"jetpack_publicize_connections":[],"yoast_head":"<!-- This site is optimized with the Yoast SEO plugin v19.1 - https:\/\/yoast.com\/wordpress\/plugins\/seo\/ -->\n<title>\u010cau\u0161i: Bojana na Pinje\u0161u - Lajme nga Ulqini<\/title>\n<meta name=\"description\" content=\"Pi\u0161e: Muzafer Beljo \u010cau\u0161i Nikada nisam naro\u010dito volio karte i kartanje, ali jedne jeseni, pokisle i tmurne, svakodnevno sam, u Bo\u0161kovoj kafani, bio uz\" \/>\n<meta name=\"robots\" content=\"index, follow, max-snippet:-1, max-image-preview:large, max-video-preview:-1\" \/>\n<link rel=\"canonical\" href=\"https:\/\/www.visit-ulcinj.com\/blog\/2016\/06\/12\/causi-bojana-na-pinjesu\/\" \/>\n<meta property=\"og:locale\" content=\"en_US\" \/>\n<meta property=\"og:type\" content=\"article\" \/>\n<meta property=\"og:title\" content=\"\u010cau\u0161i: Bojana na Pinje\u0161u - Lajme nga Ulqini\" \/>\n<meta property=\"og:description\" content=\"Pi\u0161e: Muzafer Beljo \u010cau\u0161i Nikada nisam naro\u010dito volio karte i kartanje, ali jedne jeseni, pokisle i tmurne, svakodnevno sam, u Bo\u0161kovoj kafani, bio uz\" \/>\n<meta property=\"og:url\" content=\"https:\/\/www.visit-ulcinj.com\/blog\/2016\/06\/12\/causi-bojana-na-pinjesu\/\" \/>\n<meta property=\"og:site_name\" content=\"Lajme nga Ulqini\" \/>\n<meta property=\"article:published_time\" content=\"2016-06-12T09:53:24+00:00\" \/>\n<meta property=\"og:image\" content=\"http:\/\/www.visit-ulcinj.com\/blog\/wp-content\/uploads\/2016\/06\/Muzafer-Beljo-Causi-Ulcinj.jpg\" \/>\n<meta name=\"twitter:label1\" content=\"Written by\" \/>\n\t<meta name=\"twitter:data1\" content=\"ulqini\" \/>\n\t<meta name=\"twitter:label2\" content=\"Est. reading time\" \/>\n\t<meta name=\"twitter:data2\" content=\"3 minutes\" \/>\n<script type=\"application\/ld+json\" class=\"yoast-schema-graph\">{\"@context\":\"https:\/\/schema.org\",\"@graph\":[{\"@type\":\"WebSite\",\"@id\":\"https:\/\/www.visit-ulcinj.com\/blog\/#website\",\"url\":\"https:\/\/www.visit-ulcinj.com\/blog\/\",\"name\":\"Lajme nga Ulqini\",\"description\":\"Lajme,Vijesti,Ulqini,Ulqin,Crna Gora,Mali i Zi\",\"potentialAction\":[{\"@type\":\"SearchAction\",\"target\":{\"@type\":\"EntryPoint\",\"urlTemplate\":\"https:\/\/www.visit-ulcinj.com\/blog\/?s={search_term_string}\"},\"query-input\":\"required name=search_term_string\"}],\"inLanguage\":\"en-US\"},{\"@type\":\"ImageObject\",\"inLanguage\":\"en-US\",\"@id\":\"https:\/\/www.visit-ulcinj.com\/blog\/2016\/06\/12\/causi-bojana-na-pinjesu\/#primaryimage\",\"url\":\"https:\/\/www.visit-ulcinj.com\/blog\/wp-content\/uploads\/2016\/06\/Muzafer-Beljo-Causi-Ulcinj.jpg\",\"contentUrl\":\"https:\/\/www.visit-ulcinj.com\/blog\/wp-content\/uploads\/2016\/06\/Muzafer-Beljo-Causi-Ulcinj.jpg\",\"width\":793,\"height\":500},{\"@type\":\"WebPage\",\"@id\":\"https:\/\/www.visit-ulcinj.com\/blog\/2016\/06\/12\/causi-bojana-na-pinjesu\/#webpage\",\"url\":\"https:\/\/www.visit-ulcinj.com\/blog\/2016\/06\/12\/causi-bojana-na-pinjesu\/\",\"name\":\"\u010cau\u0161i: Bojana na Pinje\u0161u - Lajme nga Ulqini\",\"isPartOf\":{\"@id\":\"https:\/\/www.visit-ulcinj.com\/blog\/#website\"},\"primaryImageOfPage\":{\"@id\":\"https:\/\/www.visit-ulcinj.com\/blog\/2016\/06\/12\/causi-bojana-na-pinjesu\/#primaryimage\"},\"datePublished\":\"2016-06-12T09:53:24+00:00\",\"dateModified\":\"2016-06-12T09:53:24+00:00\",\"author\":{\"@id\":\"https:\/\/www.visit-ulcinj.com\/blog\/#\/schema\/person\/dcab619c614d3038751c63bc2aadc06d\"},\"description\":\"Pi\u0161e: Muzafer Beljo \u010cau\u0161i Nikada nisam naro\u010dito volio karte i kartanje, ali jedne jeseni, pokisle i tmurne, svakodnevno sam, u Bo\u0161kovoj kafani, bio uz\",\"breadcrumb\":{\"@id\":\"https:\/\/www.visit-ulcinj.com\/blog\/2016\/06\/12\/causi-bojana-na-pinjesu\/#breadcrumb\"},\"inLanguage\":\"en-US\",\"potentialAction\":[{\"@type\":\"ReadAction\",\"target\":[\"https:\/\/www.visit-ulcinj.com\/blog\/2016\/06\/12\/causi-bojana-na-pinjesu\/\"]}]},{\"@type\":\"BreadcrumbList\",\"@id\":\"https:\/\/www.visit-ulcinj.com\/blog\/2016\/06\/12\/causi-bojana-na-pinjesu\/#breadcrumb\",\"itemListElement\":[{\"@type\":\"ListItem\",\"position\":1,\"name\":\"\u010cau\u0161i: Bojana na Pinje\u0161u\"}]},{\"@type\":\"Person\",\"@id\":\"https:\/\/www.visit-ulcinj.com\/blog\/#\/schema\/person\/dcab619c614d3038751c63bc2aadc06d\",\"name\":\"ulqini\",\"sameAs\":[\"http:\/\/www.visit-ulcinj.com\"],\"url\":\"https:\/\/www.visit-ulcinj.com\/blog\/author\/admin\/\"}]}<\/script>\n<!-- \/ Yoast SEO plugin. -->","yoast_head_json":{"title":"\u010cau\u0161i: Bojana na Pinje\u0161u - Lajme nga Ulqini","description":"Pi\u0161e: Muzafer Beljo \u010cau\u0161i Nikada nisam naro\u010dito volio karte i kartanje, ali jedne jeseni, pokisle i tmurne, svakodnevno sam, u Bo\u0161kovoj kafani, bio uz","robots":{"index":"index","follow":"follow","max-snippet":"max-snippet:-1","max-image-preview":"max-image-preview:large","max-video-preview":"max-video-preview:-1"},"canonical":"https:\/\/www.visit-ulcinj.com\/blog\/2016\/06\/12\/causi-bojana-na-pinjesu\/","og_locale":"en_US","og_type":"article","og_title":"\u010cau\u0161i: Bojana na Pinje\u0161u - Lajme nga Ulqini","og_description":"Pi\u0161e: Muzafer Beljo \u010cau\u0161i Nikada nisam naro\u010dito volio karte i kartanje, ali jedne jeseni, pokisle i tmurne, svakodnevno sam, u Bo\u0161kovoj kafani, bio uz","og_url":"https:\/\/www.visit-ulcinj.com\/blog\/2016\/06\/12\/causi-bojana-na-pinjesu\/","og_site_name":"Lajme nga Ulqini","article_published_time":"2016-06-12T09:53:24+00:00","og_image":[{"url":"http:\/\/www.visit-ulcinj.com\/blog\/wp-content\/uploads\/2016\/06\/Muzafer-Beljo-Causi-Ulcinj.jpg"}],"twitter_misc":{"Written by":"ulqini","Est. reading time":"3 minutes"},"schema":{"@context":"https:\/\/schema.org","@graph":[{"@type":"WebSite","@id":"https:\/\/www.visit-ulcinj.com\/blog\/#website","url":"https:\/\/www.visit-ulcinj.com\/blog\/","name":"Lajme nga Ulqini","description":"Lajme,Vijesti,Ulqini,Ulqin,Crna Gora,Mali i Zi","potentialAction":[{"@type":"SearchAction","target":{"@type":"EntryPoint","urlTemplate":"https:\/\/www.visit-ulcinj.com\/blog\/?s={search_term_string}"},"query-input":"required name=search_term_string"}],"inLanguage":"en-US"},{"@type":"ImageObject","inLanguage":"en-US","@id":"https:\/\/www.visit-ulcinj.com\/blog\/2016\/06\/12\/causi-bojana-na-pinjesu\/#primaryimage","url":"https:\/\/www.visit-ulcinj.com\/blog\/wp-content\/uploads\/2016\/06\/Muzafer-Beljo-Causi-Ulcinj.jpg","contentUrl":"https:\/\/www.visit-ulcinj.com\/blog\/wp-content\/uploads\/2016\/06\/Muzafer-Beljo-Causi-Ulcinj.jpg","width":793,"height":500},{"@type":"WebPage","@id":"https:\/\/www.visit-ulcinj.com\/blog\/2016\/06\/12\/causi-bojana-na-pinjesu\/#webpage","url":"https:\/\/www.visit-ulcinj.com\/blog\/2016\/06\/12\/causi-bojana-na-pinjesu\/","name":"\u010cau\u0161i: Bojana na Pinje\u0161u - Lajme nga Ulqini","isPartOf":{"@id":"https:\/\/www.visit-ulcinj.com\/blog\/#website"},"primaryImageOfPage":{"@id":"https:\/\/www.visit-ulcinj.com\/blog\/2016\/06\/12\/causi-bojana-na-pinjesu\/#primaryimage"},"datePublished":"2016-06-12T09:53:24+00:00","dateModified":"2016-06-12T09:53:24+00:00","author":{"@id":"https:\/\/www.visit-ulcinj.com\/blog\/#\/schema\/person\/dcab619c614d3038751c63bc2aadc06d"},"description":"Pi\u0161e: Muzafer Beljo \u010cau\u0161i Nikada nisam naro\u010dito volio karte i kartanje, ali jedne jeseni, pokisle i tmurne, svakodnevno sam, u Bo\u0161kovoj kafani, bio uz","breadcrumb":{"@id":"https:\/\/www.visit-ulcinj.com\/blog\/2016\/06\/12\/causi-bojana-na-pinjesu\/#breadcrumb"},"inLanguage":"en-US","potentialAction":[{"@type":"ReadAction","target":["https:\/\/www.visit-ulcinj.com\/blog\/2016\/06\/12\/causi-bojana-na-pinjesu\/"]}]},{"@type":"BreadcrumbList","@id":"https:\/\/www.visit-ulcinj.com\/blog\/2016\/06\/12\/causi-bojana-na-pinjesu\/#breadcrumb","itemListElement":[{"@type":"ListItem","position":1,"name":"\u010cau\u0161i: Bojana na Pinje\u0161u"}]},{"@type":"Person","@id":"https:\/\/www.visit-ulcinj.com\/blog\/#\/schema\/person\/dcab619c614d3038751c63bc2aadc06d","name":"ulqini","sameAs":["http:\/\/www.visit-ulcinj.com"],"url":"https:\/\/www.visit-ulcinj.com\/blog\/author\/admin\/"}]}},"jetpack_featured_media_url":"","jetpack_sharing_enabled":true,"jetpack_shortlink":"https:\/\/wp.me\/pe6lTn-pmJ","_links":{"self":[{"href":"https:\/\/www.visit-ulcinj.com\/blog\/wp-json\/wp\/v2\/posts\/97509"}],"collection":[{"href":"https:\/\/www.visit-ulcinj.com\/blog\/wp-json\/wp\/v2\/posts"}],"about":[{"href":"https:\/\/www.visit-ulcinj.com\/blog\/wp-json\/wp\/v2\/types\/post"}],"author":[{"embeddable":true,"href":"https:\/\/www.visit-ulcinj.com\/blog\/wp-json\/wp\/v2\/users\/1"}],"replies":[{"embeddable":true,"href":"https:\/\/www.visit-ulcinj.com\/blog\/wp-json\/wp\/v2\/comments?post=97509"}],"version-history":[{"count":1,"href":"https:\/\/www.visit-ulcinj.com\/blog\/wp-json\/wp\/v2\/posts\/97509\/revisions"}],"predecessor-version":[{"id":97511,"href":"https:\/\/www.visit-ulcinj.com\/blog\/wp-json\/wp\/v2\/posts\/97509\/revisions\/97511"}],"wp:attachment":[{"href":"https:\/\/www.visit-ulcinj.com\/blog\/wp-json\/wp\/v2\/media?parent=97509"}],"wp:term":[{"taxonomy":"category","embeddable":true,"href":"https:\/\/www.visit-ulcinj.com\/blog\/wp-json\/wp\/v2\/categories?post=97509"},{"taxonomy":"post_tag","embeddable":true,"href":"https:\/\/www.visit-ulcinj.com\/blog\/wp-json\/wp\/v2\/tags?post=97509"}],"curies":[{"name":"wp","href":"https:\/\/api.w.org\/{rel}","templated":true}]}}