{"id":97512,"date":"2016-06-12T11:03:07","date_gmt":"2016-06-12T10:03:07","guid":{"rendered":"http:\/\/www.visit-ulcinj.com\/blog\/?p=97512"},"modified":"2016-06-12T11:03:27","modified_gmt":"2016-06-12T10:03:27","slug":"czip-za-solanu-nije-potreban-uvoz-mozgova","status":"publish","type":"post","link":"https:\/\/www.visit-ulcinj.com\/blog\/2016\/06\/12\/czip-za-solanu-nije-potreban-uvoz-mozgova\/","title":{"rendered":"CZIP: Za Solanu nije potreban &#8220;uvoz mozgova&#8221;"},"content":{"rendered":"<p><a href=\"http:\/\/www.visit-ulcinj.com\/blog\/wp-content\/uploads\/2016\/06\/Ulcinjska-solana-.jpg\"><img loading=\"lazy\" class=\"alignleft wp-image-97513\" src=\"http:\/\/www.visit-ulcinj.com\/blog\/wp-content\/uploads\/2016\/06\/Ulcinjska-solana-.jpg\" alt=\"Ulcinjska-solana-\" width=\"508\" height=\"278\" srcset=\"https:\/\/www.visit-ulcinj.com\/blog\/wp-content\/uploads\/2016\/06\/Ulcinjska-solana-.jpg 657w, https:\/\/www.visit-ulcinj.com\/blog\/wp-content\/uploads\/2016\/06\/Ulcinjska-solana--300x164.jpg 300w\" sizes=\"(max-width: 508px) 100vw, 508px\" \/><\/a>Projekat Solana i rje\u0161enja predstavljena na Bijenalu arhitekture u Veneciji kao vi\u0111enje budu\u0107nosti prostora Solane za ornitologe nijesu redosljed prioriteta u ga\u0161enju vatrene stihije kompleksnih problema koji poga\u0111aju ovaj prostor, ocijenjeno je iz Centra za prou\u010davanje ptica.<\/p>\n<p>Uprkos tom stavu, za\u0161titi ptica i njihovih stani\u0161ta, u domenu struke pru\u017eili su, ka\u017eu, svu podr\u0161ku u\u010desnicima i prisustvovali na simpozijumu jer su ih interesovala konkretna rje\u0161enja koja \u0107e ponuditi inostrane i doma\u0107e arhitekte, prenosi Pobjeda.<\/p>\n<p>&#8220;Pored stru\u010dnih sugestija, komentara koje smo dali na pojedina rje\u0161enja, pa i vrlo \u017eive rasprave, treba pohvaliti zajedni\u010dku crtu sva \u010detri predlo\u017eena rje\u0161enja, koja ne predvi\u0111aju gradnju turisti\u010dkog kompleksa u vidu elitnog hotela, posebno ne kao uslov odr\u017eivosti ovog prostora. U tom pogledu ohrabruju\u0107e je \u010duti dijametralno druga\u010diju viziju od one u Nacrtu prostornog plana posebne namjene za obalno podru\u010dje, pritom imaju\u0107i u vidu sadr\u017eaj nacrta, ne i njegovu usmenu interpretaciju od strane Ministarstva&#8221;, navela je Jovana Janju\u0161evi\u0107 iz CZIP-a.<\/p>\n<p>Prema njenim rije\u010dima, za razliku od inostranih timova koji su se bavili ne\u0161to druga\u010dijim pristupom, pobjedni\u010dki tim iz Crne Gore pru\u017eio je konkretna rje\u0161enja.<\/p>\n<p>&#8220;Me\u0111utim, nije samo ovaj tim dao dobru podlogu za dalji rad, ve\u0107 su to pru\u017eili i drugi timovi \u010dije smo ideje bar mogli \u010duti u dijelu konsultacija vezanih za za\u0161titu ptica. Iako nijesmo bili dio \u017eirija, te nijesmo imali uvid u sve pristigle projekte, a nemaju\u0107i ni kapacitete da ocjenjujemo uspje\u0161nost arhitektonskih projekata, kao laici mo\u017eemo zaklju\u010diti da Crnoj Gori nije potreban \u201euvoz mozgova\u201c ve\u0107 smo kadri iskoristiti i doma\u0107e potencijale koji \u0107e, po na\u0161em skromnom mi\u0161ljenju, dati puno bolja i opipljivija rje\u0161enja za o\u017eivljavanje Solane. Na\u017ealost, na\u0161 utisak sa simpozijuma zasjenila je prili\u010dna sumnji\u010davost jednog broja u\u010desnika u mogu\u0107nost ponovne proizvodnje soli, \u0161to je za nas bio obeshrabruju\u0107i momenat&#8221;, kazala je Janju\u0161evi\u0107.<\/p>\n<p><strong>Izvor: RTCG<\/strong><\/p>\n","protected":false},"excerpt":{"rendered":"<p>Projekat Solana i rje\u0161enja predstavljena na Bijenalu arhitekture u Veneciji kao vi\u0111enje budu\u0107nosti prostora Solane za ornitologe nijesu redosljed prioriteta u ga\u0161enju vatrene stihije kompleksnih problema koji poga\u0111aju ovaj prostor, ocijenjeno je iz Centra za prou\u010davanje ptica. Uprkos tom stavu, za\u0161titi ptica i njihovih stani\u0161ta, u domenu struke pru\u017eili su, ka\u017eu, svu podr\u0161ku u\u010desnicima i [&hellip;]<\/p>\n","protected":false},"author":1,"featured_media":0,"comment_status":"closed","ping_status":"closed","sticky":false,"template":"","format":"standard","meta":{"spay_email":"","jetpack_publicize_message":"","jetpack_is_tweetstorm":false,"jetpack_publicize_feature_enabled":true},"categories":[6950],"tags":[],"jetpack_publicize_connections":[],"yoast_head":"<!-- This site is optimized with the Yoast SEO plugin v19.1 - https:\/\/yoast.com\/wordpress\/plugins\/seo\/ -->\n<title>CZIP: Za Solanu nije potreban &quot;uvoz mozgova&quot; - Lajme nga Ulqini<\/title>\n<meta name=\"description\" content=\"Projekat Solana i rje\u0161enja predstavljena na Bijenalu arhitekture u Veneciji kao vi\u0111enje budu\u0107nosti prostora Solane za ornitologe nijesu redosljed\" \/>\n<meta name=\"robots\" content=\"index, follow, max-snippet:-1, max-image-preview:large, max-video-preview:-1\" \/>\n<link rel=\"canonical\" href=\"https:\/\/www.visit-ulcinj.com\/blog\/2016\/06\/12\/czip-za-solanu-nije-potreban-uvoz-mozgova\/\" \/>\n<meta property=\"og:locale\" content=\"en_US\" \/>\n<meta property=\"og:type\" content=\"article\" \/>\n<meta property=\"og:title\" content=\"CZIP: Za Solanu nije potreban &quot;uvoz mozgova&quot; - Lajme nga Ulqini\" \/>\n<meta property=\"og:description\" content=\"Projekat Solana i rje\u0161enja predstavljena na Bijenalu arhitekture u Veneciji kao vi\u0111enje budu\u0107nosti prostora Solane za ornitologe nijesu redosljed\" \/>\n<meta property=\"og:url\" content=\"https:\/\/www.visit-ulcinj.com\/blog\/2016\/06\/12\/czip-za-solanu-nije-potreban-uvoz-mozgova\/\" \/>\n<meta property=\"og:site_name\" content=\"Lajme nga Ulqini\" \/>\n<meta property=\"article:published_time\" content=\"2016-06-12T10:03:07+00:00\" \/>\n<meta property=\"article:modified_time\" content=\"2016-06-12T10:03:27+00:00\" \/>\n<meta property=\"og:image\" content=\"http:\/\/www.visit-ulcinj.com\/blog\/wp-content\/uploads\/2016\/06\/Ulcinjska-solana-.jpg\" \/>\n<meta name=\"twitter:label1\" content=\"Written by\" \/>\n\t<meta name=\"twitter:data1\" content=\"ulqini\" \/>\n\t<meta name=\"twitter:label2\" content=\"Est. reading time\" \/>\n\t<meta name=\"twitter:data2\" content=\"2 minutes\" \/>\n<script type=\"application\/ld+json\" class=\"yoast-schema-graph\">{\"@context\":\"https:\/\/schema.org\",\"@graph\":[{\"@type\":\"WebSite\",\"@id\":\"https:\/\/www.visit-ulcinj.com\/blog\/#website\",\"url\":\"https:\/\/www.visit-ulcinj.com\/blog\/\",\"name\":\"Lajme nga Ulqini\",\"description\":\"Lajme,Vijesti,Ulqini,Ulqin,Crna Gora,Mali i Zi\",\"potentialAction\":[{\"@type\":\"SearchAction\",\"target\":{\"@type\":\"EntryPoint\",\"urlTemplate\":\"https:\/\/www.visit-ulcinj.com\/blog\/?s={search_term_string}\"},\"query-input\":\"required name=search_term_string\"}],\"inLanguage\":\"en-US\"},{\"@type\":\"ImageObject\",\"inLanguage\":\"en-US\",\"@id\":\"https:\/\/www.visit-ulcinj.com\/blog\/2016\/06\/12\/czip-za-solanu-nije-potreban-uvoz-mozgova\/#primaryimage\",\"url\":\"https:\/\/www.visit-ulcinj.com\/blog\/wp-content\/uploads\/2016\/06\/Ulcinjska-solana-.jpg\",\"contentUrl\":\"https:\/\/www.visit-ulcinj.com\/blog\/wp-content\/uploads\/2016\/06\/Ulcinjska-solana-.jpg\",\"width\":657,\"height\":360},{\"@type\":\"WebPage\",\"@id\":\"https:\/\/www.visit-ulcinj.com\/blog\/2016\/06\/12\/czip-za-solanu-nije-potreban-uvoz-mozgova\/#webpage\",\"url\":\"https:\/\/www.visit-ulcinj.com\/blog\/2016\/06\/12\/czip-za-solanu-nije-potreban-uvoz-mozgova\/\",\"name\":\"CZIP: Za Solanu nije potreban \\\"uvoz mozgova\\\" - Lajme nga Ulqini\",\"isPartOf\":{\"@id\":\"https:\/\/www.visit-ulcinj.com\/blog\/#website\"},\"primaryImageOfPage\":{\"@id\":\"https:\/\/www.visit-ulcinj.com\/blog\/2016\/06\/12\/czip-za-solanu-nije-potreban-uvoz-mozgova\/#primaryimage\"},\"datePublished\":\"2016-06-12T10:03:07+00:00\",\"dateModified\":\"2016-06-12T10:03:27+00:00\",\"author\":{\"@id\":\"https:\/\/www.visit-ulcinj.com\/blog\/#\/schema\/person\/dcab619c614d3038751c63bc2aadc06d\"},\"description\":\"Projekat Solana i rje\u0161enja predstavljena na Bijenalu arhitekture u Veneciji kao vi\u0111enje budu\u0107nosti prostora Solane za ornitologe nijesu redosljed\",\"breadcrumb\":{\"@id\":\"https:\/\/www.visit-ulcinj.com\/blog\/2016\/06\/12\/czip-za-solanu-nije-potreban-uvoz-mozgova\/#breadcrumb\"},\"inLanguage\":\"en-US\",\"potentialAction\":[{\"@type\":\"ReadAction\",\"target\":[\"https:\/\/www.visit-ulcinj.com\/blog\/2016\/06\/12\/czip-za-solanu-nije-potreban-uvoz-mozgova\/\"]}]},{\"@type\":\"BreadcrumbList\",\"@id\":\"https:\/\/www.visit-ulcinj.com\/blog\/2016\/06\/12\/czip-za-solanu-nije-potreban-uvoz-mozgova\/#breadcrumb\",\"itemListElement\":[{\"@type\":\"ListItem\",\"position\":1,\"name\":\"CZIP: Za Solanu nije potreban &#8220;uvoz mozgova&#8221;\"}]},{\"@type\":\"Person\",\"@id\":\"https:\/\/www.visit-ulcinj.com\/blog\/#\/schema\/person\/dcab619c614d3038751c63bc2aadc06d\",\"name\":\"ulqini\",\"sameAs\":[\"http:\/\/www.visit-ulcinj.com\"],\"url\":\"https:\/\/www.visit-ulcinj.com\/blog\/author\/admin\/\"}]}<\/script>\n<!-- \/ Yoast SEO plugin. -->","yoast_head_json":{"title":"CZIP: Za Solanu nije potreban \"uvoz mozgova\" - Lajme nga Ulqini","description":"Projekat Solana i rje\u0161enja predstavljena na Bijenalu arhitekture u Veneciji kao vi\u0111enje budu\u0107nosti prostora Solane za ornitologe nijesu redosljed","robots":{"index":"index","follow":"follow","max-snippet":"max-snippet:-1","max-image-preview":"max-image-preview:large","max-video-preview":"max-video-preview:-1"},"canonical":"https:\/\/www.visit-ulcinj.com\/blog\/2016\/06\/12\/czip-za-solanu-nije-potreban-uvoz-mozgova\/","og_locale":"en_US","og_type":"article","og_title":"CZIP: Za Solanu nije potreban \"uvoz mozgova\" - Lajme nga Ulqini","og_description":"Projekat Solana i rje\u0161enja predstavljena na Bijenalu arhitekture u Veneciji kao vi\u0111enje budu\u0107nosti prostora Solane za ornitologe nijesu redosljed","og_url":"https:\/\/www.visit-ulcinj.com\/blog\/2016\/06\/12\/czip-za-solanu-nije-potreban-uvoz-mozgova\/","og_site_name":"Lajme nga Ulqini","article_published_time":"2016-06-12T10:03:07+00:00","article_modified_time":"2016-06-12T10:03:27+00:00","og_image":[{"url":"http:\/\/www.visit-ulcinj.com\/blog\/wp-content\/uploads\/2016\/06\/Ulcinjska-solana-.jpg"}],"twitter_misc":{"Written by":"ulqini","Est. reading time":"2 minutes"},"schema":{"@context":"https:\/\/schema.org","@graph":[{"@type":"WebSite","@id":"https:\/\/www.visit-ulcinj.com\/blog\/#website","url":"https:\/\/www.visit-ulcinj.com\/blog\/","name":"Lajme nga Ulqini","description":"Lajme,Vijesti,Ulqini,Ulqin,Crna Gora,Mali i Zi","potentialAction":[{"@type":"SearchAction","target":{"@type":"EntryPoint","urlTemplate":"https:\/\/www.visit-ulcinj.com\/blog\/?s={search_term_string}"},"query-input":"required name=search_term_string"}],"inLanguage":"en-US"},{"@type":"ImageObject","inLanguage":"en-US","@id":"https:\/\/www.visit-ulcinj.com\/blog\/2016\/06\/12\/czip-za-solanu-nije-potreban-uvoz-mozgova\/#primaryimage","url":"https:\/\/www.visit-ulcinj.com\/blog\/wp-content\/uploads\/2016\/06\/Ulcinjska-solana-.jpg","contentUrl":"https:\/\/www.visit-ulcinj.com\/blog\/wp-content\/uploads\/2016\/06\/Ulcinjska-solana-.jpg","width":657,"height":360},{"@type":"WebPage","@id":"https:\/\/www.visit-ulcinj.com\/blog\/2016\/06\/12\/czip-za-solanu-nije-potreban-uvoz-mozgova\/#webpage","url":"https:\/\/www.visit-ulcinj.com\/blog\/2016\/06\/12\/czip-za-solanu-nije-potreban-uvoz-mozgova\/","name":"CZIP: Za Solanu nije potreban \"uvoz mozgova\" - Lajme nga Ulqini","isPartOf":{"@id":"https:\/\/www.visit-ulcinj.com\/blog\/#website"},"primaryImageOfPage":{"@id":"https:\/\/www.visit-ulcinj.com\/blog\/2016\/06\/12\/czip-za-solanu-nije-potreban-uvoz-mozgova\/#primaryimage"},"datePublished":"2016-06-12T10:03:07+00:00","dateModified":"2016-06-12T10:03:27+00:00","author":{"@id":"https:\/\/www.visit-ulcinj.com\/blog\/#\/schema\/person\/dcab619c614d3038751c63bc2aadc06d"},"description":"Projekat Solana i rje\u0161enja predstavljena na Bijenalu arhitekture u Veneciji kao vi\u0111enje budu\u0107nosti prostora Solane za ornitologe nijesu redosljed","breadcrumb":{"@id":"https:\/\/www.visit-ulcinj.com\/blog\/2016\/06\/12\/czip-za-solanu-nije-potreban-uvoz-mozgova\/#breadcrumb"},"inLanguage":"en-US","potentialAction":[{"@type":"ReadAction","target":["https:\/\/www.visit-ulcinj.com\/blog\/2016\/06\/12\/czip-za-solanu-nije-potreban-uvoz-mozgova\/"]}]},{"@type":"BreadcrumbList","@id":"https:\/\/www.visit-ulcinj.com\/blog\/2016\/06\/12\/czip-za-solanu-nije-potreban-uvoz-mozgova\/#breadcrumb","itemListElement":[{"@type":"ListItem","position":1,"name":"CZIP: Za Solanu nije potreban &#8220;uvoz mozgova&#8221;"}]},{"@type":"Person","@id":"https:\/\/www.visit-ulcinj.com\/blog\/#\/schema\/person\/dcab619c614d3038751c63bc2aadc06d","name":"ulqini","sameAs":["http:\/\/www.visit-ulcinj.com"],"url":"https:\/\/www.visit-ulcinj.com\/blog\/author\/admin\/"}]}},"jetpack_featured_media_url":"","jetpack_sharing_enabled":true,"jetpack_shortlink":"https:\/\/wp.me\/pe6lTn-pmM","_links":{"self":[{"href":"https:\/\/www.visit-ulcinj.com\/blog\/wp-json\/wp\/v2\/posts\/97512"}],"collection":[{"href":"https:\/\/www.visit-ulcinj.com\/blog\/wp-json\/wp\/v2\/posts"}],"about":[{"href":"https:\/\/www.visit-ulcinj.com\/blog\/wp-json\/wp\/v2\/types\/post"}],"author":[{"embeddable":true,"href":"https:\/\/www.visit-ulcinj.com\/blog\/wp-json\/wp\/v2\/users\/1"}],"replies":[{"embeddable":true,"href":"https:\/\/www.visit-ulcinj.com\/blog\/wp-json\/wp\/v2\/comments?post=97512"}],"version-history":[{"count":2,"href":"https:\/\/www.visit-ulcinj.com\/blog\/wp-json\/wp\/v2\/posts\/97512\/revisions"}],"predecessor-version":[{"id":97515,"href":"https:\/\/www.visit-ulcinj.com\/blog\/wp-json\/wp\/v2\/posts\/97512\/revisions\/97515"}],"wp:attachment":[{"href":"https:\/\/www.visit-ulcinj.com\/blog\/wp-json\/wp\/v2\/media?parent=97512"}],"wp:term":[{"taxonomy":"category","embeddable":true,"href":"https:\/\/www.visit-ulcinj.com\/blog\/wp-json\/wp\/v2\/categories?post=97512"},{"taxonomy":"post_tag","embeddable":true,"href":"https:\/\/www.visit-ulcinj.com\/blog\/wp-json\/wp\/v2\/tags?post=97512"}],"curies":[{"name":"wp","href":"https:\/\/api.w.org\/{rel}","templated":true}]}}