{"id":97519,"date":"2016-06-12T11:19:27","date_gmt":"2016-06-12T10:19:27","guid":{"rendered":"http:\/\/www.visit-ulcinj.com\/blog\/?p=97519"},"modified":"2016-06-12T11:19:27","modified_gmt":"2016-06-12T10:19:27","slug":"nema-leba-bez-soli-bez-perspektive-oporavka-ulcinjske-solane","status":"publish","type":"post","link":"https:\/\/www.visit-ulcinj.com\/blog\/2016\/06\/12\/nema-leba-bez-soli-bez-perspektive-oporavka-ulcinjske-solane\/","title":{"rendered":"Nema leba bez soli bez perspektive oporavka ulcinjske Solane"},"content":{"rendered":"<p><strong> <a href=\"http:\/\/www.visit-ulcinj.com\/blog\/wp-content\/uploads\/2013\/11\/ulcinjska-solana1.jpg\"><img loading=\"lazy\" class=\"alignleft wp-image-76809\" src=\"http:\/\/www.visit-ulcinj.com\/blog\/wp-content\/uploads\/2013\/11\/ulcinjska-solana1.jpg\" alt=\"ulcinjska-solana\" width=\"508\" height=\"381\" srcset=\"https:\/\/www.visit-ulcinj.com\/blog\/wp-content\/uploads\/2013\/11\/ulcinjska-solana1.jpg 960w, https:\/\/www.visit-ulcinj.com\/blog\/wp-content\/uploads\/2013\/11\/ulcinjska-solana1-300x225.jpg 300w\" sizes=\"(max-width: 508px) 100vw, 508px\" \/><\/a>Svi akteri, institucije i organizacije koje su direktno ili indirektno uklju\u010dene u promi\u0161ljanje problema o\u010duvanja ulcinjske Solane sla\u017eu se u jednom \u2013 bez proizvodnje soli nema ni ekosistema kakvog poznajemo od kada je mo\u010dvarni predio pretvoren u \u201eslanu oranicu\u201c. <\/strong><\/p>\n<p>Taj zajedni\u010dki imenitelj ukazuje na svu kompleksnost stanja podru\u010dja Solane koja se prostire na skoro 15 miliona kvadratnih metara povr\u0161ine: rje\u0161enje je jednostavno, ali te\u0161ko ostvarivo budu\u0107i da je firma u bankrotu, dugovi narasli kao planina, a \u0161to du\u017ee traje zastoj proizvodnje, to \u0107e vi\u0161e biti potrebno ulaganja da se o\u017eivi to jedinstveno podru\u010dje od zna\u010daja za \u017eivi svijet.<\/p>\n<p><strong>Stanje na terenu<\/strong><\/p>\n<p>Nakon posljednje berbe soli 2013. godine i zastoja proizvodnje koji je uslijedio, pro\u0161le godine u avgustu brigu o odr\u017eavanju Solane preuzelo je Javno preduze\u0107e Nacionalni parkovi Crne Gore na osnovu ugovora o zakupu sa AD Solana \u201eBajo Sekuli\u0107\u201c u ste\u010daju.<\/p>\n<p>Donijet je program rada, definisane klju\u010dne oblasti \u010diju realizaciju nadgleda i Savjetodavno tijelo za Solanu sastavljeno od predstavnika dr\u017eavnih institucija i nevladinog sektora. Stalni \u010dlanovi Savjetodavnog tijela su predstavnici Ministarstva odr\u017eivog razvoja i turizma, JP Nacionalni parkovi, Agencije za za\u0161titu \u017eivotne sredine, op\u0161tine Ulcinj, TO Ulcinj, nevladine organizacije Centar za za\u0161titu ptica i Zeleni korak. U Nacionalnim parkovima isti\u010du da je za unapre\u0111enje biodiverziteta Solane neophodan multidisciplinaran pristup za\u0161titi, valorizaciji i promociji prirodnih resursa.<\/p>\n<p>\u201eTo, istovremeno, zahtijeva i koordinisan i kontinuiran rad svih klju\u010dnih institucija i organizacija koje se bave za\u0161titom prirode, \u010dvrstu saradnju sa lokalnom upravom, turisti\u010dkom organizacijom i lokalnim zajednicama, ali i zna\u010dajna finansijska sredstva i ekspertsku podr\u0161ka u pojedinim oblastima. O tome govori i iskustvo Krajinskog parka Se\u010doveljske solane koje smo skoro \u010duli na okruglom stolu organizovanom 25. maja u saradnji sa Ministarstvom odr\u017eivog razvoja i turizma. Kako su naveli, bilo je potrebno 15 godina konstantnih ulaganja u infrastrukturu kako vodnog re\u017eima, tako i turisti\u010dku, zatim ulaganja u za\u0161titu prirodnih i kulturnih vrijednosti uz kvalitetan marketing i promociju da bi danas ta solana bila profitabilna\u201c, ka\u017eu u Nacionalnim parkovima.<\/p>\n<p>Isti\u010du da je proizvodnja soli jedna od posebnih aktivnosti usvojenog Programa rada za ulcinjsku solanu i u neposrednoj je vezi sa odr\u017eivim kori\u0161\u0107enjem i o\u010duvanjem prirodnih resursa.<\/p>\n<p>\u201eZbog toga je u planu analiza mogu\u0107nosti obnavljanja proizvodnje soli \u0161to uklju\u010duje izradu studije o mogu\u0107nosti proizvodnje kao i izradu biznis plana. Neophodno je sagledati mogu\u0107nosti proizvodnje soli kako sa ekonomskog tako i sa ekolo\u0161kog aspekta\u201c, saop\u0161teno je Pobjedi iz JP Nacionalni parkovi.<\/p>\n<p><strong>Neutemeljene glasine<\/strong><\/p>\n<p>Iz Centra za za\u0161titu i prou\u010davanje ptica, nevladine organizacije koja je i \u010dlanica Savjetodavnog tijela za Solanu, navode da ve\u0107 vi\u0161e od decenije zagovaraju za\u0161titu ovog podru\u010dja, a od momenta prestanka proizvodnje soli i ponovno aktiviranje nekada\u0161njeg giganta.<\/p>\n<p>\u201eRad CZIP-a na Solani u proteklih 15 godina, na\u0161a vizija tog prostora i posve\u0107enost u anga\u017eovanju me\u0111unarodne zajednice, koja je i natjerala resorno ministarstvo da po\u010dne raditi svoj posao, govori u prilog \u010dinjenici da na Solani nema ptica bez soli i ljudi\u201c, kazala je Jovana Janju\u0161evi\u0107 iz CZIP-a.<\/p>\n<p>Ona isti\u010de da ulcinjska solana i budu\u0107a proizvodnja soli zahtijeva me\u0111usektorsku saradnju koja ve\u0107 du\u017ee izostaje.<\/p>\n<p>\u201eSvi akteri uklju\u010deni u proces za\u0161tite Solane i ponovnog pokretanja soli bave se izuzetno iscrpljuju\u0107im sportom beskona\u010dnog tr\u010danja sa preprekama. Naj\u010de\u0161\u0107e kori\u0161\u0107en argument nadle\u017enih, da se ne uhvate u ko\u0161tac sa klju\u010dnim problemom Solane, jeste neodr\u017eivost proizvodnje soli usljed velike konkurencije na globalnom tr\u017ei\u0161tu. Najbolji na\u010din za rje\u0161avanje problema pokretanja soli je upravo zaustavljanje neutemeljenih glasina o neodr\u017eivosti same proizvodnje. Tako\u0111e, potrebno je pravno regulisati proma\u0161enu privatizaciju i osuditi odgovorne za sistematsko uni\u0161tavanje Solane\u201c, ka\u017ee Janju\u0161evi\u0107.<\/p>\n<p>Ona je naglasila da bi tek rje\u0161avanjem pitanja vlasni\u0161tva, ispitivanjem odgovornosti svih u\u010desnika u procesu privatizacije, pokretanjem proizvodnje soli, ulcinjska Solana povratila staru slavu, uposlila lokalno stanovni\u0161tvo i vratila osje\u0107ajponosa Crnoj Gori.<\/p>\n<p>\u201eProizvodnja soli jeste stvar javnog interesa, koji se bez zadr\u0161ke daje i za ve\u0107e ekonomski neisplative projekte, pa ne vidimo opravdanje za\u0161to takav status ne bi imala i revitalizacija Solane\u201c, smatra Janju\u0161evi\u0107.<\/p>\n<p><strong>Ste\u010daj je realnost<\/strong><\/p>\n<p>Kako je Pobjedi saop\u0161tio Ognjen Jovovi\u0107, ste\u010dajni upravnik firme AD Solana \u201eBajo Sekuli\u0107\u201c, uvijek se proizvodnja soli mo\u017ee pokrenuti, ali kako vrijeme prolazi potrebno je vi\u0161e anga\u017eovanja jer priroda \u010dini svoje. Jovovi\u0107 smatra da je ugovor o zakupu sa Nacionalnim parkovima dobro rje\u0161enje.<\/p>\n<p>\u201eStvar je preuzela ozbiljna dr\u017eavna institucija koja ima iskustva. Istovremeno, taj ugovor produ\u017eava \u0161anse za iznala\u017eenje dugoro\u010dnog rje\u0161enja\u201c, smatra Jovovi\u0107.<\/p>\n<p>Prema njegovim rije\u010dima, koje god rje\u0161enje u budu\u0107nosti da se defini\u0161e, jedna se stvar ne mo\u017ee prenebre\u0107i \u2013 ste\u010daj i obaveze koje proisti\u010du iz njega, a temelje se na zakonu.<\/p>\n<p>\u201eSte\u010daj nije smetnja za razvojne projekte koji se baziraju na resursima Solane. Sa druge strane, Solana je otvorena za parnerski odnos i da resurse stavi na raspolaganje za projekte koji su u funkciji o\u010duvanja, razvoja i unapre\u0111enja ovog podru\u010dja i ukupnog ekosistema\u201c, kazao je on.<\/p>\n<p>Jovovi\u0107 navodi da je za rje\u0161enje problema Solane potrebno aga\u017eovanje razli\u010ditih faktora, ali i uva\u017eavanje \u010dinjenice da ste\u010dajni postupak nosi svoja pravila, da se temelji na zakonu i da ga nije mogu\u0107e presko\u010diti, niti stavljati dodatni terete.<\/p>\n<p><strong>Produ\u017eenje zakupa<\/strong><\/p>\n<p>Zakupac podru\u010dja Solane, JP Nacionalni parkovi ka\u017eu da imaju izra\u017een profesionalan motiv da upravljaju i nakon 28. avgusta, odnosno da produ\u017ee ugovor o zakupu imovine \u201ekao privremeni ili stalni upravlja\u010d i za\u0161titar prirodnog dobra ulcinjske solane\u201c.<\/p>\n<p>\u201eNa\u010din upravljanja Solanom identi\u010dan je na\u010dinu upravljanja za\u0161ti\u0107enim prirodnim podru\u010djima, u ovom slu\u010daju nacionalnim parkovima, u svim oblastima stru\u010dne i fizi\u010dke za\u0161tite. Nakon potpisivanja ugovora, JP NPCG je preduzelo mjere i radnje u skladu sa finansijskim mogu\u0107nostima, s ciljem unapre\u0111enja za\u0161tite biodiverziteta \u2013 kontrola kvaliteta vode Port Milene i betonskog kanala \u0110erane, odr\u017eavanje prostora Solane, upravljanje vodenim tokovima Solane, efikasna saradnja sa dr\u017eavnim institucijama u cilju spre\u010davanja i procesuiranja protivpravnih radnji, evidentiranje flore i vegetacije, stanje ihtiofaune u kanalima Solane, monitoring kolonijalnih vrsta ptica (gnjezdarica), monitoring karakteristi\u010dnih vrsta ptica, utvr\u0111ivanje prisustva vidre \u2013 Lutra lutra. Inicirana je i zakonska za\u0161tita stare upravne zgrade Solane \u201eBajo Sekuli\u0107\u201c kao materijalnog kulturnog dobra i ribarenje kalimerama na Port Mileni kao nematerijalnog kulturnog dobra, koji su i prihva\u0107eni od strane Uprave za za\u0161titu kulturnih dobara\u201c, ka\u017eu u Nacionalnim parkovima.<\/p>\n<p><strong>Solana kao prekretnica<\/strong><\/p>\n<p>Za Dijanu Vu\u010dini\u0107, komesarku Crnogorskog paviljona na 15. Bijenalu arhitekture u Veneciji, nema dileme da je predstavljanje rje\u0161enja sa razli\u010ditim vi\u0111enjem budu\u0107nosti ulcinjske Solane doprinos dijalogu i prevazila\u017eenju konflikta koji sobom nosi neminovni jaz izme\u0111u ekonomske odr\u017eivosti postoje\u0107ih kapaciteta za proizvodnju soli i, nesporno, ambijentalne i ornitolo\u0161ke va\u017e- nosti ovog podru\u010dja.<\/p>\n<p>\u201eStava sam da za one koji su zaista otvoreni za konstruktivni dijalog na\u0161 projekat daje zna\u010dajan doprinos. \u010cinjenica je da smo projekat otvorili za sve aktere, za sve zainteresovane, sa iskrenom namjerom da sve prijedloge i mi\u0161ljenja uzmemo u obzir\u201c, kazala je Vu\u010dini\u0107 u razgovoru za Pobjedu.<\/p>\n<p>Prema njenim rije\u010dima, o tome govori i simpozijum \u201eReporting from Montenegro\u201c, koji je odr\u017ean u Veneciji, na kojem su bili prisutni ne samo autori i kustosi, ve\u0107 i stru\u010dnjaci iz oblasti pejza\u017ene arhitekture i za\u0161tite prirode, stru\u010dnjaci za postindustrijsko naslje\u0111e, eksperti za analizu i rje\u0161avanje konflikta, predstavnici NVO sektora koji se bavi za\u0161titom ptica iz Crne Gore i Evrope i mi iz Ministarstva odr\u017eivog razvoja i turizma.<\/p>\n<p><strong>Izvor: CDM<\/strong><\/p>\n","protected":false},"excerpt":{"rendered":"<p>Svi akteri, institucije i organizacije koje su direktno ili indirektno uklju\u010dene u promi\u0161ljanje problema o\u010duvanja ulcinjske Solane sla\u017eu se u jednom \u2013 bez proizvodnje soli nema ni ekosistema kakvog poznajemo od kada je mo\u010dvarni predio pretvoren u \u201eslanu oranicu\u201c. Taj zajedni\u010dki imenitelj ukazuje na svu kompleksnost stanja podru\u010dja Solane koja se prostire na skoro 15 [&hellip;]<\/p>\n","protected":false},"author":1,"featured_media":0,"comment_status":"closed","ping_status":"closed","sticky":false,"template":"","format":"standard","meta":{"spay_email":"","jetpack_publicize_message":"","jetpack_is_tweetstorm":false,"jetpack_publicize_feature_enabled":true},"categories":[6950],"tags":[],"jetpack_publicize_connections":[],"yoast_head":"<!-- This site is optimized with the Yoast SEO plugin v19.1 - https:\/\/yoast.com\/wordpress\/plugins\/seo\/ -->\n<title>Nema leba bez soli bez perspektive oporavka ulcinjske Solane - Lajme nga Ulqini<\/title>\n<meta name=\"description\" content=\"Svi akteri, institucije i organizacije koje su direktno ili indirektno uklju\u010dene u promi\u0161ljanje problema o\u010duvanja ulcinjske Solane sla\u017eu se u jednom \u2013 bez\" \/>\n<meta name=\"robots\" content=\"index, follow, max-snippet:-1, max-image-preview:large, max-video-preview:-1\" \/>\n<link rel=\"canonical\" href=\"https:\/\/www.visit-ulcinj.com\/blog\/2016\/06\/12\/nema-leba-bez-soli-bez-perspektive-oporavka-ulcinjske-solane\/\" \/>\n<meta property=\"og:locale\" content=\"en_US\" \/>\n<meta property=\"og:type\" content=\"article\" \/>\n<meta property=\"og:title\" content=\"Nema leba bez soli bez perspektive oporavka ulcinjske Solane - Lajme nga Ulqini\" \/>\n<meta property=\"og:description\" content=\"Svi akteri, institucije i organizacije koje su direktno ili indirektno uklju\u010dene u promi\u0161ljanje problema o\u010duvanja ulcinjske Solane sla\u017eu se u jednom \u2013 bez\" \/>\n<meta property=\"og:url\" content=\"https:\/\/www.visit-ulcinj.com\/blog\/2016\/06\/12\/nema-leba-bez-soli-bez-perspektive-oporavka-ulcinjske-solane\/\" \/>\n<meta property=\"og:site_name\" content=\"Lajme nga Ulqini\" \/>\n<meta property=\"article:published_time\" content=\"2016-06-12T10:19:27+00:00\" \/>\n<meta property=\"og:image\" content=\"http:\/\/www.visit-ulcinj.com\/blog\/wp-content\/uploads\/2013\/11\/ulcinjska-solana1.jpg\" \/>\n<meta name=\"twitter:label1\" content=\"Written by\" \/>\n\t<meta name=\"twitter:data1\" content=\"ulqini\" \/>\n\t<meta name=\"twitter:label2\" content=\"Est. reading time\" \/>\n\t<meta name=\"twitter:data2\" content=\"7 minutes\" \/>\n<script type=\"application\/ld+json\" class=\"yoast-schema-graph\">{\"@context\":\"https:\/\/schema.org\",\"@graph\":[{\"@type\":\"WebSite\",\"@id\":\"https:\/\/www.visit-ulcinj.com\/blog\/#website\",\"url\":\"https:\/\/www.visit-ulcinj.com\/blog\/\",\"name\":\"Lajme nga Ulqini\",\"description\":\"Lajme,Vijesti,Ulqini,Ulqin,Crna Gora,Mali i Zi\",\"potentialAction\":[{\"@type\":\"SearchAction\",\"target\":{\"@type\":\"EntryPoint\",\"urlTemplate\":\"https:\/\/www.visit-ulcinj.com\/blog\/?s={search_term_string}\"},\"query-input\":\"required name=search_term_string\"}],\"inLanguage\":\"en-US\"},{\"@type\":\"ImageObject\",\"inLanguage\":\"en-US\",\"@id\":\"https:\/\/www.visit-ulcinj.com\/blog\/2016\/06\/12\/nema-leba-bez-soli-bez-perspektive-oporavka-ulcinjske-solane\/#primaryimage\",\"url\":\"https:\/\/www.visit-ulcinj.com\/blog\/wp-content\/uploads\/2013\/11\/ulcinjska-solana1.jpg\",\"contentUrl\":\"https:\/\/www.visit-ulcinj.com\/blog\/wp-content\/uploads\/2013\/11\/ulcinjska-solana1.jpg\",\"width\":960,\"height\":720},{\"@type\":\"WebPage\",\"@id\":\"https:\/\/www.visit-ulcinj.com\/blog\/2016\/06\/12\/nema-leba-bez-soli-bez-perspektive-oporavka-ulcinjske-solane\/#webpage\",\"url\":\"https:\/\/www.visit-ulcinj.com\/blog\/2016\/06\/12\/nema-leba-bez-soli-bez-perspektive-oporavka-ulcinjske-solane\/\",\"name\":\"Nema leba bez soli bez perspektive oporavka ulcinjske Solane - Lajme nga Ulqini\",\"isPartOf\":{\"@id\":\"https:\/\/www.visit-ulcinj.com\/blog\/#website\"},\"primaryImageOfPage\":{\"@id\":\"https:\/\/www.visit-ulcinj.com\/blog\/2016\/06\/12\/nema-leba-bez-soli-bez-perspektive-oporavka-ulcinjske-solane\/#primaryimage\"},\"datePublished\":\"2016-06-12T10:19:27+00:00\",\"dateModified\":\"2016-06-12T10:19:27+00:00\",\"author\":{\"@id\":\"https:\/\/www.visit-ulcinj.com\/blog\/#\/schema\/person\/dcab619c614d3038751c63bc2aadc06d\"},\"description\":\"Svi akteri, institucije i organizacije koje su direktno ili indirektno uklju\u010dene u promi\u0161ljanje problema o\u010duvanja ulcinjske Solane sla\u017eu se u jednom \u2013 bez\",\"breadcrumb\":{\"@id\":\"https:\/\/www.visit-ulcinj.com\/blog\/2016\/06\/12\/nema-leba-bez-soli-bez-perspektive-oporavka-ulcinjske-solane\/#breadcrumb\"},\"inLanguage\":\"en-US\",\"potentialAction\":[{\"@type\":\"ReadAction\",\"target\":[\"https:\/\/www.visit-ulcinj.com\/blog\/2016\/06\/12\/nema-leba-bez-soli-bez-perspektive-oporavka-ulcinjske-solane\/\"]}]},{\"@type\":\"BreadcrumbList\",\"@id\":\"https:\/\/www.visit-ulcinj.com\/blog\/2016\/06\/12\/nema-leba-bez-soli-bez-perspektive-oporavka-ulcinjske-solane\/#breadcrumb\",\"itemListElement\":[{\"@type\":\"ListItem\",\"position\":1,\"name\":\"Nema leba bez soli bez perspektive oporavka ulcinjske Solane\"}]},{\"@type\":\"Person\",\"@id\":\"https:\/\/www.visit-ulcinj.com\/blog\/#\/schema\/person\/dcab619c614d3038751c63bc2aadc06d\",\"name\":\"ulqini\",\"sameAs\":[\"http:\/\/www.visit-ulcinj.com\"],\"url\":\"https:\/\/www.visit-ulcinj.com\/blog\/author\/admin\/\"}]}<\/script>\n<!-- \/ Yoast SEO plugin. -->","yoast_head_json":{"title":"Nema leba bez soli bez perspektive oporavka ulcinjske Solane - Lajme nga Ulqini","description":"Svi akteri, institucije i organizacije koje su direktno ili indirektno uklju\u010dene u promi\u0161ljanje problema o\u010duvanja ulcinjske Solane sla\u017eu se u jednom \u2013 bez","robots":{"index":"index","follow":"follow","max-snippet":"max-snippet:-1","max-image-preview":"max-image-preview:large","max-video-preview":"max-video-preview:-1"},"canonical":"https:\/\/www.visit-ulcinj.com\/blog\/2016\/06\/12\/nema-leba-bez-soli-bez-perspektive-oporavka-ulcinjske-solane\/","og_locale":"en_US","og_type":"article","og_title":"Nema leba bez soli bez perspektive oporavka ulcinjske Solane - Lajme nga Ulqini","og_description":"Svi akteri, institucije i organizacije koje su direktno ili indirektno uklju\u010dene u promi\u0161ljanje problema o\u010duvanja ulcinjske Solane sla\u017eu se u jednom \u2013 bez","og_url":"https:\/\/www.visit-ulcinj.com\/blog\/2016\/06\/12\/nema-leba-bez-soli-bez-perspektive-oporavka-ulcinjske-solane\/","og_site_name":"Lajme nga Ulqini","article_published_time":"2016-06-12T10:19:27+00:00","og_image":[{"url":"http:\/\/www.visit-ulcinj.com\/blog\/wp-content\/uploads\/2013\/11\/ulcinjska-solana1.jpg"}],"twitter_misc":{"Written by":"ulqini","Est. reading time":"7 minutes"},"schema":{"@context":"https:\/\/schema.org","@graph":[{"@type":"WebSite","@id":"https:\/\/www.visit-ulcinj.com\/blog\/#website","url":"https:\/\/www.visit-ulcinj.com\/blog\/","name":"Lajme nga Ulqini","description":"Lajme,Vijesti,Ulqini,Ulqin,Crna Gora,Mali i Zi","potentialAction":[{"@type":"SearchAction","target":{"@type":"EntryPoint","urlTemplate":"https:\/\/www.visit-ulcinj.com\/blog\/?s={search_term_string}"},"query-input":"required name=search_term_string"}],"inLanguage":"en-US"},{"@type":"ImageObject","inLanguage":"en-US","@id":"https:\/\/www.visit-ulcinj.com\/blog\/2016\/06\/12\/nema-leba-bez-soli-bez-perspektive-oporavka-ulcinjske-solane\/#primaryimage","url":"https:\/\/www.visit-ulcinj.com\/blog\/wp-content\/uploads\/2013\/11\/ulcinjska-solana1.jpg","contentUrl":"https:\/\/www.visit-ulcinj.com\/blog\/wp-content\/uploads\/2013\/11\/ulcinjska-solana1.jpg","width":960,"height":720},{"@type":"WebPage","@id":"https:\/\/www.visit-ulcinj.com\/blog\/2016\/06\/12\/nema-leba-bez-soli-bez-perspektive-oporavka-ulcinjske-solane\/#webpage","url":"https:\/\/www.visit-ulcinj.com\/blog\/2016\/06\/12\/nema-leba-bez-soli-bez-perspektive-oporavka-ulcinjske-solane\/","name":"Nema leba bez soli bez perspektive oporavka ulcinjske Solane - Lajme nga Ulqini","isPartOf":{"@id":"https:\/\/www.visit-ulcinj.com\/blog\/#website"},"primaryImageOfPage":{"@id":"https:\/\/www.visit-ulcinj.com\/blog\/2016\/06\/12\/nema-leba-bez-soli-bez-perspektive-oporavka-ulcinjske-solane\/#primaryimage"},"datePublished":"2016-06-12T10:19:27+00:00","dateModified":"2016-06-12T10:19:27+00:00","author":{"@id":"https:\/\/www.visit-ulcinj.com\/blog\/#\/schema\/person\/dcab619c614d3038751c63bc2aadc06d"},"description":"Svi akteri, institucije i organizacije koje su direktno ili indirektno uklju\u010dene u promi\u0161ljanje problema o\u010duvanja ulcinjske Solane sla\u017eu se u jednom \u2013 bez","breadcrumb":{"@id":"https:\/\/www.visit-ulcinj.com\/blog\/2016\/06\/12\/nema-leba-bez-soli-bez-perspektive-oporavka-ulcinjske-solane\/#breadcrumb"},"inLanguage":"en-US","potentialAction":[{"@type":"ReadAction","target":["https:\/\/www.visit-ulcinj.com\/blog\/2016\/06\/12\/nema-leba-bez-soli-bez-perspektive-oporavka-ulcinjske-solane\/"]}]},{"@type":"BreadcrumbList","@id":"https:\/\/www.visit-ulcinj.com\/blog\/2016\/06\/12\/nema-leba-bez-soli-bez-perspektive-oporavka-ulcinjske-solane\/#breadcrumb","itemListElement":[{"@type":"ListItem","position":1,"name":"Nema leba bez soli bez perspektive oporavka ulcinjske Solane"}]},{"@type":"Person","@id":"https:\/\/www.visit-ulcinj.com\/blog\/#\/schema\/person\/dcab619c614d3038751c63bc2aadc06d","name":"ulqini","sameAs":["http:\/\/www.visit-ulcinj.com"],"url":"https:\/\/www.visit-ulcinj.com\/blog\/author\/admin\/"}]}},"jetpack_featured_media_url":"","jetpack_sharing_enabled":true,"jetpack_shortlink":"https:\/\/wp.me\/pe6lTn-pmT","_links":{"self":[{"href":"https:\/\/www.visit-ulcinj.com\/blog\/wp-json\/wp\/v2\/posts\/97519"}],"collection":[{"href":"https:\/\/www.visit-ulcinj.com\/blog\/wp-json\/wp\/v2\/posts"}],"about":[{"href":"https:\/\/www.visit-ulcinj.com\/blog\/wp-json\/wp\/v2\/types\/post"}],"author":[{"embeddable":true,"href":"https:\/\/www.visit-ulcinj.com\/blog\/wp-json\/wp\/v2\/users\/1"}],"replies":[{"embeddable":true,"href":"https:\/\/www.visit-ulcinj.com\/blog\/wp-json\/wp\/v2\/comments?post=97519"}],"version-history":[{"count":1,"href":"https:\/\/www.visit-ulcinj.com\/blog\/wp-json\/wp\/v2\/posts\/97519\/revisions"}],"predecessor-version":[{"id":97520,"href":"https:\/\/www.visit-ulcinj.com\/blog\/wp-json\/wp\/v2\/posts\/97519\/revisions\/97520"}],"wp:attachment":[{"href":"https:\/\/www.visit-ulcinj.com\/blog\/wp-json\/wp\/v2\/media?parent=97519"}],"wp:term":[{"taxonomy":"category","embeddable":true,"href":"https:\/\/www.visit-ulcinj.com\/blog\/wp-json\/wp\/v2\/categories?post=97519"},{"taxonomy":"post_tag","embeddable":true,"href":"https:\/\/www.visit-ulcinj.com\/blog\/wp-json\/wp\/v2\/tags?post=97519"}],"curies":[{"name":"wp","href":"https:\/\/api.w.org\/{rel}","templated":true}]}}