{"id":97524,"date":"2016-06-12T11:47:17","date_gmt":"2016-06-12T10:47:17","guid":{"rendered":"http:\/\/www.visit-ulcinj.com\/blog\/?p=97524"},"modified":"2016-06-12T11:47:17","modified_gmt":"2016-06-12T10:47:17","slug":"fk-polimle-e-dergoi-ne-ligen-e-dyte-fk-otrantin","status":"publish","type":"post","link":"https:\/\/www.visit-ulcinj.com\/blog\/2016\/06\/12\/fk-polimle-e-dergoi-ne-ligen-e-dyte-fk-otrantin\/","title":{"rendered":"FK Polimle e d\u00ebrgoi n\u00eb Lig\u00ebn e Dyt\u00eb FK Otrantin"},"content":{"rendered":"<p><a href=\"http:\/\/www.visit-ulcinj.com\/blog\/wp-content\/uploads\/2015\/11\/OTRANT-ULQIN-ULCINJ.png\"><img loading=\"lazy\" class=\"alignleft wp-image-93442\" src=\"http:\/\/www.visit-ulcinj.com\/blog\/wp-content\/uploads\/2015\/11\/OTRANT-ULQIN-ULCINJ.png\" alt=\"OTRANT-ULQIN-ULCINJ\" width=\"508\" height=\"188\" srcset=\"https:\/\/www.visit-ulcinj.com\/blog\/wp-content\/uploads\/2015\/11\/OTRANT-ULQIN-ULCINJ.png 851w, https:\/\/www.visit-ulcinj.com\/blog\/wp-content\/uploads\/2015\/11\/OTRANT-ULQIN-ULCINJ-300x111.png 300w\" sizes=\"(max-width: 508px) 100vw, 508px\" \/><\/a>M\u00eb v\u00ebshtir\u00eb se\u00e7 \u00ebsht\u00eb pritur, \u201cOtrant Olimpik\u201d v\u00ebrtetoi kualifikimin n\u00eb Lig\u00eb t\u00eb dyt\u00eb t\u00eb Malit t\u00eb Zi, raporton portali Ul.info.<\/p>\n<p>Ulqinak\u00ebt para tifoz\u00ebve t\u00eb vet t\u00eb shtun\u00ebn luajt\u00ebn 2:2 kund\u00ebr skuadr\u00ebs \u201cPolimle\u201d nga Murina.<\/p>\n<p>Tani mbetet vet\u00ebm t\u00eb luhet loja me skuadr\u00ebn \u00c7elik nga Nikshiqi.<\/p>\n<p>Sidoqoft\u00eb, ky \u00ebsht\u00eb nj\u00eb nga sukseset m\u00eb t\u00eb m\u00ebdhenj t\u00eb futbollit Ulqinak n\u00eb histori e cila zgjat m\u00eb shum\u00eb se n\u00ebnt\u00eb dekada.<\/p>\n","protected":false},"excerpt":{"rendered":"<p>M\u00eb v\u00ebshtir\u00eb se\u00e7 \u00ebsht\u00eb pritur, \u201cOtrant Olimpik\u201d v\u00ebrtetoi kualifikimin n\u00eb Lig\u00eb t\u00eb dyt\u00eb t\u00eb Malit t\u00eb Zi, raporton portali Ul.info. Ulqinak\u00ebt para tifoz\u00ebve t\u00eb vet t\u00eb shtun\u00ebn luajt\u00ebn 2:2 kund\u00ebr skuadr\u00ebs \u201cPolimle\u201d nga Murina. Tani mbetet vet\u00ebm t\u00eb luhet loja me skuadr\u00ebn \u00c7elik nga Nikshiqi. Sidoqoft\u00eb, ky \u00ebsht\u00eb nj\u00eb nga sukseset m\u00eb t\u00eb m\u00ebdhenj t\u00eb [&hellip;]<\/p>\n","protected":false},"author":1,"featured_media":0,"comment_status":"closed","ping_status":"closed","sticky":false,"template":"","format":"standard","meta":{"spay_email":"","jetpack_publicize_message":"","jetpack_is_tweetstorm":false,"jetpack_publicize_feature_enabled":true},"categories":[3],"tags":[],"jetpack_publicize_connections":[],"yoast_head":"<!-- This site is optimized with the Yoast SEO plugin v19.1 - https:\/\/yoast.com\/wordpress\/plugins\/seo\/ -->\n<title>FK Polimle e d\u00ebrgoi n\u00eb Lig\u00ebn e Dyt\u00eb FK Otrantin - Lajme nga Ulqini<\/title>\n<meta name=\"description\" content=\"M\u00eb v\u00ebshtir\u00eb se\u00e7 \u00ebsht\u00eb pritur, \u201cOtrant Olimpik\u201d v\u00ebrtetoi kualifikimin n\u00eb Lig\u00eb t\u00eb dyt\u00eb t\u00eb Malit t\u00eb Zi, raporton portali Ul.info. Ulqinak\u00ebt para tifoz\u00ebve t\u00eb\" \/>\n<meta name=\"robots\" content=\"index, follow, max-snippet:-1, max-image-preview:large, max-video-preview:-1\" \/>\n<link rel=\"canonical\" href=\"https:\/\/www.visit-ulcinj.com\/blog\/2016\/06\/12\/fk-polimle-e-dergoi-ne-ligen-e-dyte-fk-otrantin\/\" \/>\n<meta property=\"og:locale\" content=\"en_US\" \/>\n<meta property=\"og:type\" content=\"article\" \/>\n<meta property=\"og:title\" content=\"FK Polimle e d\u00ebrgoi n\u00eb Lig\u00ebn e Dyt\u00eb FK Otrantin - Lajme nga Ulqini\" \/>\n<meta property=\"og:description\" content=\"M\u00eb v\u00ebshtir\u00eb se\u00e7 \u00ebsht\u00eb pritur, \u201cOtrant Olimpik\u201d v\u00ebrtetoi kualifikimin n\u00eb Lig\u00eb t\u00eb dyt\u00eb t\u00eb Malit t\u00eb Zi, raporton portali Ul.info. Ulqinak\u00ebt para tifoz\u00ebve t\u00eb\" \/>\n<meta property=\"og:url\" content=\"https:\/\/www.visit-ulcinj.com\/blog\/2016\/06\/12\/fk-polimle-e-dergoi-ne-ligen-e-dyte-fk-otrantin\/\" \/>\n<meta property=\"og:site_name\" content=\"Lajme nga Ulqini\" \/>\n<meta property=\"article:published_time\" content=\"2016-06-12T10:47:17+00:00\" \/>\n<meta property=\"og:image\" content=\"http:\/\/www.visit-ulcinj.com\/blog\/wp-content\/uploads\/2015\/11\/OTRANT-ULQIN-ULCINJ.png\" \/>\n<meta name=\"twitter:label1\" content=\"Written by\" \/>\n\t<meta name=\"twitter:data1\" content=\"ulqini\" \/>\n<script type=\"application\/ld+json\" class=\"yoast-schema-graph\">{\"@context\":\"https:\/\/schema.org\",\"@graph\":[{\"@type\":\"WebSite\",\"@id\":\"https:\/\/www.visit-ulcinj.com\/blog\/#website\",\"url\":\"https:\/\/www.visit-ulcinj.com\/blog\/\",\"name\":\"Lajme nga Ulqini\",\"description\":\"Lajme,Vijesti,Ulqini,Ulqin,Crna Gora,Mali i Zi\",\"potentialAction\":[{\"@type\":\"SearchAction\",\"target\":{\"@type\":\"EntryPoint\",\"urlTemplate\":\"https:\/\/www.visit-ulcinj.com\/blog\/?s={search_term_string}\"},\"query-input\":\"required name=search_term_string\"}],\"inLanguage\":\"en-US\"},{\"@type\":\"ImageObject\",\"inLanguage\":\"en-US\",\"@id\":\"https:\/\/www.visit-ulcinj.com\/blog\/2016\/06\/12\/fk-polimle-e-dergoi-ne-ligen-e-dyte-fk-otrantin\/#primaryimage\",\"url\":\"https:\/\/www.visit-ulcinj.com\/blog\/wp-content\/uploads\/2015\/11\/OTRANT-ULQIN-ULCINJ.png\",\"contentUrl\":\"https:\/\/www.visit-ulcinj.com\/blog\/wp-content\/uploads\/2015\/11\/OTRANT-ULQIN-ULCINJ.png\",\"width\":851,\"height\":315},{\"@type\":\"WebPage\",\"@id\":\"https:\/\/www.visit-ulcinj.com\/blog\/2016\/06\/12\/fk-polimle-e-dergoi-ne-ligen-e-dyte-fk-otrantin\/#webpage\",\"url\":\"https:\/\/www.visit-ulcinj.com\/blog\/2016\/06\/12\/fk-polimle-e-dergoi-ne-ligen-e-dyte-fk-otrantin\/\",\"name\":\"FK Polimle e d\u00ebrgoi n\u00eb Lig\u00ebn e Dyt\u00eb FK Otrantin - Lajme nga Ulqini\",\"isPartOf\":{\"@id\":\"https:\/\/www.visit-ulcinj.com\/blog\/#website\"},\"primaryImageOfPage\":{\"@id\":\"https:\/\/www.visit-ulcinj.com\/blog\/2016\/06\/12\/fk-polimle-e-dergoi-ne-ligen-e-dyte-fk-otrantin\/#primaryimage\"},\"datePublished\":\"2016-06-12T10:47:17+00:00\",\"dateModified\":\"2016-06-12T10:47:17+00:00\",\"author\":{\"@id\":\"https:\/\/www.visit-ulcinj.com\/blog\/#\/schema\/person\/dcab619c614d3038751c63bc2aadc06d\"},\"description\":\"M\u00eb v\u00ebshtir\u00eb se\u00e7 \u00ebsht\u00eb pritur, \u201cOtrant Olimpik\u201d v\u00ebrtetoi kualifikimin n\u00eb Lig\u00eb t\u00eb dyt\u00eb t\u00eb Malit t\u00eb Zi, raporton portali Ul.info. Ulqinak\u00ebt para tifoz\u00ebve t\u00eb\",\"breadcrumb\":{\"@id\":\"https:\/\/www.visit-ulcinj.com\/blog\/2016\/06\/12\/fk-polimle-e-dergoi-ne-ligen-e-dyte-fk-otrantin\/#breadcrumb\"},\"inLanguage\":\"en-US\",\"potentialAction\":[{\"@type\":\"ReadAction\",\"target\":[\"https:\/\/www.visit-ulcinj.com\/blog\/2016\/06\/12\/fk-polimle-e-dergoi-ne-ligen-e-dyte-fk-otrantin\/\"]}]},{\"@type\":\"BreadcrumbList\",\"@id\":\"https:\/\/www.visit-ulcinj.com\/blog\/2016\/06\/12\/fk-polimle-e-dergoi-ne-ligen-e-dyte-fk-otrantin\/#breadcrumb\",\"itemListElement\":[{\"@type\":\"ListItem\",\"position\":1,\"name\":\"FK Polimle e d\u00ebrgoi n\u00eb Lig\u00ebn e Dyt\u00eb FK Otrantin\"}]},{\"@type\":\"Person\",\"@id\":\"https:\/\/www.visit-ulcinj.com\/blog\/#\/schema\/person\/dcab619c614d3038751c63bc2aadc06d\",\"name\":\"ulqini\",\"sameAs\":[\"http:\/\/www.visit-ulcinj.com\"],\"url\":\"https:\/\/www.visit-ulcinj.com\/blog\/author\/admin\/\"}]}<\/script>\n<!-- \/ Yoast SEO plugin. -->","yoast_head_json":{"title":"FK Polimle e d\u00ebrgoi n\u00eb Lig\u00ebn e Dyt\u00eb FK Otrantin - Lajme nga Ulqini","description":"M\u00eb v\u00ebshtir\u00eb se\u00e7 \u00ebsht\u00eb pritur, \u201cOtrant Olimpik\u201d v\u00ebrtetoi kualifikimin n\u00eb Lig\u00eb t\u00eb dyt\u00eb t\u00eb Malit t\u00eb Zi, raporton portali Ul.info. Ulqinak\u00ebt para tifoz\u00ebve t\u00eb","robots":{"index":"index","follow":"follow","max-snippet":"max-snippet:-1","max-image-preview":"max-image-preview:large","max-video-preview":"max-video-preview:-1"},"canonical":"https:\/\/www.visit-ulcinj.com\/blog\/2016\/06\/12\/fk-polimle-e-dergoi-ne-ligen-e-dyte-fk-otrantin\/","og_locale":"en_US","og_type":"article","og_title":"FK Polimle e d\u00ebrgoi n\u00eb Lig\u00ebn e Dyt\u00eb FK Otrantin - Lajme nga Ulqini","og_description":"M\u00eb v\u00ebshtir\u00eb se\u00e7 \u00ebsht\u00eb pritur, \u201cOtrant Olimpik\u201d v\u00ebrtetoi kualifikimin n\u00eb Lig\u00eb t\u00eb dyt\u00eb t\u00eb Malit t\u00eb Zi, raporton portali Ul.info. Ulqinak\u00ebt para tifoz\u00ebve t\u00eb","og_url":"https:\/\/www.visit-ulcinj.com\/blog\/2016\/06\/12\/fk-polimle-e-dergoi-ne-ligen-e-dyte-fk-otrantin\/","og_site_name":"Lajme nga Ulqini","article_published_time":"2016-06-12T10:47:17+00:00","og_image":[{"url":"http:\/\/www.visit-ulcinj.com\/blog\/wp-content\/uploads\/2015\/11\/OTRANT-ULQIN-ULCINJ.png"}],"twitter_misc":{"Written by":"ulqini"},"schema":{"@context":"https:\/\/schema.org","@graph":[{"@type":"WebSite","@id":"https:\/\/www.visit-ulcinj.com\/blog\/#website","url":"https:\/\/www.visit-ulcinj.com\/blog\/","name":"Lajme nga Ulqini","description":"Lajme,Vijesti,Ulqini,Ulqin,Crna Gora,Mali i Zi","potentialAction":[{"@type":"SearchAction","target":{"@type":"EntryPoint","urlTemplate":"https:\/\/www.visit-ulcinj.com\/blog\/?s={search_term_string}"},"query-input":"required name=search_term_string"}],"inLanguage":"en-US"},{"@type":"ImageObject","inLanguage":"en-US","@id":"https:\/\/www.visit-ulcinj.com\/blog\/2016\/06\/12\/fk-polimle-e-dergoi-ne-ligen-e-dyte-fk-otrantin\/#primaryimage","url":"https:\/\/www.visit-ulcinj.com\/blog\/wp-content\/uploads\/2015\/11\/OTRANT-ULQIN-ULCINJ.png","contentUrl":"https:\/\/www.visit-ulcinj.com\/blog\/wp-content\/uploads\/2015\/11\/OTRANT-ULQIN-ULCINJ.png","width":851,"height":315},{"@type":"WebPage","@id":"https:\/\/www.visit-ulcinj.com\/blog\/2016\/06\/12\/fk-polimle-e-dergoi-ne-ligen-e-dyte-fk-otrantin\/#webpage","url":"https:\/\/www.visit-ulcinj.com\/blog\/2016\/06\/12\/fk-polimle-e-dergoi-ne-ligen-e-dyte-fk-otrantin\/","name":"FK Polimle e d\u00ebrgoi n\u00eb Lig\u00ebn e Dyt\u00eb FK Otrantin - Lajme nga Ulqini","isPartOf":{"@id":"https:\/\/www.visit-ulcinj.com\/blog\/#website"},"primaryImageOfPage":{"@id":"https:\/\/www.visit-ulcinj.com\/blog\/2016\/06\/12\/fk-polimle-e-dergoi-ne-ligen-e-dyte-fk-otrantin\/#primaryimage"},"datePublished":"2016-06-12T10:47:17+00:00","dateModified":"2016-06-12T10:47:17+00:00","author":{"@id":"https:\/\/www.visit-ulcinj.com\/blog\/#\/schema\/person\/dcab619c614d3038751c63bc2aadc06d"},"description":"M\u00eb v\u00ebshtir\u00eb se\u00e7 \u00ebsht\u00eb pritur, \u201cOtrant Olimpik\u201d v\u00ebrtetoi kualifikimin n\u00eb Lig\u00eb t\u00eb dyt\u00eb t\u00eb Malit t\u00eb Zi, raporton portali Ul.info. Ulqinak\u00ebt para tifoz\u00ebve t\u00eb","breadcrumb":{"@id":"https:\/\/www.visit-ulcinj.com\/blog\/2016\/06\/12\/fk-polimle-e-dergoi-ne-ligen-e-dyte-fk-otrantin\/#breadcrumb"},"inLanguage":"en-US","potentialAction":[{"@type":"ReadAction","target":["https:\/\/www.visit-ulcinj.com\/blog\/2016\/06\/12\/fk-polimle-e-dergoi-ne-ligen-e-dyte-fk-otrantin\/"]}]},{"@type":"BreadcrumbList","@id":"https:\/\/www.visit-ulcinj.com\/blog\/2016\/06\/12\/fk-polimle-e-dergoi-ne-ligen-e-dyte-fk-otrantin\/#breadcrumb","itemListElement":[{"@type":"ListItem","position":1,"name":"FK Polimle e d\u00ebrgoi n\u00eb Lig\u00ebn e Dyt\u00eb FK Otrantin"}]},{"@type":"Person","@id":"https:\/\/www.visit-ulcinj.com\/blog\/#\/schema\/person\/dcab619c614d3038751c63bc2aadc06d","name":"ulqini","sameAs":["http:\/\/www.visit-ulcinj.com"],"url":"https:\/\/www.visit-ulcinj.com\/blog\/author\/admin\/"}]}},"jetpack_featured_media_url":"","jetpack_sharing_enabled":true,"jetpack_shortlink":"https:\/\/wp.me\/pe6lTn-pmY","_links":{"self":[{"href":"https:\/\/www.visit-ulcinj.com\/blog\/wp-json\/wp\/v2\/posts\/97524"}],"collection":[{"href":"https:\/\/www.visit-ulcinj.com\/blog\/wp-json\/wp\/v2\/posts"}],"about":[{"href":"https:\/\/www.visit-ulcinj.com\/blog\/wp-json\/wp\/v2\/types\/post"}],"author":[{"embeddable":true,"href":"https:\/\/www.visit-ulcinj.com\/blog\/wp-json\/wp\/v2\/users\/1"}],"replies":[{"embeddable":true,"href":"https:\/\/www.visit-ulcinj.com\/blog\/wp-json\/wp\/v2\/comments?post=97524"}],"version-history":[{"count":1,"href":"https:\/\/www.visit-ulcinj.com\/blog\/wp-json\/wp\/v2\/posts\/97524\/revisions"}],"predecessor-version":[{"id":97525,"href":"https:\/\/www.visit-ulcinj.com\/blog\/wp-json\/wp\/v2\/posts\/97524\/revisions\/97525"}],"wp:attachment":[{"href":"https:\/\/www.visit-ulcinj.com\/blog\/wp-json\/wp\/v2\/media?parent=97524"}],"wp:term":[{"taxonomy":"category","embeddable":true,"href":"https:\/\/www.visit-ulcinj.com\/blog\/wp-json\/wp\/v2\/categories?post=97524"},{"taxonomy":"post_tag","embeddable":true,"href":"https:\/\/www.visit-ulcinj.com\/blog\/wp-json\/wp\/v2\/tags?post=97524"}],"curies":[{"name":"wp","href":"https:\/\/api.w.org\/{rel}","templated":true}]}}