{"id":97533,"date":"2016-06-12T16:10:59","date_gmt":"2016-06-12T15:10:59","guid":{"rendered":"http:\/\/www.visit-ulcinj.com\/blog\/?p=97533"},"modified":"2016-06-12T16:12:31","modified_gmt":"2016-06-12T15:12:31","slug":"plazhet-e-ulqinit-ne-listen-boterore-te-plazheve-te-pastra","status":"publish","type":"post","link":"https:\/\/www.visit-ulcinj.com\/blog\/2016\/06\/12\/plazhet-e-ulqinit-ne-listen-boterore-te-plazheve-te-pastra\/","title":{"rendered":"Plazhet e Ulqinit n\u00eb list\u00ebn bot\u00ebrore t\u00eb plazheve t\u00eb pastra"},"content":{"rendered":"<p><a href=\"http:\/\/www.visit-ulcinj.com\/blog\/wp-content\/uploads\/2016\/06\/Prva-Plava-zastava-na-kupalistu-Safari-Ulcinj.jpg\"><img loading=\"lazy\" class=\"alignleft wp-image-97373\" src=\"http:\/\/www.visit-ulcinj.com\/blog\/wp-content\/uploads\/2016\/06\/Prva-Plava-zastava-na-kupalistu-Safari-Ulcinj.jpg\" alt=\"Prva Plava zastava-na kupalistu Safari Ulcinj\" width=\"508\" height=\"243\" srcset=\"https:\/\/www.visit-ulcinj.com\/blog\/wp-content\/uploads\/2016\/06\/Prva-Plava-zastava-na-kupalistu-Safari-Ulcinj.jpg 702w, https:\/\/www.visit-ulcinj.com\/blog\/wp-content\/uploads\/2016\/06\/Prva-Plava-zastava-na-kupalistu-Safari-Ulcinj-300x144.jpg 300w\" sizes=\"(max-width: 508px) 100vw, 508px\" \/><\/a>Bregdeti i Ulqinit \u00ebsht\u00eb i njohur p\u00ebr plazhet m\u00eb t\u00eb mira dhe m\u00eb cil\u00ebsore n\u00eb Mal t\u00eb Zi dhe rajon. K\u00ebto dit\u00eb, 7 plazhe t\u00eb Ulqinit u \u00e7ertifikuan me \u00e7mimin \u201cFlamuri i kalt\u00ebr\u201d, duke u renditur n\u00eb list\u00ebn bot\u00ebrore t\u00eb plazheve t\u00eb pastra. K\u00ebto \u00e7mime, sipas ekspert\u00ebve t\u00eb k\u00ebsaj fushe, ndikojn\u00eb n\u00eb promovimin e ofert\u00ebs dhe n\u00eb nivelin e vlerave turistike t\u00eb Ulqinit.<\/p>\n<p>Korrespondenti i Z\u00ebrit t\u00eb Amerik\u00ebs Ali Salaj\u00a0 p\u00ebrgatiti kronik\u00ebn.<\/p>\n<p><iframe loading=\"lazy\" src=\"https:\/\/www.youtube.com\/embed\/cQDmaBDfWig\" width=\"508\" height=\"315\" frameborder=\"0\" allowfullscreen=\"allowfullscreen\"><\/iframe><\/p>\n","protected":false},"excerpt":{"rendered":"<p>Bregdeti i Ulqinit \u00ebsht\u00eb i njohur p\u00ebr plazhet m\u00eb t\u00eb mira dhe m\u00eb cil\u00ebsore n\u00eb Mal t\u00eb Zi dhe rajon. K\u00ebto dit\u00eb, 7 plazhe t\u00eb Ulqinit u \u00e7ertifikuan me \u00e7mimin \u201cFlamuri i kalt\u00ebr\u201d, duke u renditur n\u00eb list\u00ebn bot\u00ebrore t\u00eb plazheve t\u00eb pastra. K\u00ebto \u00e7mime, sipas ekspert\u00ebve t\u00eb k\u00ebsaj fushe, ndikojn\u00eb n\u00eb promovimin e ofert\u00ebs [&hellip;]<\/p>\n","protected":false},"author":1,"featured_media":0,"comment_status":"closed","ping_status":"closed","sticky":false,"template":"","format":"standard","meta":{"spay_email":"","jetpack_publicize_message":"","jetpack_is_tweetstorm":false,"jetpack_publicize_feature_enabled":true},"categories":[13],"tags":[],"jetpack_publicize_connections":[],"yoast_head":"<!-- This site is optimized with the Yoast SEO plugin v19.1 - https:\/\/yoast.com\/wordpress\/plugins\/seo\/ -->\n<title>Plazhet e Ulqinit n\u00eb list\u00ebn bot\u00ebrore t\u00eb plazheve t\u00eb pastra - Lajme nga Ulqini<\/title>\n<meta name=\"description\" content=\"Bregdeti i Ulqinit \u00ebsht\u00eb i njohur p\u00ebr plazhet m\u00eb t\u00eb mira dhe m\u00eb cil\u00ebsore n\u00eb Mal t\u00eb Zi dhe rajon. K\u00ebto dit\u00eb, 7 plazhe t\u00eb Ulqinit u \u00e7ertifikuan me \u00e7mimin\" \/>\n<meta name=\"robots\" content=\"index, follow, max-snippet:-1, max-image-preview:large, max-video-preview:-1\" \/>\n<link rel=\"canonical\" href=\"https:\/\/www.visit-ulcinj.com\/blog\/2016\/06\/12\/plazhet-e-ulqinit-ne-listen-boterore-te-plazheve-te-pastra\/\" \/>\n<meta property=\"og:locale\" content=\"en_US\" \/>\n<meta property=\"og:type\" content=\"article\" \/>\n<meta property=\"og:title\" content=\"Plazhet e Ulqinit n\u00eb list\u00ebn bot\u00ebrore t\u00eb plazheve t\u00eb pastra - Lajme nga Ulqini\" \/>\n<meta property=\"og:description\" content=\"Bregdeti i Ulqinit \u00ebsht\u00eb i njohur p\u00ebr plazhet m\u00eb t\u00eb mira dhe m\u00eb cil\u00ebsore n\u00eb Mal t\u00eb Zi dhe rajon. K\u00ebto dit\u00eb, 7 plazhe t\u00eb Ulqinit u \u00e7ertifikuan me \u00e7mimin\" \/>\n<meta property=\"og:url\" content=\"https:\/\/www.visit-ulcinj.com\/blog\/2016\/06\/12\/plazhet-e-ulqinit-ne-listen-boterore-te-plazheve-te-pastra\/\" \/>\n<meta property=\"og:site_name\" content=\"Lajme nga Ulqini\" \/>\n<meta property=\"article:published_time\" content=\"2016-06-12T15:10:59+00:00\" \/>\n<meta property=\"article:modified_time\" content=\"2016-06-12T15:12:31+00:00\" \/>\n<meta property=\"og:image\" content=\"http:\/\/www.visit-ulcinj.com\/blog\/wp-content\/uploads\/2016\/06\/Prva-Plava-zastava-na-kupalistu-Safari-Ulcinj.jpg\" \/>\n<meta name=\"twitter:label1\" content=\"Written by\" \/>\n\t<meta name=\"twitter:data1\" content=\"ulqini\" \/>\n<script type=\"application\/ld+json\" class=\"yoast-schema-graph\">{\"@context\":\"https:\/\/schema.org\",\"@graph\":[{\"@type\":\"WebSite\",\"@id\":\"https:\/\/www.visit-ulcinj.com\/blog\/#website\",\"url\":\"https:\/\/www.visit-ulcinj.com\/blog\/\",\"name\":\"Lajme nga Ulqini\",\"description\":\"Lajme,Vijesti,Ulqini,Ulqin,Crna Gora,Mali i Zi\",\"potentialAction\":[{\"@type\":\"SearchAction\",\"target\":{\"@type\":\"EntryPoint\",\"urlTemplate\":\"https:\/\/www.visit-ulcinj.com\/blog\/?s={search_term_string}\"},\"query-input\":\"required name=search_term_string\"}],\"inLanguage\":\"en-US\"},{\"@type\":\"ImageObject\",\"inLanguage\":\"en-US\",\"@id\":\"https:\/\/www.visit-ulcinj.com\/blog\/2016\/06\/12\/plazhet-e-ulqinit-ne-listen-boterore-te-plazheve-te-pastra\/#primaryimage\",\"url\":\"https:\/\/www.visit-ulcinj.com\/blog\/wp-content\/uploads\/2016\/06\/Prva-Plava-zastava-na-kupalistu-Safari-Ulcinj.jpg\",\"contentUrl\":\"https:\/\/www.visit-ulcinj.com\/blog\/wp-content\/uploads\/2016\/06\/Prva-Plava-zastava-na-kupalistu-Safari-Ulcinj.jpg\",\"width\":702,\"height\":336},{\"@type\":\"WebPage\",\"@id\":\"https:\/\/www.visit-ulcinj.com\/blog\/2016\/06\/12\/plazhet-e-ulqinit-ne-listen-boterore-te-plazheve-te-pastra\/#webpage\",\"url\":\"https:\/\/www.visit-ulcinj.com\/blog\/2016\/06\/12\/plazhet-e-ulqinit-ne-listen-boterore-te-plazheve-te-pastra\/\",\"name\":\"Plazhet e Ulqinit n\u00eb list\u00ebn bot\u00ebrore t\u00eb plazheve t\u00eb pastra - Lajme nga Ulqini\",\"isPartOf\":{\"@id\":\"https:\/\/www.visit-ulcinj.com\/blog\/#website\"},\"primaryImageOfPage\":{\"@id\":\"https:\/\/www.visit-ulcinj.com\/blog\/2016\/06\/12\/plazhet-e-ulqinit-ne-listen-boterore-te-plazheve-te-pastra\/#primaryimage\"},\"datePublished\":\"2016-06-12T15:10:59+00:00\",\"dateModified\":\"2016-06-12T15:12:31+00:00\",\"author\":{\"@id\":\"https:\/\/www.visit-ulcinj.com\/blog\/#\/schema\/person\/dcab619c614d3038751c63bc2aadc06d\"},\"description\":\"Bregdeti i Ulqinit \u00ebsht\u00eb i njohur p\u00ebr plazhet m\u00eb t\u00eb mira dhe m\u00eb cil\u00ebsore n\u00eb Mal t\u00eb Zi dhe rajon. K\u00ebto dit\u00eb, 7 plazhe t\u00eb Ulqinit u \u00e7ertifikuan me \u00e7mimin\",\"breadcrumb\":{\"@id\":\"https:\/\/www.visit-ulcinj.com\/blog\/2016\/06\/12\/plazhet-e-ulqinit-ne-listen-boterore-te-plazheve-te-pastra\/#breadcrumb\"},\"inLanguage\":\"en-US\",\"potentialAction\":[{\"@type\":\"ReadAction\",\"target\":[\"https:\/\/www.visit-ulcinj.com\/blog\/2016\/06\/12\/plazhet-e-ulqinit-ne-listen-boterore-te-plazheve-te-pastra\/\"]}]},{\"@type\":\"BreadcrumbList\",\"@id\":\"https:\/\/www.visit-ulcinj.com\/blog\/2016\/06\/12\/plazhet-e-ulqinit-ne-listen-boterore-te-plazheve-te-pastra\/#breadcrumb\",\"itemListElement\":[{\"@type\":\"ListItem\",\"position\":1,\"name\":\"Plazhet e Ulqinit n\u00eb list\u00ebn bot\u00ebrore t\u00eb plazheve t\u00eb pastra\"}]},{\"@type\":\"Person\",\"@id\":\"https:\/\/www.visit-ulcinj.com\/blog\/#\/schema\/person\/dcab619c614d3038751c63bc2aadc06d\",\"name\":\"ulqini\",\"sameAs\":[\"http:\/\/www.visit-ulcinj.com\"],\"url\":\"https:\/\/www.visit-ulcinj.com\/blog\/author\/admin\/\"}]}<\/script>\n<!-- \/ Yoast SEO plugin. -->","yoast_head_json":{"title":"Plazhet e Ulqinit n\u00eb list\u00ebn bot\u00ebrore t\u00eb plazheve t\u00eb pastra - Lajme nga Ulqini","description":"Bregdeti i Ulqinit \u00ebsht\u00eb i njohur p\u00ebr plazhet m\u00eb t\u00eb mira dhe m\u00eb cil\u00ebsore n\u00eb Mal t\u00eb Zi dhe rajon. K\u00ebto dit\u00eb, 7 plazhe t\u00eb Ulqinit u \u00e7ertifikuan me \u00e7mimin","robots":{"index":"index","follow":"follow","max-snippet":"max-snippet:-1","max-image-preview":"max-image-preview:large","max-video-preview":"max-video-preview:-1"},"canonical":"https:\/\/www.visit-ulcinj.com\/blog\/2016\/06\/12\/plazhet-e-ulqinit-ne-listen-boterore-te-plazheve-te-pastra\/","og_locale":"en_US","og_type":"article","og_title":"Plazhet e Ulqinit n\u00eb list\u00ebn bot\u00ebrore t\u00eb plazheve t\u00eb pastra - Lajme nga Ulqini","og_description":"Bregdeti i Ulqinit \u00ebsht\u00eb i njohur p\u00ebr plazhet m\u00eb t\u00eb mira dhe m\u00eb cil\u00ebsore n\u00eb Mal t\u00eb Zi dhe rajon. K\u00ebto dit\u00eb, 7 plazhe t\u00eb Ulqinit u \u00e7ertifikuan me \u00e7mimin","og_url":"https:\/\/www.visit-ulcinj.com\/blog\/2016\/06\/12\/plazhet-e-ulqinit-ne-listen-boterore-te-plazheve-te-pastra\/","og_site_name":"Lajme nga Ulqini","article_published_time":"2016-06-12T15:10:59+00:00","article_modified_time":"2016-06-12T15:12:31+00:00","og_image":[{"url":"http:\/\/www.visit-ulcinj.com\/blog\/wp-content\/uploads\/2016\/06\/Prva-Plava-zastava-na-kupalistu-Safari-Ulcinj.jpg"}],"twitter_misc":{"Written by":"ulqini"},"schema":{"@context":"https:\/\/schema.org","@graph":[{"@type":"WebSite","@id":"https:\/\/www.visit-ulcinj.com\/blog\/#website","url":"https:\/\/www.visit-ulcinj.com\/blog\/","name":"Lajme nga Ulqini","description":"Lajme,Vijesti,Ulqini,Ulqin,Crna Gora,Mali i Zi","potentialAction":[{"@type":"SearchAction","target":{"@type":"EntryPoint","urlTemplate":"https:\/\/www.visit-ulcinj.com\/blog\/?s={search_term_string}"},"query-input":"required name=search_term_string"}],"inLanguage":"en-US"},{"@type":"ImageObject","inLanguage":"en-US","@id":"https:\/\/www.visit-ulcinj.com\/blog\/2016\/06\/12\/plazhet-e-ulqinit-ne-listen-boterore-te-plazheve-te-pastra\/#primaryimage","url":"https:\/\/www.visit-ulcinj.com\/blog\/wp-content\/uploads\/2016\/06\/Prva-Plava-zastava-na-kupalistu-Safari-Ulcinj.jpg","contentUrl":"https:\/\/www.visit-ulcinj.com\/blog\/wp-content\/uploads\/2016\/06\/Prva-Plava-zastava-na-kupalistu-Safari-Ulcinj.jpg","width":702,"height":336},{"@type":"WebPage","@id":"https:\/\/www.visit-ulcinj.com\/blog\/2016\/06\/12\/plazhet-e-ulqinit-ne-listen-boterore-te-plazheve-te-pastra\/#webpage","url":"https:\/\/www.visit-ulcinj.com\/blog\/2016\/06\/12\/plazhet-e-ulqinit-ne-listen-boterore-te-plazheve-te-pastra\/","name":"Plazhet e Ulqinit n\u00eb list\u00ebn bot\u00ebrore t\u00eb plazheve t\u00eb pastra - Lajme nga Ulqini","isPartOf":{"@id":"https:\/\/www.visit-ulcinj.com\/blog\/#website"},"primaryImageOfPage":{"@id":"https:\/\/www.visit-ulcinj.com\/blog\/2016\/06\/12\/plazhet-e-ulqinit-ne-listen-boterore-te-plazheve-te-pastra\/#primaryimage"},"datePublished":"2016-06-12T15:10:59+00:00","dateModified":"2016-06-12T15:12:31+00:00","author":{"@id":"https:\/\/www.visit-ulcinj.com\/blog\/#\/schema\/person\/dcab619c614d3038751c63bc2aadc06d"},"description":"Bregdeti i Ulqinit \u00ebsht\u00eb i njohur p\u00ebr plazhet m\u00eb t\u00eb mira dhe m\u00eb cil\u00ebsore n\u00eb Mal t\u00eb Zi dhe rajon. K\u00ebto dit\u00eb, 7 plazhe t\u00eb Ulqinit u \u00e7ertifikuan me \u00e7mimin","breadcrumb":{"@id":"https:\/\/www.visit-ulcinj.com\/blog\/2016\/06\/12\/plazhet-e-ulqinit-ne-listen-boterore-te-plazheve-te-pastra\/#breadcrumb"},"inLanguage":"en-US","potentialAction":[{"@type":"ReadAction","target":["https:\/\/www.visit-ulcinj.com\/blog\/2016\/06\/12\/plazhet-e-ulqinit-ne-listen-boterore-te-plazheve-te-pastra\/"]}]},{"@type":"BreadcrumbList","@id":"https:\/\/www.visit-ulcinj.com\/blog\/2016\/06\/12\/plazhet-e-ulqinit-ne-listen-boterore-te-plazheve-te-pastra\/#breadcrumb","itemListElement":[{"@type":"ListItem","position":1,"name":"Plazhet e Ulqinit n\u00eb list\u00ebn bot\u00ebrore t\u00eb plazheve t\u00eb pastra"}]},{"@type":"Person","@id":"https:\/\/www.visit-ulcinj.com\/blog\/#\/schema\/person\/dcab619c614d3038751c63bc2aadc06d","name":"ulqini","sameAs":["http:\/\/www.visit-ulcinj.com"],"url":"https:\/\/www.visit-ulcinj.com\/blog\/author\/admin\/"}]}},"jetpack_featured_media_url":"","jetpack_sharing_enabled":true,"jetpack_shortlink":"https:\/\/wp.me\/pe6lTn-pn7","_links":{"self":[{"href":"https:\/\/www.visit-ulcinj.com\/blog\/wp-json\/wp\/v2\/posts\/97533"}],"collection":[{"href":"https:\/\/www.visit-ulcinj.com\/blog\/wp-json\/wp\/v2\/posts"}],"about":[{"href":"https:\/\/www.visit-ulcinj.com\/blog\/wp-json\/wp\/v2\/types\/post"}],"author":[{"embeddable":true,"href":"https:\/\/www.visit-ulcinj.com\/blog\/wp-json\/wp\/v2\/users\/1"}],"replies":[{"embeddable":true,"href":"https:\/\/www.visit-ulcinj.com\/blog\/wp-json\/wp\/v2\/comments?post=97533"}],"version-history":[{"count":3,"href":"https:\/\/www.visit-ulcinj.com\/blog\/wp-json\/wp\/v2\/posts\/97533\/revisions"}],"predecessor-version":[{"id":97536,"href":"https:\/\/www.visit-ulcinj.com\/blog\/wp-json\/wp\/v2\/posts\/97533\/revisions\/97536"}],"wp:attachment":[{"href":"https:\/\/www.visit-ulcinj.com\/blog\/wp-json\/wp\/v2\/media?parent=97533"}],"wp:term":[{"taxonomy":"category","embeddable":true,"href":"https:\/\/www.visit-ulcinj.com\/blog\/wp-json\/wp\/v2\/categories?post=97533"},{"taxonomy":"post_tag","embeddable":true,"href":"https:\/\/www.visit-ulcinj.com\/blog\/wp-json\/wp\/v2\/tags?post=97533"}],"curies":[{"name":"wp","href":"https:\/\/api.w.org\/{rel}","templated":true}]}}