{"id":97537,"date":"2016-06-12T16:31:27","date_gmt":"2016-06-12T15:31:27","guid":{"rendered":"http:\/\/www.visit-ulcinj.com\/blog\/?p=97537"},"modified":"2016-06-12T21:43:21","modified_gmt":"2016-06-12T20:43:21","slug":"ulqinakja-ermelinda-gjekaj-ali-ne-gjurmet-e-babait-ne-skenen-muzikore","status":"publish","type":"post","link":"https:\/\/www.visit-ulcinj.com\/blog\/2016\/06\/12\/ulqinakja-ermelinda-gjekaj-ali-ne-gjurmet-e-babait-ne-skenen-muzikore\/","title":{"rendered":"Ulqinakja Ermelinda Gjekaj &#8211; Ali n\u00eb gjurm\u00ebt e babait n\u00eb sken\u00ebn muzikore"},"content":{"rendered":"<p><a href=\"http:\/\/www.visit-ulcinj.com\/blog\/wp-content\/uploads\/2016\/06\/Ermelinda-Gjekaj-Ali-Shaban-Gjekaj.jpg\"><img loading=\"lazy\" class=\"alignleft wp-image-97538\" src=\"http:\/\/www.visit-ulcinj.com\/blog\/wp-content\/uploads\/2016\/06\/Ermelinda-Gjekaj-Ali-Shaban-Gjekaj.jpg\" alt=\"Ermelinda Gjekaj-Ali-Shaban-Gjekaj\" width=\"508\" height=\"677\" srcset=\"https:\/\/www.visit-ulcinj.com\/blog\/wp-content\/uploads\/2016\/06\/Ermelinda-Gjekaj-Ali-Shaban-Gjekaj.jpg 720w, https:\/\/www.visit-ulcinj.com\/blog\/wp-content\/uploads\/2016\/06\/Ermelinda-Gjekaj-Ali-Shaban-Gjekaj-225x300.jpg 225w\" sizes=\"(max-width: 508px) 100vw, 508px\" \/><\/a>Ajo edhe vet \u00ebsht\u00eb k\u00ebng\u00ebtare, e cila me bukurin\u00eb dhe z\u00ebrin e \u00ebmb\u00ebl, sado q\u00eb jeton n\u00eb Shtetet e Bashkuara t\u00eb Amerik\u00ebs, ka arritur t\u00eb b\u00ebj\u00eb em\u00ebr n\u00eb vendlindjen e saj n\u00eb Ulqin po edhe n\u00eb trevat tjera shqiptare.<\/p>\n<p>Fjala \u00ebsht\u00eb p\u00ebr k\u00ebng\u00ebtaren Ermelinda Gjekaj-Ali, e cila \u00ebsht\u00eb me fat q\u00eb q\u00eb \u00ebsht\u00eb e bija e k\u00ebng\u00ebtarit t\u00eb madh ulqinak Shaban Gjekaj, emri i t\u00eb cilit \u00ebsht\u00eb i njohur kudo nd\u00ebr shqiptar\u00eb.<\/p>\n<p>Sukseset m\u00eb t\u00eb m\u00ebdha t\u00eb Ermelind\u00ebs n\u00eb muzik\u00eb jan\u00eb arritur pik\u00ebrisht n\u00eb bashk\u00ebpunim me babain Shabanin gjat\u00eb viteve t\u00eb \u201990-ta, si dhe me pjes\u00ebmarrjen n\u00eb Festivalin Folklorik Mbar\u00ebkomb\u00ebtar n\u00eb Tiran\u00eb, ku krahas t\u00eb atit, ka performuar edhe Ermelinda me k\u00ebng\u00ebn \u201cO moj ulqinake\u201d t\u00eb kompozuar nga Fiqiri Hasanaga, me \u00e7\u2019rast Ermelinda e bukur dhe e k\u00ebndshme me veshje karakteristike shestaneshe, por edhe me z\u00ebrin e saj t\u00eb \u00ebmb\u00ebl arriti t\u00eb sjell\u00eb p\u00ebrpara publikut shqiptar pasurin\u00eb e k\u00ebng\u00ebs popullore ulqinake duke korrur sukses mjaft t\u00eb madh, shkruan Teleskopi.<\/p>\n<p>Kujtojm\u00eb se Ermelinda sado q\u00eb jeton larg vendlindjes me familje, ajo nuk e harron p\u00ebr asnj\u00eb \u00e7ast vendin ku \u00ebsht\u00eb rritur dhe ka krijuar em\u00ebr si dhe tradit\u00ebn e kultur\u00ebn ulqinake, ashtu sikur edhe i ati i saj.<\/p>\n<p><a href=\"http:\/\/www.visit-ulcinj.com\/blog\/wp-content\/uploads\/2016\/06\/Ermelinda-Gjekaj-Ali-Shaban-Gjekaj-1.jpg\"><img loading=\"lazy\" class=\"alignleft wp-image-97539\" src=\"http:\/\/www.visit-ulcinj.com\/blog\/wp-content\/uploads\/2016\/06\/Ermelinda-Gjekaj-Ali-Shaban-Gjekaj-1.jpg\" alt=\"Ermelinda Gjekaj-Ali-Shaban-Gjekaj-1\" width=\"508\" height=\"381\" srcset=\"https:\/\/www.visit-ulcinj.com\/blog\/wp-content\/uploads\/2016\/06\/Ermelinda-Gjekaj-Ali-Shaban-Gjekaj-1.jpg 960w, https:\/\/www.visit-ulcinj.com\/blog\/wp-content\/uploads\/2016\/06\/Ermelinda-Gjekaj-Ali-Shaban-Gjekaj-1-300x225.jpg 300w, https:\/\/www.visit-ulcinj.com\/blog\/wp-content\/uploads\/2016\/06\/Ermelinda-Gjekaj-Ali-Shaban-Gjekaj-1-768x576.jpg 768w\" sizes=\"(max-width: 508px) 100vw, 508px\" \/><\/a><\/p>\n<p>E bukur, e \u00e7ilt\u00ebr dhe plot \u00ebmb\u00eblsi, ajo vazhdon t\u00eb jet\u00eb si \u00e7doher\u00eb, p\u00ebrkund\u00ebr q\u00eb vitet ikin aq shpejt.<\/p>\n<p>Ulqinakja Ermelinda Gjekaj-Ali, vazhdon t\u00eb jet\u00eb model i femr\u00ebs ulqinake me bukurin\u00eb dhe t\u00eb arriturat e saj, duke qen\u00eb \u00e7doher\u00eb krenare q\u00eb \u00ebsht\u00eb e bija e nj\u00eb artisti t\u00eb madh ulqinak. \/Teleskopi.net\/<\/p>\n<p><iframe loading=\"lazy\" src=\"https:\/\/www.youtube.com\/embed\/vaRglPISYsw\" width=\"508\" height=\"315\" frameborder=\"0\" allowfullscreen=\"allowfullscreen\"><\/iframe><\/p>\n<p><a href=\"http:\/\/www.visit-ulcinj.com\/blog\/wp-content\/uploads\/2016\/06\/Ermelinda-Gjekaj-Ali-Shaban-Gjekaj-2.jpg\"><img loading=\"lazy\" class=\"alignleft wp-image-97540\" src=\"http:\/\/www.visit-ulcinj.com\/blog\/wp-content\/uploads\/2016\/06\/Ermelinda-Gjekaj-Ali-Shaban-Gjekaj-2.jpg\" alt=\"Ermelinda Gjekaj-Ali-Shaban-Gjekaj-2\" width=\"508\" height=\"381\" srcset=\"https:\/\/www.visit-ulcinj.com\/blog\/wp-content\/uploads\/2016\/06\/Ermelinda-Gjekaj-Ali-Shaban-Gjekaj-2.jpg 960w, https:\/\/www.visit-ulcinj.com\/blog\/wp-content\/uploads\/2016\/06\/Ermelinda-Gjekaj-Ali-Shaban-Gjekaj-2-300x225.jpg 300w, https:\/\/www.visit-ulcinj.com\/blog\/wp-content\/uploads\/2016\/06\/Ermelinda-Gjekaj-Ali-Shaban-Gjekaj-2-768x576.jpg 768w\" sizes=\"(max-width: 508px) 100vw, 508px\" \/><\/a><\/p>\n","protected":false},"excerpt":{"rendered":"<p>Ajo edhe vet \u00ebsht\u00eb k\u00ebng\u00ebtare, e cila me bukurin\u00eb dhe z\u00ebrin e \u00ebmb\u00ebl, sado q\u00eb jeton n\u00eb Shtetet e Bashkuara t\u00eb Amerik\u00ebs, ka arritur t\u00eb b\u00ebj\u00eb em\u00ebr n\u00eb vendlindjen e saj n\u00eb Ulqin po edhe n\u00eb trevat tjera shqiptare. Fjala \u00ebsht\u00eb p\u00ebr k\u00ebng\u00ebtaren Ermelinda Gjekaj-Ali, e cila \u00ebsht\u00eb me fat q\u00eb q\u00eb \u00ebsht\u00eb e bija [&hellip;]<\/p>\n","protected":false},"author":1,"featured_media":0,"comment_status":"closed","ping_status":"closed","sticky":false,"template":"","format":"standard","meta":{"spay_email":"","jetpack_publicize_message":"","jetpack_is_tweetstorm":false,"jetpack_publicize_feature_enabled":true},"categories":[1],"tags":[],"jetpack_publicize_connections":[],"yoast_head":"<!-- This site is optimized with the Yoast SEO plugin v19.1 - https:\/\/yoast.com\/wordpress\/plugins\/seo\/ -->\n<title>Ulqinakja Ermelinda Gjekaj - Ali n\u00eb gjurm\u00ebt e babait n\u00eb sken\u00ebn muzikore - Lajme nga Ulqini<\/title>\n<meta name=\"description\" content=\"Ajo edhe vet \u00ebsht\u00eb k\u00ebng\u00ebtare, e cila me bukurin\u00eb dhe z\u00ebrin e \u00ebmb\u00ebl, sado q\u00eb jeton n\u00eb Shtetet e Bashkuara t\u00eb Amerik\u00ebs, ka arritur t\u00eb b\u00ebj\u00eb em\u00ebr n\u00eb\" \/>\n<meta name=\"robots\" content=\"index, follow, max-snippet:-1, max-image-preview:large, max-video-preview:-1\" \/>\n<link rel=\"canonical\" href=\"https:\/\/www.visit-ulcinj.com\/blog\/2016\/06\/12\/ulqinakja-ermelinda-gjekaj-ali-ne-gjurmet-e-babait-ne-skenen-muzikore\/\" \/>\n<meta property=\"og:locale\" content=\"en_US\" \/>\n<meta property=\"og:type\" content=\"article\" \/>\n<meta property=\"og:title\" content=\"Ulqinakja Ermelinda Gjekaj - Ali n\u00eb gjurm\u00ebt e babait n\u00eb sken\u00ebn muzikore - Lajme nga Ulqini\" \/>\n<meta property=\"og:description\" content=\"Ajo edhe vet \u00ebsht\u00eb k\u00ebng\u00ebtare, e cila me bukurin\u00eb dhe z\u00ebrin e \u00ebmb\u00ebl, sado q\u00eb jeton n\u00eb Shtetet e Bashkuara t\u00eb Amerik\u00ebs, ka arritur t\u00eb b\u00ebj\u00eb em\u00ebr n\u00eb\" \/>\n<meta property=\"og:url\" content=\"https:\/\/www.visit-ulcinj.com\/blog\/2016\/06\/12\/ulqinakja-ermelinda-gjekaj-ali-ne-gjurmet-e-babait-ne-skenen-muzikore\/\" \/>\n<meta property=\"og:site_name\" content=\"Lajme nga Ulqini\" \/>\n<meta property=\"article:published_time\" content=\"2016-06-12T15:31:27+00:00\" \/>\n<meta property=\"article:modified_time\" content=\"2016-06-12T20:43:21+00:00\" \/>\n<meta property=\"og:image\" content=\"http:\/\/www.visit-ulcinj.com\/blog\/wp-content\/uploads\/2016\/06\/Ermelinda-Gjekaj-Ali-Shaban-Gjekaj.jpg\" \/>\n<meta name=\"twitter:label1\" content=\"Written by\" \/>\n\t<meta name=\"twitter:data1\" content=\"ulqini\" \/>\n\t<meta name=\"twitter:label2\" content=\"Est. reading time\" \/>\n\t<meta name=\"twitter:data2\" content=\"1 minute\" \/>\n<script type=\"application\/ld+json\" class=\"yoast-schema-graph\">{\"@context\":\"https:\/\/schema.org\",\"@graph\":[{\"@type\":\"WebSite\",\"@id\":\"https:\/\/www.visit-ulcinj.com\/blog\/#website\",\"url\":\"https:\/\/www.visit-ulcinj.com\/blog\/\",\"name\":\"Lajme nga Ulqini\",\"description\":\"Lajme,Vijesti,Ulqini,Ulqin,Crna Gora,Mali i Zi\",\"potentialAction\":[{\"@type\":\"SearchAction\",\"target\":{\"@type\":\"EntryPoint\",\"urlTemplate\":\"https:\/\/www.visit-ulcinj.com\/blog\/?s={search_term_string}\"},\"query-input\":\"required name=search_term_string\"}],\"inLanguage\":\"en-US\"},{\"@type\":\"ImageObject\",\"inLanguage\":\"en-US\",\"@id\":\"https:\/\/www.visit-ulcinj.com\/blog\/2016\/06\/12\/ulqinakja-ermelinda-gjekaj-ali-ne-gjurmet-e-babait-ne-skenen-muzikore\/#primaryimage\",\"url\":\"https:\/\/www.visit-ulcinj.com\/blog\/wp-content\/uploads\/2016\/06\/Ermelinda-Gjekaj-Ali-Shaban-Gjekaj.jpg\",\"contentUrl\":\"https:\/\/www.visit-ulcinj.com\/blog\/wp-content\/uploads\/2016\/06\/Ermelinda-Gjekaj-Ali-Shaban-Gjekaj.jpg\",\"width\":720,\"height\":960},{\"@type\":\"WebPage\",\"@id\":\"https:\/\/www.visit-ulcinj.com\/blog\/2016\/06\/12\/ulqinakja-ermelinda-gjekaj-ali-ne-gjurmet-e-babait-ne-skenen-muzikore\/#webpage\",\"url\":\"https:\/\/www.visit-ulcinj.com\/blog\/2016\/06\/12\/ulqinakja-ermelinda-gjekaj-ali-ne-gjurmet-e-babait-ne-skenen-muzikore\/\",\"name\":\"Ulqinakja Ermelinda Gjekaj - Ali n\u00eb gjurm\u00ebt e babait n\u00eb sken\u00ebn muzikore - Lajme nga Ulqini\",\"isPartOf\":{\"@id\":\"https:\/\/www.visit-ulcinj.com\/blog\/#website\"},\"primaryImageOfPage\":{\"@id\":\"https:\/\/www.visit-ulcinj.com\/blog\/2016\/06\/12\/ulqinakja-ermelinda-gjekaj-ali-ne-gjurmet-e-babait-ne-skenen-muzikore\/#primaryimage\"},\"datePublished\":\"2016-06-12T15:31:27+00:00\",\"dateModified\":\"2016-06-12T20:43:21+00:00\",\"author\":{\"@id\":\"https:\/\/www.visit-ulcinj.com\/blog\/#\/schema\/person\/dcab619c614d3038751c63bc2aadc06d\"},\"description\":\"Ajo edhe vet \u00ebsht\u00eb k\u00ebng\u00ebtare, e cila me bukurin\u00eb dhe z\u00ebrin e \u00ebmb\u00ebl, sado q\u00eb jeton n\u00eb Shtetet e Bashkuara t\u00eb Amerik\u00ebs, ka arritur t\u00eb b\u00ebj\u00eb em\u00ebr n\u00eb\",\"breadcrumb\":{\"@id\":\"https:\/\/www.visit-ulcinj.com\/blog\/2016\/06\/12\/ulqinakja-ermelinda-gjekaj-ali-ne-gjurmet-e-babait-ne-skenen-muzikore\/#breadcrumb\"},\"inLanguage\":\"en-US\",\"potentialAction\":[{\"@type\":\"ReadAction\",\"target\":[\"https:\/\/www.visit-ulcinj.com\/blog\/2016\/06\/12\/ulqinakja-ermelinda-gjekaj-ali-ne-gjurmet-e-babait-ne-skenen-muzikore\/\"]}]},{\"@type\":\"BreadcrumbList\",\"@id\":\"https:\/\/www.visit-ulcinj.com\/blog\/2016\/06\/12\/ulqinakja-ermelinda-gjekaj-ali-ne-gjurmet-e-babait-ne-skenen-muzikore\/#breadcrumb\",\"itemListElement\":[{\"@type\":\"ListItem\",\"position\":1,\"name\":\"Ulqinakja Ermelinda Gjekaj &#8211; Ali n\u00eb gjurm\u00ebt e babait n\u00eb sken\u00ebn muzikore\"}]},{\"@type\":\"Person\",\"@id\":\"https:\/\/www.visit-ulcinj.com\/blog\/#\/schema\/person\/dcab619c614d3038751c63bc2aadc06d\",\"name\":\"ulqini\",\"sameAs\":[\"http:\/\/www.visit-ulcinj.com\"],\"url\":\"https:\/\/www.visit-ulcinj.com\/blog\/author\/admin\/\"}]}<\/script>\n<!-- \/ Yoast SEO plugin. -->","yoast_head_json":{"title":"Ulqinakja Ermelinda Gjekaj - Ali n\u00eb gjurm\u00ebt e babait n\u00eb sken\u00ebn muzikore - Lajme nga Ulqini","description":"Ajo edhe vet \u00ebsht\u00eb k\u00ebng\u00ebtare, e cila me bukurin\u00eb dhe z\u00ebrin e \u00ebmb\u00ebl, sado q\u00eb jeton n\u00eb Shtetet e Bashkuara t\u00eb Amerik\u00ebs, ka arritur t\u00eb b\u00ebj\u00eb em\u00ebr n\u00eb","robots":{"index":"index","follow":"follow","max-snippet":"max-snippet:-1","max-image-preview":"max-image-preview:large","max-video-preview":"max-video-preview:-1"},"canonical":"https:\/\/www.visit-ulcinj.com\/blog\/2016\/06\/12\/ulqinakja-ermelinda-gjekaj-ali-ne-gjurmet-e-babait-ne-skenen-muzikore\/","og_locale":"en_US","og_type":"article","og_title":"Ulqinakja Ermelinda Gjekaj - Ali n\u00eb gjurm\u00ebt e babait n\u00eb sken\u00ebn muzikore - Lajme nga Ulqini","og_description":"Ajo edhe vet \u00ebsht\u00eb k\u00ebng\u00ebtare, e cila me bukurin\u00eb dhe z\u00ebrin e \u00ebmb\u00ebl, sado q\u00eb jeton n\u00eb Shtetet e Bashkuara t\u00eb Amerik\u00ebs, ka arritur t\u00eb b\u00ebj\u00eb em\u00ebr n\u00eb","og_url":"https:\/\/www.visit-ulcinj.com\/blog\/2016\/06\/12\/ulqinakja-ermelinda-gjekaj-ali-ne-gjurmet-e-babait-ne-skenen-muzikore\/","og_site_name":"Lajme nga Ulqini","article_published_time":"2016-06-12T15:31:27+00:00","article_modified_time":"2016-06-12T20:43:21+00:00","og_image":[{"url":"http:\/\/www.visit-ulcinj.com\/blog\/wp-content\/uploads\/2016\/06\/Ermelinda-Gjekaj-Ali-Shaban-Gjekaj.jpg"}],"twitter_misc":{"Written by":"ulqini","Est. reading time":"1 minute"},"schema":{"@context":"https:\/\/schema.org","@graph":[{"@type":"WebSite","@id":"https:\/\/www.visit-ulcinj.com\/blog\/#website","url":"https:\/\/www.visit-ulcinj.com\/blog\/","name":"Lajme nga Ulqini","description":"Lajme,Vijesti,Ulqini,Ulqin,Crna Gora,Mali i Zi","potentialAction":[{"@type":"SearchAction","target":{"@type":"EntryPoint","urlTemplate":"https:\/\/www.visit-ulcinj.com\/blog\/?s={search_term_string}"},"query-input":"required name=search_term_string"}],"inLanguage":"en-US"},{"@type":"ImageObject","inLanguage":"en-US","@id":"https:\/\/www.visit-ulcinj.com\/blog\/2016\/06\/12\/ulqinakja-ermelinda-gjekaj-ali-ne-gjurmet-e-babait-ne-skenen-muzikore\/#primaryimage","url":"https:\/\/www.visit-ulcinj.com\/blog\/wp-content\/uploads\/2016\/06\/Ermelinda-Gjekaj-Ali-Shaban-Gjekaj.jpg","contentUrl":"https:\/\/www.visit-ulcinj.com\/blog\/wp-content\/uploads\/2016\/06\/Ermelinda-Gjekaj-Ali-Shaban-Gjekaj.jpg","width":720,"height":960},{"@type":"WebPage","@id":"https:\/\/www.visit-ulcinj.com\/blog\/2016\/06\/12\/ulqinakja-ermelinda-gjekaj-ali-ne-gjurmet-e-babait-ne-skenen-muzikore\/#webpage","url":"https:\/\/www.visit-ulcinj.com\/blog\/2016\/06\/12\/ulqinakja-ermelinda-gjekaj-ali-ne-gjurmet-e-babait-ne-skenen-muzikore\/","name":"Ulqinakja Ermelinda Gjekaj - Ali n\u00eb gjurm\u00ebt e babait n\u00eb sken\u00ebn muzikore - Lajme nga Ulqini","isPartOf":{"@id":"https:\/\/www.visit-ulcinj.com\/blog\/#website"},"primaryImageOfPage":{"@id":"https:\/\/www.visit-ulcinj.com\/blog\/2016\/06\/12\/ulqinakja-ermelinda-gjekaj-ali-ne-gjurmet-e-babait-ne-skenen-muzikore\/#primaryimage"},"datePublished":"2016-06-12T15:31:27+00:00","dateModified":"2016-06-12T20:43:21+00:00","author":{"@id":"https:\/\/www.visit-ulcinj.com\/blog\/#\/schema\/person\/dcab619c614d3038751c63bc2aadc06d"},"description":"Ajo edhe vet \u00ebsht\u00eb k\u00ebng\u00ebtare, e cila me bukurin\u00eb dhe z\u00ebrin e \u00ebmb\u00ebl, sado q\u00eb jeton n\u00eb Shtetet e Bashkuara t\u00eb Amerik\u00ebs, ka arritur t\u00eb b\u00ebj\u00eb em\u00ebr n\u00eb","breadcrumb":{"@id":"https:\/\/www.visit-ulcinj.com\/blog\/2016\/06\/12\/ulqinakja-ermelinda-gjekaj-ali-ne-gjurmet-e-babait-ne-skenen-muzikore\/#breadcrumb"},"inLanguage":"en-US","potentialAction":[{"@type":"ReadAction","target":["https:\/\/www.visit-ulcinj.com\/blog\/2016\/06\/12\/ulqinakja-ermelinda-gjekaj-ali-ne-gjurmet-e-babait-ne-skenen-muzikore\/"]}]},{"@type":"BreadcrumbList","@id":"https:\/\/www.visit-ulcinj.com\/blog\/2016\/06\/12\/ulqinakja-ermelinda-gjekaj-ali-ne-gjurmet-e-babait-ne-skenen-muzikore\/#breadcrumb","itemListElement":[{"@type":"ListItem","position":1,"name":"Ulqinakja Ermelinda Gjekaj &#8211; Ali n\u00eb gjurm\u00ebt e babait n\u00eb sken\u00ebn muzikore"}]},{"@type":"Person","@id":"https:\/\/www.visit-ulcinj.com\/blog\/#\/schema\/person\/dcab619c614d3038751c63bc2aadc06d","name":"ulqini","sameAs":["http:\/\/www.visit-ulcinj.com"],"url":"https:\/\/www.visit-ulcinj.com\/blog\/author\/admin\/"}]}},"jetpack_featured_media_url":"","jetpack_sharing_enabled":true,"jetpack_shortlink":"https:\/\/wp.me\/pe6lTn-pnb","_links":{"self":[{"href":"https:\/\/www.visit-ulcinj.com\/blog\/wp-json\/wp\/v2\/posts\/97537"}],"collection":[{"href":"https:\/\/www.visit-ulcinj.com\/blog\/wp-json\/wp\/v2\/posts"}],"about":[{"href":"https:\/\/www.visit-ulcinj.com\/blog\/wp-json\/wp\/v2\/types\/post"}],"author":[{"embeddable":true,"href":"https:\/\/www.visit-ulcinj.com\/blog\/wp-json\/wp\/v2\/users\/1"}],"replies":[{"embeddable":true,"href":"https:\/\/www.visit-ulcinj.com\/blog\/wp-json\/wp\/v2\/comments?post=97537"}],"version-history":[{"count":3,"href":"https:\/\/www.visit-ulcinj.com\/blog\/wp-json\/wp\/v2\/posts\/97537\/revisions"}],"predecessor-version":[{"id":97544,"href":"https:\/\/www.visit-ulcinj.com\/blog\/wp-json\/wp\/v2\/posts\/97537\/revisions\/97544"}],"wp:attachment":[{"href":"https:\/\/www.visit-ulcinj.com\/blog\/wp-json\/wp\/v2\/media?parent=97537"}],"wp:term":[{"taxonomy":"category","embeddable":true,"href":"https:\/\/www.visit-ulcinj.com\/blog\/wp-json\/wp\/v2\/categories?post=97537"},{"taxonomy":"post_tag","embeddable":true,"href":"https:\/\/www.visit-ulcinj.com\/blog\/wp-json\/wp\/v2\/tags?post=97537"}],"curies":[{"name":"wp","href":"https:\/\/api.w.org\/{rel}","templated":true}]}}