{"id":97551,"date":"2016-06-13T14:28:43","date_gmt":"2016-06-13T13:28:43","guid":{"rendered":"http:\/\/www.visit-ulcinj.com\/blog\/?p=97551"},"modified":"2016-06-13T14:28:43","modified_gmt":"2016-06-13T13:28:43","slug":"kryetari-cungu-ngushelloi-ambasadoren-e-shba-se-ujehara","status":"publish","type":"post","link":"https:\/\/www.visit-ulcinj.com\/blog\/2016\/06\/13\/kryetari-cungu-ngushelloi-ambasadoren-e-shba-se-ujehara\/","title":{"rendered":"Kryetari Cungu ngush\u00eblloi ambasadoren e SHBA-s\u00eb Ujehara"},"content":{"rendered":"<p><a href=\"http:\/\/www.visit-ulcinj.com\/blog\/wp-content\/uploads\/2016\/06\/Margaret-Ujehara-Nazif-Cungu.jpg\"><img loading=\"lazy\" class=\"alignleft wp-image-97552\" src=\"http:\/\/www.visit-ulcinj.com\/blog\/wp-content\/uploads\/2016\/06\/Margaret-Ujehara-Nazif-Cungu.jpg\" alt=\"Margaret-Ujehara-Nazif-Cungu\" width=\"508\" height=\"336\" srcset=\"https:\/\/www.visit-ulcinj.com\/blog\/wp-content\/uploads\/2016\/06\/Margaret-Ujehara-Nazif-Cungu.jpg 960w, https:\/\/www.visit-ulcinj.com\/blog\/wp-content\/uploads\/2016\/06\/Margaret-Ujehara-Nazif-Cungu-300x198.jpg 300w, https:\/\/www.visit-ulcinj.com\/blog\/wp-content\/uploads\/2016\/06\/Margaret-Ujehara-Nazif-Cungu-768x508.jpg 768w\" sizes=\"(max-width: 508px) 100vw, 508px\" \/><\/a>Kryetari I komun\u00ebs s\u00eb Ulqinit Nazif Cungu I ka d\u00ebrguar telegram ngush\u00ebllimi Ambasadores\u00a0\u00a0 s\u00eb\u00a0 SHBA-s\u00eb n\u00eb Podgoric\u00eb Shk\u00eblqesis\u00eb\u00a0 s\u00eb saj\u00a0 Margaret Ujehara.<\/p>\n<p><strong>N\u00eb telegram nd\u00ebr\u00a0 t\u00eb tjera thuhet<\/strong><\/p>\n<p>Me lejoni tju shpreh\u00a0 ngush\u00ebllimet\u00a0 e sinqerta t\u00eb qytetar\u00ebve t\u00eb Ulqinit dhe t\u00eb mijat personale\u00a0 p\u00ebr ngjarjen tragjike t\u00eb shkaktuar nga\u00a0 akti barbar n\u00eb\u00a0 klubin e nat\u00ebs n\u00eb Orlando si pasoj\u00eb e t\u00eb cil\u00ebs humb\u00ebn jet\u00ebn njer\u00ebz t\u00eb pafajsh\u00ebm.<\/p>\n<p>Ne, ju shprehim ngush\u00ebllimet tona\u00a0 t\u00eb sinqerta , dhe n\u00eb k\u00ebto momente jemi\u00a0 pran\u00eb familjeve t\u00eb viktimave , dhe atyre q\u00eb u plagos\u00ebn duke u lutur p\u00ebr sh\u00ebrimin e tyre t\u00eb shpejt\u00eb.<\/p>\n<p>Sinqerisht I Juaji<\/p>\n<p>Kryetari I Ulqinit<\/p>\n<p><strong>Nazif Cungu\u00a0<\/strong><\/p>\n","protected":false},"excerpt":{"rendered":"<p>Kryetari I komun\u00ebs s\u00eb Ulqinit Nazif Cungu I ka d\u00ebrguar telegram ngush\u00ebllimi Ambasadores\u00a0\u00a0 s\u00eb\u00a0 SHBA-s\u00eb n\u00eb Podgoric\u00eb Shk\u00eblqesis\u00eb\u00a0 s\u00eb saj\u00a0 Margaret Ujehara. N\u00eb telegram nd\u00ebr\u00a0 t\u00eb tjera thuhet Me lejoni tju shpreh\u00a0 ngush\u00ebllimet\u00a0 e sinqerta t\u00eb qytetar\u00ebve t\u00eb Ulqinit dhe t\u00eb mijat personale\u00a0 p\u00ebr ngjarjen tragjike t\u00eb shkaktuar nga\u00a0 akti barbar n\u00eb\u00a0 klubin e nat\u00ebs [&hellip;]<\/p>\n","protected":false},"author":1,"featured_media":0,"comment_status":"closed","ping_status":"closed","sticky":false,"template":"","format":"standard","meta":{"spay_email":"","jetpack_publicize_message":"","jetpack_is_tweetstorm":false,"jetpack_publicize_feature_enabled":true},"categories":[14],"tags":[],"jetpack_publicize_connections":[],"yoast_head":"<!-- This site is optimized with the Yoast SEO plugin v19.1 - https:\/\/yoast.com\/wordpress\/plugins\/seo\/ -->\n<title>Kryetari Cungu ngush\u00eblloi ambasadoren e SHBA-s\u00eb Ujehara - Lajme nga Ulqini<\/title>\n<meta name=\"description\" content=\"Kryetari I komun\u00ebs s\u00eb Ulqinit Nazif Cungu I ka d\u00ebrguar telegram ngush\u00ebllimi Ambasadores\u00a0\u00a0 s\u00eb\u00a0 SHBA-s\u00eb n\u00eb Podgoric\u00eb Shk\u00eblqesis\u00eb\u00a0 s\u00eb saj\u00a0 Margaret Ujehara.\" \/>\n<meta name=\"robots\" content=\"index, follow, max-snippet:-1, max-image-preview:large, max-video-preview:-1\" \/>\n<link rel=\"canonical\" href=\"https:\/\/www.visit-ulcinj.com\/blog\/2016\/06\/13\/kryetari-cungu-ngushelloi-ambasadoren-e-shba-se-ujehara\/\" \/>\n<meta property=\"og:locale\" content=\"en_US\" \/>\n<meta property=\"og:type\" content=\"article\" \/>\n<meta property=\"og:title\" content=\"Kryetari Cungu ngush\u00eblloi ambasadoren e SHBA-s\u00eb Ujehara - Lajme nga Ulqini\" \/>\n<meta property=\"og:description\" content=\"Kryetari I komun\u00ebs s\u00eb Ulqinit Nazif Cungu I ka d\u00ebrguar telegram ngush\u00ebllimi Ambasadores\u00a0\u00a0 s\u00eb\u00a0 SHBA-s\u00eb n\u00eb Podgoric\u00eb Shk\u00eblqesis\u00eb\u00a0 s\u00eb saj\u00a0 Margaret Ujehara.\" \/>\n<meta property=\"og:url\" content=\"https:\/\/www.visit-ulcinj.com\/blog\/2016\/06\/13\/kryetari-cungu-ngushelloi-ambasadoren-e-shba-se-ujehara\/\" \/>\n<meta property=\"og:site_name\" content=\"Lajme nga Ulqini\" \/>\n<meta property=\"article:published_time\" content=\"2016-06-13T13:28:43+00:00\" \/>\n<meta property=\"og:image\" content=\"http:\/\/www.visit-ulcinj.com\/blog\/wp-content\/uploads\/2016\/06\/Margaret-Ujehara-Nazif-Cungu.jpg\" \/>\n<meta name=\"twitter:label1\" content=\"Written by\" \/>\n\t<meta name=\"twitter:data1\" content=\"ulqini\" \/>\n\t<meta name=\"twitter:label2\" content=\"Est. reading time\" \/>\n\t<meta name=\"twitter:data2\" content=\"1 minute\" \/>\n<script type=\"application\/ld+json\" class=\"yoast-schema-graph\">{\"@context\":\"https:\/\/schema.org\",\"@graph\":[{\"@type\":\"WebSite\",\"@id\":\"https:\/\/www.visit-ulcinj.com\/blog\/#website\",\"url\":\"https:\/\/www.visit-ulcinj.com\/blog\/\",\"name\":\"Lajme nga Ulqini\",\"description\":\"Lajme,Vijesti,Ulqini,Ulqin,Crna Gora,Mali i Zi\",\"potentialAction\":[{\"@type\":\"SearchAction\",\"target\":{\"@type\":\"EntryPoint\",\"urlTemplate\":\"https:\/\/www.visit-ulcinj.com\/blog\/?s={search_term_string}\"},\"query-input\":\"required name=search_term_string\"}],\"inLanguage\":\"en-US\"},{\"@type\":\"ImageObject\",\"inLanguage\":\"en-US\",\"@id\":\"https:\/\/www.visit-ulcinj.com\/blog\/2016\/06\/13\/kryetari-cungu-ngushelloi-ambasadoren-e-shba-se-ujehara\/#primaryimage\",\"url\":\"https:\/\/www.visit-ulcinj.com\/blog\/wp-content\/uploads\/2016\/06\/Margaret-Ujehara-Nazif-Cungu.jpg\",\"contentUrl\":\"https:\/\/www.visit-ulcinj.com\/blog\/wp-content\/uploads\/2016\/06\/Margaret-Ujehara-Nazif-Cungu.jpg\",\"width\":960,\"height\":635},{\"@type\":\"WebPage\",\"@id\":\"https:\/\/www.visit-ulcinj.com\/blog\/2016\/06\/13\/kryetari-cungu-ngushelloi-ambasadoren-e-shba-se-ujehara\/#webpage\",\"url\":\"https:\/\/www.visit-ulcinj.com\/blog\/2016\/06\/13\/kryetari-cungu-ngushelloi-ambasadoren-e-shba-se-ujehara\/\",\"name\":\"Kryetari Cungu ngush\u00eblloi ambasadoren e SHBA-s\u00eb Ujehara - Lajme nga Ulqini\",\"isPartOf\":{\"@id\":\"https:\/\/www.visit-ulcinj.com\/blog\/#website\"},\"primaryImageOfPage\":{\"@id\":\"https:\/\/www.visit-ulcinj.com\/blog\/2016\/06\/13\/kryetari-cungu-ngushelloi-ambasadoren-e-shba-se-ujehara\/#primaryimage\"},\"datePublished\":\"2016-06-13T13:28:43+00:00\",\"dateModified\":\"2016-06-13T13:28:43+00:00\",\"author\":{\"@id\":\"https:\/\/www.visit-ulcinj.com\/blog\/#\/schema\/person\/dcab619c614d3038751c63bc2aadc06d\"},\"description\":\"Kryetari I komun\u00ebs s\u00eb Ulqinit Nazif Cungu I ka d\u00ebrguar telegram ngush\u00ebllimi Ambasadores\u00a0\u00a0 s\u00eb\u00a0 SHBA-s\u00eb n\u00eb Podgoric\u00eb Shk\u00eblqesis\u00eb\u00a0 s\u00eb saj\u00a0 Margaret Ujehara.\",\"breadcrumb\":{\"@id\":\"https:\/\/www.visit-ulcinj.com\/blog\/2016\/06\/13\/kryetari-cungu-ngushelloi-ambasadoren-e-shba-se-ujehara\/#breadcrumb\"},\"inLanguage\":\"en-US\",\"potentialAction\":[{\"@type\":\"ReadAction\",\"target\":[\"https:\/\/www.visit-ulcinj.com\/blog\/2016\/06\/13\/kryetari-cungu-ngushelloi-ambasadoren-e-shba-se-ujehara\/\"]}]},{\"@type\":\"BreadcrumbList\",\"@id\":\"https:\/\/www.visit-ulcinj.com\/blog\/2016\/06\/13\/kryetari-cungu-ngushelloi-ambasadoren-e-shba-se-ujehara\/#breadcrumb\",\"itemListElement\":[{\"@type\":\"ListItem\",\"position\":1,\"name\":\"Kryetari Cungu ngush\u00eblloi ambasadoren e SHBA-s\u00eb Ujehara\"}]},{\"@type\":\"Person\",\"@id\":\"https:\/\/www.visit-ulcinj.com\/blog\/#\/schema\/person\/dcab619c614d3038751c63bc2aadc06d\",\"name\":\"ulqini\",\"sameAs\":[\"http:\/\/www.visit-ulcinj.com\"],\"url\":\"https:\/\/www.visit-ulcinj.com\/blog\/author\/admin\/\"}]}<\/script>\n<!-- \/ Yoast SEO plugin. -->","yoast_head_json":{"title":"Kryetari Cungu ngush\u00eblloi ambasadoren e SHBA-s\u00eb Ujehara - Lajme nga Ulqini","description":"Kryetari I komun\u00ebs s\u00eb Ulqinit Nazif Cungu I ka d\u00ebrguar telegram ngush\u00ebllimi Ambasadores\u00a0\u00a0 s\u00eb\u00a0 SHBA-s\u00eb n\u00eb Podgoric\u00eb Shk\u00eblqesis\u00eb\u00a0 s\u00eb saj\u00a0 Margaret Ujehara.","robots":{"index":"index","follow":"follow","max-snippet":"max-snippet:-1","max-image-preview":"max-image-preview:large","max-video-preview":"max-video-preview:-1"},"canonical":"https:\/\/www.visit-ulcinj.com\/blog\/2016\/06\/13\/kryetari-cungu-ngushelloi-ambasadoren-e-shba-se-ujehara\/","og_locale":"en_US","og_type":"article","og_title":"Kryetari Cungu ngush\u00eblloi ambasadoren e SHBA-s\u00eb Ujehara - Lajme nga Ulqini","og_description":"Kryetari I komun\u00ebs s\u00eb Ulqinit Nazif Cungu I ka d\u00ebrguar telegram ngush\u00ebllimi Ambasadores\u00a0\u00a0 s\u00eb\u00a0 SHBA-s\u00eb n\u00eb Podgoric\u00eb Shk\u00eblqesis\u00eb\u00a0 s\u00eb saj\u00a0 Margaret Ujehara.","og_url":"https:\/\/www.visit-ulcinj.com\/blog\/2016\/06\/13\/kryetari-cungu-ngushelloi-ambasadoren-e-shba-se-ujehara\/","og_site_name":"Lajme nga Ulqini","article_published_time":"2016-06-13T13:28:43+00:00","og_image":[{"url":"http:\/\/www.visit-ulcinj.com\/blog\/wp-content\/uploads\/2016\/06\/Margaret-Ujehara-Nazif-Cungu.jpg"}],"twitter_misc":{"Written by":"ulqini","Est. reading time":"1 minute"},"schema":{"@context":"https:\/\/schema.org","@graph":[{"@type":"WebSite","@id":"https:\/\/www.visit-ulcinj.com\/blog\/#website","url":"https:\/\/www.visit-ulcinj.com\/blog\/","name":"Lajme nga Ulqini","description":"Lajme,Vijesti,Ulqini,Ulqin,Crna Gora,Mali i Zi","potentialAction":[{"@type":"SearchAction","target":{"@type":"EntryPoint","urlTemplate":"https:\/\/www.visit-ulcinj.com\/blog\/?s={search_term_string}"},"query-input":"required name=search_term_string"}],"inLanguage":"en-US"},{"@type":"ImageObject","inLanguage":"en-US","@id":"https:\/\/www.visit-ulcinj.com\/blog\/2016\/06\/13\/kryetari-cungu-ngushelloi-ambasadoren-e-shba-se-ujehara\/#primaryimage","url":"https:\/\/www.visit-ulcinj.com\/blog\/wp-content\/uploads\/2016\/06\/Margaret-Ujehara-Nazif-Cungu.jpg","contentUrl":"https:\/\/www.visit-ulcinj.com\/blog\/wp-content\/uploads\/2016\/06\/Margaret-Ujehara-Nazif-Cungu.jpg","width":960,"height":635},{"@type":"WebPage","@id":"https:\/\/www.visit-ulcinj.com\/blog\/2016\/06\/13\/kryetari-cungu-ngushelloi-ambasadoren-e-shba-se-ujehara\/#webpage","url":"https:\/\/www.visit-ulcinj.com\/blog\/2016\/06\/13\/kryetari-cungu-ngushelloi-ambasadoren-e-shba-se-ujehara\/","name":"Kryetari Cungu ngush\u00eblloi ambasadoren e SHBA-s\u00eb Ujehara - Lajme nga Ulqini","isPartOf":{"@id":"https:\/\/www.visit-ulcinj.com\/blog\/#website"},"primaryImageOfPage":{"@id":"https:\/\/www.visit-ulcinj.com\/blog\/2016\/06\/13\/kryetari-cungu-ngushelloi-ambasadoren-e-shba-se-ujehara\/#primaryimage"},"datePublished":"2016-06-13T13:28:43+00:00","dateModified":"2016-06-13T13:28:43+00:00","author":{"@id":"https:\/\/www.visit-ulcinj.com\/blog\/#\/schema\/person\/dcab619c614d3038751c63bc2aadc06d"},"description":"Kryetari I komun\u00ebs s\u00eb Ulqinit Nazif Cungu I ka d\u00ebrguar telegram ngush\u00ebllimi Ambasadores\u00a0\u00a0 s\u00eb\u00a0 SHBA-s\u00eb n\u00eb Podgoric\u00eb Shk\u00eblqesis\u00eb\u00a0 s\u00eb saj\u00a0 Margaret Ujehara.","breadcrumb":{"@id":"https:\/\/www.visit-ulcinj.com\/blog\/2016\/06\/13\/kryetari-cungu-ngushelloi-ambasadoren-e-shba-se-ujehara\/#breadcrumb"},"inLanguage":"en-US","potentialAction":[{"@type":"ReadAction","target":["https:\/\/www.visit-ulcinj.com\/blog\/2016\/06\/13\/kryetari-cungu-ngushelloi-ambasadoren-e-shba-se-ujehara\/"]}]},{"@type":"BreadcrumbList","@id":"https:\/\/www.visit-ulcinj.com\/blog\/2016\/06\/13\/kryetari-cungu-ngushelloi-ambasadoren-e-shba-se-ujehara\/#breadcrumb","itemListElement":[{"@type":"ListItem","position":1,"name":"Kryetari Cungu ngush\u00eblloi ambasadoren e SHBA-s\u00eb Ujehara"}]},{"@type":"Person","@id":"https:\/\/www.visit-ulcinj.com\/blog\/#\/schema\/person\/dcab619c614d3038751c63bc2aadc06d","name":"ulqini","sameAs":["http:\/\/www.visit-ulcinj.com"],"url":"https:\/\/www.visit-ulcinj.com\/blog\/author\/admin\/"}]}},"jetpack_featured_media_url":"","jetpack_sharing_enabled":true,"jetpack_shortlink":"https:\/\/wp.me\/pe6lTn-pnp","_links":{"self":[{"href":"https:\/\/www.visit-ulcinj.com\/blog\/wp-json\/wp\/v2\/posts\/97551"}],"collection":[{"href":"https:\/\/www.visit-ulcinj.com\/blog\/wp-json\/wp\/v2\/posts"}],"about":[{"href":"https:\/\/www.visit-ulcinj.com\/blog\/wp-json\/wp\/v2\/types\/post"}],"author":[{"embeddable":true,"href":"https:\/\/www.visit-ulcinj.com\/blog\/wp-json\/wp\/v2\/users\/1"}],"replies":[{"embeddable":true,"href":"https:\/\/www.visit-ulcinj.com\/blog\/wp-json\/wp\/v2\/comments?post=97551"}],"version-history":[{"count":1,"href":"https:\/\/www.visit-ulcinj.com\/blog\/wp-json\/wp\/v2\/posts\/97551\/revisions"}],"predecessor-version":[{"id":97553,"href":"https:\/\/www.visit-ulcinj.com\/blog\/wp-json\/wp\/v2\/posts\/97551\/revisions\/97553"}],"wp:attachment":[{"href":"https:\/\/www.visit-ulcinj.com\/blog\/wp-json\/wp\/v2\/media?parent=97551"}],"wp:term":[{"taxonomy":"category","embeddable":true,"href":"https:\/\/www.visit-ulcinj.com\/blog\/wp-json\/wp\/v2\/categories?post=97551"},{"taxonomy":"post_tag","embeddable":true,"href":"https:\/\/www.visit-ulcinj.com\/blog\/wp-json\/wp\/v2\/tags?post=97551"}],"curies":[{"name":"wp","href":"https:\/\/api.w.org\/{rel}","templated":true}]}}