{"id":97554,"date":"2016-06-13T14:39:10","date_gmt":"2016-06-13T13:39:10","guid":{"rendered":"http:\/\/www.visit-ulcinj.com\/blog\/?p=97554"},"modified":"2016-06-13T14:39:10","modified_gmt":"2016-06-13T13:39:10","slug":"xhamia-e-klleznes-fat-dhe-begati-viti-ri-hixhri-1437-2","status":"publish","type":"post","link":"https:\/\/www.visit-ulcinj.com\/blog\/2016\/06\/13\/xhamia-e-klleznes-fat-dhe-begati-viti-ri-hixhri-1437-2\/","title":{"rendered":"Xhamia e Kllezn\u00ebs: Me fat dhe begati Viti i ri \u201cHixhri 1437\u201d"},"content":{"rendered":"<div class=\"entry\">\n<div class=\"entry\">\n<p><a href=\"http:\/\/www.visit-ulcinj.com\/blog\/wp-content\/uploads\/2016\/06\/Me-fat-dhe-begati-Viti-i-ri-Hixhri-1437.jpg\"><img loading=\"lazy\" class=\"alignleft wp-image-97555\" src=\"http:\/\/www.visit-ulcinj.com\/blog\/wp-content\/uploads\/2016\/06\/Me-fat-dhe-begati-Viti-i-ri-Hixhri-1437.jpg\" alt=\"Me fat dhe begati Viti i ri -Hixhri 1437\" width=\"508\" height=\"254\" \/><\/a>Xhamia e Kllezn\u00ebs informon t\u00eb gjith\u00eb besimtar\u00ebt e fes\u00eb Islame se sipas Kalendarit Islam, Viti i Ri, Hixhri 1437 \u00ebsht\u00eb m\u00eb 14.10.2015 (dita e par\u00eb, e m\u00ebrkure). Pra sonte, e mart\u00eb, m\u00eb 13 tetor 2015, me per\u00ebndimin e diellit n\u00eb ora 18:10, sipas kalendarit h\u00ebnor fillon viti 1437 hixhri.<\/p>\n<p>Fjala arabe \u201cHixhri\u201d n\u00ebnkupton shp\u00ebrnguljen e Profetit Muhamed a.s. dhe pasuesve t\u00eb tij nga Meka n\u00eb Medin\u00eb n\u00eb vitin 622.<\/p>\n<p>Shp\u00ebrngulja, hixhreti, i Profetit Muhamed a.s. dhe musliman\u00ebve t\u00eb par\u00eb nga Meka n\u00eb Medin\u00eb, \u00ebsht\u00eb pik\u00eb fillimi i llogaritjes s\u00eb koh\u00ebs s\u00eb kalendarit musliman. Gjegj\u00ebsisht braktisjen e gjendjes s\u00eb shtypjes dhe padrejt\u00ebsis\u00eb dhe kalimin n\u00eb gjendjen e liris\u00eb dhe drejt\u00ebsis\u00eb. K\u00ebt\u00eb ngjarje historike musliman\u00ebt e mor\u00ebn p\u00ebr fillimin e epok\u00ebs s\u00eb tyre.<\/p>\n<p>Viti hixhri zgjat rreth 354 dit\u00eb, dhe p\u00ebrb\u00ebhet prej 12 muajve. Nj\u00ebmb\u00ebdhjet\u00eb dit\u00eb \u00ebsht\u00eb m\u00eb i shkurt\u00eb se kalendari diellor. Kjo ndikon q\u00eb dita e vitit t\u00eb ri hixhri t\u00eb ndryshon \u00e7do vit.<\/p>\n<p>Muaji i par\u00eb sipas kalendarit Hixhri \u00ebsht\u00eb muharem p\u00ebr mysliman\u00ebt muaji i shenjt\u00eb, n\u00eb t\u00eb cilin \u00ebsht\u00eb e ndaluar derdhja e gjakut t\u00eb njer\u00ebzve dhe n\u00eb t\u00eb cilin \u00ebsht\u00eb urdh\u00ebruar respektimi i jet\u00ebs s\u00eb njer\u00ebzve, nderit dhe dinjitetit.<\/p>\n<p><strong>Me rastin e Viti t\u00eb Ri, Hixhri 1437<\/strong>, Imami i xhamis\u00eb, K\u00ebshilli si dhe Forumi Rinor i xhamis\u00eb s\u00eb Kllezn\u00ebs i p\u00ebrg\u00ebzon t\u00eb gjith\u00eb musliman\u00ebt n\u00eb vendlindje, dhe gjith\u00eb shoq\u00ebrin\u00eb islame me d\u00ebshir\u00eb q\u00eb ky vit dhe t\u00eb tjer\u00ebt n\u00eb vijim t\u00eb jen\u00eb t\u00eb konkretizuar me suksese t\u00eb shumta, t\u00eb jen\u00eb t\u00eb paharruar pozitivisht n\u00eb kujtesat e Juaja, t\u2019ju ndjek fati i mir\u00eb, t\u00eb keni sh\u00ebndet, mbar\u00ebsi e bereqet n\u00eb familje dhe t\u00eb sillemi me plot\u00eb p\u00ebrkushtim ndaj porosive t\u00eb All-llahut xh.sh. prej t\u00eb cilit k\u00ebrkojm\u00eb q\u00eb t\u2019na bekoj\u00eb.<\/p>\n<p>\u201cLusim Allahun e Madh\u00ebrish\u00ebm t\u00eb na dhuroi dijen, urt\u00ebsin\u00eb dhe guximin t\u00eb p\u00ebrballemi me t\u00eb gjitha sfidat dhe tundimet dhe t\u00eb na dhuroi ardhm\u00ebri m\u00eb t\u00eb mir\u00eb dhe m\u00eb t\u00eb ndritur.<\/p>\n<p>Me fat dhe begati Viti i ri \u201cHixhri 1437\u201d<\/p>\n<p>Me respekt.<\/p>\n<p>Xhamia e Kllezn\u00ebs<\/p>\n<\/div>\n<\/div>\n","protected":false},"excerpt":{"rendered":"<p>Xhamia e Kllezn\u00ebs informon t\u00eb gjith\u00eb besimtar\u00ebt e fes\u00eb Islame se sipas Kalendarit Islam, Viti i Ri, Hixhri 1437 \u00ebsht\u00eb m\u00eb 14.10.2015 (dita e par\u00eb, e m\u00ebrkure). Pra sonte, e mart\u00eb, m\u00eb 13 tetor 2015, me per\u00ebndimin e diellit n\u00eb ora 18:10, sipas kalendarit h\u00ebnor fillon viti 1437 hixhri. Fjala arabe \u201cHixhri\u201d n\u00ebnkupton shp\u00ebrnguljen e [&hellip;]<\/p>\n","protected":false},"author":1,"featured_media":0,"comment_status":"closed","ping_status":"closed","sticky":false,"template":"","format":"standard","meta":{"spay_email":"","jetpack_publicize_message":"","jetpack_is_tweetstorm":false,"jetpack_publicize_feature_enabled":true},"categories":[7],"tags":[],"jetpack_publicize_connections":[],"yoast_head":"<!-- This site is optimized with the Yoast SEO plugin v19.1 - https:\/\/yoast.com\/wordpress\/plugins\/seo\/ -->\n<title>Xhamia e Kllezn\u00ebs: Me fat dhe begati Viti i ri \u201cHixhri 1437\u201d - Lajme nga Ulqini<\/title>\n<meta name=\"description\" content=\"Xhamia e Kllezn\u00ebs informon t\u00eb gjith\u00eb besimtar\u00ebt e fes\u00eb Islame se sipas Kalendarit Islam, Viti i Ri, Hixhri 1437 \u00ebsht\u00eb m\u00eb 14.10.2015 (dita e par\u00eb, e\" \/>\n<meta name=\"robots\" content=\"index, follow, max-snippet:-1, max-image-preview:large, max-video-preview:-1\" \/>\n<link rel=\"canonical\" href=\"https:\/\/www.visit-ulcinj.com\/blog\/2016\/06\/13\/xhamia-e-klleznes-fat-dhe-begati-viti-ri-hixhri-1437-2\/\" \/>\n<meta property=\"og:locale\" content=\"en_US\" \/>\n<meta property=\"og:type\" content=\"article\" \/>\n<meta property=\"og:title\" content=\"Xhamia e Kllezn\u00ebs: Me fat dhe begati Viti i ri \u201cHixhri 1437\u201d - Lajme nga Ulqini\" \/>\n<meta property=\"og:description\" content=\"Xhamia e Kllezn\u00ebs informon t\u00eb gjith\u00eb besimtar\u00ebt e fes\u00eb Islame se sipas Kalendarit Islam, Viti i Ri, Hixhri 1437 \u00ebsht\u00eb m\u00eb 14.10.2015 (dita e par\u00eb, e\" \/>\n<meta property=\"og:url\" content=\"https:\/\/www.visit-ulcinj.com\/blog\/2016\/06\/13\/xhamia-e-klleznes-fat-dhe-begati-viti-ri-hixhri-1437-2\/\" \/>\n<meta property=\"og:site_name\" content=\"Lajme nga Ulqini\" \/>\n<meta property=\"article:published_time\" content=\"2016-06-13T13:39:10+00:00\" \/>\n<meta property=\"og:image\" content=\"http:\/\/www.visit-ulcinj.com\/blog\/wp-content\/uploads\/2016\/06\/Me-fat-dhe-begati-Viti-i-ri-Hixhri-1437.jpg\" \/>\n<meta name=\"twitter:label1\" content=\"Written by\" \/>\n\t<meta name=\"twitter:data1\" content=\"ulqini\" \/>\n\t<meta name=\"twitter:label2\" content=\"Est. reading time\" \/>\n\t<meta name=\"twitter:data2\" content=\"2 minutes\" \/>\n<script type=\"application\/ld+json\" class=\"yoast-schema-graph\">{\"@context\":\"https:\/\/schema.org\",\"@graph\":[{\"@type\":\"WebSite\",\"@id\":\"https:\/\/www.visit-ulcinj.com\/blog\/#website\",\"url\":\"https:\/\/www.visit-ulcinj.com\/blog\/\",\"name\":\"Lajme nga Ulqini\",\"description\":\"Lajme,Vijesti,Ulqini,Ulqin,Crna Gora,Mali i Zi\",\"potentialAction\":[{\"@type\":\"SearchAction\",\"target\":{\"@type\":\"EntryPoint\",\"urlTemplate\":\"https:\/\/www.visit-ulcinj.com\/blog\/?s={search_term_string}\"},\"query-input\":\"required name=search_term_string\"}],\"inLanguage\":\"en-US\"},{\"@type\":\"ImageObject\",\"inLanguage\":\"en-US\",\"@id\":\"https:\/\/www.visit-ulcinj.com\/blog\/2016\/06\/13\/xhamia-e-klleznes-fat-dhe-begati-viti-ri-hixhri-1437-2\/#primaryimage\",\"url\":\"http:\/\/www.visit-ulcinj.com\/blog\/wp-content\/uploads\/2016\/06\/Me-fat-dhe-begati-Viti-i-ri-Hixhri-1437.jpg\",\"contentUrl\":\"http:\/\/www.visit-ulcinj.com\/blog\/wp-content\/uploads\/2016\/06\/Me-fat-dhe-begati-Viti-i-ri-Hixhri-1437.jpg\"},{\"@type\":\"WebPage\",\"@id\":\"https:\/\/www.visit-ulcinj.com\/blog\/2016\/06\/13\/xhamia-e-klleznes-fat-dhe-begati-viti-ri-hixhri-1437-2\/#webpage\",\"url\":\"https:\/\/www.visit-ulcinj.com\/blog\/2016\/06\/13\/xhamia-e-klleznes-fat-dhe-begati-viti-ri-hixhri-1437-2\/\",\"name\":\"Xhamia e Kllezn\u00ebs: Me fat dhe begati Viti i ri \u201cHixhri 1437\u201d - Lajme nga Ulqini\",\"isPartOf\":{\"@id\":\"https:\/\/www.visit-ulcinj.com\/blog\/#website\"},\"primaryImageOfPage\":{\"@id\":\"https:\/\/www.visit-ulcinj.com\/blog\/2016\/06\/13\/xhamia-e-klleznes-fat-dhe-begati-viti-ri-hixhri-1437-2\/#primaryimage\"},\"datePublished\":\"2016-06-13T13:39:10+00:00\",\"dateModified\":\"2016-06-13T13:39:10+00:00\",\"author\":{\"@id\":\"https:\/\/www.visit-ulcinj.com\/blog\/#\/schema\/person\/dcab619c614d3038751c63bc2aadc06d\"},\"description\":\"Xhamia e Kllezn\u00ebs informon t\u00eb gjith\u00eb besimtar\u00ebt e fes\u00eb Islame se sipas Kalendarit Islam, Viti i Ri, Hixhri 1437 \u00ebsht\u00eb m\u00eb 14.10.2015 (dita e par\u00eb, e\",\"breadcrumb\":{\"@id\":\"https:\/\/www.visit-ulcinj.com\/blog\/2016\/06\/13\/xhamia-e-klleznes-fat-dhe-begati-viti-ri-hixhri-1437-2\/#breadcrumb\"},\"inLanguage\":\"en-US\",\"potentialAction\":[{\"@type\":\"ReadAction\",\"target\":[\"https:\/\/www.visit-ulcinj.com\/blog\/2016\/06\/13\/xhamia-e-klleznes-fat-dhe-begati-viti-ri-hixhri-1437-2\/\"]}]},{\"@type\":\"BreadcrumbList\",\"@id\":\"https:\/\/www.visit-ulcinj.com\/blog\/2016\/06\/13\/xhamia-e-klleznes-fat-dhe-begati-viti-ri-hixhri-1437-2\/#breadcrumb\",\"itemListElement\":[{\"@type\":\"ListItem\",\"position\":1,\"name\":\"Xhamia e Kllezn\u00ebs: Me fat dhe begati Viti i ri \u201cHixhri 1437\u201d\"}]},{\"@type\":\"Person\",\"@id\":\"https:\/\/www.visit-ulcinj.com\/blog\/#\/schema\/person\/dcab619c614d3038751c63bc2aadc06d\",\"name\":\"ulqini\",\"sameAs\":[\"http:\/\/www.visit-ulcinj.com\"],\"url\":\"https:\/\/www.visit-ulcinj.com\/blog\/author\/admin\/\"}]}<\/script>\n<!-- \/ Yoast SEO plugin. -->","yoast_head_json":{"title":"Xhamia e Kllezn\u00ebs: Me fat dhe begati Viti i ri \u201cHixhri 1437\u201d - Lajme nga Ulqini","description":"Xhamia e Kllezn\u00ebs informon t\u00eb gjith\u00eb besimtar\u00ebt e fes\u00eb Islame se sipas Kalendarit Islam, Viti i Ri, Hixhri 1437 \u00ebsht\u00eb m\u00eb 14.10.2015 (dita e par\u00eb, e","robots":{"index":"index","follow":"follow","max-snippet":"max-snippet:-1","max-image-preview":"max-image-preview:large","max-video-preview":"max-video-preview:-1"},"canonical":"https:\/\/www.visit-ulcinj.com\/blog\/2016\/06\/13\/xhamia-e-klleznes-fat-dhe-begati-viti-ri-hixhri-1437-2\/","og_locale":"en_US","og_type":"article","og_title":"Xhamia e Kllezn\u00ebs: Me fat dhe begati Viti i ri \u201cHixhri 1437\u201d - Lajme nga Ulqini","og_description":"Xhamia e Kllezn\u00ebs informon t\u00eb gjith\u00eb besimtar\u00ebt e fes\u00eb Islame se sipas Kalendarit Islam, Viti i Ri, Hixhri 1437 \u00ebsht\u00eb m\u00eb 14.10.2015 (dita e par\u00eb, e","og_url":"https:\/\/www.visit-ulcinj.com\/blog\/2016\/06\/13\/xhamia-e-klleznes-fat-dhe-begati-viti-ri-hixhri-1437-2\/","og_site_name":"Lajme nga Ulqini","article_published_time":"2016-06-13T13:39:10+00:00","og_image":[{"url":"http:\/\/www.visit-ulcinj.com\/blog\/wp-content\/uploads\/2016\/06\/Me-fat-dhe-begati-Viti-i-ri-Hixhri-1437.jpg"}],"twitter_misc":{"Written by":"ulqini","Est. reading time":"2 minutes"},"schema":{"@context":"https:\/\/schema.org","@graph":[{"@type":"WebSite","@id":"https:\/\/www.visit-ulcinj.com\/blog\/#website","url":"https:\/\/www.visit-ulcinj.com\/blog\/","name":"Lajme nga Ulqini","description":"Lajme,Vijesti,Ulqini,Ulqin,Crna Gora,Mali i Zi","potentialAction":[{"@type":"SearchAction","target":{"@type":"EntryPoint","urlTemplate":"https:\/\/www.visit-ulcinj.com\/blog\/?s={search_term_string}"},"query-input":"required name=search_term_string"}],"inLanguage":"en-US"},{"@type":"ImageObject","inLanguage":"en-US","@id":"https:\/\/www.visit-ulcinj.com\/blog\/2016\/06\/13\/xhamia-e-klleznes-fat-dhe-begati-viti-ri-hixhri-1437-2\/#primaryimage","url":"http:\/\/www.visit-ulcinj.com\/blog\/wp-content\/uploads\/2016\/06\/Me-fat-dhe-begati-Viti-i-ri-Hixhri-1437.jpg","contentUrl":"http:\/\/www.visit-ulcinj.com\/blog\/wp-content\/uploads\/2016\/06\/Me-fat-dhe-begati-Viti-i-ri-Hixhri-1437.jpg"},{"@type":"WebPage","@id":"https:\/\/www.visit-ulcinj.com\/blog\/2016\/06\/13\/xhamia-e-klleznes-fat-dhe-begati-viti-ri-hixhri-1437-2\/#webpage","url":"https:\/\/www.visit-ulcinj.com\/blog\/2016\/06\/13\/xhamia-e-klleznes-fat-dhe-begati-viti-ri-hixhri-1437-2\/","name":"Xhamia e Kllezn\u00ebs: Me fat dhe begati Viti i ri \u201cHixhri 1437\u201d - Lajme nga Ulqini","isPartOf":{"@id":"https:\/\/www.visit-ulcinj.com\/blog\/#website"},"primaryImageOfPage":{"@id":"https:\/\/www.visit-ulcinj.com\/blog\/2016\/06\/13\/xhamia-e-klleznes-fat-dhe-begati-viti-ri-hixhri-1437-2\/#primaryimage"},"datePublished":"2016-06-13T13:39:10+00:00","dateModified":"2016-06-13T13:39:10+00:00","author":{"@id":"https:\/\/www.visit-ulcinj.com\/blog\/#\/schema\/person\/dcab619c614d3038751c63bc2aadc06d"},"description":"Xhamia e Kllezn\u00ebs informon t\u00eb gjith\u00eb besimtar\u00ebt e fes\u00eb Islame se sipas Kalendarit Islam, Viti i Ri, Hixhri 1437 \u00ebsht\u00eb m\u00eb 14.10.2015 (dita e par\u00eb, e","breadcrumb":{"@id":"https:\/\/www.visit-ulcinj.com\/blog\/2016\/06\/13\/xhamia-e-klleznes-fat-dhe-begati-viti-ri-hixhri-1437-2\/#breadcrumb"},"inLanguage":"en-US","potentialAction":[{"@type":"ReadAction","target":["https:\/\/www.visit-ulcinj.com\/blog\/2016\/06\/13\/xhamia-e-klleznes-fat-dhe-begati-viti-ri-hixhri-1437-2\/"]}]},{"@type":"BreadcrumbList","@id":"https:\/\/www.visit-ulcinj.com\/blog\/2016\/06\/13\/xhamia-e-klleznes-fat-dhe-begati-viti-ri-hixhri-1437-2\/#breadcrumb","itemListElement":[{"@type":"ListItem","position":1,"name":"Xhamia e Kllezn\u00ebs: Me fat dhe begati Viti i ri \u201cHixhri 1437\u201d"}]},{"@type":"Person","@id":"https:\/\/www.visit-ulcinj.com\/blog\/#\/schema\/person\/dcab619c614d3038751c63bc2aadc06d","name":"ulqini","sameAs":["http:\/\/www.visit-ulcinj.com"],"url":"https:\/\/www.visit-ulcinj.com\/blog\/author\/admin\/"}]}},"jetpack_featured_media_url":"","jetpack_sharing_enabled":true,"jetpack_shortlink":"https:\/\/wp.me\/pe6lTn-pns","_links":{"self":[{"href":"https:\/\/www.visit-ulcinj.com\/blog\/wp-json\/wp\/v2\/posts\/97554"}],"collection":[{"href":"https:\/\/www.visit-ulcinj.com\/blog\/wp-json\/wp\/v2\/posts"}],"about":[{"href":"https:\/\/www.visit-ulcinj.com\/blog\/wp-json\/wp\/v2\/types\/post"}],"author":[{"embeddable":true,"href":"https:\/\/www.visit-ulcinj.com\/blog\/wp-json\/wp\/v2\/users\/1"}],"replies":[{"embeddable":true,"href":"https:\/\/www.visit-ulcinj.com\/blog\/wp-json\/wp\/v2\/comments?post=97554"}],"version-history":[{"count":1,"href":"https:\/\/www.visit-ulcinj.com\/blog\/wp-json\/wp\/v2\/posts\/97554\/revisions"}],"predecessor-version":[{"id":97556,"href":"https:\/\/www.visit-ulcinj.com\/blog\/wp-json\/wp\/v2\/posts\/97554\/revisions\/97556"}],"wp:attachment":[{"href":"https:\/\/www.visit-ulcinj.com\/blog\/wp-json\/wp\/v2\/media?parent=97554"}],"wp:term":[{"taxonomy":"category","embeddable":true,"href":"https:\/\/www.visit-ulcinj.com\/blog\/wp-json\/wp\/v2\/categories?post=97554"},{"taxonomy":"post_tag","embeddable":true,"href":"https:\/\/www.visit-ulcinj.com\/blog\/wp-json\/wp\/v2\/tags?post=97554"}],"curies":[{"name":"wp","href":"https:\/\/api.w.org\/{rel}","templated":true}]}}