{"id":97560,"date":"2016-06-13T17:09:01","date_gmt":"2016-06-13T16:09:01","guid":{"rendered":"http:\/\/www.visit-ulcinj.com\/blog\/?p=97560"},"modified":"2016-06-13T17:09:58","modified_gmt":"2016-06-13T16:09:58","slug":"ceroviq-virgjeresha-e-fundit-e-perbetuar-ne-mal-te-zi","status":"publish","type":"post","link":"https:\/\/www.visit-ulcinj.com\/blog\/2016\/06\/13\/ceroviq-virgjeresha-e-fundit-e-perbetuar-ne-mal-te-zi\/","title":{"rendered":"Ceroviq: \u201cVirgj\u00ebresha e fundit e p\u00ebrbetuar\u201d n\u00eb Mal t\u00eb Zi &#8211; Video"},"content":{"rendered":"<h4><a href=\"http:\/\/www.visit-ulcinj.com\/blog\/wp-content\/uploads\/2016\/06\/Stana-Cerovic.jpg\"><img loading=\"lazy\" class=\"alignleft wp-image-97562\" src=\"http:\/\/www.visit-ulcinj.com\/blog\/wp-content\/uploads\/2016\/06\/Stana-Cerovic.jpg\" alt=\"Stana Cerovic\" width=\"508\" height=\"305\" srcset=\"https:\/\/www.visit-ulcinj.com\/blog\/wp-content\/uploads\/2016\/06\/Stana-Cerovic.jpg 810w, https:\/\/www.visit-ulcinj.com\/blog\/wp-content\/uploads\/2016\/06\/Stana-Cerovic-300x180.jpg 300w, https:\/\/www.visit-ulcinj.com\/blog\/wp-content\/uploads\/2016\/06\/Stana-Cerovic-768x461.jpg 768w\" sizes=\"(max-width: 508px) 100vw, 508px\" \/><\/a>Nj\u00eb praktik\u00eb e pazakont\u00eb i ka mbijetuar koh\u00ebs me kok\u00ebfort\u00ebsi n\u00eb fshatrat e Ballkanit q\u00eb nga koha e mesjet\u00ebs.<\/h4>\n<p>The Guardian i ka kushtuar nj\u00eb artikull \u201cvirgj\u00ebreshave t\u00eb p\u00ebrbetuara\u201d t\u00eb Ballkanit, tradit\u00eb kjo mjaft e njohur edhe n\u00eb trojet shqiptare.<\/p>\n<p>\u201cTradicionalisht, n\u00ebse kreu i nj\u00eb familjeje n\u00eb k\u00ebt\u00eb shoq\u00ebri patriarkale do t\u00eb vdiste pa l\u00ebn\u00eb trash\u00ebgimtar nj\u00eb burr\u00eb, at\u00ebher\u00eb nj\u00eb nga bijat e tij mund t\u00eb zgjidhet q\u00eb t\u00eb \u2018b\u00ebhej burr\u00eb\u2019\u201d, shkruan The Guardian.<br \/>\nAjo do t\u00eb vishej si burr\u00eb, do t\u00eb kishte lejen p\u00ebr t\u00eb pir\u00eb duhan dhe do t\u00eb shoq\u00ebrohej me burrat n\u00eb kafenet\u00eb e fshatit, madje do t\u00eb mbante edhe arm\u00eb, transmeton Koha.net. Por, t\u00eb gjitha k\u00ebto privilegje kishin \u00e7mimin e vet, ajo duhej t\u00eb b\u00ebhej \u201cvirgj\u00ebresh\u00eb e p\u00ebrbetuar\u201d.<\/p>\n<p>Kushti i saj i beqaris\u00eb dhe premtimi i saj p\u00ebr t\u2019u p\u00ebrkujdesur p\u00ebr n\u00ebn\u00ebn, motrat dhe pronat e familjes do t\u00eb b\u00ebhen synimi kryesor i jet\u00ebs. N\u00eb shum\u00eb raste, shkruan The Guardian, kjo ishte m\u00ebnyra e vetme q\u00eb nj\u00eb grua mund t\u00eb trash\u00ebgonte pasurin\u00eb e familjes s\u00eb saj.<\/p>\n<p>E fundit \u201cvirgj\u00ebresh\u00eb e p\u00ebrbetuar\u201d n\u00eb Mal t\u00eb Zi, n\u00eb maj ishte larguar nga fshati Savnik p\u00ebr t\u2019u rikthyer n\u00eb sht\u00ebpin\u00eb e saj t\u00eb m\u00ebparshme n\u00eb Risan, p\u00ebr shkak t\u00eb p\u00ebrkeq\u00ebsimit t\u00eb sh\u00ebndetit.<\/p>\n<p>Kjo \u00ebsht\u00eb Stana Ceroviq, e cila kishte lindur m\u00eb 1936, f\u00ebmija m\u00eb i ri n\u00eb familjen e pes\u00eb femrave dhe dy meshkujve, dhe q\u00eb t\u00eb dy kishin vdekur t\u00eb rinj. Q\u00eb kur ishte f\u00ebmij\u00eb ajo i kishte premtuar babait t\u00eb saj se nuk do t\u00eb martohej asnj\u00ebher\u00eb, dhe n\u00eb vend t\u00eb k\u00ebsaj do t\u00eb p\u00ebrkujdesej p\u00ebr familjen.<\/p>\n<p>Gjat\u00eb t\u00ebr\u00eb jet\u00ebs s\u00eb saj ajo ishte shoq\u00ebruar me burra. N\u00eb mosh\u00ebn pes\u00eb vje\u00e7are kishte filluar t\u00eb pinte duhan, nd\u00ebrsa n\u00eb mosh\u00ebn shtat\u00eb vje\u00e7are kishte filluar t\u00eb punonte n\u00eb fushat e babait t\u00eb saj. Babai e kishte m\u00ebsuar edhe si t\u00eb shtinte me arm\u00eb.<\/p>\n<p>\u201cAjo mendonte p\u00ebr veten si burr\u00eb, dhe motrat e saj e vizitojn\u00eb sikur t\u00eb ishte v\u00ebllai i tyre\u201d, ka th\u00ebn\u00eb kush\u00ebrira e saj Mara Ceroviq.<\/p>\n<p>Ceroviq asnj\u00ebher\u00eb nuk ishte veshur si grua. Detyrat e gruas gjithmon\u00eb ishin kryer nga motrat e saj, si larja dhe pastrimi. Ajo gjithmon\u00eb ka qen\u00eb \u201cburri i familjes\u201d.<\/p>\n<p>Kjo tradit\u00eb e \u201cvirgj\u00ebreshave t\u00eb p\u00ebrbetuara\u201d ka qen\u00eb tradit\u00eb shum\u00eb shekullore n\u00eb Ballkan. Por, n\u00eb mosh\u00ebn 80 vje\u00e7are, Ceroviq \u00ebsht\u00eb lodhur mjaft shum\u00eb, n\u00eb vitin e kaluar ishte detyruar t\u2019i shes\u00eb shumic\u00ebn e gjedheve, pasi nj\u00ebra prej tyre ishte l\u00ebnduar.<\/p>\n<p>Tani edhe Mali i Zi ka filluar p\u00ebrkujdesjen p\u00ebr t\u00eb, duke e d\u00ebrguar n\u00eb nj\u00eb sht\u00ebpi pleqsh.<\/p>\n<p>\u201c\u00cbsht\u00eb detyra jon\u00eb q\u00eb t\u00eb p\u00ebrkujdesemi p\u00ebr Stanan\u201d, ka th\u00ebn\u00eb nj\u00eb pun\u00ebtor social i Savnikit.<\/p>\n<p>The Guardian shkruan m\u00eb tutje se k\u00ebto rregulla arkaike e kan\u00eb origjin\u00ebn n\u00eb fshatrat malore t\u00eb Malit t\u00eb Zi, Kosov\u00ebs Jugore, dhe Veriut t\u00eb Shqip\u00ebris\u00eb nga shekulli i 15-t\u00eb. Edhe disa ishuj t\u00eb Dalmacis\u00eb e kan\u00eb praktikuar k\u00ebt\u00eb tradit\u00eb.<\/p>\n<p>Grat\u00eb i kan\u00eb prer\u00eb flok\u00ebt, jan\u00eb veshur si burra, dhe shpesh i kan\u00eb nd\u00ebrruar edhe emrat. Shum\u00eb prej tyre kan\u00eb kopjuar edhe gjestet e burrave.<\/p>\n<p>M\u00eb 2012 fotografi amerikan Jill Peteres kishte udh\u00ebtuar n\u00eb veri t\u00eb Shqip\u00ebris\u00eb dhe kishte mbledhur nj\u00eb koleksion unik t\u00eb portreteve t\u00eb \u201cvirgj\u00ebreshave t\u00eb p\u00ebrbetuara\u201d, n\u00eb m\u00ebnyr\u00eb q\u00eb t\u00eb dokumentoj\u00eb k\u00ebt\u00eb fenomen q\u00eb po vdes.<\/p>\n<p><a href=\"http:\/\/www.visit-ulcinj.com\/blog\/wp-content\/uploads\/2016\/06\/shqiptarja-Zhire-Kosove.jpg\"><img loading=\"lazy\" class=\"alignleft wp-image-97561\" src=\"http:\/\/www.visit-ulcinj.com\/blog\/wp-content\/uploads\/2016\/06\/shqiptarja-Zhire-Kosove.jpg\" alt=\"shqiptarja, Zhire-Kosove\" width=\"508\" height=\"305\" srcset=\"https:\/\/www.visit-ulcinj.com\/blog\/wp-content\/uploads\/2016\/06\/shqiptarja-Zhire-Kosove.jpg 450w, https:\/\/www.visit-ulcinj.com\/blog\/wp-content\/uploads\/2016\/06\/shqiptarja-Zhire-Kosove-300x180.jpg 300w\" sizes=\"(max-width: 508px) 100vw, 508px\" \/><\/a><\/p>\n<p><strong><em>N\u00eb foto shqiptarja, Zhire, e cila e ka nd\u00ebrruar emrin n\u00eb Sokol Zmajli, 80 vje\u00e7<\/em><\/strong><\/p>\n<p>Ky zakon ka mbijetuar n\u00eb Shqip\u00ebri, por ka vdekur tashm\u00eb n\u00eb Dalmaci dhe Bosnje, dhe \u00ebsht\u00eb n\u00eb dit\u00ebt e fundit t\u00eb saj n\u00eb Mal t\u00eb Zi.<\/p>\n<p>Regjisorja italiane Laura Bispuri m\u00eb 2015 ka b\u00ebr\u00eb nj\u00eb film n\u00eb baz\u00eb t\u00eb novel\u00ebs s\u00eb shkrimtares shqiptare Elvira Dones, \u201cVirgj\u00ebresha e p\u00ebrbetuar\u201d, t\u00eb cil\u00ebn e ka shkruar n\u00eb vitin 2007.<\/p>\n<p>Koha Net<\/p>\n<p><iframe loading=\"lazy\" width=\"508\" height=\"315\" src=\"https:\/\/www.youtube.com\/embed\/IQAEWKQ-7oc\" frameborder=\"0\" allowfullscreen><\/iframe><\/p>\n","protected":false},"excerpt":{"rendered":"<p>Nj\u00eb praktik\u00eb e pazakont\u00eb i ka mbijetuar koh\u00ebs me kok\u00ebfort\u00ebsi n\u00eb fshatrat e Ballkanit q\u00eb nga koha e mesjet\u00ebs. The Guardian i ka kushtuar nj\u00eb artikull \u201cvirgj\u00ebreshave t\u00eb p\u00ebrbetuara\u201d t\u00eb Ballkanit, tradit\u00eb kjo mjaft e njohur edhe n\u00eb trojet shqiptare. \u201cTradicionalisht, n\u00ebse kreu i nj\u00eb familjeje n\u00eb k\u00ebt\u00eb shoq\u00ebri patriarkale do t\u00eb vdiste pa l\u00ebn\u00eb [&hellip;]<\/p>\n","protected":false},"author":1,"featured_media":0,"comment_status":"closed","ping_status":"closed","sticky":false,"template":"","format":"standard","meta":{"spay_email":"","jetpack_publicize_message":"","jetpack_is_tweetstorm":false,"jetpack_publicize_feature_enabled":true},"categories":[6950],"tags":[],"jetpack_publicize_connections":[],"yoast_head":"<!-- This site is optimized with the Yoast SEO plugin v19.1 - https:\/\/yoast.com\/wordpress\/plugins\/seo\/ -->\n<title>Ceroviq: \u201cVirgj\u00ebresha e fundit e p\u00ebrbetuar\u201d n\u00eb Mal t\u00eb Zi - Video - Lajme nga Ulqini<\/title>\n<meta name=\"description\" content=\"Nj\u00eb praktik\u00eb e pazakont\u00eb i ka mbijetuar koh\u00ebs me kok\u00ebfort\u00ebsi n\u00eb fshatrat e Ballkanit q\u00eb nga koha e mesjet\u00ebs. The Guardian i ka kushtuar nj\u00eb artikull\" \/>\n<meta name=\"robots\" content=\"index, follow, max-snippet:-1, max-image-preview:large, max-video-preview:-1\" \/>\n<link rel=\"canonical\" href=\"https:\/\/www.visit-ulcinj.com\/blog\/2016\/06\/13\/ceroviq-virgjeresha-e-fundit-e-perbetuar-ne-mal-te-zi\/\" \/>\n<meta property=\"og:locale\" content=\"en_US\" \/>\n<meta property=\"og:type\" content=\"article\" \/>\n<meta property=\"og:title\" content=\"Ceroviq: \u201cVirgj\u00ebresha e fundit e p\u00ebrbetuar\u201d n\u00eb Mal t\u00eb Zi - Video - Lajme nga Ulqini\" \/>\n<meta property=\"og:description\" content=\"Nj\u00eb praktik\u00eb e pazakont\u00eb i ka mbijetuar koh\u00ebs me kok\u00ebfort\u00ebsi n\u00eb fshatrat e Ballkanit q\u00eb nga koha e mesjet\u00ebs. The Guardian i ka kushtuar nj\u00eb artikull\" \/>\n<meta property=\"og:url\" content=\"https:\/\/www.visit-ulcinj.com\/blog\/2016\/06\/13\/ceroviq-virgjeresha-e-fundit-e-perbetuar-ne-mal-te-zi\/\" \/>\n<meta property=\"og:site_name\" content=\"Lajme nga Ulqini\" \/>\n<meta property=\"article:published_time\" content=\"2016-06-13T16:09:01+00:00\" \/>\n<meta property=\"article:modified_time\" content=\"2016-06-13T16:09:58+00:00\" \/>\n<meta property=\"og:image\" content=\"http:\/\/www.visit-ulcinj.com\/blog\/wp-content\/uploads\/2016\/06\/Stana-Cerovic.jpg\" \/>\n<meta name=\"twitter:label1\" content=\"Written by\" \/>\n\t<meta name=\"twitter:data1\" content=\"ulqini\" \/>\n\t<meta name=\"twitter:label2\" content=\"Est. reading time\" \/>\n\t<meta name=\"twitter:data2\" content=\"3 minutes\" \/>\n<script type=\"application\/ld+json\" class=\"yoast-schema-graph\">{\"@context\":\"https:\/\/schema.org\",\"@graph\":[{\"@type\":\"WebSite\",\"@id\":\"https:\/\/www.visit-ulcinj.com\/blog\/#website\",\"url\":\"https:\/\/www.visit-ulcinj.com\/blog\/\",\"name\":\"Lajme nga Ulqini\",\"description\":\"Lajme,Vijesti,Ulqini,Ulqin,Crna Gora,Mali i Zi\",\"potentialAction\":[{\"@type\":\"SearchAction\",\"target\":{\"@type\":\"EntryPoint\",\"urlTemplate\":\"https:\/\/www.visit-ulcinj.com\/blog\/?s={search_term_string}\"},\"query-input\":\"required name=search_term_string\"}],\"inLanguage\":\"en-US\"},{\"@type\":\"ImageObject\",\"inLanguage\":\"en-US\",\"@id\":\"https:\/\/www.visit-ulcinj.com\/blog\/2016\/06\/13\/ceroviq-virgjeresha-e-fundit-e-perbetuar-ne-mal-te-zi\/#primaryimage\",\"url\":\"https:\/\/www.visit-ulcinj.com\/blog\/wp-content\/uploads\/2016\/06\/Stana-Cerovic.jpg\",\"contentUrl\":\"https:\/\/www.visit-ulcinj.com\/blog\/wp-content\/uploads\/2016\/06\/Stana-Cerovic.jpg\",\"width\":810,\"height\":486},{\"@type\":\"WebPage\",\"@id\":\"https:\/\/www.visit-ulcinj.com\/blog\/2016\/06\/13\/ceroviq-virgjeresha-e-fundit-e-perbetuar-ne-mal-te-zi\/#webpage\",\"url\":\"https:\/\/www.visit-ulcinj.com\/blog\/2016\/06\/13\/ceroviq-virgjeresha-e-fundit-e-perbetuar-ne-mal-te-zi\/\",\"name\":\"Ceroviq: \u201cVirgj\u00ebresha e fundit e p\u00ebrbetuar\u201d n\u00eb Mal t\u00eb Zi - Video - Lajme nga Ulqini\",\"isPartOf\":{\"@id\":\"https:\/\/www.visit-ulcinj.com\/blog\/#website\"},\"primaryImageOfPage\":{\"@id\":\"https:\/\/www.visit-ulcinj.com\/blog\/2016\/06\/13\/ceroviq-virgjeresha-e-fundit-e-perbetuar-ne-mal-te-zi\/#primaryimage\"},\"datePublished\":\"2016-06-13T16:09:01+00:00\",\"dateModified\":\"2016-06-13T16:09:58+00:00\",\"author\":{\"@id\":\"https:\/\/www.visit-ulcinj.com\/blog\/#\/schema\/person\/dcab619c614d3038751c63bc2aadc06d\"},\"description\":\"Nj\u00eb praktik\u00eb e pazakont\u00eb i ka mbijetuar koh\u00ebs me kok\u00ebfort\u00ebsi n\u00eb fshatrat e Ballkanit q\u00eb nga koha e mesjet\u00ebs. The Guardian i ka kushtuar nj\u00eb artikull\",\"breadcrumb\":{\"@id\":\"https:\/\/www.visit-ulcinj.com\/blog\/2016\/06\/13\/ceroviq-virgjeresha-e-fundit-e-perbetuar-ne-mal-te-zi\/#breadcrumb\"},\"inLanguage\":\"en-US\",\"potentialAction\":[{\"@type\":\"ReadAction\",\"target\":[\"https:\/\/www.visit-ulcinj.com\/blog\/2016\/06\/13\/ceroviq-virgjeresha-e-fundit-e-perbetuar-ne-mal-te-zi\/\"]}]},{\"@type\":\"BreadcrumbList\",\"@id\":\"https:\/\/www.visit-ulcinj.com\/blog\/2016\/06\/13\/ceroviq-virgjeresha-e-fundit-e-perbetuar-ne-mal-te-zi\/#breadcrumb\",\"itemListElement\":[{\"@type\":\"ListItem\",\"position\":1,\"name\":\"Ceroviq: \u201cVirgj\u00ebresha e fundit e p\u00ebrbetuar\u201d n\u00eb Mal t\u00eb Zi &#8211; Video\"}]},{\"@type\":\"Person\",\"@id\":\"https:\/\/www.visit-ulcinj.com\/blog\/#\/schema\/person\/dcab619c614d3038751c63bc2aadc06d\",\"name\":\"ulqini\",\"sameAs\":[\"http:\/\/www.visit-ulcinj.com\"],\"url\":\"https:\/\/www.visit-ulcinj.com\/blog\/author\/admin\/\"}]}<\/script>\n<!-- \/ Yoast SEO plugin. -->","yoast_head_json":{"title":"Ceroviq: \u201cVirgj\u00ebresha e fundit e p\u00ebrbetuar\u201d n\u00eb Mal t\u00eb Zi - Video - Lajme nga Ulqini","description":"Nj\u00eb praktik\u00eb e pazakont\u00eb i ka mbijetuar koh\u00ebs me kok\u00ebfort\u00ebsi n\u00eb fshatrat e Ballkanit q\u00eb nga koha e mesjet\u00ebs. The Guardian i ka kushtuar nj\u00eb artikull","robots":{"index":"index","follow":"follow","max-snippet":"max-snippet:-1","max-image-preview":"max-image-preview:large","max-video-preview":"max-video-preview:-1"},"canonical":"https:\/\/www.visit-ulcinj.com\/blog\/2016\/06\/13\/ceroviq-virgjeresha-e-fundit-e-perbetuar-ne-mal-te-zi\/","og_locale":"en_US","og_type":"article","og_title":"Ceroviq: \u201cVirgj\u00ebresha e fundit e p\u00ebrbetuar\u201d n\u00eb Mal t\u00eb Zi - Video - Lajme nga Ulqini","og_description":"Nj\u00eb praktik\u00eb e pazakont\u00eb i ka mbijetuar koh\u00ebs me kok\u00ebfort\u00ebsi n\u00eb fshatrat e Ballkanit q\u00eb nga koha e mesjet\u00ebs. The Guardian i ka kushtuar nj\u00eb artikull","og_url":"https:\/\/www.visit-ulcinj.com\/blog\/2016\/06\/13\/ceroviq-virgjeresha-e-fundit-e-perbetuar-ne-mal-te-zi\/","og_site_name":"Lajme nga Ulqini","article_published_time":"2016-06-13T16:09:01+00:00","article_modified_time":"2016-06-13T16:09:58+00:00","og_image":[{"url":"http:\/\/www.visit-ulcinj.com\/blog\/wp-content\/uploads\/2016\/06\/Stana-Cerovic.jpg"}],"twitter_misc":{"Written by":"ulqini","Est. reading time":"3 minutes"},"schema":{"@context":"https:\/\/schema.org","@graph":[{"@type":"WebSite","@id":"https:\/\/www.visit-ulcinj.com\/blog\/#website","url":"https:\/\/www.visit-ulcinj.com\/blog\/","name":"Lajme nga Ulqini","description":"Lajme,Vijesti,Ulqini,Ulqin,Crna Gora,Mali i Zi","potentialAction":[{"@type":"SearchAction","target":{"@type":"EntryPoint","urlTemplate":"https:\/\/www.visit-ulcinj.com\/blog\/?s={search_term_string}"},"query-input":"required name=search_term_string"}],"inLanguage":"en-US"},{"@type":"ImageObject","inLanguage":"en-US","@id":"https:\/\/www.visit-ulcinj.com\/blog\/2016\/06\/13\/ceroviq-virgjeresha-e-fundit-e-perbetuar-ne-mal-te-zi\/#primaryimage","url":"https:\/\/www.visit-ulcinj.com\/blog\/wp-content\/uploads\/2016\/06\/Stana-Cerovic.jpg","contentUrl":"https:\/\/www.visit-ulcinj.com\/blog\/wp-content\/uploads\/2016\/06\/Stana-Cerovic.jpg","width":810,"height":486},{"@type":"WebPage","@id":"https:\/\/www.visit-ulcinj.com\/blog\/2016\/06\/13\/ceroviq-virgjeresha-e-fundit-e-perbetuar-ne-mal-te-zi\/#webpage","url":"https:\/\/www.visit-ulcinj.com\/blog\/2016\/06\/13\/ceroviq-virgjeresha-e-fundit-e-perbetuar-ne-mal-te-zi\/","name":"Ceroviq: \u201cVirgj\u00ebresha e fundit e p\u00ebrbetuar\u201d n\u00eb Mal t\u00eb Zi - Video - Lajme nga Ulqini","isPartOf":{"@id":"https:\/\/www.visit-ulcinj.com\/blog\/#website"},"primaryImageOfPage":{"@id":"https:\/\/www.visit-ulcinj.com\/blog\/2016\/06\/13\/ceroviq-virgjeresha-e-fundit-e-perbetuar-ne-mal-te-zi\/#primaryimage"},"datePublished":"2016-06-13T16:09:01+00:00","dateModified":"2016-06-13T16:09:58+00:00","author":{"@id":"https:\/\/www.visit-ulcinj.com\/blog\/#\/schema\/person\/dcab619c614d3038751c63bc2aadc06d"},"description":"Nj\u00eb praktik\u00eb e pazakont\u00eb i ka mbijetuar koh\u00ebs me kok\u00ebfort\u00ebsi n\u00eb fshatrat e Ballkanit q\u00eb nga koha e mesjet\u00ebs. The Guardian i ka kushtuar nj\u00eb artikull","breadcrumb":{"@id":"https:\/\/www.visit-ulcinj.com\/blog\/2016\/06\/13\/ceroviq-virgjeresha-e-fundit-e-perbetuar-ne-mal-te-zi\/#breadcrumb"},"inLanguage":"en-US","potentialAction":[{"@type":"ReadAction","target":["https:\/\/www.visit-ulcinj.com\/blog\/2016\/06\/13\/ceroviq-virgjeresha-e-fundit-e-perbetuar-ne-mal-te-zi\/"]}]},{"@type":"BreadcrumbList","@id":"https:\/\/www.visit-ulcinj.com\/blog\/2016\/06\/13\/ceroviq-virgjeresha-e-fundit-e-perbetuar-ne-mal-te-zi\/#breadcrumb","itemListElement":[{"@type":"ListItem","position":1,"name":"Ceroviq: \u201cVirgj\u00ebresha e fundit e p\u00ebrbetuar\u201d n\u00eb Mal t\u00eb Zi &#8211; Video"}]},{"@type":"Person","@id":"https:\/\/www.visit-ulcinj.com\/blog\/#\/schema\/person\/dcab619c614d3038751c63bc2aadc06d","name":"ulqini","sameAs":["http:\/\/www.visit-ulcinj.com"],"url":"https:\/\/www.visit-ulcinj.com\/blog\/author\/admin\/"}]}},"jetpack_featured_media_url":"","jetpack_sharing_enabled":true,"jetpack_shortlink":"https:\/\/wp.me\/pe6lTn-pny","_links":{"self":[{"href":"https:\/\/www.visit-ulcinj.com\/blog\/wp-json\/wp\/v2\/posts\/97560"}],"collection":[{"href":"https:\/\/www.visit-ulcinj.com\/blog\/wp-json\/wp\/v2\/posts"}],"about":[{"href":"https:\/\/www.visit-ulcinj.com\/blog\/wp-json\/wp\/v2\/types\/post"}],"author":[{"embeddable":true,"href":"https:\/\/www.visit-ulcinj.com\/blog\/wp-json\/wp\/v2\/users\/1"}],"replies":[{"embeddable":true,"href":"https:\/\/www.visit-ulcinj.com\/blog\/wp-json\/wp\/v2\/comments?post=97560"}],"version-history":[{"count":2,"href":"https:\/\/www.visit-ulcinj.com\/blog\/wp-json\/wp\/v2\/posts\/97560\/revisions"}],"predecessor-version":[{"id":97564,"href":"https:\/\/www.visit-ulcinj.com\/blog\/wp-json\/wp\/v2\/posts\/97560\/revisions\/97564"}],"wp:attachment":[{"href":"https:\/\/www.visit-ulcinj.com\/blog\/wp-json\/wp\/v2\/media?parent=97560"}],"wp:term":[{"taxonomy":"category","embeddable":true,"href":"https:\/\/www.visit-ulcinj.com\/blog\/wp-json\/wp\/v2\/categories?post=97560"},{"taxonomy":"post_tag","embeddable":true,"href":"https:\/\/www.visit-ulcinj.com\/blog\/wp-json\/wp\/v2\/tags?post=97560"}],"curies":[{"name":"wp","href":"https:\/\/api.w.org\/{rel}","templated":true}]}}