{"id":97565,"date":"2016-06-13T17:19:49","date_gmt":"2016-06-13T16:19:49","guid":{"rendered":"http:\/\/www.visit-ulcinj.com\/blog\/?p=97565"},"modified":"2016-06-13T17:19:49","modified_gmt":"2016-06-13T16:19:49","slug":"shtunen-e-te-dielen-rritja-e-temperatures-deri-40-c","status":"publish","type":"post","link":"https:\/\/www.visit-ulcinj.com\/blog\/2016\/06\/13\/shtunen-e-te-dielen-rritja-e-temperatures-deri-40-c\/","title":{"rendered":"Shtun\u00ebn e t\u00eb diel\u00ebn rritja e temperatur\u00ebs deri 40 \u00b0C"},"content":{"rendered":"<p><span class=\"arial14 \"><strong><a href=\"http:\/\/www.visit-ulcinj.com\/blog\/wp-content\/uploads\/2013\/07\/rriten-temperaturat-deri-40-grad-ne-Ulqin.1.jpg\"><img loading=\"lazy\" class=\"alignleft wp-image-73763\" src=\"http:\/\/www.visit-ulcinj.com\/blog\/wp-content\/uploads\/2013\/07\/rriten-temperaturat-deri-40-grad-ne-Ulqin.1.jpg\" alt=\"rriten-temperaturat-deri-40-grad-ne-Ulqin.1\" width=\"496\" height=\"453\" srcset=\"https:\/\/www.visit-ulcinj.com\/blog\/wp-content\/uploads\/2013\/07\/rriten-temperaturat-deri-40-grad-ne-Ulqin.1.jpg 496w, https:\/\/www.visit-ulcinj.com\/blog\/wp-content\/uploads\/2013\/07\/rriten-temperaturat-deri-40-grad-ne-Ulqin.1-300x273.jpg 300w\" sizes=\"(max-width: 496px) 100vw, 496px\" \/><\/a>Mb\u00ebrrin vala e par\u00eb e t\u00eb nxehtit afrikan n\u00eb vendin ton\u00eb. Pas reshjeve t\u00eb shiut, territori i vendit do t\u00eb p\u00ebrfshihet nga nj\u00eb val\u00eb t\u00eb nxehti ku tempertaurat pritet t\u00eb shkojn\u00eb deri n\u00eb 39-40 grad\u00eb Celsius.<\/strong><\/span><\/p>\n<p><span class=\"arial14 linkszi \">Nd\u00ebrkoh\u00eb, gjat\u00eb dit\u00ebs s\u00eb sotme, i gjith\u00eb territori u p\u00ebrfshi nga masa ajrore t\u00eb presionit t\u00eb ul\u00ebt, t\u00eb cilat shkaktuan reshje shiu, stuhi dhe p\u00ebrmbytje n\u00eb disa qytete, si dhe dhe uljen e temeperaturave maksimale me 4 grad\u00eb Celsius.<\/span><\/p>\n<p>Sipas meteorolog\u00ebve, duke nisur nga pasditja e s\u00eb h\u00ebn\u00ebs intensiteti i reshjeve do t\u00eb nis\u00eb t\u00eb bjer\u00eb, por ato do t\u00eb jen\u00eb t\u00eb pranishme deri dit\u00ebn e m\u00ebrkur\u00eb, kur dhe do t\u00eb nis\u00eb rritja e temperaturave.<\/p>\n<p>\u201cDit\u00ebn e enjte i gjith\u00eb gadishulli i Ballkanit dhe sidomos Shqip\u00ebria do t\u00eb p\u00ebrjetoj\u00eb nj\u00eb val\u00eb t\u00eb nxehti, t\u00eb par\u00ebn e t\u00eb nxehtit afrikan. Do t\u00eb jet\u00eb nj\u00eb rritje graduale, por t\u00eb shtun\u00ebn e t\u00eb diel\u00ebn, sidomos n\u00eb jug t\u00eb vendit, temperaturat do t\u00eb shkojn\u00eb n\u00eb 39-40 grad\u00eb Celsius\u201d, sakt\u00ebson Xhakollari.<\/p>\n<p>Ndon\u00ebse jemi n\u00eb stin\u00ebn e ver\u00ebs, temperatura kaq t\u00eb larta sa\u00e7 priten k\u00ebt\u00eb fundjav\u00eb jan\u00eb t\u00eb pazakonta p\u00ebr muajin qershor.<\/p>\n<p>\/ Top Channel<br \/>\n<iframe loading=\"lazy\" src=\"https:\/\/www.youtube.com\/embed\/n-nelxpgXbA\" width=\"508height=\" height=\"150\" frameborder=\"0\" allowfullscreen=\"allowfullscreen\"><\/iframe><\/p>\n","protected":false},"excerpt":{"rendered":"<p>Mb\u00ebrrin vala e par\u00eb e t\u00eb nxehtit afrikan n\u00eb vendin ton\u00eb. Pas reshjeve t\u00eb shiut, territori i vendit do t\u00eb p\u00ebrfshihet nga nj\u00eb val\u00eb t\u00eb nxehti ku tempertaurat pritet t\u00eb shkojn\u00eb deri n\u00eb 39-40 grad\u00eb Celsius. Nd\u00ebrkoh\u00eb, gjat\u00eb dit\u00ebs s\u00eb sotme, i gjith\u00eb territori u p\u00ebrfshi nga masa ajrore t\u00eb presionit t\u00eb ul\u00ebt, t\u00eb cilat [&hellip;]<\/p>\n","protected":false},"author":1,"featured_media":0,"comment_status":"closed","ping_status":"closed","sticky":false,"template":"","format":"standard","meta":{"spay_email":"","jetpack_publicize_message":"","jetpack_is_tweetstorm":false,"jetpack_publicize_feature_enabled":true},"categories":[6950],"tags":[],"jetpack_publicize_connections":[],"yoast_head":"<!-- This site is optimized with the Yoast SEO plugin v19.1 - https:\/\/yoast.com\/wordpress\/plugins\/seo\/ -->\n<title>Shtun\u00ebn e t\u00eb diel\u00ebn rritja e temperatur\u00ebs deri 40 \u00b0C - Lajme nga Ulqini<\/title>\n<meta name=\"description\" content=\"Mb\u00ebrrin vala e par\u00eb e t\u00eb nxehtit afrikan n\u00eb vendin ton\u00eb. Pas reshjeve t\u00eb shiut, territori i vendit do t\u00eb p\u00ebrfshihet nga nj\u00eb val\u00eb t\u00eb nxehti ku tempertaurat\" \/>\n<meta name=\"robots\" content=\"index, follow, max-snippet:-1, max-image-preview:large, max-video-preview:-1\" \/>\n<link rel=\"canonical\" href=\"https:\/\/www.visit-ulcinj.com\/blog\/2016\/06\/13\/shtunen-e-te-dielen-rritja-e-temperatures-deri-40-c\/\" \/>\n<meta property=\"og:locale\" content=\"en_US\" \/>\n<meta property=\"og:type\" content=\"article\" \/>\n<meta property=\"og:title\" content=\"Shtun\u00ebn e t\u00eb diel\u00ebn rritja e temperatur\u00ebs deri 40 \u00b0C - Lajme nga Ulqini\" \/>\n<meta property=\"og:description\" content=\"Mb\u00ebrrin vala e par\u00eb e t\u00eb nxehtit afrikan n\u00eb vendin ton\u00eb. Pas reshjeve t\u00eb shiut, territori i vendit do t\u00eb p\u00ebrfshihet nga nj\u00eb val\u00eb t\u00eb nxehti ku tempertaurat\" \/>\n<meta property=\"og:url\" content=\"https:\/\/www.visit-ulcinj.com\/blog\/2016\/06\/13\/shtunen-e-te-dielen-rritja-e-temperatures-deri-40-c\/\" \/>\n<meta property=\"og:site_name\" content=\"Lajme nga Ulqini\" \/>\n<meta property=\"article:published_time\" content=\"2016-06-13T16:19:49+00:00\" \/>\n<meta property=\"og:image\" content=\"http:\/\/www.visit-ulcinj.com\/blog\/wp-content\/uploads\/2013\/07\/rriten-temperaturat-deri-40-grad-ne-Ulqin.1.jpg\" \/>\n<meta name=\"twitter:label1\" content=\"Written by\" \/>\n\t<meta name=\"twitter:data1\" content=\"ulqini\" \/>\n\t<meta name=\"twitter:label2\" content=\"Est. reading time\" \/>\n\t<meta name=\"twitter:data2\" content=\"1 minute\" \/>\n<script type=\"application\/ld+json\" class=\"yoast-schema-graph\">{\"@context\":\"https:\/\/schema.org\",\"@graph\":[{\"@type\":\"WebSite\",\"@id\":\"https:\/\/www.visit-ulcinj.com\/blog\/#website\",\"url\":\"https:\/\/www.visit-ulcinj.com\/blog\/\",\"name\":\"Lajme nga Ulqini\",\"description\":\"Lajme,Vijesti,Ulqini,Ulqin,Crna Gora,Mali i Zi\",\"potentialAction\":[{\"@type\":\"SearchAction\",\"target\":{\"@type\":\"EntryPoint\",\"urlTemplate\":\"https:\/\/www.visit-ulcinj.com\/blog\/?s={search_term_string}\"},\"query-input\":\"required name=search_term_string\"}],\"inLanguage\":\"en-US\"},{\"@type\":\"ImageObject\",\"inLanguage\":\"en-US\",\"@id\":\"https:\/\/www.visit-ulcinj.com\/blog\/2016\/06\/13\/shtunen-e-te-dielen-rritja-e-temperatures-deri-40-c\/#primaryimage\",\"url\":\"https:\/\/www.visit-ulcinj.com\/blog\/wp-content\/uploads\/2013\/07\/rriten-temperaturat-deri-40-grad-ne-Ulqin.1.jpg\",\"contentUrl\":\"https:\/\/www.visit-ulcinj.com\/blog\/wp-content\/uploads\/2013\/07\/rriten-temperaturat-deri-40-grad-ne-Ulqin.1.jpg\",\"width\":496,\"height\":453},{\"@type\":\"WebPage\",\"@id\":\"https:\/\/www.visit-ulcinj.com\/blog\/2016\/06\/13\/shtunen-e-te-dielen-rritja-e-temperatures-deri-40-c\/#webpage\",\"url\":\"https:\/\/www.visit-ulcinj.com\/blog\/2016\/06\/13\/shtunen-e-te-dielen-rritja-e-temperatures-deri-40-c\/\",\"name\":\"Shtun\u00ebn e t\u00eb diel\u00ebn rritja e temperatur\u00ebs deri 40 \u00b0C - Lajme nga Ulqini\",\"isPartOf\":{\"@id\":\"https:\/\/www.visit-ulcinj.com\/blog\/#website\"},\"primaryImageOfPage\":{\"@id\":\"https:\/\/www.visit-ulcinj.com\/blog\/2016\/06\/13\/shtunen-e-te-dielen-rritja-e-temperatures-deri-40-c\/#primaryimage\"},\"datePublished\":\"2016-06-13T16:19:49+00:00\",\"dateModified\":\"2016-06-13T16:19:49+00:00\",\"author\":{\"@id\":\"https:\/\/www.visit-ulcinj.com\/blog\/#\/schema\/person\/dcab619c614d3038751c63bc2aadc06d\"},\"description\":\"Mb\u00ebrrin vala e par\u00eb e t\u00eb nxehtit afrikan n\u00eb vendin ton\u00eb. Pas reshjeve t\u00eb shiut, territori i vendit do t\u00eb p\u00ebrfshihet nga nj\u00eb val\u00eb t\u00eb nxehti ku tempertaurat\",\"breadcrumb\":{\"@id\":\"https:\/\/www.visit-ulcinj.com\/blog\/2016\/06\/13\/shtunen-e-te-dielen-rritja-e-temperatures-deri-40-c\/#breadcrumb\"},\"inLanguage\":\"en-US\",\"potentialAction\":[{\"@type\":\"ReadAction\",\"target\":[\"https:\/\/www.visit-ulcinj.com\/blog\/2016\/06\/13\/shtunen-e-te-dielen-rritja-e-temperatures-deri-40-c\/\"]}]},{\"@type\":\"BreadcrumbList\",\"@id\":\"https:\/\/www.visit-ulcinj.com\/blog\/2016\/06\/13\/shtunen-e-te-dielen-rritja-e-temperatures-deri-40-c\/#breadcrumb\",\"itemListElement\":[{\"@type\":\"ListItem\",\"position\":1,\"name\":\"Shtun\u00ebn e t\u00eb diel\u00ebn rritja e temperatur\u00ebs deri 40 \u00b0C\"}]},{\"@type\":\"Person\",\"@id\":\"https:\/\/www.visit-ulcinj.com\/blog\/#\/schema\/person\/dcab619c614d3038751c63bc2aadc06d\",\"name\":\"ulqini\",\"sameAs\":[\"http:\/\/www.visit-ulcinj.com\"],\"url\":\"https:\/\/www.visit-ulcinj.com\/blog\/author\/admin\/\"}]}<\/script>\n<!-- \/ Yoast SEO plugin. -->","yoast_head_json":{"title":"Shtun\u00ebn e t\u00eb diel\u00ebn rritja e temperatur\u00ebs deri 40 \u00b0C - Lajme nga Ulqini","description":"Mb\u00ebrrin vala e par\u00eb e t\u00eb nxehtit afrikan n\u00eb vendin ton\u00eb. Pas reshjeve t\u00eb shiut, territori i vendit do t\u00eb p\u00ebrfshihet nga nj\u00eb val\u00eb t\u00eb nxehti ku tempertaurat","robots":{"index":"index","follow":"follow","max-snippet":"max-snippet:-1","max-image-preview":"max-image-preview:large","max-video-preview":"max-video-preview:-1"},"canonical":"https:\/\/www.visit-ulcinj.com\/blog\/2016\/06\/13\/shtunen-e-te-dielen-rritja-e-temperatures-deri-40-c\/","og_locale":"en_US","og_type":"article","og_title":"Shtun\u00ebn e t\u00eb diel\u00ebn rritja e temperatur\u00ebs deri 40 \u00b0C - Lajme nga Ulqini","og_description":"Mb\u00ebrrin vala e par\u00eb e t\u00eb nxehtit afrikan n\u00eb vendin ton\u00eb. Pas reshjeve t\u00eb shiut, territori i vendit do t\u00eb p\u00ebrfshihet nga nj\u00eb val\u00eb t\u00eb nxehti ku tempertaurat","og_url":"https:\/\/www.visit-ulcinj.com\/blog\/2016\/06\/13\/shtunen-e-te-dielen-rritja-e-temperatures-deri-40-c\/","og_site_name":"Lajme nga Ulqini","article_published_time":"2016-06-13T16:19:49+00:00","og_image":[{"url":"http:\/\/www.visit-ulcinj.com\/blog\/wp-content\/uploads\/2013\/07\/rriten-temperaturat-deri-40-grad-ne-Ulqin.1.jpg"}],"twitter_misc":{"Written by":"ulqini","Est. reading time":"1 minute"},"schema":{"@context":"https:\/\/schema.org","@graph":[{"@type":"WebSite","@id":"https:\/\/www.visit-ulcinj.com\/blog\/#website","url":"https:\/\/www.visit-ulcinj.com\/blog\/","name":"Lajme nga Ulqini","description":"Lajme,Vijesti,Ulqini,Ulqin,Crna Gora,Mali i Zi","potentialAction":[{"@type":"SearchAction","target":{"@type":"EntryPoint","urlTemplate":"https:\/\/www.visit-ulcinj.com\/blog\/?s={search_term_string}"},"query-input":"required name=search_term_string"}],"inLanguage":"en-US"},{"@type":"ImageObject","inLanguage":"en-US","@id":"https:\/\/www.visit-ulcinj.com\/blog\/2016\/06\/13\/shtunen-e-te-dielen-rritja-e-temperatures-deri-40-c\/#primaryimage","url":"https:\/\/www.visit-ulcinj.com\/blog\/wp-content\/uploads\/2013\/07\/rriten-temperaturat-deri-40-grad-ne-Ulqin.1.jpg","contentUrl":"https:\/\/www.visit-ulcinj.com\/blog\/wp-content\/uploads\/2013\/07\/rriten-temperaturat-deri-40-grad-ne-Ulqin.1.jpg","width":496,"height":453},{"@type":"WebPage","@id":"https:\/\/www.visit-ulcinj.com\/blog\/2016\/06\/13\/shtunen-e-te-dielen-rritja-e-temperatures-deri-40-c\/#webpage","url":"https:\/\/www.visit-ulcinj.com\/blog\/2016\/06\/13\/shtunen-e-te-dielen-rritja-e-temperatures-deri-40-c\/","name":"Shtun\u00ebn e t\u00eb diel\u00ebn rritja e temperatur\u00ebs deri 40 \u00b0C - Lajme nga Ulqini","isPartOf":{"@id":"https:\/\/www.visit-ulcinj.com\/blog\/#website"},"primaryImageOfPage":{"@id":"https:\/\/www.visit-ulcinj.com\/blog\/2016\/06\/13\/shtunen-e-te-dielen-rritja-e-temperatures-deri-40-c\/#primaryimage"},"datePublished":"2016-06-13T16:19:49+00:00","dateModified":"2016-06-13T16:19:49+00:00","author":{"@id":"https:\/\/www.visit-ulcinj.com\/blog\/#\/schema\/person\/dcab619c614d3038751c63bc2aadc06d"},"description":"Mb\u00ebrrin vala e par\u00eb e t\u00eb nxehtit afrikan n\u00eb vendin ton\u00eb. Pas reshjeve t\u00eb shiut, territori i vendit do t\u00eb p\u00ebrfshihet nga nj\u00eb val\u00eb t\u00eb nxehti ku tempertaurat","breadcrumb":{"@id":"https:\/\/www.visit-ulcinj.com\/blog\/2016\/06\/13\/shtunen-e-te-dielen-rritja-e-temperatures-deri-40-c\/#breadcrumb"},"inLanguage":"en-US","potentialAction":[{"@type":"ReadAction","target":["https:\/\/www.visit-ulcinj.com\/blog\/2016\/06\/13\/shtunen-e-te-dielen-rritja-e-temperatures-deri-40-c\/"]}]},{"@type":"BreadcrumbList","@id":"https:\/\/www.visit-ulcinj.com\/blog\/2016\/06\/13\/shtunen-e-te-dielen-rritja-e-temperatures-deri-40-c\/#breadcrumb","itemListElement":[{"@type":"ListItem","position":1,"name":"Shtun\u00ebn e t\u00eb diel\u00ebn rritja e temperatur\u00ebs deri 40 \u00b0C"}]},{"@type":"Person","@id":"https:\/\/www.visit-ulcinj.com\/blog\/#\/schema\/person\/dcab619c614d3038751c63bc2aadc06d","name":"ulqini","sameAs":["http:\/\/www.visit-ulcinj.com"],"url":"https:\/\/www.visit-ulcinj.com\/blog\/author\/admin\/"}]}},"jetpack_featured_media_url":"","jetpack_sharing_enabled":true,"jetpack_shortlink":"https:\/\/wp.me\/pe6lTn-pnD","_links":{"self":[{"href":"https:\/\/www.visit-ulcinj.com\/blog\/wp-json\/wp\/v2\/posts\/97565"}],"collection":[{"href":"https:\/\/www.visit-ulcinj.com\/blog\/wp-json\/wp\/v2\/posts"}],"about":[{"href":"https:\/\/www.visit-ulcinj.com\/blog\/wp-json\/wp\/v2\/types\/post"}],"author":[{"embeddable":true,"href":"https:\/\/www.visit-ulcinj.com\/blog\/wp-json\/wp\/v2\/users\/1"}],"replies":[{"embeddable":true,"href":"https:\/\/www.visit-ulcinj.com\/blog\/wp-json\/wp\/v2\/comments?post=97565"}],"version-history":[{"count":1,"href":"https:\/\/www.visit-ulcinj.com\/blog\/wp-json\/wp\/v2\/posts\/97565\/revisions"}],"predecessor-version":[{"id":97566,"href":"https:\/\/www.visit-ulcinj.com\/blog\/wp-json\/wp\/v2\/posts\/97565\/revisions\/97566"}],"wp:attachment":[{"href":"https:\/\/www.visit-ulcinj.com\/blog\/wp-json\/wp\/v2\/media?parent=97565"}],"wp:term":[{"taxonomy":"category","embeddable":true,"href":"https:\/\/www.visit-ulcinj.com\/blog\/wp-json\/wp\/v2\/categories?post=97565"},{"taxonomy":"post_tag","embeddable":true,"href":"https:\/\/www.visit-ulcinj.com\/blog\/wp-json\/wp\/v2\/tags?post=97565"}],"curies":[{"name":"wp","href":"https:\/\/api.w.org\/{rel}","templated":true}]}}