{"id":97571,"date":"2016-06-13T18:14:04","date_gmt":"2016-06-13T17:14:04","guid":{"rendered":"http:\/\/www.visit-ulcinj.com\/blog\/?p=97571"},"modified":"2016-06-13T18:14:04","modified_gmt":"2016-06-13T17:14:04","slug":"lamazevic-celnici-ulcinja-da-pomognu-radnicima-solane","status":"publish","type":"post","link":"https:\/\/www.visit-ulcinj.com\/blog\/2016\/06\/13\/lamazevic-celnici-ulcinja-da-pomognu-radnicima-solane\/","title":{"rendered":"Lama\u017eevi\u0107: \u010celnici Ulcinja da pomognu radnicima Solane"},"content":{"rendered":"<p><strong><a href=\"http:\/\/www.visit-ulcinj.com\/blog\/wp-content\/uploads\/2016\/04\/Fuad-Lamezevic-pozitivna-Ulcinj.jpg\"><img loading=\"lazy\" class=\"alignleft wp-image-96160\" src=\"http:\/\/www.visit-ulcinj.com\/blog\/wp-content\/uploads\/2016\/04\/Fuad-Lamezevic-pozitivna-Ulcinj.jpg\" alt=\"Fuad-Lamezevic-pozitivna-Ulcinj\" width=\"508\" height=\"339\" srcset=\"https:\/\/www.visit-ulcinj.com\/blog\/wp-content\/uploads\/2016\/04\/Fuad-Lamezevic-pozitivna-Ulcinj.jpg 999w, https:\/\/www.visit-ulcinj.com\/blog\/wp-content\/uploads\/2016\/04\/Fuad-Lamezevic-pozitivna-Ulcinj-300x200.jpg 300w\" sizes=\"(max-width: 508px) 100vw, 508px\" \/><\/a>\u010celnici Op\u0161tine Ulcinj imaju obavezu da izna\u0111u rje\u0161enje kako bi biv\u0161im radnicma Solane pomogli da ostvare njihova zakonom propisana prava, saop\u0161tio je predsjednik OO Pozitivne u tom gradu Fuad Lama\u017eevi\u0107.<\/strong><\/p>\n<p>&#8220;Biv\u0161i radnici ulcinjske Solane tra\u017ee povezivanje radnog sta\u017ea kao i uplatu zaostalih li\u010dnih dohodaka koje su stekli svojim radom i koji im po zakonu pripadaju. S obzirom na to da biv\u0161a lokalna vlast je vi\u0161e vodila ra\u010duna o li\u010dnim i partijskim interesima, a potrebe grada i gra\u0111ana koji su je birali stavila u drugi plan, o\u010dekujemo od nove lokalne vlasti da po\u010dne raditi u interesu onih zbog kojih i vr\u0161e funkcije i zahvaljuju\u0107i kojima vr\u0161e vlast i primaju zarade&#8221;, istakao je Lama\u017eevi\u0107.<\/p>\n<p>Kako je istakao, stoga je vrlo va\u017eno da nova vlast, za razliku od biv\u0161e, shvati da je tu da bi pobolj\u0161ala kvalitet uslova \u017eivota i rada gra\u0111ana i Ulcinja u cjelosti.<\/p>\n<p>&#8220;Ulcinj kao zna\u010dajni privredno turisti\u010dki potencijal o\u010dekuje od nove vlasti ekonomski zaokret kako bi se smanjio broj nezaposlenih i ubrzao razvoj grada koji je godinama kao turisti\u010dki centar u zape\u0107ku&#8221;, kazao je Lama\u017eevi\u0107.<\/p>\n<p><strong>Izvor: RTCG<\/strong><\/p>\n","protected":false},"excerpt":{"rendered":"<p>\u010celnici Op\u0161tine Ulcinj imaju obavezu da izna\u0111u rje\u0161enje kako bi biv\u0161im radnicma Solane pomogli da ostvare njihova zakonom propisana prava, saop\u0161tio je predsjednik OO Pozitivne u tom gradu Fuad Lama\u017eevi\u0107. &#8220;Biv\u0161i radnici ulcinjske Solane tra\u017ee povezivanje radnog sta\u017ea kao i uplatu zaostalih li\u010dnih dohodaka koje su stekli svojim radom i koji im po zakonu pripadaju. [&hellip;]<\/p>\n","protected":false},"author":1,"featured_media":0,"comment_status":"closed","ping_status":"closed","sticky":false,"template":"","format":"standard","meta":{"spay_email":"","jetpack_publicize_message":"","jetpack_is_tweetstorm":false,"jetpack_publicize_feature_enabled":true},"categories":[8337],"tags":[],"jetpack_publicize_connections":[],"yoast_head":"<!-- This site is optimized with the Yoast SEO plugin v19.1 - https:\/\/yoast.com\/wordpress\/plugins\/seo\/ -->\n<title>Lama\u017eevi\u0107: \u010celnici Ulcinja da pomognu radnicima Solane - Lajme nga Ulqini<\/title>\n<meta name=\"description\" content=\"\u010celnici Op\u0161tine Ulcinj imaju obavezu da izna\u0111u rje\u0161enje kako bi biv\u0161im radnicma Solane pomogli da ostvare njihova zakonom propisana prava, saop\u0161tio je\" \/>\n<meta name=\"robots\" content=\"index, follow, max-snippet:-1, max-image-preview:large, max-video-preview:-1\" \/>\n<link rel=\"canonical\" href=\"https:\/\/www.visit-ulcinj.com\/blog\/2016\/06\/13\/lamazevic-celnici-ulcinja-da-pomognu-radnicima-solane\/\" \/>\n<meta property=\"og:locale\" content=\"en_US\" \/>\n<meta property=\"og:type\" content=\"article\" \/>\n<meta property=\"og:title\" content=\"Lama\u017eevi\u0107: \u010celnici Ulcinja da pomognu radnicima Solane - Lajme nga Ulqini\" \/>\n<meta property=\"og:description\" content=\"\u010celnici Op\u0161tine Ulcinj imaju obavezu da izna\u0111u rje\u0161enje kako bi biv\u0161im radnicma Solane pomogli da ostvare njihova zakonom propisana prava, saop\u0161tio je\" \/>\n<meta property=\"og:url\" content=\"https:\/\/www.visit-ulcinj.com\/blog\/2016\/06\/13\/lamazevic-celnici-ulcinja-da-pomognu-radnicima-solane\/\" \/>\n<meta property=\"og:site_name\" content=\"Lajme nga Ulqini\" \/>\n<meta property=\"article:published_time\" content=\"2016-06-13T17:14:04+00:00\" \/>\n<meta property=\"og:image\" content=\"http:\/\/www.visit-ulcinj.com\/blog\/wp-content\/uploads\/2016\/04\/Fuad-Lamezevic-pozitivna-Ulcinj.jpg\" \/>\n<meta name=\"twitter:label1\" content=\"Written by\" \/>\n\t<meta name=\"twitter:data1\" content=\"ulqini\" \/>\n\t<meta name=\"twitter:label2\" content=\"Est. reading time\" \/>\n\t<meta name=\"twitter:data2\" content=\"1 minute\" \/>\n<script type=\"application\/ld+json\" class=\"yoast-schema-graph\">{\"@context\":\"https:\/\/schema.org\",\"@graph\":[{\"@type\":\"WebSite\",\"@id\":\"https:\/\/www.visit-ulcinj.com\/blog\/#website\",\"url\":\"https:\/\/www.visit-ulcinj.com\/blog\/\",\"name\":\"Lajme nga Ulqini\",\"description\":\"Lajme,Vijesti,Ulqini,Ulqin,Crna Gora,Mali i Zi\",\"potentialAction\":[{\"@type\":\"SearchAction\",\"target\":{\"@type\":\"EntryPoint\",\"urlTemplate\":\"https:\/\/www.visit-ulcinj.com\/blog\/?s={search_term_string}\"},\"query-input\":\"required name=search_term_string\"}],\"inLanguage\":\"en-US\"},{\"@type\":\"ImageObject\",\"inLanguage\":\"en-US\",\"@id\":\"https:\/\/www.visit-ulcinj.com\/blog\/2016\/06\/13\/lamazevic-celnici-ulcinja-da-pomognu-radnicima-solane\/#primaryimage\",\"url\":\"https:\/\/www.visit-ulcinj.com\/blog\/wp-content\/uploads\/2016\/04\/Fuad-Lamezevic-pozitivna-Ulcinj.jpg\",\"contentUrl\":\"https:\/\/www.visit-ulcinj.com\/blog\/wp-content\/uploads\/2016\/04\/Fuad-Lamezevic-pozitivna-Ulcinj.jpg\",\"width\":999,\"height\":667},{\"@type\":\"WebPage\",\"@id\":\"https:\/\/www.visit-ulcinj.com\/blog\/2016\/06\/13\/lamazevic-celnici-ulcinja-da-pomognu-radnicima-solane\/#webpage\",\"url\":\"https:\/\/www.visit-ulcinj.com\/blog\/2016\/06\/13\/lamazevic-celnici-ulcinja-da-pomognu-radnicima-solane\/\",\"name\":\"Lama\u017eevi\u0107: \u010celnici Ulcinja da pomognu radnicima Solane - Lajme nga Ulqini\",\"isPartOf\":{\"@id\":\"https:\/\/www.visit-ulcinj.com\/blog\/#website\"},\"primaryImageOfPage\":{\"@id\":\"https:\/\/www.visit-ulcinj.com\/blog\/2016\/06\/13\/lamazevic-celnici-ulcinja-da-pomognu-radnicima-solane\/#primaryimage\"},\"datePublished\":\"2016-06-13T17:14:04+00:00\",\"dateModified\":\"2016-06-13T17:14:04+00:00\",\"author\":{\"@id\":\"https:\/\/www.visit-ulcinj.com\/blog\/#\/schema\/person\/dcab619c614d3038751c63bc2aadc06d\"},\"description\":\"\u010celnici Op\u0161tine Ulcinj imaju obavezu da izna\u0111u rje\u0161enje kako bi biv\u0161im radnicma Solane pomogli da ostvare njihova zakonom propisana prava, saop\u0161tio je\",\"breadcrumb\":{\"@id\":\"https:\/\/www.visit-ulcinj.com\/blog\/2016\/06\/13\/lamazevic-celnici-ulcinja-da-pomognu-radnicima-solane\/#breadcrumb\"},\"inLanguage\":\"en-US\",\"potentialAction\":[{\"@type\":\"ReadAction\",\"target\":[\"https:\/\/www.visit-ulcinj.com\/blog\/2016\/06\/13\/lamazevic-celnici-ulcinja-da-pomognu-radnicima-solane\/\"]}]},{\"@type\":\"BreadcrumbList\",\"@id\":\"https:\/\/www.visit-ulcinj.com\/blog\/2016\/06\/13\/lamazevic-celnici-ulcinja-da-pomognu-radnicima-solane\/#breadcrumb\",\"itemListElement\":[{\"@type\":\"ListItem\",\"position\":1,\"name\":\"Lama\u017eevi\u0107: \u010celnici Ulcinja da pomognu radnicima Solane\"}]},{\"@type\":\"Person\",\"@id\":\"https:\/\/www.visit-ulcinj.com\/blog\/#\/schema\/person\/dcab619c614d3038751c63bc2aadc06d\",\"name\":\"ulqini\",\"sameAs\":[\"http:\/\/www.visit-ulcinj.com\"],\"url\":\"https:\/\/www.visit-ulcinj.com\/blog\/author\/admin\/\"}]}<\/script>\n<!-- \/ Yoast SEO plugin. -->","yoast_head_json":{"title":"Lama\u017eevi\u0107: \u010celnici Ulcinja da pomognu radnicima Solane - Lajme nga Ulqini","description":"\u010celnici Op\u0161tine Ulcinj imaju obavezu da izna\u0111u rje\u0161enje kako bi biv\u0161im radnicma Solane pomogli da ostvare njihova zakonom propisana prava, saop\u0161tio je","robots":{"index":"index","follow":"follow","max-snippet":"max-snippet:-1","max-image-preview":"max-image-preview:large","max-video-preview":"max-video-preview:-1"},"canonical":"https:\/\/www.visit-ulcinj.com\/blog\/2016\/06\/13\/lamazevic-celnici-ulcinja-da-pomognu-radnicima-solane\/","og_locale":"en_US","og_type":"article","og_title":"Lama\u017eevi\u0107: \u010celnici Ulcinja da pomognu radnicima Solane - Lajme nga Ulqini","og_description":"\u010celnici Op\u0161tine Ulcinj imaju obavezu da izna\u0111u rje\u0161enje kako bi biv\u0161im radnicma Solane pomogli da ostvare njihova zakonom propisana prava, saop\u0161tio je","og_url":"https:\/\/www.visit-ulcinj.com\/blog\/2016\/06\/13\/lamazevic-celnici-ulcinja-da-pomognu-radnicima-solane\/","og_site_name":"Lajme nga Ulqini","article_published_time":"2016-06-13T17:14:04+00:00","og_image":[{"url":"http:\/\/www.visit-ulcinj.com\/blog\/wp-content\/uploads\/2016\/04\/Fuad-Lamezevic-pozitivna-Ulcinj.jpg"}],"twitter_misc":{"Written by":"ulqini","Est. reading time":"1 minute"},"schema":{"@context":"https:\/\/schema.org","@graph":[{"@type":"WebSite","@id":"https:\/\/www.visit-ulcinj.com\/blog\/#website","url":"https:\/\/www.visit-ulcinj.com\/blog\/","name":"Lajme nga Ulqini","description":"Lajme,Vijesti,Ulqini,Ulqin,Crna Gora,Mali i Zi","potentialAction":[{"@type":"SearchAction","target":{"@type":"EntryPoint","urlTemplate":"https:\/\/www.visit-ulcinj.com\/blog\/?s={search_term_string}"},"query-input":"required name=search_term_string"}],"inLanguage":"en-US"},{"@type":"ImageObject","inLanguage":"en-US","@id":"https:\/\/www.visit-ulcinj.com\/blog\/2016\/06\/13\/lamazevic-celnici-ulcinja-da-pomognu-radnicima-solane\/#primaryimage","url":"https:\/\/www.visit-ulcinj.com\/blog\/wp-content\/uploads\/2016\/04\/Fuad-Lamezevic-pozitivna-Ulcinj.jpg","contentUrl":"https:\/\/www.visit-ulcinj.com\/blog\/wp-content\/uploads\/2016\/04\/Fuad-Lamezevic-pozitivna-Ulcinj.jpg","width":999,"height":667},{"@type":"WebPage","@id":"https:\/\/www.visit-ulcinj.com\/blog\/2016\/06\/13\/lamazevic-celnici-ulcinja-da-pomognu-radnicima-solane\/#webpage","url":"https:\/\/www.visit-ulcinj.com\/blog\/2016\/06\/13\/lamazevic-celnici-ulcinja-da-pomognu-radnicima-solane\/","name":"Lama\u017eevi\u0107: \u010celnici Ulcinja da pomognu radnicima Solane - Lajme nga Ulqini","isPartOf":{"@id":"https:\/\/www.visit-ulcinj.com\/blog\/#website"},"primaryImageOfPage":{"@id":"https:\/\/www.visit-ulcinj.com\/blog\/2016\/06\/13\/lamazevic-celnici-ulcinja-da-pomognu-radnicima-solane\/#primaryimage"},"datePublished":"2016-06-13T17:14:04+00:00","dateModified":"2016-06-13T17:14:04+00:00","author":{"@id":"https:\/\/www.visit-ulcinj.com\/blog\/#\/schema\/person\/dcab619c614d3038751c63bc2aadc06d"},"description":"\u010celnici Op\u0161tine Ulcinj imaju obavezu da izna\u0111u rje\u0161enje kako bi biv\u0161im radnicma Solane pomogli da ostvare njihova zakonom propisana prava, saop\u0161tio je","breadcrumb":{"@id":"https:\/\/www.visit-ulcinj.com\/blog\/2016\/06\/13\/lamazevic-celnici-ulcinja-da-pomognu-radnicima-solane\/#breadcrumb"},"inLanguage":"en-US","potentialAction":[{"@type":"ReadAction","target":["https:\/\/www.visit-ulcinj.com\/blog\/2016\/06\/13\/lamazevic-celnici-ulcinja-da-pomognu-radnicima-solane\/"]}]},{"@type":"BreadcrumbList","@id":"https:\/\/www.visit-ulcinj.com\/blog\/2016\/06\/13\/lamazevic-celnici-ulcinja-da-pomognu-radnicima-solane\/#breadcrumb","itemListElement":[{"@type":"ListItem","position":1,"name":"Lama\u017eevi\u0107: \u010celnici Ulcinja da pomognu radnicima Solane"}]},{"@type":"Person","@id":"https:\/\/www.visit-ulcinj.com\/blog\/#\/schema\/person\/dcab619c614d3038751c63bc2aadc06d","name":"ulqini","sameAs":["http:\/\/www.visit-ulcinj.com"],"url":"https:\/\/www.visit-ulcinj.com\/blog\/author\/admin\/"}]}},"jetpack_featured_media_url":"","jetpack_sharing_enabled":true,"jetpack_shortlink":"https:\/\/wp.me\/pe6lTn-pnJ","_links":{"self":[{"href":"https:\/\/www.visit-ulcinj.com\/blog\/wp-json\/wp\/v2\/posts\/97571"}],"collection":[{"href":"https:\/\/www.visit-ulcinj.com\/blog\/wp-json\/wp\/v2\/posts"}],"about":[{"href":"https:\/\/www.visit-ulcinj.com\/blog\/wp-json\/wp\/v2\/types\/post"}],"author":[{"embeddable":true,"href":"https:\/\/www.visit-ulcinj.com\/blog\/wp-json\/wp\/v2\/users\/1"}],"replies":[{"embeddable":true,"href":"https:\/\/www.visit-ulcinj.com\/blog\/wp-json\/wp\/v2\/comments?post=97571"}],"version-history":[{"count":1,"href":"https:\/\/www.visit-ulcinj.com\/blog\/wp-json\/wp\/v2\/posts\/97571\/revisions"}],"predecessor-version":[{"id":97572,"href":"https:\/\/www.visit-ulcinj.com\/blog\/wp-json\/wp\/v2\/posts\/97571\/revisions\/97572"}],"wp:attachment":[{"href":"https:\/\/www.visit-ulcinj.com\/blog\/wp-json\/wp\/v2\/media?parent=97571"}],"wp:term":[{"taxonomy":"category","embeddable":true,"href":"https:\/\/www.visit-ulcinj.com\/blog\/wp-json\/wp\/v2\/categories?post=97571"},{"taxonomy":"post_tag","embeddable":true,"href":"https:\/\/www.visit-ulcinj.com\/blog\/wp-json\/wp\/v2\/tags?post=97571"}],"curies":[{"name":"wp","href":"https:\/\/api.w.org\/{rel}","templated":true}]}}