{"id":97573,"date":"2016-06-13T18:20:04","date_gmt":"2016-06-13T17:20:04","guid":{"rendered":"http:\/\/www.visit-ulcinj.com\/blog\/?p=97573"},"modified":"2016-06-13T18:20:04","modified_gmt":"2016-06-13T17:20:04","slug":"abazovic-vec-smo-pripremili-tekst-za-izmjene-zakona-o-specijalnom-tuzilastvu","status":"publish","type":"post","link":"https:\/\/www.visit-ulcinj.com\/blog\/2016\/06\/13\/abazovic-vec-smo-pripremili-tekst-za-izmjene-zakona-o-specijalnom-tuzilastvu\/","title":{"rendered":"Abazovi\u0107: Ve\u0107 smo pripremili tekst za izmjene zakona o specijalnom tu\u017eila\u0161tvu"},"content":{"rendered":"<p><strong>Poslanici SDP-a, Demosa i URA-e dostavi\u0107e u ponedjeljak Predlog izmjena Zakona o specijalnom tu\u017eila\u0161tvu, koji propisuje da ono preuzme krivi\u010dno gonjenje povreda izbornog prava. Poslanik Dritan Abazovi\u0107 kao razlog navodi da su, kako smatra, dosada\u0161nje zloupotrebe tretirane povr\u0161no. U DPS-u ka\u017eu da \u0107e se o inicijativi izjasniti kada je dobiju.<\/strong><\/p>\n<p><a href=\"http:\/\/www.visit-ulcinj.com\/blog\/wp-content\/uploads\/2016\/06\/Dritan-Abazovic-.jpg\"><img loading=\"lazy\" class=\"alignleft wp-image-97574\" src=\"http:\/\/www.visit-ulcinj.com\/blog\/wp-content\/uploads\/2016\/06\/Dritan-Abazovic-.jpg\" alt=\"Dritan-Abazovic-\" width=\"508\" height=\"677\" srcset=\"https:\/\/www.visit-ulcinj.com\/blog\/wp-content\/uploads\/2016\/06\/Dritan-Abazovic-.jpg 720w, https:\/\/www.visit-ulcinj.com\/blog\/wp-content\/uploads\/2016\/06\/Dritan-Abazovic--225x300.jpg 225w\" sizes=\"(max-width: 508px) 100vw, 508px\" \/><\/a><\/p>\n<p>&#8220;Do\u0161li smo do zaklju\u010dka da su dosada\u0161nje zloupotrebe, koje su se ticale afere Snimak, tretitrane vrlo povr\u0161no i subjektivno. Te izjave \u0107emo formalizovati u ponedjeljak, a ve\u0107 smo pripremili tekst da bi se brzo na\u0161ao pred poslanicima, kako bi u ovom periodu rada Skup\u0161tine mogli i da za\u017eive u praksi i da budu aktuelni u trenutku kada budu raspisani izbori&#8221;, kazao je Abazovi\u0107 radiju Antena M.<\/p>\n<p>On je kazao da je po sada\u0161njem Zakonu nadle\u017eno Osnovno tu\u017eilastvo.<\/p>\n<p>&#8220;Iskustvo sa Osnovnim tu\u017eila\u0161tvom u Pljevljima i Podgorici, vezano za lokalne izbore u Podgorici je vi\u0161e nego katastrofalno. Ukoliko Parlament bude odlu\u010dio da usvoji te izmjene, onda \u0107e se svi dobro zamisliti. Jer, i\u0107i u zatvor na pet godina ili na tri godine za neki prekr\u0161aj i imati uslovnu kaznu, zaista nije isto&#8221;, ocijenio je Abazovi\u0107.<\/p>\n<p>O inicijativi SDP-a DEMOSA i URE, DPS \u0107e se, ka\u017ee poslanik te partije Milorad Vuleti\u0107, izjasniti kada je dobiju.<\/p>\n<p>&#8220;Cijenimo da su ve\u0107 preduzete odgovaraju\u0107e radnje i aktivnosti, od strane svih institucija, da bi se izborni proces kontrolisao kako bi odr\u017eavanje izbora u oktobru pokazalo da se zaista o tome vodilo ra\u010duna, i da bi eventualni propusti bili svedeni na minimum&#8221;, dodao je Vuleti\u0107.<\/p>\n<p>Glavni specijalni tu\u017eilac Milivoje Katni\u0107 nedavno je, podsjetimo, saop\u0161tio da bi izmje\u0161tanjem krivi\u010dnih djela protiv izbornih prava u nadle\u017enost Specijalnog tu\u017eila\u0161tva bila sprije\u010dena borba protiv organizovanog kriminala i visoke korupcije, s obzirom na, kako je rekao, kadrovske potencijale kojima Specijalno dr\u017eavno tu\u017eila\u0161tvo raspola\u017ee.<\/p>\n<p><strong>Izvor: RTCG<\/strong><\/p>\n","protected":false},"excerpt":{"rendered":"<p>Poslanici SDP-a, Demosa i URA-e dostavi\u0107e u ponedjeljak Predlog izmjena Zakona o specijalnom tu\u017eila\u0161tvu, koji propisuje da ono preuzme krivi\u010dno gonjenje povreda izbornog prava. Poslanik Dritan Abazovi\u0107 kao razlog navodi da su, kako smatra, dosada\u0161nje zloupotrebe tretirane povr\u0161no. U DPS-u ka\u017eu da \u0107e se o inicijativi izjasniti kada je dobiju. &#8220;Do\u0161li smo do zaklju\u010dka da [&hellip;]<\/p>\n","protected":false},"author":1,"featured_media":0,"comment_status":"closed","ping_status":"closed","sticky":false,"template":"","format":"standard","meta":{"spay_email":"","jetpack_publicize_message":"","jetpack_is_tweetstorm":false,"jetpack_publicize_feature_enabled":true},"categories":[6950],"tags":[],"jetpack_publicize_connections":[],"yoast_head":"<!-- This site is optimized with the Yoast SEO plugin v19.1 - https:\/\/yoast.com\/wordpress\/plugins\/seo\/ -->\n<title>Abazovi\u0107: Ve\u0107 smo pripremili tekst za izmjene zakona o specijalnom tu\u017eila\u0161tvu - Lajme nga Ulqini<\/title>\n<meta name=\"description\" content=\"Poslanici SDP-a, Demosa i URA-e dostavi\u0107e u ponedjeljak Predlog izmjena Zakona o specijalnom tu\u017eila\u0161tvu, koji propisuje da ono preuzme krivi\u010dno gonjenje\" \/>\n<meta name=\"robots\" content=\"index, follow, max-snippet:-1, max-image-preview:large, max-video-preview:-1\" \/>\n<link rel=\"canonical\" href=\"https:\/\/www.visit-ulcinj.com\/blog\/2016\/06\/13\/abazovic-vec-smo-pripremili-tekst-za-izmjene-zakona-o-specijalnom-tuzilastvu\/\" \/>\n<meta property=\"og:locale\" content=\"en_US\" \/>\n<meta property=\"og:type\" content=\"article\" \/>\n<meta property=\"og:title\" content=\"Abazovi\u0107: Ve\u0107 smo pripremili tekst za izmjene zakona o specijalnom tu\u017eila\u0161tvu - Lajme nga Ulqini\" \/>\n<meta property=\"og:description\" content=\"Poslanici SDP-a, Demosa i URA-e dostavi\u0107e u ponedjeljak Predlog izmjena Zakona o specijalnom tu\u017eila\u0161tvu, koji propisuje da ono preuzme krivi\u010dno gonjenje\" \/>\n<meta property=\"og:url\" content=\"https:\/\/www.visit-ulcinj.com\/blog\/2016\/06\/13\/abazovic-vec-smo-pripremili-tekst-za-izmjene-zakona-o-specijalnom-tuzilastvu\/\" \/>\n<meta property=\"og:site_name\" content=\"Lajme nga Ulqini\" \/>\n<meta property=\"article:published_time\" content=\"2016-06-13T17:20:04+00:00\" \/>\n<meta property=\"og:image\" content=\"http:\/\/www.visit-ulcinj.com\/blog\/wp-content\/uploads\/2016\/06\/Dritan-Abazovic-.jpg\" \/>\n<meta name=\"twitter:label1\" content=\"Written by\" \/>\n\t<meta name=\"twitter:data1\" content=\"ulqini\" \/>\n\t<meta name=\"twitter:label2\" content=\"Est. reading time\" \/>\n\t<meta name=\"twitter:data2\" content=\"2 minutes\" \/>\n<script type=\"application\/ld+json\" class=\"yoast-schema-graph\">{\"@context\":\"https:\/\/schema.org\",\"@graph\":[{\"@type\":\"WebSite\",\"@id\":\"https:\/\/www.visit-ulcinj.com\/blog\/#website\",\"url\":\"https:\/\/www.visit-ulcinj.com\/blog\/\",\"name\":\"Lajme nga Ulqini\",\"description\":\"Lajme,Vijesti,Ulqini,Ulqin,Crna Gora,Mali i Zi\",\"potentialAction\":[{\"@type\":\"SearchAction\",\"target\":{\"@type\":\"EntryPoint\",\"urlTemplate\":\"https:\/\/www.visit-ulcinj.com\/blog\/?s={search_term_string}\"},\"query-input\":\"required name=search_term_string\"}],\"inLanguage\":\"en-US\"},{\"@type\":\"ImageObject\",\"inLanguage\":\"en-US\",\"@id\":\"https:\/\/www.visit-ulcinj.com\/blog\/2016\/06\/13\/abazovic-vec-smo-pripremili-tekst-za-izmjene-zakona-o-specijalnom-tuzilastvu\/#primaryimage\",\"url\":\"https:\/\/www.visit-ulcinj.com\/blog\/wp-content\/uploads\/2016\/06\/Dritan-Abazovic-.jpg\",\"contentUrl\":\"https:\/\/www.visit-ulcinj.com\/blog\/wp-content\/uploads\/2016\/06\/Dritan-Abazovic-.jpg\",\"width\":720,\"height\":960},{\"@type\":\"WebPage\",\"@id\":\"https:\/\/www.visit-ulcinj.com\/blog\/2016\/06\/13\/abazovic-vec-smo-pripremili-tekst-za-izmjene-zakona-o-specijalnom-tuzilastvu\/#webpage\",\"url\":\"https:\/\/www.visit-ulcinj.com\/blog\/2016\/06\/13\/abazovic-vec-smo-pripremili-tekst-za-izmjene-zakona-o-specijalnom-tuzilastvu\/\",\"name\":\"Abazovi\u0107: Ve\u0107 smo pripremili tekst za izmjene zakona o specijalnom tu\u017eila\u0161tvu - Lajme nga Ulqini\",\"isPartOf\":{\"@id\":\"https:\/\/www.visit-ulcinj.com\/blog\/#website\"},\"primaryImageOfPage\":{\"@id\":\"https:\/\/www.visit-ulcinj.com\/blog\/2016\/06\/13\/abazovic-vec-smo-pripremili-tekst-za-izmjene-zakona-o-specijalnom-tuzilastvu\/#primaryimage\"},\"datePublished\":\"2016-06-13T17:20:04+00:00\",\"dateModified\":\"2016-06-13T17:20:04+00:00\",\"author\":{\"@id\":\"https:\/\/www.visit-ulcinj.com\/blog\/#\/schema\/person\/dcab619c614d3038751c63bc2aadc06d\"},\"description\":\"Poslanici SDP-a, Demosa i URA-e dostavi\u0107e u ponedjeljak Predlog izmjena Zakona o specijalnom tu\u017eila\u0161tvu, koji propisuje da ono preuzme krivi\u010dno gonjenje\",\"breadcrumb\":{\"@id\":\"https:\/\/www.visit-ulcinj.com\/blog\/2016\/06\/13\/abazovic-vec-smo-pripremili-tekst-za-izmjene-zakona-o-specijalnom-tuzilastvu\/#breadcrumb\"},\"inLanguage\":\"en-US\",\"potentialAction\":[{\"@type\":\"ReadAction\",\"target\":[\"https:\/\/www.visit-ulcinj.com\/blog\/2016\/06\/13\/abazovic-vec-smo-pripremili-tekst-za-izmjene-zakona-o-specijalnom-tuzilastvu\/\"]}]},{\"@type\":\"BreadcrumbList\",\"@id\":\"https:\/\/www.visit-ulcinj.com\/blog\/2016\/06\/13\/abazovic-vec-smo-pripremili-tekst-za-izmjene-zakona-o-specijalnom-tuzilastvu\/#breadcrumb\",\"itemListElement\":[{\"@type\":\"ListItem\",\"position\":1,\"name\":\"Abazovi\u0107: Ve\u0107 smo pripremili tekst za izmjene zakona o specijalnom tu\u017eila\u0161tvu\"}]},{\"@type\":\"Person\",\"@id\":\"https:\/\/www.visit-ulcinj.com\/blog\/#\/schema\/person\/dcab619c614d3038751c63bc2aadc06d\",\"name\":\"ulqini\",\"sameAs\":[\"http:\/\/www.visit-ulcinj.com\"],\"url\":\"https:\/\/www.visit-ulcinj.com\/blog\/author\/admin\/\"}]}<\/script>\n<!-- \/ Yoast SEO plugin. -->","yoast_head_json":{"title":"Abazovi\u0107: Ve\u0107 smo pripremili tekst za izmjene zakona o specijalnom tu\u017eila\u0161tvu - Lajme nga Ulqini","description":"Poslanici SDP-a, Demosa i URA-e dostavi\u0107e u ponedjeljak Predlog izmjena Zakona o specijalnom tu\u017eila\u0161tvu, koji propisuje da ono preuzme krivi\u010dno gonjenje","robots":{"index":"index","follow":"follow","max-snippet":"max-snippet:-1","max-image-preview":"max-image-preview:large","max-video-preview":"max-video-preview:-1"},"canonical":"https:\/\/www.visit-ulcinj.com\/blog\/2016\/06\/13\/abazovic-vec-smo-pripremili-tekst-za-izmjene-zakona-o-specijalnom-tuzilastvu\/","og_locale":"en_US","og_type":"article","og_title":"Abazovi\u0107: Ve\u0107 smo pripremili tekst za izmjene zakona o specijalnom tu\u017eila\u0161tvu - Lajme nga Ulqini","og_description":"Poslanici SDP-a, Demosa i URA-e dostavi\u0107e u ponedjeljak Predlog izmjena Zakona o specijalnom tu\u017eila\u0161tvu, koji propisuje da ono preuzme krivi\u010dno gonjenje","og_url":"https:\/\/www.visit-ulcinj.com\/blog\/2016\/06\/13\/abazovic-vec-smo-pripremili-tekst-za-izmjene-zakona-o-specijalnom-tuzilastvu\/","og_site_name":"Lajme nga Ulqini","article_published_time":"2016-06-13T17:20:04+00:00","og_image":[{"url":"http:\/\/www.visit-ulcinj.com\/blog\/wp-content\/uploads\/2016\/06\/Dritan-Abazovic-.jpg"}],"twitter_misc":{"Written by":"ulqini","Est. reading time":"2 minutes"},"schema":{"@context":"https:\/\/schema.org","@graph":[{"@type":"WebSite","@id":"https:\/\/www.visit-ulcinj.com\/blog\/#website","url":"https:\/\/www.visit-ulcinj.com\/blog\/","name":"Lajme nga Ulqini","description":"Lajme,Vijesti,Ulqini,Ulqin,Crna Gora,Mali i Zi","potentialAction":[{"@type":"SearchAction","target":{"@type":"EntryPoint","urlTemplate":"https:\/\/www.visit-ulcinj.com\/blog\/?s={search_term_string}"},"query-input":"required name=search_term_string"}],"inLanguage":"en-US"},{"@type":"ImageObject","inLanguage":"en-US","@id":"https:\/\/www.visit-ulcinj.com\/blog\/2016\/06\/13\/abazovic-vec-smo-pripremili-tekst-za-izmjene-zakona-o-specijalnom-tuzilastvu\/#primaryimage","url":"https:\/\/www.visit-ulcinj.com\/blog\/wp-content\/uploads\/2016\/06\/Dritan-Abazovic-.jpg","contentUrl":"https:\/\/www.visit-ulcinj.com\/blog\/wp-content\/uploads\/2016\/06\/Dritan-Abazovic-.jpg","width":720,"height":960},{"@type":"WebPage","@id":"https:\/\/www.visit-ulcinj.com\/blog\/2016\/06\/13\/abazovic-vec-smo-pripremili-tekst-za-izmjene-zakona-o-specijalnom-tuzilastvu\/#webpage","url":"https:\/\/www.visit-ulcinj.com\/blog\/2016\/06\/13\/abazovic-vec-smo-pripremili-tekst-za-izmjene-zakona-o-specijalnom-tuzilastvu\/","name":"Abazovi\u0107: Ve\u0107 smo pripremili tekst za izmjene zakona o specijalnom tu\u017eila\u0161tvu - Lajme nga Ulqini","isPartOf":{"@id":"https:\/\/www.visit-ulcinj.com\/blog\/#website"},"primaryImageOfPage":{"@id":"https:\/\/www.visit-ulcinj.com\/blog\/2016\/06\/13\/abazovic-vec-smo-pripremili-tekst-za-izmjene-zakona-o-specijalnom-tuzilastvu\/#primaryimage"},"datePublished":"2016-06-13T17:20:04+00:00","dateModified":"2016-06-13T17:20:04+00:00","author":{"@id":"https:\/\/www.visit-ulcinj.com\/blog\/#\/schema\/person\/dcab619c614d3038751c63bc2aadc06d"},"description":"Poslanici SDP-a, Demosa i URA-e dostavi\u0107e u ponedjeljak Predlog izmjena Zakona o specijalnom tu\u017eila\u0161tvu, koji propisuje da ono preuzme krivi\u010dno gonjenje","breadcrumb":{"@id":"https:\/\/www.visit-ulcinj.com\/blog\/2016\/06\/13\/abazovic-vec-smo-pripremili-tekst-za-izmjene-zakona-o-specijalnom-tuzilastvu\/#breadcrumb"},"inLanguage":"en-US","potentialAction":[{"@type":"ReadAction","target":["https:\/\/www.visit-ulcinj.com\/blog\/2016\/06\/13\/abazovic-vec-smo-pripremili-tekst-za-izmjene-zakona-o-specijalnom-tuzilastvu\/"]}]},{"@type":"BreadcrumbList","@id":"https:\/\/www.visit-ulcinj.com\/blog\/2016\/06\/13\/abazovic-vec-smo-pripremili-tekst-za-izmjene-zakona-o-specijalnom-tuzilastvu\/#breadcrumb","itemListElement":[{"@type":"ListItem","position":1,"name":"Abazovi\u0107: Ve\u0107 smo pripremili tekst za izmjene zakona o specijalnom tu\u017eila\u0161tvu"}]},{"@type":"Person","@id":"https:\/\/www.visit-ulcinj.com\/blog\/#\/schema\/person\/dcab619c614d3038751c63bc2aadc06d","name":"ulqini","sameAs":["http:\/\/www.visit-ulcinj.com"],"url":"https:\/\/www.visit-ulcinj.com\/blog\/author\/admin\/"}]}},"jetpack_featured_media_url":"","jetpack_sharing_enabled":true,"jetpack_shortlink":"https:\/\/wp.me\/pe6lTn-pnL","_links":{"self":[{"href":"https:\/\/www.visit-ulcinj.com\/blog\/wp-json\/wp\/v2\/posts\/97573"}],"collection":[{"href":"https:\/\/www.visit-ulcinj.com\/blog\/wp-json\/wp\/v2\/posts"}],"about":[{"href":"https:\/\/www.visit-ulcinj.com\/blog\/wp-json\/wp\/v2\/types\/post"}],"author":[{"embeddable":true,"href":"https:\/\/www.visit-ulcinj.com\/blog\/wp-json\/wp\/v2\/users\/1"}],"replies":[{"embeddable":true,"href":"https:\/\/www.visit-ulcinj.com\/blog\/wp-json\/wp\/v2\/comments?post=97573"}],"version-history":[{"count":1,"href":"https:\/\/www.visit-ulcinj.com\/blog\/wp-json\/wp\/v2\/posts\/97573\/revisions"}],"predecessor-version":[{"id":97575,"href":"https:\/\/www.visit-ulcinj.com\/blog\/wp-json\/wp\/v2\/posts\/97573\/revisions\/97575"}],"wp:attachment":[{"href":"https:\/\/www.visit-ulcinj.com\/blog\/wp-json\/wp\/v2\/media?parent=97573"}],"wp:term":[{"taxonomy":"category","embeddable":true,"href":"https:\/\/www.visit-ulcinj.com\/blog\/wp-json\/wp\/v2\/categories?post=97573"},{"taxonomy":"post_tag","embeddable":true,"href":"https:\/\/www.visit-ulcinj.com\/blog\/wp-json\/wp\/v2\/tags?post=97573"}],"curies":[{"name":"wp","href":"https:\/\/api.w.org\/{rel}","templated":true}]}}