{"id":97584,"date":"2016-06-13T22:45:12","date_gmt":"2016-06-13T21:45:12","guid":{"rendered":"http:\/\/www.visit-ulcinj.com\/blog\/?p=97584"},"modified":"2016-06-13T22:45:12","modified_gmt":"2016-06-13T21:45:12","slug":"nika-inspektoret-republikane-perseri-rikthehen-kontrollit-ne-komunen-e-ulqinit","status":"publish","type":"post","link":"https:\/\/www.visit-ulcinj.com\/blog\/2016\/06\/13\/nika-inspektoret-republikane-perseri-rikthehen-kontrollit-ne-komunen-e-ulqinit\/","title":{"rendered":"Nika:  Inspektor\u00ebt  republikan\u00eb, p\u00ebrs\u00ebri i rikthehen kontrollit n\u00eb komun\u00ebn e Ulqinit"},"content":{"rendered":"<p><strong><em><a href=\"http:\/\/www.visit-ulcinj.com\/blog\/wp-content\/uploads\/2014\/11\/Muhamet-Nika.jpg\"><img loading=\"lazy\" class=\"alignleft wp-image-86143 size-full\" src=\"http:\/\/www.visit-ulcinj.com\/blog\/wp-content\/uploads\/2014\/11\/Muhamet-Nika.jpg\" alt=\"Muhamet Nika\" width=\"256\" height=\"319\" srcset=\"https:\/\/www.visit-ulcinj.com\/blog\/wp-content\/uploads\/2014\/11\/Muhamet-Nika.jpg 256w, https:\/\/www.visit-ulcinj.com\/blog\/wp-content\/uploads\/2014\/11\/Muhamet-Nika-240x300.jpg 240w\" sizes=\"(max-width: 256px) 100vw, 256px\" \/><\/a>Shkruan: Muhamed Nika<\/em><\/strong><\/p>\n<p>N\u00eb kuad\u00ebr t\u00eb kontrollit\u00a0 t\u00eb vet ministria p\u00ebrkat\u00ebse , p\u00ebrs\u00ebri k\u00ebt\u00eb jav\u00eb \u00a0p\u00ebrmes inspektor\u00ebve administrativ\u00eb iu rikthye kontrollit t\u00eb komun\u00ebs \u00a0s\u00eb Ulqinit. Kontrolli \u00a0ka t\u00eb b\u00ebj\u00eb me ligjshm\u00ebrit\u00eb\u00a0 e themelimit\u00a0 t\u00eb marr\u00ebdh\u00ebnieve t\u00eb pun\u00ebs \u00a0p\u00ebr \u00e7do t\u00eb pun\u00ebsuar\u00a0 q\u00eb \u00a0nga koha\u00a0 \u00a0e pushtetit komunist\u00eb t\u00eb para shum\u00eb dekadave.<\/p>\n<p>Pas nj\u00eb kontroll\u00a0 t\u00eb \u00a0\u00a0kryer\u00a0 \u00a0q\u00eb \u00a0m\u00eb her\u00ebt , nga inspektor\u00ebt, \u00a0ishin evidentuar\u00a0 \u00a0shkelje ligjore \u00a0edhe \u00a0madje nga vet\u00eb \u00a0n\u00ebpun\u00ebsit\u00a0 komunist\u00eb.\u00a0 P\u00ebr\u00a0 evitim \u00a0te t\u00eb \u00a0gjith\u00eb\u00a0 k\u00ebtyre parregullsive , \u00a0kontrolli i shtetit\u00a0 pas incizimit t\u00eb situat\u00ebs \u00a0\u00a0, kish \u00a0p\u00ebrcaktuar dhe \u00a0obligimet q\u00eb duhet t\u00eb \u00a0nd\u00ebrmerren\u00a0 nga \u00a0administrata\u00a0\u00a0 n\u00eb evidentimin e problemeve. P\u00ebr tu ikur k\u00ebtyre parregullsive , disa nga\u00a0 t\u00eb pun\u00ebsuarit n\u00eb k\u00ebt\u00eb sektor\u00a0 vullnetarisht \u00a0po duket b\u00ebn\u00eb\u00a0\u00a0 l\u00ebshimin e vendit t\u00eb pun\u00ebs. Dhe k\u00ebshtu, k\u00ebta mbi baz\u00ebn e planit t\u00eb rim\u00ebk\u00ebmbjes\u00a0 tashti g\u00ebzojn\u00eb ofert\u00ebn \u00a0p\u00ebr zhd\u00ebmtim\u00a0 n\u00eb t\u00eb holla, n\u00eb shum\u00ebn prej\u00a0 10 mij\u00eb eurove.<\/p>\n<p>P\u00ebrmendim se d\u00ebnimet n\u00eb k\u00ebto situata, p\u00ebr mos respektim t\u00eb masave t\u00eb qeveris\u00eb,\u00a0 nga\u00a0 shefat p\u00ebrkat\u00ebs, jan\u00eb drastike dhe sill\u00ebn rreth 20 mij\u00eb ero p\u00ebr mos zbatim e deri me\u00a0\u00a0 largim nga puna n\u00ebse vazhdohet me injorim t\u00eb tyre. Prandaj po duket\u00a0 se kjo \u00e7\u00ebshtje nga pushtetar\u00ebt \u00ebsht\u00eb marr\u00eb seriozisht.<\/p>\n<p>Kontrolli\u00a0 i cekur \u00a0mbi baz\u00ebn\u00a0 e planit t\u00eb ri m\u00ebk\u00ebmbjes , nga i cili komuna\u00a0 \u00ebsht\u00eb duke fituar mjete,\u00a0 ka hyr\u00eb n\u00eb fuqi para \u00a0\u00a03 \u2013 4 viteve \u00a0dhe \u00a0\u00a0n\u00eb prag t\u00eb n\u00ebnshkrimit t\u00eb tij , \u00a0komuna\u00a0 kish \u00a0\u00a0mbi 200 t\u00eb pun\u00ebsuar. ..?!!<\/p>\n<p>P\u00ebr momentin ky num\u00ebr ka r\u00ebn\u00eb\u00a0 diku rreth\u00a0 130 vetave dhe\u00a0 q\u00eb deri n\u00eb fund t\u00eb vitit 20018, duhet t\u00eb bjer\u00eb \u00a0doemos n\u00eb 80-90 pun\u00ebtor\u00eb. E n\u00ebse nuk bije , at\u00ebher\u00eb mbi baz\u00ebn e automatizmit\u00a0 q\u00eb parasheh\u00a0 marr\u00ebveshja e \u00a0rim\u00ebk\u00ebmbjes: qeveri- komun\u00eb, at\u00ebher\u00eb \u00a0vet\u00eb \u00a0qeveria do t\u00eb shuaj vendet e pun\u00ebs q\u00eb jan\u00eb tepric\u00eb teknologjike.<\/p>\n<p>&nbsp;<\/p>\n<p><strong>Pik\u00ebpamjet e shprehura n\u00eb faqen \u201cOPINIONE\u201d nuk p\u00ebrfaq\u00ebsojn\u00eb domosdoshm\u00ebrisht politik\u00ebn redaksionale t\u00eb \u201eLajmeve nga Ulqini\u201e<\/strong><\/p>\n","protected":false},"excerpt":{"rendered":"<p>Shkruan: Muhamed Nika N\u00eb kuad\u00ebr t\u00eb kontrollit\u00a0 t\u00eb vet ministria p\u00ebrkat\u00ebse , p\u00ebrs\u00ebri k\u00ebt\u00eb jav\u00eb \u00a0p\u00ebrmes inspektor\u00ebve administrativ\u00eb iu rikthye kontrollit t\u00eb komun\u00ebs \u00a0s\u00eb Ulqinit. Kontrolli \u00a0ka t\u00eb b\u00ebj\u00eb me ligjshm\u00ebrit\u00eb\u00a0 e themelimit\u00a0 t\u00eb marr\u00ebdh\u00ebnieve t\u00eb pun\u00ebs \u00a0p\u00ebr \u00e7do t\u00eb pun\u00ebsuar\u00a0 q\u00eb \u00a0nga koha\u00a0 \u00a0e pushtetit komunist\u00eb t\u00eb para shum\u00eb dekadave. Pas nj\u00eb kontroll\u00a0 t\u00eb [&hellip;]<\/p>\n","protected":false},"author":1,"featured_media":0,"comment_status":"closed","ping_status":"closed","sticky":false,"template":"","format":"standard","meta":{"spay_email":"","jetpack_publicize_message":"","jetpack_is_tweetstorm":false,"jetpack_publicize_feature_enabled":true},"categories":[14249],"tags":[],"jetpack_publicize_connections":[],"yoast_head":"<!-- This site is optimized with the Yoast SEO plugin v19.1 - https:\/\/yoast.com\/wordpress\/plugins\/seo\/ -->\n<title>Nika: Inspektor\u00ebt republikan\u00eb, p\u00ebrs\u00ebri i rikthehen kontrollit n\u00eb komun\u00ebn e Ulqinit - Lajme nga Ulqini<\/title>\n<meta name=\"description\" content=\"Shkruan: Muhamed Nika N\u00eb kuad\u00ebr t\u00eb kontrollit\u00a0 t\u00eb vet ministria p\u00ebrkat\u00ebse , p\u00ebrs\u00ebri k\u00ebt\u00eb jav\u00eb \u00a0p\u00ebrmes inspektor\u00ebve administrativ\u00eb iu rikthye kontrollit t\u00eb\" \/>\n<meta name=\"robots\" content=\"index, follow, max-snippet:-1, max-image-preview:large, max-video-preview:-1\" \/>\n<link rel=\"canonical\" href=\"https:\/\/www.visit-ulcinj.com\/blog\/2016\/06\/13\/nika-inspektoret-republikane-perseri-rikthehen-kontrollit-ne-komunen-e-ulqinit\/\" \/>\n<meta property=\"og:locale\" content=\"en_US\" \/>\n<meta property=\"og:type\" content=\"article\" \/>\n<meta property=\"og:title\" content=\"Nika: Inspektor\u00ebt republikan\u00eb, p\u00ebrs\u00ebri i rikthehen kontrollit n\u00eb komun\u00ebn e Ulqinit - Lajme nga Ulqini\" \/>\n<meta property=\"og:description\" content=\"Shkruan: Muhamed Nika N\u00eb kuad\u00ebr t\u00eb kontrollit\u00a0 t\u00eb vet ministria p\u00ebrkat\u00ebse , p\u00ebrs\u00ebri k\u00ebt\u00eb jav\u00eb \u00a0p\u00ebrmes inspektor\u00ebve administrativ\u00eb iu rikthye kontrollit t\u00eb\" \/>\n<meta property=\"og:url\" content=\"https:\/\/www.visit-ulcinj.com\/blog\/2016\/06\/13\/nika-inspektoret-republikane-perseri-rikthehen-kontrollit-ne-komunen-e-ulqinit\/\" \/>\n<meta property=\"og:site_name\" content=\"Lajme nga Ulqini\" \/>\n<meta property=\"article:published_time\" content=\"2016-06-13T21:45:12+00:00\" \/>\n<meta property=\"og:image\" content=\"http:\/\/www.visit-ulcinj.com\/blog\/wp-content\/uploads\/2014\/11\/Muhamet-Nika.jpg\" \/>\n<meta name=\"twitter:label1\" content=\"Written by\" \/>\n\t<meta name=\"twitter:data1\" content=\"ulqini\" \/>\n\t<meta name=\"twitter:label2\" content=\"Est. reading time\" \/>\n\t<meta name=\"twitter:data2\" content=\"2 minutes\" \/>\n<script type=\"application\/ld+json\" class=\"yoast-schema-graph\">{\"@context\":\"https:\/\/schema.org\",\"@graph\":[{\"@type\":\"WebSite\",\"@id\":\"https:\/\/www.visit-ulcinj.com\/blog\/#website\",\"url\":\"https:\/\/www.visit-ulcinj.com\/blog\/\",\"name\":\"Lajme nga Ulqini\",\"description\":\"Lajme,Vijesti,Ulqini,Ulqin,Crna Gora,Mali i Zi\",\"potentialAction\":[{\"@type\":\"SearchAction\",\"target\":{\"@type\":\"EntryPoint\",\"urlTemplate\":\"https:\/\/www.visit-ulcinj.com\/blog\/?s={search_term_string}\"},\"query-input\":\"required name=search_term_string\"}],\"inLanguage\":\"en-US\"},{\"@type\":\"ImageObject\",\"inLanguage\":\"en-US\",\"@id\":\"https:\/\/www.visit-ulcinj.com\/blog\/2016\/06\/13\/nika-inspektoret-republikane-perseri-rikthehen-kontrollit-ne-komunen-e-ulqinit\/#primaryimage\",\"url\":\"https:\/\/www.visit-ulcinj.com\/blog\/wp-content\/uploads\/2014\/11\/Muhamet-Nika.jpg\",\"contentUrl\":\"https:\/\/www.visit-ulcinj.com\/blog\/wp-content\/uploads\/2014\/11\/Muhamet-Nika.jpg\",\"width\":256,\"height\":319},{\"@type\":\"WebPage\",\"@id\":\"https:\/\/www.visit-ulcinj.com\/blog\/2016\/06\/13\/nika-inspektoret-republikane-perseri-rikthehen-kontrollit-ne-komunen-e-ulqinit\/#webpage\",\"url\":\"https:\/\/www.visit-ulcinj.com\/blog\/2016\/06\/13\/nika-inspektoret-republikane-perseri-rikthehen-kontrollit-ne-komunen-e-ulqinit\/\",\"name\":\"Nika: Inspektor\u00ebt republikan\u00eb, p\u00ebrs\u00ebri i rikthehen kontrollit n\u00eb komun\u00ebn e Ulqinit - Lajme nga Ulqini\",\"isPartOf\":{\"@id\":\"https:\/\/www.visit-ulcinj.com\/blog\/#website\"},\"primaryImageOfPage\":{\"@id\":\"https:\/\/www.visit-ulcinj.com\/blog\/2016\/06\/13\/nika-inspektoret-republikane-perseri-rikthehen-kontrollit-ne-komunen-e-ulqinit\/#primaryimage\"},\"datePublished\":\"2016-06-13T21:45:12+00:00\",\"dateModified\":\"2016-06-13T21:45:12+00:00\",\"author\":{\"@id\":\"https:\/\/www.visit-ulcinj.com\/blog\/#\/schema\/person\/dcab619c614d3038751c63bc2aadc06d\"},\"description\":\"Shkruan: Muhamed Nika N\u00eb kuad\u00ebr t\u00eb kontrollit\u00a0 t\u00eb vet ministria p\u00ebrkat\u00ebse , p\u00ebrs\u00ebri k\u00ebt\u00eb jav\u00eb \u00a0p\u00ebrmes inspektor\u00ebve administrativ\u00eb iu rikthye kontrollit t\u00eb\",\"breadcrumb\":{\"@id\":\"https:\/\/www.visit-ulcinj.com\/blog\/2016\/06\/13\/nika-inspektoret-republikane-perseri-rikthehen-kontrollit-ne-komunen-e-ulqinit\/#breadcrumb\"},\"inLanguage\":\"en-US\",\"potentialAction\":[{\"@type\":\"ReadAction\",\"target\":[\"https:\/\/www.visit-ulcinj.com\/blog\/2016\/06\/13\/nika-inspektoret-republikane-perseri-rikthehen-kontrollit-ne-komunen-e-ulqinit\/\"]}]},{\"@type\":\"BreadcrumbList\",\"@id\":\"https:\/\/www.visit-ulcinj.com\/blog\/2016\/06\/13\/nika-inspektoret-republikane-perseri-rikthehen-kontrollit-ne-komunen-e-ulqinit\/#breadcrumb\",\"itemListElement\":[{\"@type\":\"ListItem\",\"position\":1,\"name\":\"Nika: Inspektor\u00ebt republikan\u00eb, p\u00ebrs\u00ebri i rikthehen kontrollit n\u00eb komun\u00ebn e Ulqinit\"}]},{\"@type\":\"Person\",\"@id\":\"https:\/\/www.visit-ulcinj.com\/blog\/#\/schema\/person\/dcab619c614d3038751c63bc2aadc06d\",\"name\":\"ulqini\",\"sameAs\":[\"http:\/\/www.visit-ulcinj.com\"],\"url\":\"https:\/\/www.visit-ulcinj.com\/blog\/author\/admin\/\"}]}<\/script>\n<!-- \/ Yoast SEO plugin. -->","yoast_head_json":{"title":"Nika: Inspektor\u00ebt republikan\u00eb, p\u00ebrs\u00ebri i rikthehen kontrollit n\u00eb komun\u00ebn e Ulqinit - Lajme nga Ulqini","description":"Shkruan: Muhamed Nika N\u00eb kuad\u00ebr t\u00eb kontrollit\u00a0 t\u00eb vet ministria p\u00ebrkat\u00ebse , p\u00ebrs\u00ebri k\u00ebt\u00eb jav\u00eb \u00a0p\u00ebrmes inspektor\u00ebve administrativ\u00eb iu rikthye kontrollit t\u00eb","robots":{"index":"index","follow":"follow","max-snippet":"max-snippet:-1","max-image-preview":"max-image-preview:large","max-video-preview":"max-video-preview:-1"},"canonical":"https:\/\/www.visit-ulcinj.com\/blog\/2016\/06\/13\/nika-inspektoret-republikane-perseri-rikthehen-kontrollit-ne-komunen-e-ulqinit\/","og_locale":"en_US","og_type":"article","og_title":"Nika: Inspektor\u00ebt republikan\u00eb, p\u00ebrs\u00ebri i rikthehen kontrollit n\u00eb komun\u00ebn e Ulqinit - Lajme nga Ulqini","og_description":"Shkruan: Muhamed Nika N\u00eb kuad\u00ebr t\u00eb kontrollit\u00a0 t\u00eb vet ministria p\u00ebrkat\u00ebse , p\u00ebrs\u00ebri k\u00ebt\u00eb jav\u00eb \u00a0p\u00ebrmes inspektor\u00ebve administrativ\u00eb iu rikthye kontrollit t\u00eb","og_url":"https:\/\/www.visit-ulcinj.com\/blog\/2016\/06\/13\/nika-inspektoret-republikane-perseri-rikthehen-kontrollit-ne-komunen-e-ulqinit\/","og_site_name":"Lajme nga Ulqini","article_published_time":"2016-06-13T21:45:12+00:00","og_image":[{"url":"http:\/\/www.visit-ulcinj.com\/blog\/wp-content\/uploads\/2014\/11\/Muhamet-Nika.jpg"}],"twitter_misc":{"Written by":"ulqini","Est. reading time":"2 minutes"},"schema":{"@context":"https:\/\/schema.org","@graph":[{"@type":"WebSite","@id":"https:\/\/www.visit-ulcinj.com\/blog\/#website","url":"https:\/\/www.visit-ulcinj.com\/blog\/","name":"Lajme nga Ulqini","description":"Lajme,Vijesti,Ulqini,Ulqin,Crna Gora,Mali i Zi","potentialAction":[{"@type":"SearchAction","target":{"@type":"EntryPoint","urlTemplate":"https:\/\/www.visit-ulcinj.com\/blog\/?s={search_term_string}"},"query-input":"required name=search_term_string"}],"inLanguage":"en-US"},{"@type":"ImageObject","inLanguage":"en-US","@id":"https:\/\/www.visit-ulcinj.com\/blog\/2016\/06\/13\/nika-inspektoret-republikane-perseri-rikthehen-kontrollit-ne-komunen-e-ulqinit\/#primaryimage","url":"https:\/\/www.visit-ulcinj.com\/blog\/wp-content\/uploads\/2014\/11\/Muhamet-Nika.jpg","contentUrl":"https:\/\/www.visit-ulcinj.com\/blog\/wp-content\/uploads\/2014\/11\/Muhamet-Nika.jpg","width":256,"height":319},{"@type":"WebPage","@id":"https:\/\/www.visit-ulcinj.com\/blog\/2016\/06\/13\/nika-inspektoret-republikane-perseri-rikthehen-kontrollit-ne-komunen-e-ulqinit\/#webpage","url":"https:\/\/www.visit-ulcinj.com\/blog\/2016\/06\/13\/nika-inspektoret-republikane-perseri-rikthehen-kontrollit-ne-komunen-e-ulqinit\/","name":"Nika: Inspektor\u00ebt republikan\u00eb, p\u00ebrs\u00ebri i rikthehen kontrollit n\u00eb komun\u00ebn e Ulqinit - Lajme nga Ulqini","isPartOf":{"@id":"https:\/\/www.visit-ulcinj.com\/blog\/#website"},"primaryImageOfPage":{"@id":"https:\/\/www.visit-ulcinj.com\/blog\/2016\/06\/13\/nika-inspektoret-republikane-perseri-rikthehen-kontrollit-ne-komunen-e-ulqinit\/#primaryimage"},"datePublished":"2016-06-13T21:45:12+00:00","dateModified":"2016-06-13T21:45:12+00:00","author":{"@id":"https:\/\/www.visit-ulcinj.com\/blog\/#\/schema\/person\/dcab619c614d3038751c63bc2aadc06d"},"description":"Shkruan: Muhamed Nika N\u00eb kuad\u00ebr t\u00eb kontrollit\u00a0 t\u00eb vet ministria p\u00ebrkat\u00ebse , p\u00ebrs\u00ebri k\u00ebt\u00eb jav\u00eb \u00a0p\u00ebrmes inspektor\u00ebve administrativ\u00eb iu rikthye kontrollit t\u00eb","breadcrumb":{"@id":"https:\/\/www.visit-ulcinj.com\/blog\/2016\/06\/13\/nika-inspektoret-republikane-perseri-rikthehen-kontrollit-ne-komunen-e-ulqinit\/#breadcrumb"},"inLanguage":"en-US","potentialAction":[{"@type":"ReadAction","target":["https:\/\/www.visit-ulcinj.com\/blog\/2016\/06\/13\/nika-inspektoret-republikane-perseri-rikthehen-kontrollit-ne-komunen-e-ulqinit\/"]}]},{"@type":"BreadcrumbList","@id":"https:\/\/www.visit-ulcinj.com\/blog\/2016\/06\/13\/nika-inspektoret-republikane-perseri-rikthehen-kontrollit-ne-komunen-e-ulqinit\/#breadcrumb","itemListElement":[{"@type":"ListItem","position":1,"name":"Nika: Inspektor\u00ebt republikan\u00eb, p\u00ebrs\u00ebri i rikthehen kontrollit n\u00eb komun\u00ebn e Ulqinit"}]},{"@type":"Person","@id":"https:\/\/www.visit-ulcinj.com\/blog\/#\/schema\/person\/dcab619c614d3038751c63bc2aadc06d","name":"ulqini","sameAs":["http:\/\/www.visit-ulcinj.com"],"url":"https:\/\/www.visit-ulcinj.com\/blog\/author\/admin\/"}]}},"jetpack_featured_media_url":"","jetpack_sharing_enabled":true,"jetpack_shortlink":"https:\/\/wp.me\/pe6lTn-pnW","_links":{"self":[{"href":"https:\/\/www.visit-ulcinj.com\/blog\/wp-json\/wp\/v2\/posts\/97584"}],"collection":[{"href":"https:\/\/www.visit-ulcinj.com\/blog\/wp-json\/wp\/v2\/posts"}],"about":[{"href":"https:\/\/www.visit-ulcinj.com\/blog\/wp-json\/wp\/v2\/types\/post"}],"author":[{"embeddable":true,"href":"https:\/\/www.visit-ulcinj.com\/blog\/wp-json\/wp\/v2\/users\/1"}],"replies":[{"embeddable":true,"href":"https:\/\/www.visit-ulcinj.com\/blog\/wp-json\/wp\/v2\/comments?post=97584"}],"version-history":[{"count":1,"href":"https:\/\/www.visit-ulcinj.com\/blog\/wp-json\/wp\/v2\/posts\/97584\/revisions"}],"predecessor-version":[{"id":97585,"href":"https:\/\/www.visit-ulcinj.com\/blog\/wp-json\/wp\/v2\/posts\/97584\/revisions\/97585"}],"wp:attachment":[{"href":"https:\/\/www.visit-ulcinj.com\/blog\/wp-json\/wp\/v2\/media?parent=97584"}],"wp:term":[{"taxonomy":"category","embeddable":true,"href":"https:\/\/www.visit-ulcinj.com\/blog\/wp-json\/wp\/v2\/categories?post=97584"},{"taxonomy":"post_tag","embeddable":true,"href":"https:\/\/www.visit-ulcinj.com\/blog\/wp-json\/wp\/v2\/tags?post=97584"}],"curies":[{"name":"wp","href":"https:\/\/api.w.org\/{rel}","templated":true}]}}