{"id":97586,"date":"2016-06-14T08:35:32","date_gmt":"2016-06-14T07:35:32","guid":{"rendered":"http:\/\/www.visit-ulcinj.com\/blog\/?p=97586"},"modified":"2016-06-14T08:35:32","modified_gmt":"2016-06-14T07:35:32","slug":"ulqin-bagetite-e-leshuara-rrezik-ne-komunikacion","status":"publish","type":"post","link":"https:\/\/www.visit-ulcinj.com\/blog\/2016\/06\/14\/ulqin-bagetite-e-leshuara-rrezik-ne-komunikacion\/","title":{"rendered":"Ulqin: Bag\u00ebtit\u00eb e l\u00ebshuara \u2013 rrezik n\u00eb komunikacion"},"content":{"rendered":"<p><span lang=\"SQ\"><a href=\"http:\/\/www.visit-ulcinj.com\/blog\/wp-content\/uploads\/2016\/06\/bagetite-ne-rruge-te-shtojit.jpg\"><img loading=\"lazy\" class=\"alignleft wp-image-97587\" src=\"http:\/\/www.visit-ulcinj.com\/blog\/wp-content\/uploads\/2016\/06\/bagetite-ne-rruge-te-shtojit.jpg\" alt=\"bagetite-ne-rruge te shtojit\" width=\"508\" height=\"313\" srcset=\"https:\/\/www.visit-ulcinj.com\/blog\/wp-content\/uploads\/2016\/06\/bagetite-ne-rruge-te-shtojit.jpg 960w, https:\/\/www.visit-ulcinj.com\/blog\/wp-content\/uploads\/2016\/06\/bagetite-ne-rruge-te-shtojit-300x185.jpg 300w, https:\/\/www.visit-ulcinj.com\/blog\/wp-content\/uploads\/2016\/06\/bagetite-ne-rruge-te-shtojit-768x474.jpg 768w\" sizes=\"(max-width: 508px) 100vw, 508px\" \/><\/a>Komuna\u00a0 e Ulqinit pas nj\u00eb kohe\u00a0 t\u00eb gjat\u00eb n\u00ebnshkroi\u00a0 n\u00eb prag t\u00eb sezonit\u00a0 turistik\u00a0\u00a0 mar\u00ebveshtjes\u00a0 nj\u00eb vjecare\u00a0 e cila parasheh\u00a0 grumbullimin , vendosjen dhe\u00a0 p\u00ebrkujdesjen p\u00ebr bag\u00ebtit\u00eb e\u00a0 l\u00ebshuara \u2013t\u00eb l\u00ebna n\u00eb\u00a0 m\u00ebshir\u00eb\u00a0 t\u00eb fatit ,q\u00eb jo rrall\u00eb her\u00eb jan\u00eb\u00a0 b\u00ebr\u00eb shkak i aksidenteve me\u00a0 pasoja jet\u00eb njer\u00ebzish. <\/span><\/p>\n<p><span lang=\"SQ\">Bag\u00ebtit\u00eb , do t\u00eb\u00a0 grumbullohen dhe\u00a0 do t\u00eb ruhen\u00a0 n\u00eb\u00a0 afat prej shtat\u00eb dit\u00ebsh e gjat\u00eb k\u00ebtij intervali atyre do ti ofrohen t\u00eb\u00a0 gjitha\u00a0 sh\u00ebrbimet e nevojshme. P\u00ebrcjelljen dhe realizimin e mar\u00ebveshtjes do ta\u00a0 b\u00ebj\u00eb Sekretariati p\u00ebr veprimtari\u00a0 komunale\u00a0 dhe mbrojtjen e ambientit\u00a0 dhe Policia komunale\u00a0 e Komun\u00ebs s\u00eb Ulqinit. <\/span><\/p>\n<p><span lang=\"SQ\">Luten\u00a0 pronar\u00ebt e bag\u00ebtive q\u00eb\u00a0 t\u00eb jen\u00eb t\u00eb\u00a0 kujdesh\u00ebm\u00a0 dhe\u00a0 mos\u00a0 t\u00eb leshojn\u00eb\u00a0 bag\u00ebtit\u00eb pa kontroll. N\u00eb k\u00ebt\u00eb m\u00ebnyr\u00eb japin ndihmes\u00ebn\u00a0 e tyre\u00a0 dhe i shmangen\u00a0 nd\u00ebshkimeve\u00a0 t\u00eb\u00a0 mund\u00ebshme<\/span><\/p>\n<p><span lang=\"HR\">Municipality of Ulcinj\/Ulqin<\/span><\/p>\n","protected":false},"excerpt":{"rendered":"<p>Komuna\u00a0 e Ulqinit pas nj\u00eb kohe\u00a0 t\u00eb gjat\u00eb n\u00ebnshkroi\u00a0 n\u00eb prag t\u00eb sezonit\u00a0 turistik\u00a0\u00a0 mar\u00ebveshtjes\u00a0 nj\u00eb vjecare\u00a0 e cila parasheh\u00a0 grumbullimin , vendosjen dhe\u00a0 p\u00ebrkujdesjen p\u00ebr bag\u00ebtit\u00eb e\u00a0 l\u00ebshuara \u2013t\u00eb l\u00ebna n\u00eb\u00a0 m\u00ebshir\u00eb\u00a0 t\u00eb fatit ,q\u00eb jo rrall\u00eb her\u00eb jan\u00eb\u00a0 b\u00ebr\u00eb shkak i aksidenteve me\u00a0 pasoja jet\u00eb njer\u00ebzish. Bag\u00ebtit\u00eb , do t\u00eb\u00a0 grumbullohen dhe\u00a0 do [&hellip;]<\/p>\n","protected":false},"author":1,"featured_media":0,"comment_status":"closed","ping_status":"closed","sticky":false,"template":"","format":"standard","meta":{"spay_email":"","jetpack_publicize_message":"","jetpack_is_tweetstorm":false,"jetpack_publicize_feature_enabled":true},"categories":[6950],"tags":[],"jetpack_publicize_connections":[],"yoast_head":"<!-- This site is optimized with the Yoast SEO plugin v19.1 - https:\/\/yoast.com\/wordpress\/plugins\/seo\/ -->\n<title>Ulqin: Bag\u00ebtit\u00eb e l\u00ebshuara \u2013 rrezik n\u00eb komunikacion - Lajme nga Ulqini<\/title>\n<meta name=\"description\" content=\"Komuna\u00a0 e Ulqinit pas nj\u00eb kohe\u00a0 t\u00eb gjat\u00eb n\u00ebnshkroi\u00a0 n\u00eb prag t\u00eb sezonit\u00a0 turistik\u00a0\u00a0 mar\u00ebveshtjes\u00a0 nj\u00eb vjecare\u00a0 e cila parasheh\u00a0 grumbullimin , vendosjen\" \/>\n<meta name=\"robots\" content=\"index, follow, max-snippet:-1, max-image-preview:large, max-video-preview:-1\" \/>\n<link rel=\"canonical\" href=\"https:\/\/www.visit-ulcinj.com\/blog\/2016\/06\/14\/ulqin-bagetite-e-leshuara-rrezik-ne-komunikacion\/\" \/>\n<meta property=\"og:locale\" content=\"en_US\" \/>\n<meta property=\"og:type\" content=\"article\" \/>\n<meta property=\"og:title\" content=\"Ulqin: Bag\u00ebtit\u00eb e l\u00ebshuara \u2013 rrezik n\u00eb komunikacion - Lajme nga Ulqini\" \/>\n<meta property=\"og:description\" content=\"Komuna\u00a0 e Ulqinit pas nj\u00eb kohe\u00a0 t\u00eb gjat\u00eb n\u00ebnshkroi\u00a0 n\u00eb prag t\u00eb sezonit\u00a0 turistik\u00a0\u00a0 mar\u00ebveshtjes\u00a0 nj\u00eb vjecare\u00a0 e cila parasheh\u00a0 grumbullimin , vendosjen\" \/>\n<meta property=\"og:url\" content=\"https:\/\/www.visit-ulcinj.com\/blog\/2016\/06\/14\/ulqin-bagetite-e-leshuara-rrezik-ne-komunikacion\/\" \/>\n<meta property=\"og:site_name\" content=\"Lajme nga Ulqini\" \/>\n<meta property=\"article:published_time\" content=\"2016-06-14T07:35:32+00:00\" \/>\n<meta property=\"og:image\" content=\"http:\/\/www.visit-ulcinj.com\/blog\/wp-content\/uploads\/2016\/06\/bagetite-ne-rruge-te-shtojit.jpg\" \/>\n<meta name=\"twitter:label1\" content=\"Written by\" \/>\n\t<meta name=\"twitter:data1\" content=\"ulqini\" \/>\n\t<meta name=\"twitter:label2\" content=\"Est. reading time\" \/>\n\t<meta name=\"twitter:data2\" content=\"1 minute\" \/>\n<script type=\"application\/ld+json\" class=\"yoast-schema-graph\">{\"@context\":\"https:\/\/schema.org\",\"@graph\":[{\"@type\":\"WebSite\",\"@id\":\"https:\/\/www.visit-ulcinj.com\/blog\/#website\",\"url\":\"https:\/\/www.visit-ulcinj.com\/blog\/\",\"name\":\"Lajme nga Ulqini\",\"description\":\"Lajme,Vijesti,Ulqini,Ulqin,Crna Gora,Mali i Zi\",\"potentialAction\":[{\"@type\":\"SearchAction\",\"target\":{\"@type\":\"EntryPoint\",\"urlTemplate\":\"https:\/\/www.visit-ulcinj.com\/blog\/?s={search_term_string}\"},\"query-input\":\"required name=search_term_string\"}],\"inLanguage\":\"en-US\"},{\"@type\":\"ImageObject\",\"inLanguage\":\"en-US\",\"@id\":\"https:\/\/www.visit-ulcinj.com\/blog\/2016\/06\/14\/ulqin-bagetite-e-leshuara-rrezik-ne-komunikacion\/#primaryimage\",\"url\":\"https:\/\/www.visit-ulcinj.com\/blog\/wp-content\/uploads\/2016\/06\/bagetite-ne-rruge-te-shtojit.jpg\",\"contentUrl\":\"https:\/\/www.visit-ulcinj.com\/blog\/wp-content\/uploads\/2016\/06\/bagetite-ne-rruge-te-shtojit.jpg\",\"width\":960,\"height\":592},{\"@type\":\"WebPage\",\"@id\":\"https:\/\/www.visit-ulcinj.com\/blog\/2016\/06\/14\/ulqin-bagetite-e-leshuara-rrezik-ne-komunikacion\/#webpage\",\"url\":\"https:\/\/www.visit-ulcinj.com\/blog\/2016\/06\/14\/ulqin-bagetite-e-leshuara-rrezik-ne-komunikacion\/\",\"name\":\"Ulqin: Bag\u00ebtit\u00eb e l\u00ebshuara \u2013 rrezik n\u00eb komunikacion - Lajme nga Ulqini\",\"isPartOf\":{\"@id\":\"https:\/\/www.visit-ulcinj.com\/blog\/#website\"},\"primaryImageOfPage\":{\"@id\":\"https:\/\/www.visit-ulcinj.com\/blog\/2016\/06\/14\/ulqin-bagetite-e-leshuara-rrezik-ne-komunikacion\/#primaryimage\"},\"datePublished\":\"2016-06-14T07:35:32+00:00\",\"dateModified\":\"2016-06-14T07:35:32+00:00\",\"author\":{\"@id\":\"https:\/\/www.visit-ulcinj.com\/blog\/#\/schema\/person\/dcab619c614d3038751c63bc2aadc06d\"},\"description\":\"Komuna\u00a0 e Ulqinit pas nj\u00eb kohe\u00a0 t\u00eb gjat\u00eb n\u00ebnshkroi\u00a0 n\u00eb prag t\u00eb sezonit\u00a0 turistik\u00a0\u00a0 mar\u00ebveshtjes\u00a0 nj\u00eb vjecare\u00a0 e cila parasheh\u00a0 grumbullimin , vendosjen\",\"breadcrumb\":{\"@id\":\"https:\/\/www.visit-ulcinj.com\/blog\/2016\/06\/14\/ulqin-bagetite-e-leshuara-rrezik-ne-komunikacion\/#breadcrumb\"},\"inLanguage\":\"en-US\",\"potentialAction\":[{\"@type\":\"ReadAction\",\"target\":[\"https:\/\/www.visit-ulcinj.com\/blog\/2016\/06\/14\/ulqin-bagetite-e-leshuara-rrezik-ne-komunikacion\/\"]}]},{\"@type\":\"BreadcrumbList\",\"@id\":\"https:\/\/www.visit-ulcinj.com\/blog\/2016\/06\/14\/ulqin-bagetite-e-leshuara-rrezik-ne-komunikacion\/#breadcrumb\",\"itemListElement\":[{\"@type\":\"ListItem\",\"position\":1,\"name\":\"Ulqin: Bag\u00ebtit\u00eb e l\u00ebshuara \u2013 rrezik n\u00eb komunikacion\"}]},{\"@type\":\"Person\",\"@id\":\"https:\/\/www.visit-ulcinj.com\/blog\/#\/schema\/person\/dcab619c614d3038751c63bc2aadc06d\",\"name\":\"ulqini\",\"sameAs\":[\"http:\/\/www.visit-ulcinj.com\"],\"url\":\"https:\/\/www.visit-ulcinj.com\/blog\/author\/admin\/\"}]}<\/script>\n<!-- \/ Yoast SEO plugin. -->","yoast_head_json":{"title":"Ulqin: Bag\u00ebtit\u00eb e l\u00ebshuara \u2013 rrezik n\u00eb komunikacion - Lajme nga Ulqini","description":"Komuna\u00a0 e Ulqinit pas nj\u00eb kohe\u00a0 t\u00eb gjat\u00eb n\u00ebnshkroi\u00a0 n\u00eb prag t\u00eb sezonit\u00a0 turistik\u00a0\u00a0 mar\u00ebveshtjes\u00a0 nj\u00eb vjecare\u00a0 e cila parasheh\u00a0 grumbullimin , vendosjen","robots":{"index":"index","follow":"follow","max-snippet":"max-snippet:-1","max-image-preview":"max-image-preview:large","max-video-preview":"max-video-preview:-1"},"canonical":"https:\/\/www.visit-ulcinj.com\/blog\/2016\/06\/14\/ulqin-bagetite-e-leshuara-rrezik-ne-komunikacion\/","og_locale":"en_US","og_type":"article","og_title":"Ulqin: Bag\u00ebtit\u00eb e l\u00ebshuara \u2013 rrezik n\u00eb komunikacion - Lajme nga Ulqini","og_description":"Komuna\u00a0 e Ulqinit pas nj\u00eb kohe\u00a0 t\u00eb gjat\u00eb n\u00ebnshkroi\u00a0 n\u00eb prag t\u00eb sezonit\u00a0 turistik\u00a0\u00a0 mar\u00ebveshtjes\u00a0 nj\u00eb vjecare\u00a0 e cila parasheh\u00a0 grumbullimin , vendosjen","og_url":"https:\/\/www.visit-ulcinj.com\/blog\/2016\/06\/14\/ulqin-bagetite-e-leshuara-rrezik-ne-komunikacion\/","og_site_name":"Lajme nga Ulqini","article_published_time":"2016-06-14T07:35:32+00:00","og_image":[{"url":"http:\/\/www.visit-ulcinj.com\/blog\/wp-content\/uploads\/2016\/06\/bagetite-ne-rruge-te-shtojit.jpg"}],"twitter_misc":{"Written by":"ulqini","Est. reading time":"1 minute"},"schema":{"@context":"https:\/\/schema.org","@graph":[{"@type":"WebSite","@id":"https:\/\/www.visit-ulcinj.com\/blog\/#website","url":"https:\/\/www.visit-ulcinj.com\/blog\/","name":"Lajme nga Ulqini","description":"Lajme,Vijesti,Ulqini,Ulqin,Crna Gora,Mali i Zi","potentialAction":[{"@type":"SearchAction","target":{"@type":"EntryPoint","urlTemplate":"https:\/\/www.visit-ulcinj.com\/blog\/?s={search_term_string}"},"query-input":"required name=search_term_string"}],"inLanguage":"en-US"},{"@type":"ImageObject","inLanguage":"en-US","@id":"https:\/\/www.visit-ulcinj.com\/blog\/2016\/06\/14\/ulqin-bagetite-e-leshuara-rrezik-ne-komunikacion\/#primaryimage","url":"https:\/\/www.visit-ulcinj.com\/blog\/wp-content\/uploads\/2016\/06\/bagetite-ne-rruge-te-shtojit.jpg","contentUrl":"https:\/\/www.visit-ulcinj.com\/blog\/wp-content\/uploads\/2016\/06\/bagetite-ne-rruge-te-shtojit.jpg","width":960,"height":592},{"@type":"WebPage","@id":"https:\/\/www.visit-ulcinj.com\/blog\/2016\/06\/14\/ulqin-bagetite-e-leshuara-rrezik-ne-komunikacion\/#webpage","url":"https:\/\/www.visit-ulcinj.com\/blog\/2016\/06\/14\/ulqin-bagetite-e-leshuara-rrezik-ne-komunikacion\/","name":"Ulqin: Bag\u00ebtit\u00eb e l\u00ebshuara \u2013 rrezik n\u00eb komunikacion - Lajme nga Ulqini","isPartOf":{"@id":"https:\/\/www.visit-ulcinj.com\/blog\/#website"},"primaryImageOfPage":{"@id":"https:\/\/www.visit-ulcinj.com\/blog\/2016\/06\/14\/ulqin-bagetite-e-leshuara-rrezik-ne-komunikacion\/#primaryimage"},"datePublished":"2016-06-14T07:35:32+00:00","dateModified":"2016-06-14T07:35:32+00:00","author":{"@id":"https:\/\/www.visit-ulcinj.com\/blog\/#\/schema\/person\/dcab619c614d3038751c63bc2aadc06d"},"description":"Komuna\u00a0 e Ulqinit pas nj\u00eb kohe\u00a0 t\u00eb gjat\u00eb n\u00ebnshkroi\u00a0 n\u00eb prag t\u00eb sezonit\u00a0 turistik\u00a0\u00a0 mar\u00ebveshtjes\u00a0 nj\u00eb vjecare\u00a0 e cila parasheh\u00a0 grumbullimin , vendosjen","breadcrumb":{"@id":"https:\/\/www.visit-ulcinj.com\/blog\/2016\/06\/14\/ulqin-bagetite-e-leshuara-rrezik-ne-komunikacion\/#breadcrumb"},"inLanguage":"en-US","potentialAction":[{"@type":"ReadAction","target":["https:\/\/www.visit-ulcinj.com\/blog\/2016\/06\/14\/ulqin-bagetite-e-leshuara-rrezik-ne-komunikacion\/"]}]},{"@type":"BreadcrumbList","@id":"https:\/\/www.visit-ulcinj.com\/blog\/2016\/06\/14\/ulqin-bagetite-e-leshuara-rrezik-ne-komunikacion\/#breadcrumb","itemListElement":[{"@type":"ListItem","position":1,"name":"Ulqin: Bag\u00ebtit\u00eb e l\u00ebshuara \u2013 rrezik n\u00eb komunikacion"}]},{"@type":"Person","@id":"https:\/\/www.visit-ulcinj.com\/blog\/#\/schema\/person\/dcab619c614d3038751c63bc2aadc06d","name":"ulqini","sameAs":["http:\/\/www.visit-ulcinj.com"],"url":"https:\/\/www.visit-ulcinj.com\/blog\/author\/admin\/"}]}},"jetpack_featured_media_url":"","jetpack_sharing_enabled":true,"jetpack_shortlink":"https:\/\/wp.me\/pe6lTn-pnY","_links":{"self":[{"href":"https:\/\/www.visit-ulcinj.com\/blog\/wp-json\/wp\/v2\/posts\/97586"}],"collection":[{"href":"https:\/\/www.visit-ulcinj.com\/blog\/wp-json\/wp\/v2\/posts"}],"about":[{"href":"https:\/\/www.visit-ulcinj.com\/blog\/wp-json\/wp\/v2\/types\/post"}],"author":[{"embeddable":true,"href":"https:\/\/www.visit-ulcinj.com\/blog\/wp-json\/wp\/v2\/users\/1"}],"replies":[{"embeddable":true,"href":"https:\/\/www.visit-ulcinj.com\/blog\/wp-json\/wp\/v2\/comments?post=97586"}],"version-history":[{"count":1,"href":"https:\/\/www.visit-ulcinj.com\/blog\/wp-json\/wp\/v2\/posts\/97586\/revisions"}],"predecessor-version":[{"id":97588,"href":"https:\/\/www.visit-ulcinj.com\/blog\/wp-json\/wp\/v2\/posts\/97586\/revisions\/97588"}],"wp:attachment":[{"href":"https:\/\/www.visit-ulcinj.com\/blog\/wp-json\/wp\/v2\/media?parent=97586"}],"wp:term":[{"taxonomy":"category","embeddable":true,"href":"https:\/\/www.visit-ulcinj.com\/blog\/wp-json\/wp\/v2\/categories?post=97586"},{"taxonomy":"post_tag","embeddable":true,"href":"https:\/\/www.visit-ulcinj.com\/blog\/wp-json\/wp\/v2\/tags?post=97586"}],"curies":[{"name":"wp","href":"https:\/\/api.w.org\/{rel}","templated":true}]}}