{"id":97600,"date":"2016-06-25T10:17:45","date_gmt":"2016-06-25T09:17:45","guid":{"rendered":"http:\/\/www.visit-ulcinj.com\/blog\/?p=97600"},"modified":"2016-06-27T17:19:04","modified_gmt":"2016-06-27T16:19:04","slug":"kater-vite-se-bashku-ju-ne-aksionit-humanitar-shporta-e-ramazanit","status":"publish","type":"post","link":"https:\/\/www.visit-ulcinj.com\/blog\/2016\/06\/25\/kater-vite-se-bashku-ju-ne-aksionit-humanitar-shporta-e-ramazanit\/","title":{"rendered":"Kat\u00ebr vite s\u00eb bashku me ju n\u00eb aksionit humanitar \u201cShporta e Ramazanit\u201d"},"content":{"rendered":"<h3 class=\"r\" style=\"text-align: center;\"><a href=\"http:\/\/www.visit-ulcinj.com\/blog\/wp-content\/uploads\/2016\/06\/Kat\u00ebr-vite-s\u00eb-bashku-me-ju-n\u00eb-aksionit-humanitar-Shporta-e-Ramazanit-Ulqin-Kllezen-.jpg\"><img loading=\"lazy\" class=\"alignleft wp-image-97601\" src=\"http:\/\/www.visit-ulcinj.com\/blog\/wp-content\/uploads\/2016\/06\/Kat\u00ebr-vite-s\u00eb-bashku-me-ju-n\u00eb-aksionit-humanitar-Shporta-e-Ramazanit-Ulqin-Kllezen-.jpg\" alt=\"Kat\u00ebr vite s\u00eb bashku me ju n\u00eb aksionit humanitar -Shporta e Ramazanit-Ulqin-Kllezen-\" width=\"508\" height=\"718\" srcset=\"https:\/\/www.visit-ulcinj.com\/blog\/wp-content\/uploads\/2016\/06\/Kat\u00ebr-vite-s\u00eb-bashku-me-ju-n\u00eb-aksionit-humanitar-Shporta-e-Ramazanit-Ulqin-Kllezen-.jpg 724w, https:\/\/www.visit-ulcinj.com\/blog\/wp-content\/uploads\/2016\/06\/Kat\u00ebr-vite-s\u00eb-bashku-me-ju-n\u00eb-aksionit-humanitar-Shporta-e-Ramazanit-Ulqin-Kllezen--212x300.jpg 212w\" sizes=\"(max-width: 508px) 100vw, 508px\" \/><\/a>Filloi aksioni humanitar<\/h3>\n<p>XHAMIA E KLLEZN\u00cbS \u2013 K\u00ebshilli i Xhamis\u00eb s\u00eb Kllezn\u00ebs dhe Forumi Rinor i Xhamis\u00eb s\u00eb Kllezn\u00ebs, me rastin e muajit t\u00eb bekuar t\u00eb Ramazanit, p\u00ebr t\u00eb kat\u00ebrtin vit me radh\u00eb nd\u00ebrmerr aktivitetin e radh\u00ebs humanitar\u00eb n\u00eb bashk\u00ebpunim me ju bamir\u00ebs t\u00eb nderuar n\u00eb ndarjen e ndihmave q\u00eb do t\u2019iu dedikohen:<br \/>\njetim\u00ebve, skamnor\u00ebve, personave me aft\u00ebsi t\u00eb kufizuar dhe nevojtar\u00ebve n\u00eb t\u00ebr\u00eb territorin e komun\u00ebs s\u00eb Ulqinit me rrethin\u00eb dhe Kraj\u00eb.<\/p>\n<p>Andaj k\u00ebrkojm\u00eb nga ju bamir\u00ebs t\u00eb dashur me aq sa t\u00eb keni mu<span class=\"text_exposed_show\">nd\u00ebsi q\u00eb t\u00eb kontribuoni n\u00eb leht\u00ebsimin e jetes\u00ebs s\u00eb k\u00ebtyre kategorive me nevoj\u00eb n\u00eb qytetin ton\u00eb.<\/span><\/p>\n<div class=\"text_exposed_show\">\n<p>Xhamia e Kllezn\u00ebs ka t\u00eb regjistruar mbi 200 familje nga i gjith\u00eb territori i komun\u00ebs s\u00eb Ulqinit dhe Kraj\u00ebs. Shpresojm\u00eb q\u00eb nga ky projekt t\u00eb p\u00ebrfitojn\u00eb k\u00ebto 200 familje.<\/p>\n<p>Pakot do t\u00eb shp\u00ebrndahen n\u00eb dhjet\u00eb dit\u00ebshin e fundit t\u00eb Ramazanit, ku edhe k\u00ebtyre familjeve sadopak t\u2019ju kthejm\u00eb buz\u00ebqeshjen n\u00eb k\u00ebt\u00eb muaj t\u00eb shenjt\u00eb, ku buz\u00ebqeshja e tyre \u00ebsht\u00eb amaneti i jon\u00eb.<br \/>\nNj\u00eb pako do t\u00eb p\u00ebrmbaj\u00eb k\u00ebto lloje produktesh:<\/p>\n<p>&#8211; 5 kg. Miell; \u2013 2 l. Voj; \u2013 3 kesa Makarona; \u2013 1 kg. Sheqer; \u2013 1 paketa \u00c7aj filt\u00ebr; \u2013 1 kg. Oriz; \u2013 3 kesa Supa t\u00eb gatshme; \u2013 1 kuti Keksa; \u2013 1 kuti Hurma; \u2013 500 gr. Veget;<br \/>\n&#8211; 2 copa Sapun\u00eb; \u2013 Detergjent; \u2013 Shampo p\u00ebr flok\u00eb; \u2013 Past\u00eb p\u00ebr dh\u00ebmb<\/p>\n<p>N\u00eb em\u00ebr t\u00eb Komisionit t\u00eb Shport\u00ebs s\u00eb Ramazanit dhe n\u00eb em\u00ebr t\u00eb k\u00ebtyre kategorive ju jemi shum\u00eb mir\u00ebnjoh\u00ebs p\u00ebr ndihm\u00ebn e cila do t\u00eb p\u00ebrcaktohet nga ana Juaj.<\/p>\n<p>I D\u00ebrguari i Zotit, Muhamedi a.s. ka th\u00ebn\u00eb:<br \/>\n\u201cSadakaja nuk e pak\u00ebson pasurin\u00eb\u201d \u201cAi q\u00eb kujdeset p\u00ebr t\u00eb shkret\u00ebt dhe t\u00eb varf\u00ebrit \u00ebsht\u00eb sikur ai q\u00eb lufton n\u00eb rrug\u00ebn e Zotit\u201d<br \/>\n\u201cLusim Zotin e Lart\u00ebmadh\u00ebruar q\u00eb \u00e7do ndihm\u00eb tuaj\u00ebn ta radhis\u00eb n\u00eb veprat e mira\u201d<br \/>\nMe respekt<br \/>\nKomisioni i Shport\u00ebs s\u00eb Ramazanit<\/p>\n<p>Kontribuo dhe Telefono tani: 069 599 300; 069 829 579;<br \/>\n(Na kontaktoni p\u00ebr kontributin q\u00eb ofroni, dhe NE vijm\u00eb n\u00eb vendin e p\u00ebrcaktuar nga ju)<\/p>\n<p>Vizitoni webfaqen zyrtare t\u00eb Xhamis\u00eb s\u00eb Kllezn\u00ebs n\u00eb internet:<br \/>\n<a href=\"http:\/\/www.xhamiaeklleznes.com\/\" target=\"_blank\" rel=\"nofollow\">www.xhamiaeklleznes.com<\/a><br \/>\nUlqin, 10.06.2016 \u2013 Ramazan 2016<\/p>\n<\/div>\n","protected":false},"excerpt":{"rendered":"<p>Filloi aksioni humanitar XHAMIA E KLLEZN\u00cbS \u2013 K\u00ebshilli i Xhamis\u00eb s\u00eb Kllezn\u00ebs dhe Forumi Rinor i Xhamis\u00eb s\u00eb Kllezn\u00ebs, me rastin e muajit t\u00eb bekuar t\u00eb Ramazanit, p\u00ebr t\u00eb kat\u00ebrtin vit me radh\u00eb nd\u00ebrmerr aktivitetin e radh\u00ebs humanitar\u00eb n\u00eb bashk\u00ebpunim me ju bamir\u00ebs t\u00eb nderuar n\u00eb ndarjen e ndihmave q\u00eb do t\u2019iu dedikohen: jetim\u00ebve, skamnor\u00ebve, [&hellip;]<\/p>\n","protected":false},"author":1,"featured_media":0,"comment_status":"closed","ping_status":"closed","sticky":false,"template":"","format":"standard","meta":{"spay_email":"","jetpack_publicize_message":"","jetpack_is_tweetstorm":false,"jetpack_publicize_feature_enabled":true},"categories":[7,1],"tags":[],"jetpack_publicize_connections":[],"yoast_head":"<!-- This site is optimized with the Yoast SEO plugin v19.1 - https:\/\/yoast.com\/wordpress\/plugins\/seo\/ -->\n<title>Kat\u00ebr vite s\u00eb bashku me ju n\u00eb aksionit humanitar \u201cShporta e Ramazanit\u201d - Lajme nga Ulqini<\/title>\n<meta name=\"description\" content=\"Filloi aksioni humanitar XHAMIA E KLLEZN\u00cbS \u2013 K\u00ebshilli i Xhamis\u00eb s\u00eb Kllezn\u00ebs dhe Forumi Rinor i Xhamis\u00eb s\u00eb Kllezn\u00ebs, me rastin e muajit t\u00eb bekuar t\u00eb\" \/>\n<meta name=\"robots\" content=\"index, follow, max-snippet:-1, max-image-preview:large, max-video-preview:-1\" \/>\n<link rel=\"canonical\" href=\"https:\/\/www.visit-ulcinj.com\/blog\/2016\/06\/25\/kater-vite-se-bashku-ju-ne-aksionit-humanitar-shporta-e-ramazanit\/\" \/>\n<meta property=\"og:locale\" content=\"en_US\" \/>\n<meta property=\"og:type\" content=\"article\" \/>\n<meta property=\"og:title\" content=\"Kat\u00ebr vite s\u00eb bashku me ju n\u00eb aksionit humanitar \u201cShporta e Ramazanit\u201d - Lajme nga Ulqini\" \/>\n<meta property=\"og:description\" content=\"Filloi aksioni humanitar XHAMIA E KLLEZN\u00cbS \u2013 K\u00ebshilli i Xhamis\u00eb s\u00eb Kllezn\u00ebs dhe Forumi Rinor i Xhamis\u00eb s\u00eb Kllezn\u00ebs, me rastin e muajit t\u00eb bekuar t\u00eb\" \/>\n<meta property=\"og:url\" content=\"https:\/\/www.visit-ulcinj.com\/blog\/2016\/06\/25\/kater-vite-se-bashku-ju-ne-aksionit-humanitar-shporta-e-ramazanit\/\" \/>\n<meta property=\"og:site_name\" content=\"Lajme nga Ulqini\" \/>\n<meta property=\"article:published_time\" content=\"2016-06-25T09:17:45+00:00\" \/>\n<meta property=\"article:modified_time\" content=\"2016-06-27T16:19:04+00:00\" \/>\n<meta name=\"twitter:label1\" content=\"Written by\" \/>\n\t<meta name=\"twitter:data1\" content=\"ulqini\" \/>\n\t<meta name=\"twitter:label2\" content=\"Est. reading time\" \/>\n\t<meta name=\"twitter:data2\" content=\"2 minutes\" \/>\n<script type=\"application\/ld+json\" class=\"yoast-schema-graph\">{\"@context\":\"https:\/\/schema.org\",\"@graph\":[{\"@type\":\"WebSite\",\"@id\":\"https:\/\/www.visit-ulcinj.com\/blog\/#website\",\"url\":\"https:\/\/www.visit-ulcinj.com\/blog\/\",\"name\":\"Lajme nga Ulqini\",\"description\":\"Lajme,Vijesti,Ulqini,Ulqin,Crna Gora,Mali i Zi\",\"potentialAction\":[{\"@type\":\"SearchAction\",\"target\":{\"@type\":\"EntryPoint\",\"urlTemplate\":\"https:\/\/www.visit-ulcinj.com\/blog\/?s={search_term_string}\"},\"query-input\":\"required name=search_term_string\"}],\"inLanguage\":\"en-US\"},{\"@type\":\"WebPage\",\"@id\":\"https:\/\/www.visit-ulcinj.com\/blog\/2016\/06\/25\/kater-vite-se-bashku-ju-ne-aksionit-humanitar-shporta-e-ramazanit\/#webpage\",\"url\":\"https:\/\/www.visit-ulcinj.com\/blog\/2016\/06\/25\/kater-vite-se-bashku-ju-ne-aksionit-humanitar-shporta-e-ramazanit\/\",\"name\":\"Kat\u00ebr vite s\u00eb bashku me ju n\u00eb aksionit humanitar \u201cShporta e Ramazanit\u201d - Lajme nga Ulqini\",\"isPartOf\":{\"@id\":\"https:\/\/www.visit-ulcinj.com\/blog\/#website\"},\"datePublished\":\"2016-06-25T09:17:45+00:00\",\"dateModified\":\"2016-06-27T16:19:04+00:00\",\"author\":{\"@id\":\"https:\/\/www.visit-ulcinj.com\/blog\/#\/schema\/person\/dcab619c614d3038751c63bc2aadc06d\"},\"description\":\"Filloi aksioni humanitar XHAMIA E KLLEZN\u00cbS \u2013 K\u00ebshilli i Xhamis\u00eb s\u00eb Kllezn\u00ebs dhe Forumi Rinor i Xhamis\u00eb s\u00eb Kllezn\u00ebs, me rastin e muajit t\u00eb bekuar t\u00eb\",\"breadcrumb\":{\"@id\":\"https:\/\/www.visit-ulcinj.com\/blog\/2016\/06\/25\/kater-vite-se-bashku-ju-ne-aksionit-humanitar-shporta-e-ramazanit\/#breadcrumb\"},\"inLanguage\":\"en-US\",\"potentialAction\":[{\"@type\":\"ReadAction\",\"target\":[\"https:\/\/www.visit-ulcinj.com\/blog\/2016\/06\/25\/kater-vite-se-bashku-ju-ne-aksionit-humanitar-shporta-e-ramazanit\/\"]}]},{\"@type\":\"BreadcrumbList\",\"@id\":\"https:\/\/www.visit-ulcinj.com\/blog\/2016\/06\/25\/kater-vite-se-bashku-ju-ne-aksionit-humanitar-shporta-e-ramazanit\/#breadcrumb\",\"itemListElement\":[{\"@type\":\"ListItem\",\"position\":1,\"name\":\"Kat\u00ebr vite s\u00eb bashku me ju n\u00eb aksionit humanitar \u201cShporta e Ramazanit\u201d\"}]},{\"@type\":\"Person\",\"@id\":\"https:\/\/www.visit-ulcinj.com\/blog\/#\/schema\/person\/dcab619c614d3038751c63bc2aadc06d\",\"name\":\"ulqini\",\"sameAs\":[\"http:\/\/www.visit-ulcinj.com\"],\"url\":\"https:\/\/www.visit-ulcinj.com\/blog\/author\/admin\/\"}]}<\/script>\n<!-- \/ Yoast SEO plugin. -->","yoast_head_json":{"title":"Kat\u00ebr vite s\u00eb bashku me ju n\u00eb aksionit humanitar \u201cShporta e Ramazanit\u201d - Lajme nga Ulqini","description":"Filloi aksioni humanitar XHAMIA E KLLEZN\u00cbS \u2013 K\u00ebshilli i Xhamis\u00eb s\u00eb Kllezn\u00ebs dhe Forumi Rinor i Xhamis\u00eb s\u00eb Kllezn\u00ebs, me rastin e muajit t\u00eb bekuar t\u00eb","robots":{"index":"index","follow":"follow","max-snippet":"max-snippet:-1","max-image-preview":"max-image-preview:large","max-video-preview":"max-video-preview:-1"},"canonical":"https:\/\/www.visit-ulcinj.com\/blog\/2016\/06\/25\/kater-vite-se-bashku-ju-ne-aksionit-humanitar-shporta-e-ramazanit\/","og_locale":"en_US","og_type":"article","og_title":"Kat\u00ebr vite s\u00eb bashku me ju n\u00eb aksionit humanitar \u201cShporta e Ramazanit\u201d - Lajme nga Ulqini","og_description":"Filloi aksioni humanitar XHAMIA E KLLEZN\u00cbS \u2013 K\u00ebshilli i Xhamis\u00eb s\u00eb Kllezn\u00ebs dhe Forumi Rinor i Xhamis\u00eb s\u00eb Kllezn\u00ebs, me rastin e muajit t\u00eb bekuar t\u00eb","og_url":"https:\/\/www.visit-ulcinj.com\/blog\/2016\/06\/25\/kater-vite-se-bashku-ju-ne-aksionit-humanitar-shporta-e-ramazanit\/","og_site_name":"Lajme nga Ulqini","article_published_time":"2016-06-25T09:17:45+00:00","article_modified_time":"2016-06-27T16:19:04+00:00","twitter_misc":{"Written by":"ulqini","Est. reading time":"2 minutes"},"schema":{"@context":"https:\/\/schema.org","@graph":[{"@type":"WebSite","@id":"https:\/\/www.visit-ulcinj.com\/blog\/#website","url":"https:\/\/www.visit-ulcinj.com\/blog\/","name":"Lajme nga Ulqini","description":"Lajme,Vijesti,Ulqini,Ulqin,Crna Gora,Mali i Zi","potentialAction":[{"@type":"SearchAction","target":{"@type":"EntryPoint","urlTemplate":"https:\/\/www.visit-ulcinj.com\/blog\/?s={search_term_string}"},"query-input":"required name=search_term_string"}],"inLanguage":"en-US"},{"@type":"WebPage","@id":"https:\/\/www.visit-ulcinj.com\/blog\/2016\/06\/25\/kater-vite-se-bashku-ju-ne-aksionit-humanitar-shporta-e-ramazanit\/#webpage","url":"https:\/\/www.visit-ulcinj.com\/blog\/2016\/06\/25\/kater-vite-se-bashku-ju-ne-aksionit-humanitar-shporta-e-ramazanit\/","name":"Kat\u00ebr vite s\u00eb bashku me ju n\u00eb aksionit humanitar \u201cShporta e Ramazanit\u201d - Lajme nga Ulqini","isPartOf":{"@id":"https:\/\/www.visit-ulcinj.com\/blog\/#website"},"datePublished":"2016-06-25T09:17:45+00:00","dateModified":"2016-06-27T16:19:04+00:00","author":{"@id":"https:\/\/www.visit-ulcinj.com\/blog\/#\/schema\/person\/dcab619c614d3038751c63bc2aadc06d"},"description":"Filloi aksioni humanitar XHAMIA E KLLEZN\u00cbS \u2013 K\u00ebshilli i Xhamis\u00eb s\u00eb Kllezn\u00ebs dhe Forumi Rinor i Xhamis\u00eb s\u00eb Kllezn\u00ebs, me rastin e muajit t\u00eb bekuar t\u00eb","breadcrumb":{"@id":"https:\/\/www.visit-ulcinj.com\/blog\/2016\/06\/25\/kater-vite-se-bashku-ju-ne-aksionit-humanitar-shporta-e-ramazanit\/#breadcrumb"},"inLanguage":"en-US","potentialAction":[{"@type":"ReadAction","target":["https:\/\/www.visit-ulcinj.com\/blog\/2016\/06\/25\/kater-vite-se-bashku-ju-ne-aksionit-humanitar-shporta-e-ramazanit\/"]}]},{"@type":"BreadcrumbList","@id":"https:\/\/www.visit-ulcinj.com\/blog\/2016\/06\/25\/kater-vite-se-bashku-ju-ne-aksionit-humanitar-shporta-e-ramazanit\/#breadcrumb","itemListElement":[{"@type":"ListItem","position":1,"name":"Kat\u00ebr vite s\u00eb bashku me ju n\u00eb aksionit humanitar \u201cShporta e Ramazanit\u201d"}]},{"@type":"Person","@id":"https:\/\/www.visit-ulcinj.com\/blog\/#\/schema\/person\/dcab619c614d3038751c63bc2aadc06d","name":"ulqini","sameAs":["http:\/\/www.visit-ulcinj.com"],"url":"https:\/\/www.visit-ulcinj.com\/blog\/author\/admin\/"}]}},"jetpack_featured_media_url":"","jetpack_sharing_enabled":true,"jetpack_shortlink":"https:\/\/wp.me\/pe6lTn-poc","_links":{"self":[{"href":"https:\/\/www.visit-ulcinj.com\/blog\/wp-json\/wp\/v2\/posts\/97600"}],"collection":[{"href":"https:\/\/www.visit-ulcinj.com\/blog\/wp-json\/wp\/v2\/posts"}],"about":[{"href":"https:\/\/www.visit-ulcinj.com\/blog\/wp-json\/wp\/v2\/types\/post"}],"author":[{"embeddable":true,"href":"https:\/\/www.visit-ulcinj.com\/blog\/wp-json\/wp\/v2\/users\/1"}],"replies":[{"embeddable":true,"href":"https:\/\/www.visit-ulcinj.com\/blog\/wp-json\/wp\/v2\/comments?post=97600"}],"version-history":[{"count":1,"href":"https:\/\/www.visit-ulcinj.com\/blog\/wp-json\/wp\/v2\/posts\/97600\/revisions"}],"predecessor-version":[{"id":97602,"href":"https:\/\/www.visit-ulcinj.com\/blog\/wp-json\/wp\/v2\/posts\/97600\/revisions\/97602"}],"wp:attachment":[{"href":"https:\/\/www.visit-ulcinj.com\/blog\/wp-json\/wp\/v2\/media?parent=97600"}],"wp:term":[{"taxonomy":"category","embeddable":true,"href":"https:\/\/www.visit-ulcinj.com\/blog\/wp-json\/wp\/v2\/categories?post=97600"},{"taxonomy":"post_tag","embeddable":true,"href":"https:\/\/www.visit-ulcinj.com\/blog\/wp-json\/wp\/v2\/tags?post=97600"}],"curies":[{"name":"wp","href":"https:\/\/api.w.org\/{rel}","templated":true}]}}