{"id":97607,"date":"2016-06-15T11:19:54","date_gmt":"2016-06-15T10:19:54","guid":{"rendered":"http:\/\/www.visit-ulcinj.com\/blog\/?p=97607"},"modified":"2016-06-15T11:19:54","modified_gmt":"2016-06-15T10:19:54","slug":"bien-cmimet-e-banesave-ne-podgorice-nje-meter-katror-939-euro","status":"publish","type":"post","link":"https:\/\/www.visit-ulcinj.com\/blog\/2016\/06\/15\/bien-cmimet-e-banesave-ne-podgorice-nje-meter-katror-939-euro\/","title":{"rendered":"Bien \u00e7mimet e banesave n\u00eb Podgoric\u00eb, nj\u00eb met\u00ebr katror 939 euro"},"content":{"rendered":"<p><a href=\"http:\/\/www.visit-ulcinj.com\/blog\/wp-content\/uploads\/2016\/06\/sa-kushton-nj\u00eb-banes\u00eb-n\u00eb-Podgoric\u00eb-Mali-Zi.jpg\"><img loading=\"lazy\" class=\"alignleft wp-image-97610\" src=\"http:\/\/www.visit-ulcinj.com\/blog\/wp-content\/uploads\/2016\/06\/sa-kushton-nj\u00eb-banes\u00eb-n\u00eb-Podgoric\u00eb-Mali-Zi.jpg\" alt=\"sa kushton nj\u00eb banes\u00eb n\u00eb Podgoric\u00eb-Mali-Zi\" width=\"508\" height=\"156\" \/><\/a>Duhet cekur se pas shum\u00eb koh\u00ebsh, \u00e7mimi i banesave n\u00eb Mal t\u00eb Zi e sidomos n\u00eb Podgoric\u00eb po bie. Sa paguhet v\u00ebrtet\u00eb n\u00eb Podgoric\u00eb p\u00ebr nj\u00eb banes\u00eb, rr\u00ebfen nj\u00eb studim i ri i publikuar n\u00eb PortalAnalitika.me.<\/p>\n<p>Besohet se p\u00ebr momentin n\u00eb Podgoric\u00eb jan\u00eb shum\u00eb banesa boshe q\u00eb po presin t\u00eb shiten.Kjo madje besohet se \u00ebsht\u00eb nj\u00ebra nd\u00ebr arsyet pse \u00e7mimi po bie nga 10 deri n\u00eb 30 p\u00ebr qind. Ata q\u00eb merren me shitblerje thon\u00eb se tani n\u00eb kryeqytet ka shum\u00eb m\u00eb pak fuqi bler\u00ebse.<\/p>\n<p>&nbsp;<\/p>\n<header id=\"theme-header\"><\/header>\n<div id=\"main-content\" class=\"container fade-in animated3\">\n<div class=\"content-wrap\">\n<div class=\"content\">\n<div class=\"post-inner\">\n<p class=\"name post-title entry-title\" style=\"text-align: center;\"><strong>Ja sa kushton nj\u00eb banes\u00eb n\u00eb Podgoric\u00eb<br \/>\n<\/strong><\/p>\n<p class=\"name post-title entry-title\" style=\"text-align: left;\"><a href=\"http:\/\/www.visit-ulcinj.com\/blog\/wp-content\/uploads\/2016\/06\/Ja-sa-kushton-nj\u00eb-banes\u00eb-n\u00eb-Podgoric\u00eb-Mali-Zi.jpg\"><img loading=\"lazy\" class=\"alignleft wp-image-97609\" src=\"http:\/\/www.visit-ulcinj.com\/blog\/wp-content\/uploads\/2016\/06\/Ja-sa-kushton-nj\u00eb-banes\u00eb-n\u00eb-Podgoric\u00eb-Mali-Zi.jpg\" alt=\"Ja sa kushton nj\u00eb banes\u00eb n\u00eb Podgoric\u00eb-Mali-Zi\" width=\"508\" height=\"451\" srcset=\"https:\/\/www.visit-ulcinj.com\/blog\/wp-content\/uploads\/2016\/06\/Ja-sa-kushton-nj\u00eb-banes\u00eb-n\u00eb-Podgoric\u00eb-Mali-Zi.jpg 1024w, https:\/\/www.visit-ulcinj.com\/blog\/wp-content\/uploads\/2016\/06\/Ja-sa-kushton-nj\u00eb-banes\u00eb-n\u00eb-Podgoric\u00eb-Mali-Zi-300x266.jpg 300w, https:\/\/www.visit-ulcinj.com\/blog\/wp-content\/uploads\/2016\/06\/Ja-sa-kushton-nj\u00eb-banes\u00eb-n\u00eb-Podgoric\u00eb-Mali-Zi-768x682.jpg 768w\" sizes=\"(max-width: 508px) 100vw, 508px\" \/><\/a><\/p>\n<\/div>\n<\/div>\n<\/div>\n<\/div>\n","protected":false},"excerpt":{"rendered":"<p>Duhet cekur se pas shum\u00eb koh\u00ebsh, \u00e7mimi i banesave n\u00eb Mal t\u00eb Zi e sidomos n\u00eb Podgoric\u00eb po bie. Sa paguhet v\u00ebrtet\u00eb n\u00eb Podgoric\u00eb p\u00ebr nj\u00eb banes\u00eb, rr\u00ebfen nj\u00eb studim i ri i publikuar n\u00eb PortalAnalitika.me. Besohet se p\u00ebr momentin n\u00eb Podgoric\u00eb jan\u00eb shum\u00eb banesa boshe q\u00eb po presin t\u00eb shiten.Kjo madje besohet se \u00ebsht\u00eb [&hellip;]<\/p>\n","protected":false},"author":1,"featured_media":0,"comment_status":"closed","ping_status":"closed","sticky":false,"template":"","format":"standard","meta":{"spay_email":"","jetpack_publicize_message":"","jetpack_is_tweetstorm":false,"jetpack_publicize_feature_enabled":true},"categories":[2451],"tags":[],"jetpack_publicize_connections":[],"yoast_head":"<!-- This site is optimized with the Yoast SEO plugin v19.1 - https:\/\/yoast.com\/wordpress\/plugins\/seo\/ -->\n<title>Bien \u00e7mimet e banesave n\u00eb Podgoric\u00eb, nj\u00eb met\u00ebr katror 939 euro - Lajme nga Ulqini<\/title>\n<meta name=\"description\" content=\"Duhet cekur se pas shum\u00eb koh\u00ebsh, \u00e7mimi i banesave n\u00eb Mal t\u00eb Zi e sidomos n\u00eb Podgoric\u00eb po bie. Sa paguhet v\u00ebrtet\u00eb n\u00eb Podgoric\u00eb p\u00ebr nj\u00eb banes\u00eb, rr\u00ebfen nj\u00eb\" \/>\n<meta name=\"robots\" content=\"index, follow, max-snippet:-1, max-image-preview:large, max-video-preview:-1\" \/>\n<link rel=\"canonical\" href=\"https:\/\/www.visit-ulcinj.com\/blog\/2016\/06\/15\/bien-cmimet-e-banesave-ne-podgorice-nje-meter-katror-939-euro\/\" \/>\n<meta property=\"og:locale\" content=\"en_US\" \/>\n<meta property=\"og:type\" content=\"article\" \/>\n<meta property=\"og:title\" content=\"Bien \u00e7mimet e banesave n\u00eb Podgoric\u00eb, nj\u00eb met\u00ebr katror 939 euro - Lajme nga Ulqini\" \/>\n<meta property=\"og:description\" content=\"Duhet cekur se pas shum\u00eb koh\u00ebsh, \u00e7mimi i banesave n\u00eb Mal t\u00eb Zi e sidomos n\u00eb Podgoric\u00eb po bie. Sa paguhet v\u00ebrtet\u00eb n\u00eb Podgoric\u00eb p\u00ebr nj\u00eb banes\u00eb, rr\u00ebfen nj\u00eb\" \/>\n<meta property=\"og:url\" content=\"https:\/\/www.visit-ulcinj.com\/blog\/2016\/06\/15\/bien-cmimet-e-banesave-ne-podgorice-nje-meter-katror-939-euro\/\" \/>\n<meta property=\"og:site_name\" content=\"Lajme nga Ulqini\" \/>\n<meta property=\"article:published_time\" content=\"2016-06-15T10:19:54+00:00\" \/>\n<meta name=\"twitter:label1\" content=\"Written by\" \/>\n\t<meta name=\"twitter:data1\" content=\"ulqini\" \/>\n\t<meta name=\"twitter:label2\" content=\"Est. reading time\" \/>\n\t<meta name=\"twitter:data2\" content=\"1 minute\" \/>\n<script type=\"application\/ld+json\" class=\"yoast-schema-graph\">{\"@context\":\"https:\/\/schema.org\",\"@graph\":[{\"@type\":\"WebSite\",\"@id\":\"https:\/\/www.visit-ulcinj.com\/blog\/#website\",\"url\":\"https:\/\/www.visit-ulcinj.com\/blog\/\",\"name\":\"Lajme nga Ulqini\",\"description\":\"Lajme,Vijesti,Ulqini,Ulqin,Crna Gora,Mali i Zi\",\"potentialAction\":[{\"@type\":\"SearchAction\",\"target\":{\"@type\":\"EntryPoint\",\"urlTemplate\":\"https:\/\/www.visit-ulcinj.com\/blog\/?s={search_term_string}\"},\"query-input\":\"required name=search_term_string\"}],\"inLanguage\":\"en-US\"},{\"@type\":\"WebPage\",\"@id\":\"https:\/\/www.visit-ulcinj.com\/blog\/2016\/06\/15\/bien-cmimet-e-banesave-ne-podgorice-nje-meter-katror-939-euro\/#webpage\",\"url\":\"https:\/\/www.visit-ulcinj.com\/blog\/2016\/06\/15\/bien-cmimet-e-banesave-ne-podgorice-nje-meter-katror-939-euro\/\",\"name\":\"Bien \u00e7mimet e banesave n\u00eb Podgoric\u00eb, nj\u00eb met\u00ebr katror 939 euro - Lajme nga Ulqini\",\"isPartOf\":{\"@id\":\"https:\/\/www.visit-ulcinj.com\/blog\/#website\"},\"datePublished\":\"2016-06-15T10:19:54+00:00\",\"dateModified\":\"2016-06-15T10:19:54+00:00\",\"author\":{\"@id\":\"https:\/\/www.visit-ulcinj.com\/blog\/#\/schema\/person\/dcab619c614d3038751c63bc2aadc06d\"},\"description\":\"Duhet cekur se pas shum\u00eb koh\u00ebsh, \u00e7mimi i banesave n\u00eb Mal t\u00eb Zi e sidomos n\u00eb Podgoric\u00eb po bie. Sa paguhet v\u00ebrtet\u00eb n\u00eb Podgoric\u00eb p\u00ebr nj\u00eb banes\u00eb, rr\u00ebfen nj\u00eb\",\"breadcrumb\":{\"@id\":\"https:\/\/www.visit-ulcinj.com\/blog\/2016\/06\/15\/bien-cmimet-e-banesave-ne-podgorice-nje-meter-katror-939-euro\/#breadcrumb\"},\"inLanguage\":\"en-US\",\"potentialAction\":[{\"@type\":\"ReadAction\",\"target\":[\"https:\/\/www.visit-ulcinj.com\/blog\/2016\/06\/15\/bien-cmimet-e-banesave-ne-podgorice-nje-meter-katror-939-euro\/\"]}]},{\"@type\":\"BreadcrumbList\",\"@id\":\"https:\/\/www.visit-ulcinj.com\/blog\/2016\/06\/15\/bien-cmimet-e-banesave-ne-podgorice-nje-meter-katror-939-euro\/#breadcrumb\",\"itemListElement\":[{\"@type\":\"ListItem\",\"position\":1,\"name\":\"Bien \u00e7mimet e banesave n\u00eb Podgoric\u00eb, nj\u00eb met\u00ebr katror 939 euro\"}]},{\"@type\":\"Person\",\"@id\":\"https:\/\/www.visit-ulcinj.com\/blog\/#\/schema\/person\/dcab619c614d3038751c63bc2aadc06d\",\"name\":\"ulqini\",\"sameAs\":[\"http:\/\/www.visit-ulcinj.com\"],\"url\":\"https:\/\/www.visit-ulcinj.com\/blog\/author\/admin\/\"}]}<\/script>\n<!-- \/ Yoast SEO plugin. -->","yoast_head_json":{"title":"Bien \u00e7mimet e banesave n\u00eb Podgoric\u00eb, nj\u00eb met\u00ebr katror 939 euro - Lajme nga Ulqini","description":"Duhet cekur se pas shum\u00eb koh\u00ebsh, \u00e7mimi i banesave n\u00eb Mal t\u00eb Zi e sidomos n\u00eb Podgoric\u00eb po bie. Sa paguhet v\u00ebrtet\u00eb n\u00eb Podgoric\u00eb p\u00ebr nj\u00eb banes\u00eb, rr\u00ebfen nj\u00eb","robots":{"index":"index","follow":"follow","max-snippet":"max-snippet:-1","max-image-preview":"max-image-preview:large","max-video-preview":"max-video-preview:-1"},"canonical":"https:\/\/www.visit-ulcinj.com\/blog\/2016\/06\/15\/bien-cmimet-e-banesave-ne-podgorice-nje-meter-katror-939-euro\/","og_locale":"en_US","og_type":"article","og_title":"Bien \u00e7mimet e banesave n\u00eb Podgoric\u00eb, nj\u00eb met\u00ebr katror 939 euro - Lajme nga Ulqini","og_description":"Duhet cekur se pas shum\u00eb koh\u00ebsh, \u00e7mimi i banesave n\u00eb Mal t\u00eb Zi e sidomos n\u00eb Podgoric\u00eb po bie. Sa paguhet v\u00ebrtet\u00eb n\u00eb Podgoric\u00eb p\u00ebr nj\u00eb banes\u00eb, rr\u00ebfen nj\u00eb","og_url":"https:\/\/www.visit-ulcinj.com\/blog\/2016\/06\/15\/bien-cmimet-e-banesave-ne-podgorice-nje-meter-katror-939-euro\/","og_site_name":"Lajme nga Ulqini","article_published_time":"2016-06-15T10:19:54+00:00","twitter_misc":{"Written by":"ulqini","Est. reading time":"1 minute"},"schema":{"@context":"https:\/\/schema.org","@graph":[{"@type":"WebSite","@id":"https:\/\/www.visit-ulcinj.com\/blog\/#website","url":"https:\/\/www.visit-ulcinj.com\/blog\/","name":"Lajme nga Ulqini","description":"Lajme,Vijesti,Ulqini,Ulqin,Crna Gora,Mali i Zi","potentialAction":[{"@type":"SearchAction","target":{"@type":"EntryPoint","urlTemplate":"https:\/\/www.visit-ulcinj.com\/blog\/?s={search_term_string}"},"query-input":"required name=search_term_string"}],"inLanguage":"en-US"},{"@type":"WebPage","@id":"https:\/\/www.visit-ulcinj.com\/blog\/2016\/06\/15\/bien-cmimet-e-banesave-ne-podgorice-nje-meter-katror-939-euro\/#webpage","url":"https:\/\/www.visit-ulcinj.com\/blog\/2016\/06\/15\/bien-cmimet-e-banesave-ne-podgorice-nje-meter-katror-939-euro\/","name":"Bien \u00e7mimet e banesave n\u00eb Podgoric\u00eb, nj\u00eb met\u00ebr katror 939 euro - Lajme nga Ulqini","isPartOf":{"@id":"https:\/\/www.visit-ulcinj.com\/blog\/#website"},"datePublished":"2016-06-15T10:19:54+00:00","dateModified":"2016-06-15T10:19:54+00:00","author":{"@id":"https:\/\/www.visit-ulcinj.com\/blog\/#\/schema\/person\/dcab619c614d3038751c63bc2aadc06d"},"description":"Duhet cekur se pas shum\u00eb koh\u00ebsh, \u00e7mimi i banesave n\u00eb Mal t\u00eb Zi e sidomos n\u00eb Podgoric\u00eb po bie. Sa paguhet v\u00ebrtet\u00eb n\u00eb Podgoric\u00eb p\u00ebr nj\u00eb banes\u00eb, rr\u00ebfen nj\u00eb","breadcrumb":{"@id":"https:\/\/www.visit-ulcinj.com\/blog\/2016\/06\/15\/bien-cmimet-e-banesave-ne-podgorice-nje-meter-katror-939-euro\/#breadcrumb"},"inLanguage":"en-US","potentialAction":[{"@type":"ReadAction","target":["https:\/\/www.visit-ulcinj.com\/blog\/2016\/06\/15\/bien-cmimet-e-banesave-ne-podgorice-nje-meter-katror-939-euro\/"]}]},{"@type":"BreadcrumbList","@id":"https:\/\/www.visit-ulcinj.com\/blog\/2016\/06\/15\/bien-cmimet-e-banesave-ne-podgorice-nje-meter-katror-939-euro\/#breadcrumb","itemListElement":[{"@type":"ListItem","position":1,"name":"Bien \u00e7mimet e banesave n\u00eb Podgoric\u00eb, nj\u00eb met\u00ebr katror 939 euro"}]},{"@type":"Person","@id":"https:\/\/www.visit-ulcinj.com\/blog\/#\/schema\/person\/dcab619c614d3038751c63bc2aadc06d","name":"ulqini","sameAs":["http:\/\/www.visit-ulcinj.com"],"url":"https:\/\/www.visit-ulcinj.com\/blog\/author\/admin\/"}]}},"jetpack_featured_media_url":"","jetpack_sharing_enabled":true,"jetpack_shortlink":"https:\/\/wp.me\/pe6lTn-poj","_links":{"self":[{"href":"https:\/\/www.visit-ulcinj.com\/blog\/wp-json\/wp\/v2\/posts\/97607"}],"collection":[{"href":"https:\/\/www.visit-ulcinj.com\/blog\/wp-json\/wp\/v2\/posts"}],"about":[{"href":"https:\/\/www.visit-ulcinj.com\/blog\/wp-json\/wp\/v2\/types\/post"}],"author":[{"embeddable":true,"href":"https:\/\/www.visit-ulcinj.com\/blog\/wp-json\/wp\/v2\/users\/1"}],"replies":[{"embeddable":true,"href":"https:\/\/www.visit-ulcinj.com\/blog\/wp-json\/wp\/v2\/comments?post=97607"}],"version-history":[{"count":1,"href":"https:\/\/www.visit-ulcinj.com\/blog\/wp-json\/wp\/v2\/posts\/97607\/revisions"}],"predecessor-version":[{"id":97611,"href":"https:\/\/www.visit-ulcinj.com\/blog\/wp-json\/wp\/v2\/posts\/97607\/revisions\/97611"}],"wp:attachment":[{"href":"https:\/\/www.visit-ulcinj.com\/blog\/wp-json\/wp\/v2\/media?parent=97607"}],"wp:term":[{"taxonomy":"category","embeddable":true,"href":"https:\/\/www.visit-ulcinj.com\/blog\/wp-json\/wp\/v2\/categories?post=97607"},{"taxonomy":"post_tag","embeddable":true,"href":"https:\/\/www.visit-ulcinj.com\/blog\/wp-json\/wp\/v2\/tags?post=97607"}],"curies":[{"name":"wp","href":"https:\/\/api.w.org\/{rel}","templated":true}]}}