{"id":97620,"date":"2016-06-15T17:02:46","date_gmt":"2016-06-15T16:02:46","guid":{"rendered":"http:\/\/www.visit-ulcinj.com\/blog\/?p=97620"},"modified":"2016-06-15T17:02:46","modified_gmt":"2016-06-15T16:02:46","slug":"futboll-ejani-te-festojme-se-bashku-ne-oren-2100-ne-molon-e-ulqinit","status":"publish","type":"post","link":"https:\/\/www.visit-ulcinj.com\/blog\/2016\/06\/15\/futboll-ejani-te-festojme-se-bashku-ne-oren-2100-ne-molon-e-ulqinit\/","title":{"rendered":"Futboll: Ejani t\u00eb festojm\u00eb s\u00eb bashku n\u00eb or\u00ebn 21:00 n\u00eb Molon e Ulqinit"},"content":{"rendered":"<p><a href=\"http:\/\/www.visit-ulcinj.com\/blog\/wp-content\/uploads\/2016\/06\/Festojm-se-bashku-kombetarja-Ulqin.jpg\"><img loading=\"lazy\" class=\"alignleft wp-image-97504\" src=\"http:\/\/www.visit-ulcinj.com\/blog\/wp-content\/uploads\/2016\/06\/Festojm-se-bashku-kombetarja-Ulqin.jpg\" alt=\"Festojm se bashku-kombetarja-Ulqin\" width=\"508\" height=\"381\" srcset=\"https:\/\/www.visit-ulcinj.com\/blog\/wp-content\/uploads\/2016\/06\/Festojm-se-bashku-kombetarja-Ulqin.jpg 664w, https:\/\/www.visit-ulcinj.com\/blog\/wp-content\/uploads\/2016\/06\/Festojm-se-bashku-kombetarja-Ulqin-300x225.jpg 300w\" sizes=\"(max-width: 508px) 100vw, 508px\" \/><\/a>Perballjen n\u00eb mes Shqip\u00ebris\u00eb dhe Frances n\u00eb or\u00ebn 21:00 do t\u00eb\u00a0 keni mund\u00ebsi qe\u00eb ta ndiqni sonte ne Molen e plazhit te vogel. \u201c Footbal Fest Ulqini 2016 \u201crikthehet sonte pas reshjeve te shiut me pasqyrimin direkt t\u00eb cdo ndeshje n\u00eb ekranin e madh t\u00eb vendosur n\u00ebn bedenet e kalas\u00eb.<\/p>\n<p>Me bluzat kuq e zi ju mirepresim te gjitheve sonte qe te perkrahim Komb\u00ebtaren ton\u00eb e cila po shkruan histori ne Velodrom te Marsej\u00ebs, kuqezinjt\u00eb sfidojn\u00eb organizatoret e k\u00ebtij europiani Franc\u00ebn, q\u00eb k\u00ebrkon fitoren e dyt\u00eb dhe kualifikimin<\/p>\n","protected":false},"excerpt":{"rendered":"<p>Perballjen n\u00eb mes Shqip\u00ebris\u00eb dhe Frances n\u00eb or\u00ebn 21:00 do t\u00eb\u00a0 keni mund\u00ebsi qe\u00eb ta ndiqni sonte ne Molen e plazhit te vogel. \u201c Footbal Fest Ulqini 2016 \u201crikthehet sonte pas reshjeve te shiut me pasqyrimin direkt t\u00eb cdo ndeshje n\u00eb ekranin e madh t\u00eb vendosur n\u00ebn bedenet e kalas\u00eb. Me bluzat kuq e zi [&hellip;]<\/p>\n","protected":false},"author":1,"featured_media":0,"comment_status":"closed","ping_status":"closed","sticky":false,"template":"","format":"standard","meta":{"spay_email":"","jetpack_publicize_message":"","jetpack_is_tweetstorm":false,"jetpack_publicize_feature_enabled":true},"categories":[3],"tags":[],"jetpack_publicize_connections":[],"yoast_head":"<!-- This site is optimized with the Yoast SEO plugin v19.1 - https:\/\/yoast.com\/wordpress\/plugins\/seo\/ -->\n<title>Futboll: Ejani t\u00eb festojm\u00eb s\u00eb bashku n\u00eb or\u00ebn 21:00 n\u00eb Molon e Ulqinit - Lajme nga Ulqini<\/title>\n<meta name=\"description\" content=\"Perballjen n\u00eb mes Shqip\u00ebris\u00eb dhe Frances n\u00eb or\u00ebn 21:00 do t\u00eb\u00a0 keni mund\u00ebsi qe\u00eb ta ndiqni sonte ne Molen e plazhit te vogel. \u201c Footbal Fest Ulqini 2016\" \/>\n<meta name=\"robots\" content=\"index, follow, max-snippet:-1, max-image-preview:large, max-video-preview:-1\" \/>\n<link rel=\"canonical\" href=\"https:\/\/www.visit-ulcinj.com\/blog\/2016\/06\/15\/futboll-ejani-te-festojme-se-bashku-ne-oren-2100-ne-molon-e-ulqinit\/\" \/>\n<meta property=\"og:locale\" content=\"en_US\" \/>\n<meta property=\"og:type\" content=\"article\" \/>\n<meta property=\"og:title\" content=\"Futboll: Ejani t\u00eb festojm\u00eb s\u00eb bashku n\u00eb or\u00ebn 21:00 n\u00eb Molon e Ulqinit - Lajme nga Ulqini\" \/>\n<meta property=\"og:description\" content=\"Perballjen n\u00eb mes Shqip\u00ebris\u00eb dhe Frances n\u00eb or\u00ebn 21:00 do t\u00eb\u00a0 keni mund\u00ebsi qe\u00eb ta ndiqni sonte ne Molen e plazhit te vogel. \u201c Footbal Fest Ulqini 2016\" \/>\n<meta property=\"og:url\" content=\"https:\/\/www.visit-ulcinj.com\/blog\/2016\/06\/15\/futboll-ejani-te-festojme-se-bashku-ne-oren-2100-ne-molon-e-ulqinit\/\" \/>\n<meta property=\"og:site_name\" content=\"Lajme nga Ulqini\" \/>\n<meta property=\"article:published_time\" content=\"2016-06-15T16:02:46+00:00\" \/>\n<meta property=\"og:image\" content=\"http:\/\/www.visit-ulcinj.com\/blog\/wp-content\/uploads\/2016\/06\/Festojm-se-bashku-kombetarja-Ulqin.jpg\" \/>\n<meta name=\"twitter:label1\" content=\"Written by\" \/>\n\t<meta name=\"twitter:data1\" content=\"ulqini\" \/>\n<script type=\"application\/ld+json\" class=\"yoast-schema-graph\">{\"@context\":\"https:\/\/schema.org\",\"@graph\":[{\"@type\":\"WebSite\",\"@id\":\"https:\/\/www.visit-ulcinj.com\/blog\/#website\",\"url\":\"https:\/\/www.visit-ulcinj.com\/blog\/\",\"name\":\"Lajme nga Ulqini\",\"description\":\"Lajme,Vijesti,Ulqini,Ulqin,Crna Gora,Mali i Zi\",\"potentialAction\":[{\"@type\":\"SearchAction\",\"target\":{\"@type\":\"EntryPoint\",\"urlTemplate\":\"https:\/\/www.visit-ulcinj.com\/blog\/?s={search_term_string}\"},\"query-input\":\"required name=search_term_string\"}],\"inLanguage\":\"en-US\"},{\"@type\":\"ImageObject\",\"inLanguage\":\"en-US\",\"@id\":\"https:\/\/www.visit-ulcinj.com\/blog\/2016\/06\/15\/futboll-ejani-te-festojme-se-bashku-ne-oren-2100-ne-molon-e-ulqinit\/#primaryimage\",\"url\":\"https:\/\/www.visit-ulcinj.com\/blog\/wp-content\/uploads\/2016\/06\/Festojm-se-bashku-kombetarja-Ulqin.jpg\",\"contentUrl\":\"https:\/\/www.visit-ulcinj.com\/blog\/wp-content\/uploads\/2016\/06\/Festojm-se-bashku-kombetarja-Ulqin.jpg\",\"width\":664,\"height\":498},{\"@type\":\"WebPage\",\"@id\":\"https:\/\/www.visit-ulcinj.com\/blog\/2016\/06\/15\/futboll-ejani-te-festojme-se-bashku-ne-oren-2100-ne-molon-e-ulqinit\/#webpage\",\"url\":\"https:\/\/www.visit-ulcinj.com\/blog\/2016\/06\/15\/futboll-ejani-te-festojme-se-bashku-ne-oren-2100-ne-molon-e-ulqinit\/\",\"name\":\"Futboll: Ejani t\u00eb festojm\u00eb s\u00eb bashku n\u00eb or\u00ebn 21:00 n\u00eb Molon e Ulqinit - Lajme nga Ulqini\",\"isPartOf\":{\"@id\":\"https:\/\/www.visit-ulcinj.com\/blog\/#website\"},\"primaryImageOfPage\":{\"@id\":\"https:\/\/www.visit-ulcinj.com\/blog\/2016\/06\/15\/futboll-ejani-te-festojme-se-bashku-ne-oren-2100-ne-molon-e-ulqinit\/#primaryimage\"},\"datePublished\":\"2016-06-15T16:02:46+00:00\",\"dateModified\":\"2016-06-15T16:02:46+00:00\",\"author\":{\"@id\":\"https:\/\/www.visit-ulcinj.com\/blog\/#\/schema\/person\/dcab619c614d3038751c63bc2aadc06d\"},\"description\":\"Perballjen n\u00eb mes Shqip\u00ebris\u00eb dhe Frances n\u00eb or\u00ebn 21:00 do t\u00eb\u00a0 keni mund\u00ebsi qe\u00eb ta ndiqni sonte ne Molen e plazhit te vogel. \u201c Footbal Fest Ulqini 2016\",\"breadcrumb\":{\"@id\":\"https:\/\/www.visit-ulcinj.com\/blog\/2016\/06\/15\/futboll-ejani-te-festojme-se-bashku-ne-oren-2100-ne-molon-e-ulqinit\/#breadcrumb\"},\"inLanguage\":\"en-US\",\"potentialAction\":[{\"@type\":\"ReadAction\",\"target\":[\"https:\/\/www.visit-ulcinj.com\/blog\/2016\/06\/15\/futboll-ejani-te-festojme-se-bashku-ne-oren-2100-ne-molon-e-ulqinit\/\"]}]},{\"@type\":\"BreadcrumbList\",\"@id\":\"https:\/\/www.visit-ulcinj.com\/blog\/2016\/06\/15\/futboll-ejani-te-festojme-se-bashku-ne-oren-2100-ne-molon-e-ulqinit\/#breadcrumb\",\"itemListElement\":[{\"@type\":\"ListItem\",\"position\":1,\"name\":\"Futboll: Ejani t\u00eb festojm\u00eb s\u00eb bashku n\u00eb or\u00ebn 21:00 n\u00eb Molon e Ulqinit\"}]},{\"@type\":\"Person\",\"@id\":\"https:\/\/www.visit-ulcinj.com\/blog\/#\/schema\/person\/dcab619c614d3038751c63bc2aadc06d\",\"name\":\"ulqini\",\"sameAs\":[\"http:\/\/www.visit-ulcinj.com\"],\"url\":\"https:\/\/www.visit-ulcinj.com\/blog\/author\/admin\/\"}]}<\/script>\n<!-- \/ Yoast SEO plugin. -->","yoast_head_json":{"title":"Futboll: Ejani t\u00eb festojm\u00eb s\u00eb bashku n\u00eb or\u00ebn 21:00 n\u00eb Molon e Ulqinit - Lajme nga Ulqini","description":"Perballjen n\u00eb mes Shqip\u00ebris\u00eb dhe Frances n\u00eb or\u00ebn 21:00 do t\u00eb\u00a0 keni mund\u00ebsi qe\u00eb ta ndiqni sonte ne Molen e plazhit te vogel. \u201c Footbal Fest Ulqini 2016","robots":{"index":"index","follow":"follow","max-snippet":"max-snippet:-1","max-image-preview":"max-image-preview:large","max-video-preview":"max-video-preview:-1"},"canonical":"https:\/\/www.visit-ulcinj.com\/blog\/2016\/06\/15\/futboll-ejani-te-festojme-se-bashku-ne-oren-2100-ne-molon-e-ulqinit\/","og_locale":"en_US","og_type":"article","og_title":"Futboll: Ejani t\u00eb festojm\u00eb s\u00eb bashku n\u00eb or\u00ebn 21:00 n\u00eb Molon e Ulqinit - Lajme nga Ulqini","og_description":"Perballjen n\u00eb mes Shqip\u00ebris\u00eb dhe Frances n\u00eb or\u00ebn 21:00 do t\u00eb\u00a0 keni mund\u00ebsi qe\u00eb ta ndiqni sonte ne Molen e plazhit te vogel. \u201c Footbal Fest Ulqini 2016","og_url":"https:\/\/www.visit-ulcinj.com\/blog\/2016\/06\/15\/futboll-ejani-te-festojme-se-bashku-ne-oren-2100-ne-molon-e-ulqinit\/","og_site_name":"Lajme nga Ulqini","article_published_time":"2016-06-15T16:02:46+00:00","og_image":[{"url":"http:\/\/www.visit-ulcinj.com\/blog\/wp-content\/uploads\/2016\/06\/Festojm-se-bashku-kombetarja-Ulqin.jpg"}],"twitter_misc":{"Written by":"ulqini"},"schema":{"@context":"https:\/\/schema.org","@graph":[{"@type":"WebSite","@id":"https:\/\/www.visit-ulcinj.com\/blog\/#website","url":"https:\/\/www.visit-ulcinj.com\/blog\/","name":"Lajme nga Ulqini","description":"Lajme,Vijesti,Ulqini,Ulqin,Crna Gora,Mali i Zi","potentialAction":[{"@type":"SearchAction","target":{"@type":"EntryPoint","urlTemplate":"https:\/\/www.visit-ulcinj.com\/blog\/?s={search_term_string}"},"query-input":"required name=search_term_string"}],"inLanguage":"en-US"},{"@type":"ImageObject","inLanguage":"en-US","@id":"https:\/\/www.visit-ulcinj.com\/blog\/2016\/06\/15\/futboll-ejani-te-festojme-se-bashku-ne-oren-2100-ne-molon-e-ulqinit\/#primaryimage","url":"https:\/\/www.visit-ulcinj.com\/blog\/wp-content\/uploads\/2016\/06\/Festojm-se-bashku-kombetarja-Ulqin.jpg","contentUrl":"https:\/\/www.visit-ulcinj.com\/blog\/wp-content\/uploads\/2016\/06\/Festojm-se-bashku-kombetarja-Ulqin.jpg","width":664,"height":498},{"@type":"WebPage","@id":"https:\/\/www.visit-ulcinj.com\/blog\/2016\/06\/15\/futboll-ejani-te-festojme-se-bashku-ne-oren-2100-ne-molon-e-ulqinit\/#webpage","url":"https:\/\/www.visit-ulcinj.com\/blog\/2016\/06\/15\/futboll-ejani-te-festojme-se-bashku-ne-oren-2100-ne-molon-e-ulqinit\/","name":"Futboll: Ejani t\u00eb festojm\u00eb s\u00eb bashku n\u00eb or\u00ebn 21:00 n\u00eb Molon e Ulqinit - Lajme nga Ulqini","isPartOf":{"@id":"https:\/\/www.visit-ulcinj.com\/blog\/#website"},"primaryImageOfPage":{"@id":"https:\/\/www.visit-ulcinj.com\/blog\/2016\/06\/15\/futboll-ejani-te-festojme-se-bashku-ne-oren-2100-ne-molon-e-ulqinit\/#primaryimage"},"datePublished":"2016-06-15T16:02:46+00:00","dateModified":"2016-06-15T16:02:46+00:00","author":{"@id":"https:\/\/www.visit-ulcinj.com\/blog\/#\/schema\/person\/dcab619c614d3038751c63bc2aadc06d"},"description":"Perballjen n\u00eb mes Shqip\u00ebris\u00eb dhe Frances n\u00eb or\u00ebn 21:00 do t\u00eb\u00a0 keni mund\u00ebsi qe\u00eb ta ndiqni sonte ne Molen e plazhit te vogel. \u201c Footbal Fest Ulqini 2016","breadcrumb":{"@id":"https:\/\/www.visit-ulcinj.com\/blog\/2016\/06\/15\/futboll-ejani-te-festojme-se-bashku-ne-oren-2100-ne-molon-e-ulqinit\/#breadcrumb"},"inLanguage":"en-US","potentialAction":[{"@type":"ReadAction","target":["https:\/\/www.visit-ulcinj.com\/blog\/2016\/06\/15\/futboll-ejani-te-festojme-se-bashku-ne-oren-2100-ne-molon-e-ulqinit\/"]}]},{"@type":"BreadcrumbList","@id":"https:\/\/www.visit-ulcinj.com\/blog\/2016\/06\/15\/futboll-ejani-te-festojme-se-bashku-ne-oren-2100-ne-molon-e-ulqinit\/#breadcrumb","itemListElement":[{"@type":"ListItem","position":1,"name":"Futboll: Ejani t\u00eb festojm\u00eb s\u00eb bashku n\u00eb or\u00ebn 21:00 n\u00eb Molon e Ulqinit"}]},{"@type":"Person","@id":"https:\/\/www.visit-ulcinj.com\/blog\/#\/schema\/person\/dcab619c614d3038751c63bc2aadc06d","name":"ulqini","sameAs":["http:\/\/www.visit-ulcinj.com"],"url":"https:\/\/www.visit-ulcinj.com\/blog\/author\/admin\/"}]}},"jetpack_featured_media_url":"","jetpack_sharing_enabled":true,"jetpack_shortlink":"https:\/\/wp.me\/pe6lTn-pow","_links":{"self":[{"href":"https:\/\/www.visit-ulcinj.com\/blog\/wp-json\/wp\/v2\/posts\/97620"}],"collection":[{"href":"https:\/\/www.visit-ulcinj.com\/blog\/wp-json\/wp\/v2\/posts"}],"about":[{"href":"https:\/\/www.visit-ulcinj.com\/blog\/wp-json\/wp\/v2\/types\/post"}],"author":[{"embeddable":true,"href":"https:\/\/www.visit-ulcinj.com\/blog\/wp-json\/wp\/v2\/users\/1"}],"replies":[{"embeddable":true,"href":"https:\/\/www.visit-ulcinj.com\/blog\/wp-json\/wp\/v2\/comments?post=97620"}],"version-history":[{"count":1,"href":"https:\/\/www.visit-ulcinj.com\/blog\/wp-json\/wp\/v2\/posts\/97620\/revisions"}],"predecessor-version":[{"id":97621,"href":"https:\/\/www.visit-ulcinj.com\/blog\/wp-json\/wp\/v2\/posts\/97620\/revisions\/97621"}],"wp:attachment":[{"href":"https:\/\/www.visit-ulcinj.com\/blog\/wp-json\/wp\/v2\/media?parent=97620"}],"wp:term":[{"taxonomy":"category","embeddable":true,"href":"https:\/\/www.visit-ulcinj.com\/blog\/wp-json\/wp\/v2\/categories?post=97620"},{"taxonomy":"post_tag","embeddable":true,"href":"https:\/\/www.visit-ulcinj.com\/blog\/wp-json\/wp\/v2\/tags?post=97620"}],"curies":[{"name":"wp","href":"https:\/\/api.w.org\/{rel}","templated":true}]}}