{"id":97622,"date":"2016-06-15T17:10:46","date_gmt":"2016-06-15T16:10:46","guid":{"rendered":"http:\/\/www.visit-ulcinj.com\/blog\/?p=97622"},"modified":"2016-06-15T20:14:27","modified_gmt":"2016-06-15T19:14:27","slug":"nika-koalicioni-gjere-dhe-ma-ban-isharet","status":"publish","type":"post","link":"https:\/\/www.visit-ulcinj.com\/blog\/2016\/06\/15\/nika-koalicioni-gjere-dhe-ma-ban-isharet\/","title":{"rendered":"Nika: Koalicioni gj\u00ebr\u00eb: \u201cDhe ma ban me isharet&#8230;\u201d?!"},"content":{"rendered":"<p><strong><em><a href=\"http:\/\/www.visit-ulcinj.com\/blog\/wp-content\/uploads\/2013\/12\/Muhamet-Nika.jpg\"><img loading=\"lazy\" class=\"alignleft wp-image-77361 size-medium\" src=\"http:\/\/www.visit-ulcinj.com\/blog\/wp-content\/uploads\/2013\/12\/Muhamet-Nika-300x190.jpg\" alt=\"Muhamet-Nika\" width=\"300\" height=\"190\" srcset=\"https:\/\/www.visit-ulcinj.com\/blog\/wp-content\/uploads\/2013\/12\/Muhamet-Nika-300x190.jpg 300w, https:\/\/www.visit-ulcinj.com\/blog\/wp-content\/uploads\/2013\/12\/Muhamet-Nika.jpg 389w\" sizes=\"(max-width: 300px) 100vw, 300px\" \/><\/a>Shkruan Muhamet Nika<\/em><\/strong><\/p>\n<p><strong><em>1.<\/em><\/strong><\/p>\n<p><strong><em>DYFTYR\u00cbSIA (K\u00cbNGA VAZHDON)&#8230;?!+<\/em><\/strong><\/p>\n<p><strong><em>Derisa\u00a0 n\u00eb faqet e portaleve k\u00ebtyre dit\u00ebve\u00a0 njeriu has\u00eb\u00a0 shpesh\u00a0 titujt si puna e\u00a0 k\u00ebtyre: <\/em><em>\u201c<\/em><em>N\u00eb Ulqin Tifoz\u00ebt Kuq e Zi n\u00eb nj\u00eb vend..\u201c,\u00a0 \u201c<\/em><em>Nimanbegu: T\u00eb t\u00ebrheqet k\u00ebrkesa p\u00ebr ndjekje penale \u2026\u201d, \u201c<\/em><em>Trukim i policis\u00eb kund\u00ebr hotelierit Alloviq\u201d, <\/em><em>Fituesit e Rumis\u00eb\u201d, \u201c<\/em><em>Riciklimi i Gjeloshajt,\u2026. faqet e fjalorit malazez<\/em><em>,\u201d<\/em><em> e t\u00eb\u00a0 tjera\u00a0 shkrime e prononcime si k\u00ebto, \u00a0njeriu nga jasht\u00eb- n\u00eb Amerik\u00eb, e Kalabri&#8230;, \u00a0edhe mund t\u00eb thot\u00eb : \u201cSi lum\u00a0 k\u00ebto&#8230; ,\u00a0 si lum\u00eb k\u00ebto&#8230;,\u00a0 q\u00eb p\u00ebrkujdes\u00ebn p\u00ebr shqipen\u00a0 n\u00eb k\u00ebto an\u00eb dhe aq m\u00eb tep\u00ebr , lum\u00eb ky popull q\u00eb ka nj\u00eb elit\u00eb\u00a0 politike\u00a0 e punonj\u00ebs t\u00eb kultur\u00ebs q\u00eb\u00a0 nuk hezitojn\u00eb e shp\u00ebrthejn\u00eb kur e lyp puna\u00a0 p\u00ebr mbrojtjen e kombit &#8230;?! Madje pa e dh\u00ebn\u00eb kush as \u00a0vet\u00eb \u00a0\u2013 kush+trimin..?!!!<\/em><\/strong><\/p>\n<p><strong><em>\u00a0<\/em><\/strong><\/p>\n<p>Respekt t\u00eb ve\u00e7ant\u00eb p\u00ebr\u00a0 tifoz\u00ebt\u00a0\u00a0 sportiv\u00eb , q\u00eb\u00a0 edhe kur jan\u00eb n\u00eb\u00a0 nj\u00eb ndeshje sportive\u00a0 demonstrojn\u00eb\u00a0 krenari komb\u00ebtare dhe k\u00ebt\u00eb e b\u00ebjn\u00eb edhe kur\u00a0 si alpinist\u00eb \u201c fitojn\u00eb Rumin\u00eb..\u201d, ose\u00a0 si poet\u00eb n\u00eb Podgoric\u00eb \u2013 \u00a0prezantohen \u00a0n\u00eb gjuh\u00ebn malazeze &#8230;.?!<\/p>\n<p>Por koha e manifestimit\u00a0 t\u00eb p\u00ebrcaktimit ton\u00eb \u00a0komb\u00ebtar\u00eb vet\u00ebm n\u00eb grumbull \u00a0e para\u00a0 grumbullit \u201c \u00a0dhe p\u00ebr \u201c grumbull ..\u201d si\u00e7\u00a0 na m\u00ebson \u00a0\u00a0politika nacionale duhet t\u00eb p\u00ebrfundoj\u00eb n\u00ebse nuk ka p\u00ebrfunduar. N\u00eb k\u00ebt\u00eb aspekt , n\u00eb shum\u00eb \u00e7ka e p\u00ebrkrah Liugj Shkrelin p\u00ebr diskutim n\u00eb parlamentin vendor\u00eb si m\u00eb t\u00eb urtin dhe t\u00eb maturin n\u00eb k\u00ebt\u00eb pun\u00eb?!!<\/p>\n<p>P\u00ebr mua kur \u00a0ndodhin k\u00ebso reagimesh e p\u00ebrkrahjesh nga politika p\u00ebr \u00a0tifoz\u00ebt e komb\u00ebtares , \u00a0kam nj\u00eb ndjesi\u00a0 posht\u00ebruese\u00a0 fyese e plot\u00eb dhimbje \u00a0t\u00eb shqipes, q\u00eb \u00a0nxisin tek un\u00eb \u201c onxhobonxh\u00ebt\u201d-deputet\u00ebt shqiptar\u00eb duke m\u00eb kujtuar \u00a0lojtarin e fundit \u00a0n\u00eb \u201c sulmin e demave&#8230;\u201d?!<\/p>\n<p>Kjo p\u00ebr mua\u00a0 \u00a0\u00ebsht\u00eb bjerrje kohe\u00a0 dhe nj\u00eb dyfytyr\u00ebsi e pun\u00ebs s\u00eb \u00a0\u00a0rrahjes s\u00eb \u00a0ujit \u00a0\u201cn\u00eb havan e m\u00eb sy tavan\u201d. SHQIPJA NUK MBROHET ME K\u00cbT\u00cb LOJ\u00cb F\u00cbMIJ\u00cbSH Q\u00cb \u00a0JAN\u00cb DUKE B\u00cbR\u00cb ENDE \u00a0DISA. Kuptohet sa \u00a0p\u00ebr \u00a0\u201csyrreta..\u201d e doping- motivimi p\u00ebr taborrizim zgjedhor shqip \u00a0\u00a0t\u00eb shtatorit q\u00eb \u00a0k\u00ebrkon \u00a0vot\u00eb tifoz\u00ebsh komb\u00ebtar\u00eb .<\/p>\n<p>Andaj ,\u00a0 k\u00ebto \u00a0\u201csulm demash\u201d, ka mund\u00ebsi q\u00eb \u00a0t\u00eb mos shqet\u00ebsojn\u00eb as partin\u00eb n\u00eb pushtet duke qen\u00eb t\u00eb interesuar q\u00eb me situata jasht\u00eb normales &#8211; t\u00eb sportit , t\u00eb fuqizoj\u00eb \u00a0autoritetin e partive nacionale \u2013 shum\u00eb t\u00eb diskutuesh\u00ebm,<\/p>\n<p>Por le t\u2019i kthehemi problemit &#8211; Shqipja nuk \u00a0mund t\u00eb mbrohet \u00a0as me\u00a0 riciklim t\u00eb fjalorit \u00a0malazez, q\u00eb pam\u00eb- \u00a0\u00a0t\u00eb b\u00ebj\u00eb \u00a0Gjeloshaj, pa b\u00ebr\u00eb m\u00eb par\u00eb- riciklimin abetares \u00a0shqipe\u00a0 q\u00eb \u00ebsht\u00eb\u00a0 \u00a0n\u00eb p\u00ebrdorim nga ministria malazeze \u00a0n\u00eb vend t\u00eb abetares mbar\u00ebkomb\u00ebtare dhe teksteve tjera&#8230;, si \u00a0dhe pa b\u00ebr\u00eb riciklimin\u00a0 e\u00a0 Koalicionit t\u00eb Gjer\u00eb n\u00eb Ulqin , \u00a0q\u00eb \u00a0edhe -defakto \u00a0\u201c \u00a0ka p\u00ebrz\u00ebn\u00eb shqipen\u201d, n\u00eb \u00a0\u00a0p\u00ebrditshm\u00ebrin\u00eb\u00a0 e komunikimit \u00a0zyrtar, qoft\u00eb me pal\u00eb qoft\u00eb \u00a0dhe me k\u00ebshilltar\u00eb p\u00ebrmes materialit q\u00eb u d\u00ebrgohet \u00a0atyre \u00a0vet\u00ebm serbisht ?!!Dhe \u00a0tjet\u00ebr, kur \u00a0kryetari i kuvendit, p\u00ebr k\u00ebt\u00eb \u2013 pa nj\u00eb ujdi \u00a0me k\u00ebshilltar\u00ebt dhe ekzekutivin , tha se kjo praktik\u00eb do t\u00eb vazhdoj\u00eb edhe p\u00ebr nj\u00eb koh\u00eb t\u00eb gjat\u00eb t\u00eb jet\u00eb k\u00ebshtu&#8230;?!!<\/p>\n<p>Andaj p\u00ebr situat\u00ebn e krijuar n\u00eb komun\u00eb kjo \u00ebsht\u00eb\u00a0 \u00a0edhe nj\u00eb d\u00ebshmi \u00a0m\u00eb shum\u00eb\u00a0 e \u201d auto crnogorizacjes \u201c\u00a0 q\u00eb b\u00ebn\u00eb koalicioni i gjer\u00eb. Ky disponim\u00a0 anti\u00a0 shqip, \u00a0\u00a0ra n\u00eb sy , edhe \u00a0kur u em\u00ebruan 4 n\u00ebnkryetar\u00ebt e \u00a0komun\u00ebs- Kuptohet kur p\u00ebrfaq\u00ebsuesit e koalicionit \u201c me nj\u00eb marr\u00ebveshje\u00a0 isharetesh&#8230;?\u201d , u kujtuan q\u00eb \u00a0munges\u00ebn e zyrave \u00a0p\u00ebr ta ,\u00a0 t\u2019i sigurojn\u00eb duke \u00a0ia marr\u00eb \u00a0zyr\u00ebn \u00a0p\u00ebrkthyes(ve)it&#8230;?!! Thjesht\u00eb , ata &#8211; k\u00ebt\u00eb pun\u00eb,\u00a0 nuk e \u00e7uan as n\u00eb \u201cshord\u201d, se kujt \u00a0nga t\u00eb pun\u00ebsuarit \u00a0t\u2019i merret \u00a0ajo \u00a0t\u00eb pakt\u00ebn..?!<\/p>\n<p>Nd\u00ebrsa n\u00eb kuvend , \u00a0puna- pse nuk ka p\u00ebrkthim t\u00eb materialit shqip, \u00a0\u00a0filloi e \u00a0ra n\u00eb sy, pasi k\u00ebshilltari \u00a0Hajrudin Kova\u00e7i , deklaroj haptas\u00a0 q\u00eb \u00a0largohet nga \u00a0seanca e kuvendit , dhe e bojkoton at\u00eb derisa \u00a0\u00a0materialin ta fitoj\u00eb shqip. Duke reaguar , me fjal\u00ebt \u00a0se : \u201c po na \u00a0torturoni, duke m\u00eb nxitur t\u00eb lexoj 150 faqe material serbisht..?!!<\/p>\n<p><strong>Edhe\u00a0 Zoti e do shqipen n\u00eb Ulqin..?!!<\/strong><\/p>\n<p>Pas ikjes s\u00eb H. Kova\u00e7it- <strong><em>KOALICIONI I ISHARETIT<\/em><\/strong> ( 27 k\u00ebshilltar\u00eb), pam\u00eb se \u00a0u mblodh \u00a0n\u00eb seanc\u00eb \u00a0duke siguruar kuorum \u00a0me opozit\u00eb, por shpejt \u00a0u shp\u00ebrnda, pa votuar \u00a0vendimet e propozuara &#8211; \u00a0sepse i \u00a0mungonte\u00a0 k\u00ebshilltari \u00a017. ..?!!<\/p>\n<p>Mbase vet\u00ebm at\u00ebher\u00eb dikush mund t\u00eb jet\u00eb kujtuar\u00a0 e t\u00eb ket\u00eb pyetur , p\u00ebr \u201c gisht \u00a0t\u00eb \u00a0Dinit&#8230;\u201d , q\u00eb mungonte \u00a0p\u00ebr \u201c me ja fut\u00eb&#8230;?!<\/p>\n<p>Nd\u00ebrsa \u00a0\u00a0Hajrudini, si duket kish p\u00ebrzgjedhur , q\u00eb \u201c para se t\u2019ia fusin\u00a0 ata \u2013 shqipes&#8230;, me gisht n\u00eb kuvend, t\u2019iu fus\u00eb,\u00a0 ai atyre&#8230;..\u00a0 Ose t\u2019ia fusin\u00a0 ata nj\u00ebri \u2013tjetrit, kuptohet me gisht&#8230;p\u00ebr sa koh\u00eb\u00a0 t\u00eb\u00a0 shtyjn\u00eb \u00a0pikat&#8230;\u201d?!!!<\/p>\n<p><strong>Vazhdon: <\/strong><\/p>\n<p><strong>\u00c7FAR\u00cb MENDON LUIGJ SHKRELI,\u00a0 P\u00cbR STATUSIN E SHQIPES N\u00cb KOMUN\u00cb- SI M\u00cb I URTI , ME T\u00cb CILIN MUND T\u00cb FLITET P\u00cbR\u00a0 K\u00cbT\u00cb PUN\u00cb&#8230;?!<\/strong><\/p>\n<p>&nbsp;<\/p>\n<p><strong>Pik\u00ebpamjet e shprehura n\u00eb faqen \u201cOPINIONE\u201d nuk p\u00ebrfaq\u00ebsojn\u00eb domosdoshm\u00ebrisht politik\u00ebn redaksionale t\u00eb \u201eLajmeve nga Ulqini\u201e<\/strong><\/p>\n","protected":false},"excerpt":{"rendered":"<p>Shkruan Muhamet Nika 1. DYFTYR\u00cbSIA (K\u00cbNGA VAZHDON)&#8230;?!+ Derisa\u00a0 n\u00eb faqet e portaleve k\u00ebtyre dit\u00ebve\u00a0 njeriu has\u00eb\u00a0 shpesh\u00a0 titujt si puna e\u00a0 k\u00ebtyre: \u201cN\u00eb Ulqin Tifoz\u00ebt Kuq e Zi n\u00eb nj\u00eb vend..\u201c,\u00a0 \u201cNimanbegu: T\u00eb t\u00ebrheqet k\u00ebrkesa p\u00ebr ndjekje penale \u2026\u201d, \u201cTrukim i policis\u00eb kund\u00ebr hotelierit Alloviq\u201d, Fituesit e Rumis\u00eb\u201d, \u201cRiciklimi i Gjeloshajt,\u2026. faqet e fjalorit malazez,\u201d [&hellip;]<\/p>\n","protected":false},"author":1,"featured_media":0,"comment_status":"closed","ping_status":"closed","sticky":false,"template":"","format":"standard","meta":{"spay_email":"","jetpack_publicize_message":"","jetpack_is_tweetstorm":false,"jetpack_publicize_feature_enabled":true},"categories":[14249],"tags":[],"jetpack_publicize_connections":[],"yoast_head":"<!-- This site is optimized with the Yoast SEO plugin v19.1 - https:\/\/yoast.com\/wordpress\/plugins\/seo\/ -->\n<title>Nika: Koalicioni gj\u00ebr\u00eb: \u201cDhe ma ban me isharet...\u201d?! - Lajme nga Ulqini<\/title>\n<meta name=\"description\" content=\"Shkruan Muhamet Nika 1. DYFTYR\u00cbSIA (K\u00cbNGA VAZHDON)...?!+ Derisa\u00a0 n\u00eb faqet e portaleve k\u00ebtyre dit\u00ebve\u00a0 njeriu has\u00eb\u00a0 shpesh\u00a0 titujt si puna e\u00a0 k\u00ebtyre: \u201cN\u00eb\" \/>\n<meta name=\"robots\" content=\"index, follow, max-snippet:-1, max-image-preview:large, max-video-preview:-1\" \/>\n<link rel=\"canonical\" href=\"https:\/\/www.visit-ulcinj.com\/blog\/2016\/06\/15\/nika-koalicioni-gjere-dhe-ma-ban-isharet\/\" \/>\n<meta property=\"og:locale\" content=\"en_US\" \/>\n<meta property=\"og:type\" content=\"article\" \/>\n<meta property=\"og:title\" content=\"Nika: Koalicioni gj\u00ebr\u00eb: \u201cDhe ma ban me isharet...\u201d?! - Lajme nga Ulqini\" \/>\n<meta property=\"og:description\" content=\"Shkruan Muhamet Nika 1. DYFTYR\u00cbSIA (K\u00cbNGA VAZHDON)...?!+ Derisa\u00a0 n\u00eb faqet e portaleve k\u00ebtyre dit\u00ebve\u00a0 njeriu has\u00eb\u00a0 shpesh\u00a0 titujt si puna e\u00a0 k\u00ebtyre: \u201cN\u00eb\" \/>\n<meta property=\"og:url\" content=\"https:\/\/www.visit-ulcinj.com\/blog\/2016\/06\/15\/nika-koalicioni-gjere-dhe-ma-ban-isharet\/\" \/>\n<meta property=\"og:site_name\" content=\"Lajme nga Ulqini\" \/>\n<meta property=\"article:published_time\" content=\"2016-06-15T16:10:46+00:00\" \/>\n<meta property=\"article:modified_time\" content=\"2016-06-15T19:14:27+00:00\" \/>\n<meta property=\"og:image\" content=\"http:\/\/www.visit-ulcinj.com\/blog\/wp-content\/uploads\/2013\/12\/Muhamet-Nika-300x190.jpg\" \/>\n<meta name=\"twitter:label1\" content=\"Written by\" \/>\n\t<meta name=\"twitter:data1\" content=\"ulqini\" \/>\n\t<meta name=\"twitter:label2\" content=\"Est. reading time\" \/>\n\t<meta name=\"twitter:data2\" content=\"4 minutes\" \/>\n<script type=\"application\/ld+json\" class=\"yoast-schema-graph\">{\"@context\":\"https:\/\/schema.org\",\"@graph\":[{\"@type\":\"WebSite\",\"@id\":\"https:\/\/www.visit-ulcinj.com\/blog\/#website\",\"url\":\"https:\/\/www.visit-ulcinj.com\/blog\/\",\"name\":\"Lajme nga Ulqini\",\"description\":\"Lajme,Vijesti,Ulqini,Ulqin,Crna Gora,Mali i Zi\",\"potentialAction\":[{\"@type\":\"SearchAction\",\"target\":{\"@type\":\"EntryPoint\",\"urlTemplate\":\"https:\/\/www.visit-ulcinj.com\/blog\/?s={search_term_string}\"},\"query-input\":\"required name=search_term_string\"}],\"inLanguage\":\"en-US\"},{\"@type\":\"ImageObject\",\"inLanguage\":\"en-US\",\"@id\":\"https:\/\/www.visit-ulcinj.com\/blog\/2016\/06\/15\/nika-koalicioni-gjere-dhe-ma-ban-isharet\/#primaryimage\",\"url\":\"https:\/\/www.visit-ulcinj.com\/blog\/wp-content\/uploads\/2013\/12\/Muhamet-Nika.jpg\",\"contentUrl\":\"https:\/\/www.visit-ulcinj.com\/blog\/wp-content\/uploads\/2013\/12\/Muhamet-Nika.jpg\",\"width\":389,\"height\":247},{\"@type\":\"WebPage\",\"@id\":\"https:\/\/www.visit-ulcinj.com\/blog\/2016\/06\/15\/nika-koalicioni-gjere-dhe-ma-ban-isharet\/#webpage\",\"url\":\"https:\/\/www.visit-ulcinj.com\/blog\/2016\/06\/15\/nika-koalicioni-gjere-dhe-ma-ban-isharet\/\",\"name\":\"Nika: Koalicioni gj\u00ebr\u00eb: \u201cDhe ma ban me isharet...\u201d?! - Lajme nga Ulqini\",\"isPartOf\":{\"@id\":\"https:\/\/www.visit-ulcinj.com\/blog\/#website\"},\"primaryImageOfPage\":{\"@id\":\"https:\/\/www.visit-ulcinj.com\/blog\/2016\/06\/15\/nika-koalicioni-gjere-dhe-ma-ban-isharet\/#primaryimage\"},\"datePublished\":\"2016-06-15T16:10:46+00:00\",\"dateModified\":\"2016-06-15T19:14:27+00:00\",\"author\":{\"@id\":\"https:\/\/www.visit-ulcinj.com\/blog\/#\/schema\/person\/dcab619c614d3038751c63bc2aadc06d\"},\"description\":\"Shkruan Muhamet Nika 1. DYFTYR\u00cbSIA (K\u00cbNGA VAZHDON)...?!+ Derisa\u00a0 n\u00eb faqet e portaleve k\u00ebtyre dit\u00ebve\u00a0 njeriu has\u00eb\u00a0 shpesh\u00a0 titujt si puna e\u00a0 k\u00ebtyre: \u201cN\u00eb\",\"breadcrumb\":{\"@id\":\"https:\/\/www.visit-ulcinj.com\/blog\/2016\/06\/15\/nika-koalicioni-gjere-dhe-ma-ban-isharet\/#breadcrumb\"},\"inLanguage\":\"en-US\",\"potentialAction\":[{\"@type\":\"ReadAction\",\"target\":[\"https:\/\/www.visit-ulcinj.com\/blog\/2016\/06\/15\/nika-koalicioni-gjere-dhe-ma-ban-isharet\/\"]}]},{\"@type\":\"BreadcrumbList\",\"@id\":\"https:\/\/www.visit-ulcinj.com\/blog\/2016\/06\/15\/nika-koalicioni-gjere-dhe-ma-ban-isharet\/#breadcrumb\",\"itemListElement\":[{\"@type\":\"ListItem\",\"position\":1,\"name\":\"Nika: Koalicioni gj\u00ebr\u00eb: \u201cDhe ma ban me isharet&#8230;\u201d?!\"}]},{\"@type\":\"Person\",\"@id\":\"https:\/\/www.visit-ulcinj.com\/blog\/#\/schema\/person\/dcab619c614d3038751c63bc2aadc06d\",\"name\":\"ulqini\",\"sameAs\":[\"http:\/\/www.visit-ulcinj.com\"],\"url\":\"https:\/\/www.visit-ulcinj.com\/blog\/author\/admin\/\"}]}<\/script>\n<!-- \/ Yoast SEO plugin. -->","yoast_head_json":{"title":"Nika: Koalicioni gj\u00ebr\u00eb: \u201cDhe ma ban me isharet...\u201d?! - Lajme nga Ulqini","description":"Shkruan Muhamet Nika 1. DYFTYR\u00cbSIA (K\u00cbNGA VAZHDON)...?!+ Derisa\u00a0 n\u00eb faqet e portaleve k\u00ebtyre dit\u00ebve\u00a0 njeriu has\u00eb\u00a0 shpesh\u00a0 titujt si puna e\u00a0 k\u00ebtyre: \u201cN\u00eb","robots":{"index":"index","follow":"follow","max-snippet":"max-snippet:-1","max-image-preview":"max-image-preview:large","max-video-preview":"max-video-preview:-1"},"canonical":"https:\/\/www.visit-ulcinj.com\/blog\/2016\/06\/15\/nika-koalicioni-gjere-dhe-ma-ban-isharet\/","og_locale":"en_US","og_type":"article","og_title":"Nika: Koalicioni gj\u00ebr\u00eb: \u201cDhe ma ban me isharet...\u201d?! - Lajme nga Ulqini","og_description":"Shkruan Muhamet Nika 1. DYFTYR\u00cbSIA (K\u00cbNGA VAZHDON)...?!+ Derisa\u00a0 n\u00eb faqet e portaleve k\u00ebtyre dit\u00ebve\u00a0 njeriu has\u00eb\u00a0 shpesh\u00a0 titujt si puna e\u00a0 k\u00ebtyre: \u201cN\u00eb","og_url":"https:\/\/www.visit-ulcinj.com\/blog\/2016\/06\/15\/nika-koalicioni-gjere-dhe-ma-ban-isharet\/","og_site_name":"Lajme nga Ulqini","article_published_time":"2016-06-15T16:10:46+00:00","article_modified_time":"2016-06-15T19:14:27+00:00","og_image":[{"url":"http:\/\/www.visit-ulcinj.com\/blog\/wp-content\/uploads\/2013\/12\/Muhamet-Nika-300x190.jpg"}],"twitter_misc":{"Written by":"ulqini","Est. reading time":"4 minutes"},"schema":{"@context":"https:\/\/schema.org","@graph":[{"@type":"WebSite","@id":"https:\/\/www.visit-ulcinj.com\/blog\/#website","url":"https:\/\/www.visit-ulcinj.com\/blog\/","name":"Lajme nga Ulqini","description":"Lajme,Vijesti,Ulqini,Ulqin,Crna Gora,Mali i Zi","potentialAction":[{"@type":"SearchAction","target":{"@type":"EntryPoint","urlTemplate":"https:\/\/www.visit-ulcinj.com\/blog\/?s={search_term_string}"},"query-input":"required name=search_term_string"}],"inLanguage":"en-US"},{"@type":"ImageObject","inLanguage":"en-US","@id":"https:\/\/www.visit-ulcinj.com\/blog\/2016\/06\/15\/nika-koalicioni-gjere-dhe-ma-ban-isharet\/#primaryimage","url":"https:\/\/www.visit-ulcinj.com\/blog\/wp-content\/uploads\/2013\/12\/Muhamet-Nika.jpg","contentUrl":"https:\/\/www.visit-ulcinj.com\/blog\/wp-content\/uploads\/2013\/12\/Muhamet-Nika.jpg","width":389,"height":247},{"@type":"WebPage","@id":"https:\/\/www.visit-ulcinj.com\/blog\/2016\/06\/15\/nika-koalicioni-gjere-dhe-ma-ban-isharet\/#webpage","url":"https:\/\/www.visit-ulcinj.com\/blog\/2016\/06\/15\/nika-koalicioni-gjere-dhe-ma-ban-isharet\/","name":"Nika: Koalicioni gj\u00ebr\u00eb: \u201cDhe ma ban me isharet...\u201d?! - Lajme nga Ulqini","isPartOf":{"@id":"https:\/\/www.visit-ulcinj.com\/blog\/#website"},"primaryImageOfPage":{"@id":"https:\/\/www.visit-ulcinj.com\/blog\/2016\/06\/15\/nika-koalicioni-gjere-dhe-ma-ban-isharet\/#primaryimage"},"datePublished":"2016-06-15T16:10:46+00:00","dateModified":"2016-06-15T19:14:27+00:00","author":{"@id":"https:\/\/www.visit-ulcinj.com\/blog\/#\/schema\/person\/dcab619c614d3038751c63bc2aadc06d"},"description":"Shkruan Muhamet Nika 1. DYFTYR\u00cbSIA (K\u00cbNGA VAZHDON)...?!+ Derisa\u00a0 n\u00eb faqet e portaleve k\u00ebtyre dit\u00ebve\u00a0 njeriu has\u00eb\u00a0 shpesh\u00a0 titujt si puna e\u00a0 k\u00ebtyre: \u201cN\u00eb","breadcrumb":{"@id":"https:\/\/www.visit-ulcinj.com\/blog\/2016\/06\/15\/nika-koalicioni-gjere-dhe-ma-ban-isharet\/#breadcrumb"},"inLanguage":"en-US","potentialAction":[{"@type":"ReadAction","target":["https:\/\/www.visit-ulcinj.com\/blog\/2016\/06\/15\/nika-koalicioni-gjere-dhe-ma-ban-isharet\/"]}]},{"@type":"BreadcrumbList","@id":"https:\/\/www.visit-ulcinj.com\/blog\/2016\/06\/15\/nika-koalicioni-gjere-dhe-ma-ban-isharet\/#breadcrumb","itemListElement":[{"@type":"ListItem","position":1,"name":"Nika: Koalicioni gj\u00ebr\u00eb: \u201cDhe ma ban me isharet&#8230;\u201d?!"}]},{"@type":"Person","@id":"https:\/\/www.visit-ulcinj.com\/blog\/#\/schema\/person\/dcab619c614d3038751c63bc2aadc06d","name":"ulqini","sameAs":["http:\/\/www.visit-ulcinj.com"],"url":"https:\/\/www.visit-ulcinj.com\/blog\/author\/admin\/"}]}},"jetpack_featured_media_url":"","jetpack_sharing_enabled":true,"jetpack_shortlink":"https:\/\/wp.me\/pe6lTn-poy","_links":{"self":[{"href":"https:\/\/www.visit-ulcinj.com\/blog\/wp-json\/wp\/v2\/posts\/97622"}],"collection":[{"href":"https:\/\/www.visit-ulcinj.com\/blog\/wp-json\/wp\/v2\/posts"}],"about":[{"href":"https:\/\/www.visit-ulcinj.com\/blog\/wp-json\/wp\/v2\/types\/post"}],"author":[{"embeddable":true,"href":"https:\/\/www.visit-ulcinj.com\/blog\/wp-json\/wp\/v2\/users\/1"}],"replies":[{"embeddable":true,"href":"https:\/\/www.visit-ulcinj.com\/blog\/wp-json\/wp\/v2\/comments?post=97622"}],"version-history":[{"count":4,"href":"https:\/\/www.visit-ulcinj.com\/blog\/wp-json\/wp\/v2\/posts\/97622\/revisions"}],"predecessor-version":[{"id":97626,"href":"https:\/\/www.visit-ulcinj.com\/blog\/wp-json\/wp\/v2\/posts\/97622\/revisions\/97626"}],"wp:attachment":[{"href":"https:\/\/www.visit-ulcinj.com\/blog\/wp-json\/wp\/v2\/media?parent=97622"}],"wp:term":[{"taxonomy":"category","embeddable":true,"href":"https:\/\/www.visit-ulcinj.com\/blog\/wp-json\/wp\/v2\/categories?post=97622"},{"taxonomy":"post_tag","embeddable":true,"href":"https:\/\/www.visit-ulcinj.com\/blog\/wp-json\/wp\/v2\/tags?post=97622"}],"curies":[{"name":"wp","href":"https:\/\/api.w.org\/{rel}","templated":true}]}}