{"id":97658,"date":"2016-06-17T16:38:01","date_gmt":"2016-06-17T15:38:01","guid":{"rendered":"http:\/\/www.visit-ulcinj.com\/blog\/?p=97658"},"modified":"2016-06-17T16:38:01","modified_gmt":"2016-06-17T15:38:01","slug":"hoxhiq-njerezit-partiak-po-i-shnderrojn-permbytjet-ne-kale-beteje-te-interesave-te-tyre-politike","status":"publish","type":"post","link":"https:\/\/www.visit-ulcinj.com\/blog\/2016\/06\/17\/hoxhiq-njerezit-partiak-po-i-shnderrojn-permbytjet-ne-kale-beteje-te-interesave-te-tyre-politike\/","title":{"rendered":"Hoxhiq: Njer\u00ebzit partiak po i shnd\u00ebrrojn p\u00ebrmbytjet n\u00eb kal\u00eb beteje t\u00eb interesave t\u00eb tyre politike"},"content":{"rendered":"<p><a href=\"http:\/\/www.visit-ulcinj.com\/blog\/wp-content\/uploads\/2014\/09\/dzelal-hodzic.jpg\"><img loading=\"lazy\" class=\"alignleft wp-image-85159\" src=\"http:\/\/www.visit-ulcinj.com\/blog\/wp-content\/uploads\/2014\/09\/dzelal-hodzic.jpg\" alt=\"dzelal-hodzic\" width=\"508\" height=\"381\" srcset=\"https:\/\/www.visit-ulcinj.com\/blog\/wp-content\/uploads\/2014\/09\/dzelal-hodzic.jpg 960w, https:\/\/www.visit-ulcinj.com\/blog\/wp-content\/uploads\/2014\/09\/dzelal-hodzic-300x225.jpg 300w\" sizes=\"(max-width: 508px) 100vw, 508px\" \/><\/a>Drejtori i Shoqat\u00ebs ekologjike \u201cHapi i gjelb\u00ebr\u201d Xhelal Hoxhiq ka th\u00ebn\u00eb se pakujdesi, erozioni dhe nd\u00ebrtimi n\u00eb brigjet e kanalit t\u00eb Bratic\u00ebs kan\u00eb b\u00ebr\u00eb t\u00eb veten, por q\u00eb sa m\u00eb shpejt duhet t\u00eb zgjidhen k\u00ebto probleme n\u00eb m\u00ebnyr\u00eb q\u00eb t\u00eb kemi sa m\u00eb pak p\u00ebrmbytje n\u00eb Ulqin.<\/p>\n<p>\u201cBratica duhet fillimisht t\u00eb pastrohet nga mbeturinat e llojllojshme dhe t\u00eb hapet. Duhet t\u00eb hyj\u00eb n\u00eb programin e punimeve publike s\u00eb bashku me kanalet tjer\u00eb t\u00eb cil\u00ebt kan\u00eb probleme t\u00eb ngjashme ose t\u00eb nj\u00ebjta\u201d, tha ai p\u00ebr \u201cDan\u201d.<\/p>\n<p>Sipas fjal\u00ebve t\u00eb tija, sektori joqeveritar ka propozuar projektin i cili parashihte sanimin e Bratic\u00ebs. \u201cPor, njer\u00ebzit partiak t\u00eb cil\u00ebt jan\u00eb t\u00eb ulur n\u00eb organet kompetente nuk kan\u00eb ndjenj\u00eb p\u00ebr problemet e v\u00ebrteta n\u00eb k\u00ebt\u00eb qytet. Prandaj tani kemi p\u00ebrmbytje t\u00eb tilla dhe do t\u00eb jet\u00eb gjithnj\u00eb e m\u00eb keq\u201d, shtoi Hoxhiq.<\/p>\n<p>Ul.info<\/p>\n","protected":false},"excerpt":{"rendered":"<p>Drejtori i Shoqat\u00ebs ekologjike \u201cHapi i gjelb\u00ebr\u201d Xhelal Hoxhiq ka th\u00ebn\u00eb se pakujdesi, erozioni dhe nd\u00ebrtimi n\u00eb brigjet e kanalit t\u00eb Bratic\u00ebs kan\u00eb b\u00ebr\u00eb t\u00eb veten, por q\u00eb sa m\u00eb shpejt duhet t\u00eb zgjidhen k\u00ebto probleme n\u00eb m\u00ebnyr\u00eb q\u00eb t\u00eb kemi sa m\u00eb pak p\u00ebrmbytje n\u00eb Ulqin. \u201cBratica duhet fillimisht t\u00eb pastrohet nga mbeturinat e [&hellip;]<\/p>\n","protected":false},"author":1,"featured_media":0,"comment_status":"closed","ping_status":"closed","sticky":false,"template":"","format":"standard","meta":{"spay_email":"","jetpack_publicize_message":"","jetpack_is_tweetstorm":false,"jetpack_publicize_feature_enabled":true},"categories":[6950],"tags":[],"jetpack_publicize_connections":[],"yoast_head":"<!-- This site is optimized with the Yoast SEO plugin v19.1 - https:\/\/yoast.com\/wordpress\/plugins\/seo\/ -->\n<title>Hoxhiq: Njer\u00ebzit partiak po i shnd\u00ebrrojn p\u00ebrmbytjet n\u00eb kal\u00eb beteje t\u00eb interesave t\u00eb tyre politike - Lajme nga Ulqini<\/title>\n<meta name=\"description\" content=\"Drejtori i Shoqat\u00ebs ekologjike \u201cHapi i gjelb\u00ebr\u201d Xhelal Hoxhiq ka th\u00ebn\u00eb se pakujdesi, erozioni dhe nd\u00ebrtimi n\u00eb brigjet e kanalit t\u00eb Bratic\u00ebs kan\u00eb b\u00ebr\u00eb t\u00eb\" \/>\n<meta name=\"robots\" content=\"index, follow, max-snippet:-1, max-image-preview:large, max-video-preview:-1\" \/>\n<link rel=\"canonical\" href=\"https:\/\/www.visit-ulcinj.com\/blog\/2016\/06\/17\/hoxhiq-njerezit-partiak-po-i-shnderrojn-permbytjet-ne-kale-beteje-te-interesave-te-tyre-politike\/\" \/>\n<meta property=\"og:locale\" content=\"en_US\" \/>\n<meta property=\"og:type\" content=\"article\" \/>\n<meta property=\"og:title\" content=\"Hoxhiq: Njer\u00ebzit partiak po i shnd\u00ebrrojn p\u00ebrmbytjet n\u00eb kal\u00eb beteje t\u00eb interesave t\u00eb tyre politike - Lajme nga Ulqini\" \/>\n<meta property=\"og:description\" content=\"Drejtori i Shoqat\u00ebs ekologjike \u201cHapi i gjelb\u00ebr\u201d Xhelal Hoxhiq ka th\u00ebn\u00eb se pakujdesi, erozioni dhe nd\u00ebrtimi n\u00eb brigjet e kanalit t\u00eb Bratic\u00ebs kan\u00eb b\u00ebr\u00eb t\u00eb\" \/>\n<meta property=\"og:url\" content=\"https:\/\/www.visit-ulcinj.com\/blog\/2016\/06\/17\/hoxhiq-njerezit-partiak-po-i-shnderrojn-permbytjet-ne-kale-beteje-te-interesave-te-tyre-politike\/\" \/>\n<meta property=\"og:site_name\" content=\"Lajme nga Ulqini\" \/>\n<meta property=\"article:published_time\" content=\"2016-06-17T15:38:01+00:00\" \/>\n<meta property=\"og:image\" content=\"http:\/\/www.visit-ulcinj.com\/blog\/wp-content\/uploads\/2014\/09\/dzelal-hodzic.jpg\" \/>\n<meta name=\"twitter:label1\" content=\"Written by\" \/>\n\t<meta name=\"twitter:data1\" content=\"ulqini\" \/>\n\t<meta name=\"twitter:label2\" content=\"Est. reading time\" \/>\n\t<meta name=\"twitter:data2\" content=\"1 minute\" \/>\n<script type=\"application\/ld+json\" class=\"yoast-schema-graph\">{\"@context\":\"https:\/\/schema.org\",\"@graph\":[{\"@type\":\"WebSite\",\"@id\":\"https:\/\/www.visit-ulcinj.com\/blog\/#website\",\"url\":\"https:\/\/www.visit-ulcinj.com\/blog\/\",\"name\":\"Lajme nga Ulqini\",\"description\":\"Lajme,Vijesti,Ulqini,Ulqin,Crna Gora,Mali i Zi\",\"potentialAction\":[{\"@type\":\"SearchAction\",\"target\":{\"@type\":\"EntryPoint\",\"urlTemplate\":\"https:\/\/www.visit-ulcinj.com\/blog\/?s={search_term_string}\"},\"query-input\":\"required name=search_term_string\"}],\"inLanguage\":\"en-US\"},{\"@type\":\"ImageObject\",\"inLanguage\":\"en-US\",\"@id\":\"https:\/\/www.visit-ulcinj.com\/blog\/2016\/06\/17\/hoxhiq-njerezit-partiak-po-i-shnderrojn-permbytjet-ne-kale-beteje-te-interesave-te-tyre-politike\/#primaryimage\",\"url\":\"https:\/\/www.visit-ulcinj.com\/blog\/wp-content\/uploads\/2014\/09\/dzelal-hodzic.jpg\",\"contentUrl\":\"https:\/\/www.visit-ulcinj.com\/blog\/wp-content\/uploads\/2014\/09\/dzelal-hodzic.jpg\",\"width\":960,\"height\":720},{\"@type\":\"WebPage\",\"@id\":\"https:\/\/www.visit-ulcinj.com\/blog\/2016\/06\/17\/hoxhiq-njerezit-partiak-po-i-shnderrojn-permbytjet-ne-kale-beteje-te-interesave-te-tyre-politike\/#webpage\",\"url\":\"https:\/\/www.visit-ulcinj.com\/blog\/2016\/06\/17\/hoxhiq-njerezit-partiak-po-i-shnderrojn-permbytjet-ne-kale-beteje-te-interesave-te-tyre-politike\/\",\"name\":\"Hoxhiq: Njer\u00ebzit partiak po i shnd\u00ebrrojn p\u00ebrmbytjet n\u00eb kal\u00eb beteje t\u00eb interesave t\u00eb tyre politike - Lajme nga Ulqini\",\"isPartOf\":{\"@id\":\"https:\/\/www.visit-ulcinj.com\/blog\/#website\"},\"primaryImageOfPage\":{\"@id\":\"https:\/\/www.visit-ulcinj.com\/blog\/2016\/06\/17\/hoxhiq-njerezit-partiak-po-i-shnderrojn-permbytjet-ne-kale-beteje-te-interesave-te-tyre-politike\/#primaryimage\"},\"datePublished\":\"2016-06-17T15:38:01+00:00\",\"dateModified\":\"2016-06-17T15:38:01+00:00\",\"author\":{\"@id\":\"https:\/\/www.visit-ulcinj.com\/blog\/#\/schema\/person\/dcab619c614d3038751c63bc2aadc06d\"},\"description\":\"Drejtori i Shoqat\u00ebs ekologjike \u201cHapi i gjelb\u00ebr\u201d Xhelal Hoxhiq ka th\u00ebn\u00eb se pakujdesi, erozioni dhe nd\u00ebrtimi n\u00eb brigjet e kanalit t\u00eb Bratic\u00ebs kan\u00eb b\u00ebr\u00eb t\u00eb\",\"breadcrumb\":{\"@id\":\"https:\/\/www.visit-ulcinj.com\/blog\/2016\/06\/17\/hoxhiq-njerezit-partiak-po-i-shnderrojn-permbytjet-ne-kale-beteje-te-interesave-te-tyre-politike\/#breadcrumb\"},\"inLanguage\":\"en-US\",\"potentialAction\":[{\"@type\":\"ReadAction\",\"target\":[\"https:\/\/www.visit-ulcinj.com\/blog\/2016\/06\/17\/hoxhiq-njerezit-partiak-po-i-shnderrojn-permbytjet-ne-kale-beteje-te-interesave-te-tyre-politike\/\"]}]},{\"@type\":\"BreadcrumbList\",\"@id\":\"https:\/\/www.visit-ulcinj.com\/blog\/2016\/06\/17\/hoxhiq-njerezit-partiak-po-i-shnderrojn-permbytjet-ne-kale-beteje-te-interesave-te-tyre-politike\/#breadcrumb\",\"itemListElement\":[{\"@type\":\"ListItem\",\"position\":1,\"name\":\"Hoxhiq: Njer\u00ebzit partiak po i shnd\u00ebrrojn p\u00ebrmbytjet n\u00eb kal\u00eb beteje t\u00eb interesave t\u00eb tyre politike\"}]},{\"@type\":\"Person\",\"@id\":\"https:\/\/www.visit-ulcinj.com\/blog\/#\/schema\/person\/dcab619c614d3038751c63bc2aadc06d\",\"name\":\"ulqini\",\"sameAs\":[\"http:\/\/www.visit-ulcinj.com\"],\"url\":\"https:\/\/www.visit-ulcinj.com\/blog\/author\/admin\/\"}]}<\/script>\n<!-- \/ Yoast SEO plugin. -->","yoast_head_json":{"title":"Hoxhiq: Njer\u00ebzit partiak po i shnd\u00ebrrojn p\u00ebrmbytjet n\u00eb kal\u00eb beteje t\u00eb interesave t\u00eb tyre politike - Lajme nga Ulqini","description":"Drejtori i Shoqat\u00ebs ekologjike \u201cHapi i gjelb\u00ebr\u201d Xhelal Hoxhiq ka th\u00ebn\u00eb se pakujdesi, erozioni dhe nd\u00ebrtimi n\u00eb brigjet e kanalit t\u00eb Bratic\u00ebs kan\u00eb b\u00ebr\u00eb t\u00eb","robots":{"index":"index","follow":"follow","max-snippet":"max-snippet:-1","max-image-preview":"max-image-preview:large","max-video-preview":"max-video-preview:-1"},"canonical":"https:\/\/www.visit-ulcinj.com\/blog\/2016\/06\/17\/hoxhiq-njerezit-partiak-po-i-shnderrojn-permbytjet-ne-kale-beteje-te-interesave-te-tyre-politike\/","og_locale":"en_US","og_type":"article","og_title":"Hoxhiq: Njer\u00ebzit partiak po i shnd\u00ebrrojn p\u00ebrmbytjet n\u00eb kal\u00eb beteje t\u00eb interesave t\u00eb tyre politike - Lajme nga Ulqini","og_description":"Drejtori i Shoqat\u00ebs ekologjike \u201cHapi i gjelb\u00ebr\u201d Xhelal Hoxhiq ka th\u00ebn\u00eb se pakujdesi, erozioni dhe nd\u00ebrtimi n\u00eb brigjet e kanalit t\u00eb Bratic\u00ebs kan\u00eb b\u00ebr\u00eb t\u00eb","og_url":"https:\/\/www.visit-ulcinj.com\/blog\/2016\/06\/17\/hoxhiq-njerezit-partiak-po-i-shnderrojn-permbytjet-ne-kale-beteje-te-interesave-te-tyre-politike\/","og_site_name":"Lajme nga Ulqini","article_published_time":"2016-06-17T15:38:01+00:00","og_image":[{"url":"http:\/\/www.visit-ulcinj.com\/blog\/wp-content\/uploads\/2014\/09\/dzelal-hodzic.jpg"}],"twitter_misc":{"Written by":"ulqini","Est. reading time":"1 minute"},"schema":{"@context":"https:\/\/schema.org","@graph":[{"@type":"WebSite","@id":"https:\/\/www.visit-ulcinj.com\/blog\/#website","url":"https:\/\/www.visit-ulcinj.com\/blog\/","name":"Lajme nga Ulqini","description":"Lajme,Vijesti,Ulqini,Ulqin,Crna Gora,Mali i Zi","potentialAction":[{"@type":"SearchAction","target":{"@type":"EntryPoint","urlTemplate":"https:\/\/www.visit-ulcinj.com\/blog\/?s={search_term_string}"},"query-input":"required name=search_term_string"}],"inLanguage":"en-US"},{"@type":"ImageObject","inLanguage":"en-US","@id":"https:\/\/www.visit-ulcinj.com\/blog\/2016\/06\/17\/hoxhiq-njerezit-partiak-po-i-shnderrojn-permbytjet-ne-kale-beteje-te-interesave-te-tyre-politike\/#primaryimage","url":"https:\/\/www.visit-ulcinj.com\/blog\/wp-content\/uploads\/2014\/09\/dzelal-hodzic.jpg","contentUrl":"https:\/\/www.visit-ulcinj.com\/blog\/wp-content\/uploads\/2014\/09\/dzelal-hodzic.jpg","width":960,"height":720},{"@type":"WebPage","@id":"https:\/\/www.visit-ulcinj.com\/blog\/2016\/06\/17\/hoxhiq-njerezit-partiak-po-i-shnderrojn-permbytjet-ne-kale-beteje-te-interesave-te-tyre-politike\/#webpage","url":"https:\/\/www.visit-ulcinj.com\/blog\/2016\/06\/17\/hoxhiq-njerezit-partiak-po-i-shnderrojn-permbytjet-ne-kale-beteje-te-interesave-te-tyre-politike\/","name":"Hoxhiq: Njer\u00ebzit partiak po i shnd\u00ebrrojn p\u00ebrmbytjet n\u00eb kal\u00eb beteje t\u00eb interesave t\u00eb tyre politike - Lajme nga Ulqini","isPartOf":{"@id":"https:\/\/www.visit-ulcinj.com\/blog\/#website"},"primaryImageOfPage":{"@id":"https:\/\/www.visit-ulcinj.com\/blog\/2016\/06\/17\/hoxhiq-njerezit-partiak-po-i-shnderrojn-permbytjet-ne-kale-beteje-te-interesave-te-tyre-politike\/#primaryimage"},"datePublished":"2016-06-17T15:38:01+00:00","dateModified":"2016-06-17T15:38:01+00:00","author":{"@id":"https:\/\/www.visit-ulcinj.com\/blog\/#\/schema\/person\/dcab619c614d3038751c63bc2aadc06d"},"description":"Drejtori i Shoqat\u00ebs ekologjike \u201cHapi i gjelb\u00ebr\u201d Xhelal Hoxhiq ka th\u00ebn\u00eb se pakujdesi, erozioni dhe nd\u00ebrtimi n\u00eb brigjet e kanalit t\u00eb Bratic\u00ebs kan\u00eb b\u00ebr\u00eb t\u00eb","breadcrumb":{"@id":"https:\/\/www.visit-ulcinj.com\/blog\/2016\/06\/17\/hoxhiq-njerezit-partiak-po-i-shnderrojn-permbytjet-ne-kale-beteje-te-interesave-te-tyre-politike\/#breadcrumb"},"inLanguage":"en-US","potentialAction":[{"@type":"ReadAction","target":["https:\/\/www.visit-ulcinj.com\/blog\/2016\/06\/17\/hoxhiq-njerezit-partiak-po-i-shnderrojn-permbytjet-ne-kale-beteje-te-interesave-te-tyre-politike\/"]}]},{"@type":"BreadcrumbList","@id":"https:\/\/www.visit-ulcinj.com\/blog\/2016\/06\/17\/hoxhiq-njerezit-partiak-po-i-shnderrojn-permbytjet-ne-kale-beteje-te-interesave-te-tyre-politike\/#breadcrumb","itemListElement":[{"@type":"ListItem","position":1,"name":"Hoxhiq: Njer\u00ebzit partiak po i shnd\u00ebrrojn p\u00ebrmbytjet n\u00eb kal\u00eb beteje t\u00eb interesave t\u00eb tyre politike"}]},{"@type":"Person","@id":"https:\/\/www.visit-ulcinj.com\/blog\/#\/schema\/person\/dcab619c614d3038751c63bc2aadc06d","name":"ulqini","sameAs":["http:\/\/www.visit-ulcinj.com"],"url":"https:\/\/www.visit-ulcinj.com\/blog\/author\/admin\/"}]}},"jetpack_featured_media_url":"","jetpack_sharing_enabled":true,"jetpack_shortlink":"https:\/\/wp.me\/pe6lTn-pp8","_links":{"self":[{"href":"https:\/\/www.visit-ulcinj.com\/blog\/wp-json\/wp\/v2\/posts\/97658"}],"collection":[{"href":"https:\/\/www.visit-ulcinj.com\/blog\/wp-json\/wp\/v2\/posts"}],"about":[{"href":"https:\/\/www.visit-ulcinj.com\/blog\/wp-json\/wp\/v2\/types\/post"}],"author":[{"embeddable":true,"href":"https:\/\/www.visit-ulcinj.com\/blog\/wp-json\/wp\/v2\/users\/1"}],"replies":[{"embeddable":true,"href":"https:\/\/www.visit-ulcinj.com\/blog\/wp-json\/wp\/v2\/comments?post=97658"}],"version-history":[{"count":1,"href":"https:\/\/www.visit-ulcinj.com\/blog\/wp-json\/wp\/v2\/posts\/97658\/revisions"}],"predecessor-version":[{"id":97659,"href":"https:\/\/www.visit-ulcinj.com\/blog\/wp-json\/wp\/v2\/posts\/97658\/revisions\/97659"}],"wp:attachment":[{"href":"https:\/\/www.visit-ulcinj.com\/blog\/wp-json\/wp\/v2\/media?parent=97658"}],"wp:term":[{"taxonomy":"category","embeddable":true,"href":"https:\/\/www.visit-ulcinj.com\/blog\/wp-json\/wp\/v2\/categories?post=97658"},{"taxonomy":"post_tag","embeddable":true,"href":"https:\/\/www.visit-ulcinj.com\/blog\/wp-json\/wp\/v2\/tags?post=97658"}],"curies":[{"name":"wp","href":"https:\/\/api.w.org\/{rel}","templated":true}]}}