{"id":97663,"date":"2016-06-17T17:16:12","date_gmt":"2016-06-17T16:16:12","guid":{"rendered":"http:\/\/www.visit-ulcinj.com\/blog\/?p=97663"},"modified":"2016-06-17T18:25:33","modified_gmt":"2016-06-17T17:25:33","slug":"getoari-transmetohet-edhe-ne-radiot-dhe-tv-e-malit-te-zi","status":"publish","type":"post","link":"https:\/\/www.visit-ulcinj.com\/blog\/2016\/06\/17\/getoari-transmetohet-edhe-ne-radiot-dhe-tv-e-malit-te-zi\/","title":{"rendered":"Getoari transmetohet edhe n\u00eb radiot dhe TV e Malit t\u00eb Zi"},"content":{"rendered":"<p><strong><a href=\"http:\/\/www.visit-ulcinj.com\/blog\/wp-content\/uploads\/2016\/06\/Ghetto-Geasy-dhe-Majk-me-titull-Ajo.jpg\"><img loading=\"lazy\" class=\"alignleft wp-image-97664\" src=\"http:\/\/www.visit-ulcinj.com\/blog\/wp-content\/uploads\/2016\/06\/Ghetto-Geasy-dhe-Majk-me-titull-Ajo.jpg\" alt=\"Ghetto Geasy dhe Majk me titull -Ajo\" width=\"508\" height=\"284\" \/><\/a>Getoari<\/strong> <strong>\u00ebsht\u00eb b\u00ebr\u00eb nj\u00eb nd\u00ebr k\u00ebng\u00ebtar\u00ebt m\u00eb t\u00eb k\u00ebrkuar shqiptar\u00eb n\u00eb tregun muzikor malazias.<\/strong><\/p>\n<p>Hiti i k\u00ebng\u00ebtarit shqiptar\u00eb <strong>Ghetto Geasy dhe Majk me titull &#8220;Ajo&#8221;<\/strong>nuk po d\u00ebgjohet vet\u00ebm n\u00eb trojet shqiptare por edhe n\u00eb shtetin e Malit t\u00eb Zi, raportojn mediat malazeze.<\/p>\n<p>Vlen t\u00eb theksohet se k\u00ebnga e\u00a0<strong>Getoari<\/strong>t ka arritur deri m\u00eb tani rreth 600.000 mij\u00eb klikime n\u00eb kanalin muzikor t\u00eb YouTubes vet\u00ebm p\u00ebr 1 dit\u00eb.<\/p>\n<div id=\"stcpDiv\">\n<p>Teksti \u00ebsht\u00eb i shkruar nga t\u00eb dy reper\u00ebt dhe protagoniste n\u00eb klip modelen Xhesika Berberi, Getoar Selimi mendohet t\u00eb jet\u00eb frym\u00ebzuar s\u00ebrish nga Marina.<\/p>\n<p>Xhesika \u00ebsht\u00eb veshur me fustanin e Marin\u00ebs dhe zgjedhja e saj nuk \u00ebsht\u00eb aspak rast\u00ebsore, nisur nga ngjashm\u00ebria me moderatoren e &#8220;Pro\u00e7esi Sportiv&#8221;. K\u00ebnga sigurisht pritet t\u00eb jet\u00eb hit i k\u00ebtij sezoni veror, duke marr\u00eb sa mir\u00eb i pret publiku krijimet e Babastars.<\/p>\n<p><iframe loading=\"lazy\" src=\"https:\/\/www.youtube.com\/embed\/BBpQ3f9AlcU\" width=\"508\" height=\"335\" frameborder=\"0\" allowfullscreen=\"allowfullscreen\"><\/iframe><\/p>\n<\/div>\n","protected":false},"excerpt":{"rendered":"<p>Getoari \u00ebsht\u00eb b\u00ebr\u00eb nj\u00eb nd\u00ebr k\u00ebng\u00ebtar\u00ebt m\u00eb t\u00eb k\u00ebrkuar shqiptar\u00eb n\u00eb tregun muzikor malazias. Hiti i k\u00ebng\u00ebtarit shqiptar\u00eb Ghetto Geasy dhe Majk me titull &#8220;Ajo&#8221;nuk po d\u00ebgjohet vet\u00ebm n\u00eb trojet shqiptare por edhe n\u00eb shtetin e Malit t\u00eb Zi, raportojn mediat malazeze. Vlen t\u00eb theksohet se k\u00ebnga e\u00a0Getoarit ka arritur deri m\u00eb tani rreth 600.000 [&hellip;]<\/p>\n","protected":false},"author":1,"featured_media":0,"comment_status":"closed","ping_status":"closed","sticky":false,"template":"","format":"standard","meta":{"spay_email":"","jetpack_publicize_message":"","jetpack_is_tweetstorm":false,"jetpack_publicize_feature_enabled":true},"categories":[1],"tags":[],"jetpack_publicize_connections":[],"yoast_head":"<!-- This site is optimized with the Yoast SEO plugin v19.1 - https:\/\/yoast.com\/wordpress\/plugins\/seo\/ -->\n<title>Getoari transmetohet edhe n\u00eb radiot dhe TV e Malit t\u00eb Zi - Lajme nga Ulqini<\/title>\n<meta name=\"description\" content=\"Getoari \u00ebsht\u00eb b\u00ebr\u00eb nj\u00eb nd\u00ebr k\u00ebng\u00ebtar\u00ebt m\u00eb t\u00eb k\u00ebrkuar shqiptar\u00eb n\u00eb tregun muzikor malazias. Hiti i k\u00ebng\u00ebtarit shqiptar\u00eb Ghetto Geasy dhe Majk me titull\" \/>\n<meta name=\"robots\" content=\"index, follow, max-snippet:-1, max-image-preview:large, max-video-preview:-1\" \/>\n<link rel=\"canonical\" href=\"https:\/\/www.visit-ulcinj.com\/blog\/2016\/06\/17\/getoari-transmetohet-edhe-ne-radiot-dhe-tv-e-malit-te-zi\/\" \/>\n<meta property=\"og:locale\" content=\"en_US\" \/>\n<meta property=\"og:type\" content=\"article\" \/>\n<meta property=\"og:title\" content=\"Getoari transmetohet edhe n\u00eb radiot dhe TV e Malit t\u00eb Zi - Lajme nga Ulqini\" \/>\n<meta property=\"og:description\" content=\"Getoari \u00ebsht\u00eb b\u00ebr\u00eb nj\u00eb nd\u00ebr k\u00ebng\u00ebtar\u00ebt m\u00eb t\u00eb k\u00ebrkuar shqiptar\u00eb n\u00eb tregun muzikor malazias. Hiti i k\u00ebng\u00ebtarit shqiptar\u00eb Ghetto Geasy dhe Majk me titull\" \/>\n<meta property=\"og:url\" content=\"https:\/\/www.visit-ulcinj.com\/blog\/2016\/06\/17\/getoari-transmetohet-edhe-ne-radiot-dhe-tv-e-malit-te-zi\/\" \/>\n<meta property=\"og:site_name\" content=\"Lajme nga Ulqini\" \/>\n<meta property=\"article:published_time\" content=\"2016-06-17T16:16:12+00:00\" \/>\n<meta property=\"article:modified_time\" content=\"2016-06-17T17:25:33+00:00\" \/>\n<meta property=\"og:image\" content=\"http:\/\/www.visit-ulcinj.com\/blog\/wp-content\/uploads\/2016\/06\/Ghetto-Geasy-dhe-Majk-me-titull-Ajo.jpg\" \/>\n<meta name=\"twitter:label1\" content=\"Written by\" \/>\n\t<meta name=\"twitter:data1\" content=\"ulqini\" \/>\n\t<meta name=\"twitter:label2\" content=\"Est. reading time\" \/>\n\t<meta name=\"twitter:data2\" content=\"1 minute\" \/>\n<script type=\"application\/ld+json\" class=\"yoast-schema-graph\">{\"@context\":\"https:\/\/schema.org\",\"@graph\":[{\"@type\":\"WebSite\",\"@id\":\"https:\/\/www.visit-ulcinj.com\/blog\/#website\",\"url\":\"https:\/\/www.visit-ulcinj.com\/blog\/\",\"name\":\"Lajme nga Ulqini\",\"description\":\"Lajme,Vijesti,Ulqini,Ulqin,Crna Gora,Mali i Zi\",\"potentialAction\":[{\"@type\":\"SearchAction\",\"target\":{\"@type\":\"EntryPoint\",\"urlTemplate\":\"https:\/\/www.visit-ulcinj.com\/blog\/?s={search_term_string}\"},\"query-input\":\"required name=search_term_string\"}],\"inLanguage\":\"en-US\"},{\"@type\":\"ImageObject\",\"inLanguage\":\"en-US\",\"@id\":\"https:\/\/www.visit-ulcinj.com\/blog\/2016\/06\/17\/getoari-transmetohet-edhe-ne-radiot-dhe-tv-e-malit-te-zi\/#primaryimage\",\"url\":\"http:\/\/www.visit-ulcinj.com\/blog\/wp-content\/uploads\/2016\/06\/Ghetto-Geasy-dhe-Majk-me-titull-Ajo.jpg\",\"contentUrl\":\"http:\/\/www.visit-ulcinj.com\/blog\/wp-content\/uploads\/2016\/06\/Ghetto-Geasy-dhe-Majk-me-titull-Ajo.jpg\"},{\"@type\":\"WebPage\",\"@id\":\"https:\/\/www.visit-ulcinj.com\/blog\/2016\/06\/17\/getoari-transmetohet-edhe-ne-radiot-dhe-tv-e-malit-te-zi\/#webpage\",\"url\":\"https:\/\/www.visit-ulcinj.com\/blog\/2016\/06\/17\/getoari-transmetohet-edhe-ne-radiot-dhe-tv-e-malit-te-zi\/\",\"name\":\"Getoari transmetohet edhe n\u00eb radiot dhe TV e Malit t\u00eb Zi - Lajme nga Ulqini\",\"isPartOf\":{\"@id\":\"https:\/\/www.visit-ulcinj.com\/blog\/#website\"},\"primaryImageOfPage\":{\"@id\":\"https:\/\/www.visit-ulcinj.com\/blog\/2016\/06\/17\/getoari-transmetohet-edhe-ne-radiot-dhe-tv-e-malit-te-zi\/#primaryimage\"},\"datePublished\":\"2016-06-17T16:16:12+00:00\",\"dateModified\":\"2016-06-17T17:25:33+00:00\",\"author\":{\"@id\":\"https:\/\/www.visit-ulcinj.com\/blog\/#\/schema\/person\/dcab619c614d3038751c63bc2aadc06d\"},\"description\":\"Getoari \u00ebsht\u00eb b\u00ebr\u00eb nj\u00eb nd\u00ebr k\u00ebng\u00ebtar\u00ebt m\u00eb t\u00eb k\u00ebrkuar shqiptar\u00eb n\u00eb tregun muzikor malazias. Hiti i k\u00ebng\u00ebtarit shqiptar\u00eb Ghetto Geasy dhe Majk me titull\",\"breadcrumb\":{\"@id\":\"https:\/\/www.visit-ulcinj.com\/blog\/2016\/06\/17\/getoari-transmetohet-edhe-ne-radiot-dhe-tv-e-malit-te-zi\/#breadcrumb\"},\"inLanguage\":\"en-US\",\"potentialAction\":[{\"@type\":\"ReadAction\",\"target\":[\"https:\/\/www.visit-ulcinj.com\/blog\/2016\/06\/17\/getoari-transmetohet-edhe-ne-radiot-dhe-tv-e-malit-te-zi\/\"]}]},{\"@type\":\"BreadcrumbList\",\"@id\":\"https:\/\/www.visit-ulcinj.com\/blog\/2016\/06\/17\/getoari-transmetohet-edhe-ne-radiot-dhe-tv-e-malit-te-zi\/#breadcrumb\",\"itemListElement\":[{\"@type\":\"ListItem\",\"position\":1,\"name\":\"Getoari transmetohet edhe n\u00eb radiot dhe TV e Malit t\u00eb Zi\"}]},{\"@type\":\"Person\",\"@id\":\"https:\/\/www.visit-ulcinj.com\/blog\/#\/schema\/person\/dcab619c614d3038751c63bc2aadc06d\",\"name\":\"ulqini\",\"sameAs\":[\"http:\/\/www.visit-ulcinj.com\"],\"url\":\"https:\/\/www.visit-ulcinj.com\/blog\/author\/admin\/\"}]}<\/script>\n<!-- \/ Yoast SEO plugin. -->","yoast_head_json":{"title":"Getoari transmetohet edhe n\u00eb radiot dhe TV e Malit t\u00eb Zi - Lajme nga Ulqini","description":"Getoari \u00ebsht\u00eb b\u00ebr\u00eb nj\u00eb nd\u00ebr k\u00ebng\u00ebtar\u00ebt m\u00eb t\u00eb k\u00ebrkuar shqiptar\u00eb n\u00eb tregun muzikor malazias. Hiti i k\u00ebng\u00ebtarit shqiptar\u00eb Ghetto Geasy dhe Majk me titull","robots":{"index":"index","follow":"follow","max-snippet":"max-snippet:-1","max-image-preview":"max-image-preview:large","max-video-preview":"max-video-preview:-1"},"canonical":"https:\/\/www.visit-ulcinj.com\/blog\/2016\/06\/17\/getoari-transmetohet-edhe-ne-radiot-dhe-tv-e-malit-te-zi\/","og_locale":"en_US","og_type":"article","og_title":"Getoari transmetohet edhe n\u00eb radiot dhe TV e Malit t\u00eb Zi - Lajme nga Ulqini","og_description":"Getoari \u00ebsht\u00eb b\u00ebr\u00eb nj\u00eb nd\u00ebr k\u00ebng\u00ebtar\u00ebt m\u00eb t\u00eb k\u00ebrkuar shqiptar\u00eb n\u00eb tregun muzikor malazias. Hiti i k\u00ebng\u00ebtarit shqiptar\u00eb Ghetto Geasy dhe Majk me titull","og_url":"https:\/\/www.visit-ulcinj.com\/blog\/2016\/06\/17\/getoari-transmetohet-edhe-ne-radiot-dhe-tv-e-malit-te-zi\/","og_site_name":"Lajme nga Ulqini","article_published_time":"2016-06-17T16:16:12+00:00","article_modified_time":"2016-06-17T17:25:33+00:00","og_image":[{"url":"http:\/\/www.visit-ulcinj.com\/blog\/wp-content\/uploads\/2016\/06\/Ghetto-Geasy-dhe-Majk-me-titull-Ajo.jpg"}],"twitter_misc":{"Written by":"ulqini","Est. reading time":"1 minute"},"schema":{"@context":"https:\/\/schema.org","@graph":[{"@type":"WebSite","@id":"https:\/\/www.visit-ulcinj.com\/blog\/#website","url":"https:\/\/www.visit-ulcinj.com\/blog\/","name":"Lajme nga Ulqini","description":"Lajme,Vijesti,Ulqini,Ulqin,Crna Gora,Mali i Zi","potentialAction":[{"@type":"SearchAction","target":{"@type":"EntryPoint","urlTemplate":"https:\/\/www.visit-ulcinj.com\/blog\/?s={search_term_string}"},"query-input":"required name=search_term_string"}],"inLanguage":"en-US"},{"@type":"ImageObject","inLanguage":"en-US","@id":"https:\/\/www.visit-ulcinj.com\/blog\/2016\/06\/17\/getoari-transmetohet-edhe-ne-radiot-dhe-tv-e-malit-te-zi\/#primaryimage","url":"http:\/\/www.visit-ulcinj.com\/blog\/wp-content\/uploads\/2016\/06\/Ghetto-Geasy-dhe-Majk-me-titull-Ajo.jpg","contentUrl":"http:\/\/www.visit-ulcinj.com\/blog\/wp-content\/uploads\/2016\/06\/Ghetto-Geasy-dhe-Majk-me-titull-Ajo.jpg"},{"@type":"WebPage","@id":"https:\/\/www.visit-ulcinj.com\/blog\/2016\/06\/17\/getoari-transmetohet-edhe-ne-radiot-dhe-tv-e-malit-te-zi\/#webpage","url":"https:\/\/www.visit-ulcinj.com\/blog\/2016\/06\/17\/getoari-transmetohet-edhe-ne-radiot-dhe-tv-e-malit-te-zi\/","name":"Getoari transmetohet edhe n\u00eb radiot dhe TV e Malit t\u00eb Zi - Lajme nga Ulqini","isPartOf":{"@id":"https:\/\/www.visit-ulcinj.com\/blog\/#website"},"primaryImageOfPage":{"@id":"https:\/\/www.visit-ulcinj.com\/blog\/2016\/06\/17\/getoari-transmetohet-edhe-ne-radiot-dhe-tv-e-malit-te-zi\/#primaryimage"},"datePublished":"2016-06-17T16:16:12+00:00","dateModified":"2016-06-17T17:25:33+00:00","author":{"@id":"https:\/\/www.visit-ulcinj.com\/blog\/#\/schema\/person\/dcab619c614d3038751c63bc2aadc06d"},"description":"Getoari \u00ebsht\u00eb b\u00ebr\u00eb nj\u00eb nd\u00ebr k\u00ebng\u00ebtar\u00ebt m\u00eb t\u00eb k\u00ebrkuar shqiptar\u00eb n\u00eb tregun muzikor malazias. Hiti i k\u00ebng\u00ebtarit shqiptar\u00eb Ghetto Geasy dhe Majk me titull","breadcrumb":{"@id":"https:\/\/www.visit-ulcinj.com\/blog\/2016\/06\/17\/getoari-transmetohet-edhe-ne-radiot-dhe-tv-e-malit-te-zi\/#breadcrumb"},"inLanguage":"en-US","potentialAction":[{"@type":"ReadAction","target":["https:\/\/www.visit-ulcinj.com\/blog\/2016\/06\/17\/getoari-transmetohet-edhe-ne-radiot-dhe-tv-e-malit-te-zi\/"]}]},{"@type":"BreadcrumbList","@id":"https:\/\/www.visit-ulcinj.com\/blog\/2016\/06\/17\/getoari-transmetohet-edhe-ne-radiot-dhe-tv-e-malit-te-zi\/#breadcrumb","itemListElement":[{"@type":"ListItem","position":1,"name":"Getoari transmetohet edhe n\u00eb radiot dhe TV e Malit t\u00eb Zi"}]},{"@type":"Person","@id":"https:\/\/www.visit-ulcinj.com\/blog\/#\/schema\/person\/dcab619c614d3038751c63bc2aadc06d","name":"ulqini","sameAs":["http:\/\/www.visit-ulcinj.com"],"url":"https:\/\/www.visit-ulcinj.com\/blog\/author\/admin\/"}]}},"jetpack_featured_media_url":"","jetpack_sharing_enabled":true,"jetpack_shortlink":"https:\/\/wp.me\/pe6lTn-ppd","_links":{"self":[{"href":"https:\/\/www.visit-ulcinj.com\/blog\/wp-json\/wp\/v2\/posts\/97663"}],"collection":[{"href":"https:\/\/www.visit-ulcinj.com\/blog\/wp-json\/wp\/v2\/posts"}],"about":[{"href":"https:\/\/www.visit-ulcinj.com\/blog\/wp-json\/wp\/v2\/types\/post"}],"author":[{"embeddable":true,"href":"https:\/\/www.visit-ulcinj.com\/blog\/wp-json\/wp\/v2\/users\/1"}],"replies":[{"embeddable":true,"href":"https:\/\/www.visit-ulcinj.com\/blog\/wp-json\/wp\/v2\/comments?post=97663"}],"version-history":[{"count":1,"href":"https:\/\/www.visit-ulcinj.com\/blog\/wp-json\/wp\/v2\/posts\/97663\/revisions"}],"predecessor-version":[{"id":97665,"href":"https:\/\/www.visit-ulcinj.com\/blog\/wp-json\/wp\/v2\/posts\/97663\/revisions\/97665"}],"wp:attachment":[{"href":"https:\/\/www.visit-ulcinj.com\/blog\/wp-json\/wp\/v2\/media?parent=97663"}],"wp:term":[{"taxonomy":"category","embeddable":true,"href":"https:\/\/www.visit-ulcinj.com\/blog\/wp-json\/wp\/v2\/categories?post=97663"},{"taxonomy":"post_tag","embeddable":true,"href":"https:\/\/www.visit-ulcinj.com\/blog\/wp-json\/wp\/v2\/tags?post=97663"}],"curies":[{"name":"wp","href":"https:\/\/api.w.org\/{rel}","templated":true}]}}