{"id":97670,"date":"2016-06-17T18:23:07","date_gmt":"2016-06-17T17:23:07","guid":{"rendered":"http:\/\/www.visit-ulcinj.com\/blog\/?p=97670"},"modified":"2016-06-17T18:24:38","modified_gmt":"2016-06-17T17:24:38","slug":"cungu-takon-ish-punetoret-e-hotelit-otrant","status":"publish","type":"post","link":"https:\/\/www.visit-ulcinj.com\/blog\/2016\/06\/17\/cungu-takon-ish-punetoret-e-hotelit-otrant\/","title":{"rendered":"Cungu takon ish pun\u00ebtor\u00ebt e hotelit &#8220;Otrant&#8221;"},"content":{"rendered":"<p><a href=\"http:\/\/www.visit-ulcinj.com\/blog\/wp-content\/uploads\/2016\/06\/Keko-Lamoviq-puntoret-e-Otrantit.jpg\"><img loading=\"lazy\" class=\"alignleft wp-image-97671\" src=\"http:\/\/www.visit-ulcinj.com\/blog\/wp-content\/uploads\/2016\/06\/Keko-Lamoviq-puntoret-e-Otrantit.jpg\" alt=\"Keko-Lamoviq-puntoret e Otrantit\" width=\"508\" height=\"286\" srcset=\"https:\/\/www.visit-ulcinj.com\/blog\/wp-content\/uploads\/2016\/06\/Keko-Lamoviq-puntoret-e-Otrantit.jpg 640w, https:\/\/www.visit-ulcinj.com\/blog\/wp-content\/uploads\/2016\/06\/Keko-Lamoviq-puntoret-e-Otrantit-300x169.jpg 300w\" sizes=\"(max-width: 508px) 100vw, 508px\" \/><\/a>P\u00ebrfaq\u00ebsues t\u00eb sindikatave\u00a0 t\u00eb hotelit ,,Otrant ,, t\u00eb shoqeruar\u00a0 nga Kryetari i sindikat\u00ebs komunale Keko Lamoviq\u00a0 u takuan\u00a0 me Kryetarin e Ulqinit Nazif Cungu. N\u00eb takim edhe nj\u00ebher\u00eb u cek\u00ebn problemet me te cilat prej disa vitesh ballafaqohen ish pun\u00ebtor\u00ebt e k\u00ebtij hoteli.<\/p>\n<p>Kryetari Cungu\u00a0 u shpreh i gatsh\u00ebm\u00a0 q\u00eb ti dal\u00eb n\u00eb ndihm\u00eb k\u00ebrkesave t\u00eb pun\u00ebtor\u00ebve. Ai komunikoi\u00a0 me Ministrine e pun\u00ebs dhe p\u00ebrkujdesjes sociale\u00a0 me q\u00ebllim q\u00eb k\u00ebrkesat e kahmotshme t\u00eb marrin rrug\u00ebn e zgjidhjes dhe t\u00eb realiyohen t\u00eb drejtat e tyre.<\/p>\n","protected":false},"excerpt":{"rendered":"<p>P\u00ebrfaq\u00ebsues t\u00eb sindikatave\u00a0 t\u00eb hotelit ,,Otrant ,, t\u00eb shoqeruar\u00a0 nga Kryetari i sindikat\u00ebs komunale Keko Lamoviq\u00a0 u takuan\u00a0 me Kryetarin e Ulqinit Nazif Cungu. N\u00eb takim edhe nj\u00ebher\u00eb u cek\u00ebn problemet me te cilat prej disa vitesh ballafaqohen ish pun\u00ebtor\u00ebt e k\u00ebtij hoteli. Kryetari Cungu\u00a0 u shpreh i gatsh\u00ebm\u00a0 q\u00eb ti dal\u00eb n\u00eb ndihm\u00eb k\u00ebrkesave [&hellip;]<\/p>\n","protected":false},"author":1,"featured_media":0,"comment_status":"closed","ping_status":"closed","sticky":false,"template":"","format":"standard","meta":{"spay_email":"","jetpack_publicize_message":"","jetpack_is_tweetstorm":false,"jetpack_publicize_feature_enabled":true},"categories":[11],"tags":[],"jetpack_publicize_connections":[],"yoast_head":"<!-- This site is optimized with the Yoast SEO plugin v19.1 - https:\/\/yoast.com\/wordpress\/plugins\/seo\/ -->\n<title>Cungu takon ish pun\u00ebtor\u00ebt e hotelit &quot;Otrant&quot; - Lajme nga Ulqini<\/title>\n<meta name=\"description\" content=\"P\u00ebrfaq\u00ebsues t\u00eb sindikatave\u00a0 t\u00eb hotelit ,,Otrant ,, t\u00eb shoqeruar\u00a0 nga Kryetari i sindikat\u00ebs komunale Keko Lamoviq\u00a0 u takuan\u00a0 me Kryetarin e Ulqinit Nazif\" \/>\n<meta name=\"robots\" content=\"index, follow, max-snippet:-1, max-image-preview:large, max-video-preview:-1\" \/>\n<link rel=\"canonical\" href=\"https:\/\/www.visit-ulcinj.com\/blog\/2016\/06\/17\/cungu-takon-ish-punetoret-e-hotelit-otrant\/\" \/>\n<meta property=\"og:locale\" content=\"en_US\" \/>\n<meta property=\"og:type\" content=\"article\" \/>\n<meta property=\"og:title\" content=\"Cungu takon ish pun\u00ebtor\u00ebt e hotelit &quot;Otrant&quot; - Lajme nga Ulqini\" \/>\n<meta property=\"og:description\" content=\"P\u00ebrfaq\u00ebsues t\u00eb sindikatave\u00a0 t\u00eb hotelit ,,Otrant ,, t\u00eb shoqeruar\u00a0 nga Kryetari i sindikat\u00ebs komunale Keko Lamoviq\u00a0 u takuan\u00a0 me Kryetarin e Ulqinit Nazif\" \/>\n<meta property=\"og:url\" content=\"https:\/\/www.visit-ulcinj.com\/blog\/2016\/06\/17\/cungu-takon-ish-punetoret-e-hotelit-otrant\/\" \/>\n<meta property=\"og:site_name\" content=\"Lajme nga Ulqini\" \/>\n<meta property=\"article:published_time\" content=\"2016-06-17T17:23:07+00:00\" \/>\n<meta property=\"article:modified_time\" content=\"2016-06-17T17:24:38+00:00\" \/>\n<meta property=\"og:image\" content=\"http:\/\/www.visit-ulcinj.com\/blog\/wp-content\/uploads\/2016\/06\/Keko-Lamoviq-puntoret-e-Otrantit.jpg\" \/>\n<meta name=\"twitter:label1\" content=\"Written by\" \/>\n\t<meta name=\"twitter:data1\" content=\"ulqini\" \/>\n\t<meta name=\"twitter:label2\" content=\"Est. reading time\" \/>\n\t<meta name=\"twitter:data2\" content=\"1 minute\" \/>\n<script type=\"application\/ld+json\" class=\"yoast-schema-graph\">{\"@context\":\"https:\/\/schema.org\",\"@graph\":[{\"@type\":\"WebSite\",\"@id\":\"https:\/\/www.visit-ulcinj.com\/blog\/#website\",\"url\":\"https:\/\/www.visit-ulcinj.com\/blog\/\",\"name\":\"Lajme nga Ulqini\",\"description\":\"Lajme,Vijesti,Ulqini,Ulqin,Crna Gora,Mali i Zi\",\"potentialAction\":[{\"@type\":\"SearchAction\",\"target\":{\"@type\":\"EntryPoint\",\"urlTemplate\":\"https:\/\/www.visit-ulcinj.com\/blog\/?s={search_term_string}\"},\"query-input\":\"required name=search_term_string\"}],\"inLanguage\":\"en-US\"},{\"@type\":\"ImageObject\",\"inLanguage\":\"en-US\",\"@id\":\"https:\/\/www.visit-ulcinj.com\/blog\/2016\/06\/17\/cungu-takon-ish-punetoret-e-hotelit-otrant\/#primaryimage\",\"url\":\"https:\/\/www.visit-ulcinj.com\/blog\/wp-content\/uploads\/2016\/06\/Keko-Lamoviq-puntoret-e-Otrantit.jpg\",\"contentUrl\":\"https:\/\/www.visit-ulcinj.com\/blog\/wp-content\/uploads\/2016\/06\/Keko-Lamoviq-puntoret-e-Otrantit.jpg\",\"width\":640,\"height\":360},{\"@type\":\"WebPage\",\"@id\":\"https:\/\/www.visit-ulcinj.com\/blog\/2016\/06\/17\/cungu-takon-ish-punetoret-e-hotelit-otrant\/#webpage\",\"url\":\"https:\/\/www.visit-ulcinj.com\/blog\/2016\/06\/17\/cungu-takon-ish-punetoret-e-hotelit-otrant\/\",\"name\":\"Cungu takon ish pun\u00ebtor\u00ebt e hotelit \\\"Otrant\\\" - Lajme nga Ulqini\",\"isPartOf\":{\"@id\":\"https:\/\/www.visit-ulcinj.com\/blog\/#website\"},\"primaryImageOfPage\":{\"@id\":\"https:\/\/www.visit-ulcinj.com\/blog\/2016\/06\/17\/cungu-takon-ish-punetoret-e-hotelit-otrant\/#primaryimage\"},\"datePublished\":\"2016-06-17T17:23:07+00:00\",\"dateModified\":\"2016-06-17T17:24:38+00:00\",\"author\":{\"@id\":\"https:\/\/www.visit-ulcinj.com\/blog\/#\/schema\/person\/dcab619c614d3038751c63bc2aadc06d\"},\"description\":\"P\u00ebrfaq\u00ebsues t\u00eb sindikatave\u00a0 t\u00eb hotelit ,,Otrant ,, t\u00eb shoqeruar\u00a0 nga Kryetari i sindikat\u00ebs komunale Keko Lamoviq\u00a0 u takuan\u00a0 me Kryetarin e Ulqinit Nazif\",\"breadcrumb\":{\"@id\":\"https:\/\/www.visit-ulcinj.com\/blog\/2016\/06\/17\/cungu-takon-ish-punetoret-e-hotelit-otrant\/#breadcrumb\"},\"inLanguage\":\"en-US\",\"potentialAction\":[{\"@type\":\"ReadAction\",\"target\":[\"https:\/\/www.visit-ulcinj.com\/blog\/2016\/06\/17\/cungu-takon-ish-punetoret-e-hotelit-otrant\/\"]}]},{\"@type\":\"BreadcrumbList\",\"@id\":\"https:\/\/www.visit-ulcinj.com\/blog\/2016\/06\/17\/cungu-takon-ish-punetoret-e-hotelit-otrant\/#breadcrumb\",\"itemListElement\":[{\"@type\":\"ListItem\",\"position\":1,\"name\":\"Cungu takon ish pun\u00ebtor\u00ebt e hotelit &#8220;Otrant&#8221;\"}]},{\"@type\":\"Person\",\"@id\":\"https:\/\/www.visit-ulcinj.com\/blog\/#\/schema\/person\/dcab619c614d3038751c63bc2aadc06d\",\"name\":\"ulqini\",\"sameAs\":[\"http:\/\/www.visit-ulcinj.com\"],\"url\":\"https:\/\/www.visit-ulcinj.com\/blog\/author\/admin\/\"}]}<\/script>\n<!-- \/ Yoast SEO plugin. -->","yoast_head_json":{"title":"Cungu takon ish pun\u00ebtor\u00ebt e hotelit \"Otrant\" - Lajme nga Ulqini","description":"P\u00ebrfaq\u00ebsues t\u00eb sindikatave\u00a0 t\u00eb hotelit ,,Otrant ,, t\u00eb shoqeruar\u00a0 nga Kryetari i sindikat\u00ebs komunale Keko Lamoviq\u00a0 u takuan\u00a0 me Kryetarin e Ulqinit Nazif","robots":{"index":"index","follow":"follow","max-snippet":"max-snippet:-1","max-image-preview":"max-image-preview:large","max-video-preview":"max-video-preview:-1"},"canonical":"https:\/\/www.visit-ulcinj.com\/blog\/2016\/06\/17\/cungu-takon-ish-punetoret-e-hotelit-otrant\/","og_locale":"en_US","og_type":"article","og_title":"Cungu takon ish pun\u00ebtor\u00ebt e hotelit \"Otrant\" - Lajme nga Ulqini","og_description":"P\u00ebrfaq\u00ebsues t\u00eb sindikatave\u00a0 t\u00eb hotelit ,,Otrant ,, t\u00eb shoqeruar\u00a0 nga Kryetari i sindikat\u00ebs komunale Keko Lamoviq\u00a0 u takuan\u00a0 me Kryetarin e Ulqinit Nazif","og_url":"https:\/\/www.visit-ulcinj.com\/blog\/2016\/06\/17\/cungu-takon-ish-punetoret-e-hotelit-otrant\/","og_site_name":"Lajme nga Ulqini","article_published_time":"2016-06-17T17:23:07+00:00","article_modified_time":"2016-06-17T17:24:38+00:00","og_image":[{"url":"http:\/\/www.visit-ulcinj.com\/blog\/wp-content\/uploads\/2016\/06\/Keko-Lamoviq-puntoret-e-Otrantit.jpg"}],"twitter_misc":{"Written by":"ulqini","Est. reading time":"1 minute"},"schema":{"@context":"https:\/\/schema.org","@graph":[{"@type":"WebSite","@id":"https:\/\/www.visit-ulcinj.com\/blog\/#website","url":"https:\/\/www.visit-ulcinj.com\/blog\/","name":"Lajme nga Ulqini","description":"Lajme,Vijesti,Ulqini,Ulqin,Crna Gora,Mali i Zi","potentialAction":[{"@type":"SearchAction","target":{"@type":"EntryPoint","urlTemplate":"https:\/\/www.visit-ulcinj.com\/blog\/?s={search_term_string}"},"query-input":"required name=search_term_string"}],"inLanguage":"en-US"},{"@type":"ImageObject","inLanguage":"en-US","@id":"https:\/\/www.visit-ulcinj.com\/blog\/2016\/06\/17\/cungu-takon-ish-punetoret-e-hotelit-otrant\/#primaryimage","url":"https:\/\/www.visit-ulcinj.com\/blog\/wp-content\/uploads\/2016\/06\/Keko-Lamoviq-puntoret-e-Otrantit.jpg","contentUrl":"https:\/\/www.visit-ulcinj.com\/blog\/wp-content\/uploads\/2016\/06\/Keko-Lamoviq-puntoret-e-Otrantit.jpg","width":640,"height":360},{"@type":"WebPage","@id":"https:\/\/www.visit-ulcinj.com\/blog\/2016\/06\/17\/cungu-takon-ish-punetoret-e-hotelit-otrant\/#webpage","url":"https:\/\/www.visit-ulcinj.com\/blog\/2016\/06\/17\/cungu-takon-ish-punetoret-e-hotelit-otrant\/","name":"Cungu takon ish pun\u00ebtor\u00ebt e hotelit \"Otrant\" - Lajme nga Ulqini","isPartOf":{"@id":"https:\/\/www.visit-ulcinj.com\/blog\/#website"},"primaryImageOfPage":{"@id":"https:\/\/www.visit-ulcinj.com\/blog\/2016\/06\/17\/cungu-takon-ish-punetoret-e-hotelit-otrant\/#primaryimage"},"datePublished":"2016-06-17T17:23:07+00:00","dateModified":"2016-06-17T17:24:38+00:00","author":{"@id":"https:\/\/www.visit-ulcinj.com\/blog\/#\/schema\/person\/dcab619c614d3038751c63bc2aadc06d"},"description":"P\u00ebrfaq\u00ebsues t\u00eb sindikatave\u00a0 t\u00eb hotelit ,,Otrant ,, t\u00eb shoqeruar\u00a0 nga Kryetari i sindikat\u00ebs komunale Keko Lamoviq\u00a0 u takuan\u00a0 me Kryetarin e Ulqinit Nazif","breadcrumb":{"@id":"https:\/\/www.visit-ulcinj.com\/blog\/2016\/06\/17\/cungu-takon-ish-punetoret-e-hotelit-otrant\/#breadcrumb"},"inLanguage":"en-US","potentialAction":[{"@type":"ReadAction","target":["https:\/\/www.visit-ulcinj.com\/blog\/2016\/06\/17\/cungu-takon-ish-punetoret-e-hotelit-otrant\/"]}]},{"@type":"BreadcrumbList","@id":"https:\/\/www.visit-ulcinj.com\/blog\/2016\/06\/17\/cungu-takon-ish-punetoret-e-hotelit-otrant\/#breadcrumb","itemListElement":[{"@type":"ListItem","position":1,"name":"Cungu takon ish pun\u00ebtor\u00ebt e hotelit &#8220;Otrant&#8221;"}]},{"@type":"Person","@id":"https:\/\/www.visit-ulcinj.com\/blog\/#\/schema\/person\/dcab619c614d3038751c63bc2aadc06d","name":"ulqini","sameAs":["http:\/\/www.visit-ulcinj.com"],"url":"https:\/\/www.visit-ulcinj.com\/blog\/author\/admin\/"}]}},"jetpack_featured_media_url":"","jetpack_sharing_enabled":true,"jetpack_shortlink":"https:\/\/wp.me\/pe6lTn-ppk","_links":{"self":[{"href":"https:\/\/www.visit-ulcinj.com\/blog\/wp-json\/wp\/v2\/posts\/97670"}],"collection":[{"href":"https:\/\/www.visit-ulcinj.com\/blog\/wp-json\/wp\/v2\/posts"}],"about":[{"href":"https:\/\/www.visit-ulcinj.com\/blog\/wp-json\/wp\/v2\/types\/post"}],"author":[{"embeddable":true,"href":"https:\/\/www.visit-ulcinj.com\/blog\/wp-json\/wp\/v2\/users\/1"}],"replies":[{"embeddable":true,"href":"https:\/\/www.visit-ulcinj.com\/blog\/wp-json\/wp\/v2\/comments?post=97670"}],"version-history":[{"count":1,"href":"https:\/\/www.visit-ulcinj.com\/blog\/wp-json\/wp\/v2\/posts\/97670\/revisions"}],"predecessor-version":[{"id":97672,"href":"https:\/\/www.visit-ulcinj.com\/blog\/wp-json\/wp\/v2\/posts\/97670\/revisions\/97672"}],"wp:attachment":[{"href":"https:\/\/www.visit-ulcinj.com\/blog\/wp-json\/wp\/v2\/media?parent=97670"}],"wp:term":[{"taxonomy":"category","embeddable":true,"href":"https:\/\/www.visit-ulcinj.com\/blog\/wp-json\/wp\/v2\/categories?post=97670"},{"taxonomy":"post_tag","embeddable":true,"href":"https:\/\/www.visit-ulcinj.com\/blog\/wp-json\/wp\/v2\/tags?post=97670"}],"curies":[{"name":"wp","href":"https:\/\/api.w.org\/{rel}","templated":true}]}}