{"id":97673,"date":"2016-06-18T07:26:54","date_gmt":"2016-06-18T06:26:54","guid":{"rendered":"http:\/\/www.visit-ulcinj.com\/blog\/?p=97673"},"modified":"2016-06-18T07:29:46","modified_gmt":"2016-06-18T06:29:46","slug":"ulqin-mbytet-ne-det-36-vjecarja-nga-rusia","status":"publish","type":"post","link":"https:\/\/www.visit-ulcinj.com\/blog\/2016\/06\/18\/ulqin-mbytet-ne-det-36-vjecarja-nga-rusia\/","title":{"rendered":"Ulqin, mbytet n\u00eb det 36 vje\u00e7arja nga Rusia"},"content":{"rendered":"<p><img loading=\"lazy\" class=\"wp-image-1938\" src=\"http:\/\/www.visit-ulcinj.com\/blog\/wp-content\/uploads\/2008\/06\/velika-plaza_2.jpg\" alt=\"La Grande plage (Velika pla\u017ea) d\u2019Ulcinj\" width=\"508\" height=\"336\" \/><\/p>\n<p>Tridhjetegjasht\u00eb vje\u00e7arja S.G. nga Moska, shtetase e Rusis\u00eb, \u00ebsht\u00eb mbytur dje pas dite n\u00eb Plazhin e madh n\u00eb Ulqin, raporton portali Ul.info.<\/p>\n<p>Fatkeq\u00ebsia, si\u00e7 m\u00ebsojm\u00eb, ka ndodhur n\u00eb plazhin e njohur \u201cSafari Beach\u201d, por nuk ka informata si humbi jet\u00ebn e ndjera. Mendohet se shkaku i fatkeq\u00ebsis\u00eb ishin rrymat e forta detare dhe val\u00ebt e m\u00ebdha, karakteristik\u00eb e k\u00ebsaj pjese t\u00eb bregdetit.<\/p>\n<p>Si\u00e7 m\u00ebsojm\u00eb jozyrtarisht ajo pa ndjenja \u00ebsht\u00eb gjetur n\u00eb breg. Trupi i t\u00eb ndjer\u00ebs \u00ebsht\u00eb transportuar nga Plazhi i madh n\u00eb Sht\u00ebpin\u00eb e sh\u00ebndetit n\u00eb Ulqin. Fillimisht t\u00eb gjith\u00eb tentativat e skuadr\u00ebs mjek\u00ebsore ta shp\u00ebtojn\u00eb ishin t\u00eb pasuksesshme.<\/p>\n<p>Ky \u00ebsht\u00eb rasti i par\u00eb i mbytjes nga fillimi i sezonit turistik.<\/p>\n","protected":false},"excerpt":{"rendered":"<p>Tridhjetegjasht\u00eb vje\u00e7arja S.G. nga Moska, shtetase e Rusis\u00eb, \u00ebsht\u00eb mbytur dje pas dite n\u00eb Plazhin e madh n\u00eb Ulqin, raporton portali Ul.info. Fatkeq\u00ebsia, si\u00e7 m\u00ebsojm\u00eb, ka ndodhur n\u00eb plazhin e njohur \u201cSafari Beach\u201d, por nuk ka informata si humbi jet\u00ebn e ndjera. Mendohet se shkaku i fatkeq\u00ebsis\u00eb ishin rrymat e forta detare dhe val\u00ebt e [&hellip;]<\/p>\n","protected":false},"author":1,"featured_media":0,"comment_status":"closed","ping_status":"closed","sticky":false,"template":"","format":"standard","meta":{"spay_email":"","jetpack_publicize_message":"","jetpack_is_tweetstorm":false,"jetpack_publicize_feature_enabled":true},"categories":[12],"tags":[],"jetpack_publicize_connections":[],"yoast_head":"<!-- This site is optimized with the Yoast SEO plugin v19.1 - https:\/\/yoast.com\/wordpress\/plugins\/seo\/ -->\n<title>Ulqin, mbytet n\u00eb det 36 vje\u00e7arja nga Rusia - Lajme nga Ulqini<\/title>\n<meta name=\"description\" content=\"Tridhjetegjasht\u00eb vje\u00e7arja S.G. nga Moska, shtetase e Rusis\u00eb, \u00ebsht\u00eb mbytur dje pas dite n\u00eb Plazhin e madh n\u00eb Ulqin, raporton portali Ul.info. Fatkeq\u00ebsia,\" \/>\n<meta name=\"robots\" content=\"index, follow, max-snippet:-1, max-image-preview:large, max-video-preview:-1\" \/>\n<link rel=\"canonical\" href=\"https:\/\/www.visit-ulcinj.com\/blog\/2016\/06\/18\/ulqin-mbytet-ne-det-36-vjecarja-nga-rusia\/\" \/>\n<meta property=\"og:locale\" content=\"en_US\" \/>\n<meta property=\"og:type\" content=\"article\" \/>\n<meta property=\"og:title\" content=\"Ulqin, mbytet n\u00eb det 36 vje\u00e7arja nga Rusia - Lajme nga Ulqini\" \/>\n<meta property=\"og:description\" content=\"Tridhjetegjasht\u00eb vje\u00e7arja S.G. nga Moska, shtetase e Rusis\u00eb, \u00ebsht\u00eb mbytur dje pas dite n\u00eb Plazhin e madh n\u00eb Ulqin, raporton portali Ul.info. Fatkeq\u00ebsia,\" \/>\n<meta property=\"og:url\" content=\"https:\/\/www.visit-ulcinj.com\/blog\/2016\/06\/18\/ulqin-mbytet-ne-det-36-vjecarja-nga-rusia\/\" \/>\n<meta property=\"og:site_name\" content=\"Lajme nga Ulqini\" \/>\n<meta property=\"article:published_time\" content=\"2016-06-18T06:26:54+00:00\" \/>\n<meta property=\"article:modified_time\" content=\"2016-06-18T06:29:46+00:00\" \/>\n<meta property=\"og:image\" content=\"http:\/\/www.visit-ulcinj.com\/blog\/wp-content\/uploads\/2008\/06\/velika-plaza_2.jpg\" \/>\n<meta name=\"twitter:label1\" content=\"Written by\" \/>\n\t<meta name=\"twitter:data1\" content=\"ulqini\" \/>\n\t<meta name=\"twitter:label2\" content=\"Est. reading time\" \/>\n\t<meta name=\"twitter:data2\" content=\"1 minute\" \/>\n<script type=\"application\/ld+json\" class=\"yoast-schema-graph\">{\"@context\":\"https:\/\/schema.org\",\"@graph\":[{\"@type\":\"WebSite\",\"@id\":\"https:\/\/www.visit-ulcinj.com\/blog\/#website\",\"url\":\"https:\/\/www.visit-ulcinj.com\/blog\/\",\"name\":\"Lajme nga Ulqini\",\"description\":\"Lajme,Vijesti,Ulqini,Ulqin,Crna Gora,Mali i Zi\",\"potentialAction\":[{\"@type\":\"SearchAction\",\"target\":{\"@type\":\"EntryPoint\",\"urlTemplate\":\"https:\/\/www.visit-ulcinj.com\/blog\/?s={search_term_string}\"},\"query-input\":\"required name=search_term_string\"}],\"inLanguage\":\"en-US\"},{\"@type\":\"ImageObject\",\"inLanguage\":\"en-US\",\"@id\":\"https:\/\/www.visit-ulcinj.com\/blog\/2016\/06\/18\/ulqin-mbytet-ne-det-36-vjecarja-nga-rusia\/#primaryimage\",\"url\":\"http:\/\/www.visit-ulcinj.com\/blog\/wp-content\/uploads\/2008\/06\/velika-plaza_2.jpg\",\"contentUrl\":\"http:\/\/www.visit-ulcinj.com\/blog\/wp-content\/uploads\/2008\/06\/velika-plaza_2.jpg\"},{\"@type\":\"WebPage\",\"@id\":\"https:\/\/www.visit-ulcinj.com\/blog\/2016\/06\/18\/ulqin-mbytet-ne-det-36-vjecarja-nga-rusia\/#webpage\",\"url\":\"https:\/\/www.visit-ulcinj.com\/blog\/2016\/06\/18\/ulqin-mbytet-ne-det-36-vjecarja-nga-rusia\/\",\"name\":\"Ulqin, mbytet n\u00eb det 36 vje\u00e7arja nga Rusia - Lajme nga Ulqini\",\"isPartOf\":{\"@id\":\"https:\/\/www.visit-ulcinj.com\/blog\/#website\"},\"primaryImageOfPage\":{\"@id\":\"https:\/\/www.visit-ulcinj.com\/blog\/2016\/06\/18\/ulqin-mbytet-ne-det-36-vjecarja-nga-rusia\/#primaryimage\"},\"datePublished\":\"2016-06-18T06:26:54+00:00\",\"dateModified\":\"2016-06-18T06:29:46+00:00\",\"author\":{\"@id\":\"https:\/\/www.visit-ulcinj.com\/blog\/#\/schema\/person\/dcab619c614d3038751c63bc2aadc06d\"},\"description\":\"Tridhjetegjasht\u00eb vje\u00e7arja S.G. nga Moska, shtetase e Rusis\u00eb, \u00ebsht\u00eb mbytur dje pas dite n\u00eb Plazhin e madh n\u00eb Ulqin, raporton portali Ul.info. Fatkeq\u00ebsia,\",\"breadcrumb\":{\"@id\":\"https:\/\/www.visit-ulcinj.com\/blog\/2016\/06\/18\/ulqin-mbytet-ne-det-36-vjecarja-nga-rusia\/#breadcrumb\"},\"inLanguage\":\"en-US\",\"potentialAction\":[{\"@type\":\"ReadAction\",\"target\":[\"https:\/\/www.visit-ulcinj.com\/blog\/2016\/06\/18\/ulqin-mbytet-ne-det-36-vjecarja-nga-rusia\/\"]}]},{\"@type\":\"BreadcrumbList\",\"@id\":\"https:\/\/www.visit-ulcinj.com\/blog\/2016\/06\/18\/ulqin-mbytet-ne-det-36-vjecarja-nga-rusia\/#breadcrumb\",\"itemListElement\":[{\"@type\":\"ListItem\",\"position\":1,\"name\":\"Ulqin, mbytet n\u00eb det 36 vje\u00e7arja nga Rusia\"}]},{\"@type\":\"Person\",\"@id\":\"https:\/\/www.visit-ulcinj.com\/blog\/#\/schema\/person\/dcab619c614d3038751c63bc2aadc06d\",\"name\":\"ulqini\",\"sameAs\":[\"http:\/\/www.visit-ulcinj.com\"],\"url\":\"https:\/\/www.visit-ulcinj.com\/blog\/author\/admin\/\"}]}<\/script>\n<!-- \/ Yoast SEO plugin. -->","yoast_head_json":{"title":"Ulqin, mbytet n\u00eb det 36 vje\u00e7arja nga Rusia - Lajme nga Ulqini","description":"Tridhjetegjasht\u00eb vje\u00e7arja S.G. nga Moska, shtetase e Rusis\u00eb, \u00ebsht\u00eb mbytur dje pas dite n\u00eb Plazhin e madh n\u00eb Ulqin, raporton portali Ul.info. Fatkeq\u00ebsia,","robots":{"index":"index","follow":"follow","max-snippet":"max-snippet:-1","max-image-preview":"max-image-preview:large","max-video-preview":"max-video-preview:-1"},"canonical":"https:\/\/www.visit-ulcinj.com\/blog\/2016\/06\/18\/ulqin-mbytet-ne-det-36-vjecarja-nga-rusia\/","og_locale":"en_US","og_type":"article","og_title":"Ulqin, mbytet n\u00eb det 36 vje\u00e7arja nga Rusia - Lajme nga Ulqini","og_description":"Tridhjetegjasht\u00eb vje\u00e7arja S.G. nga Moska, shtetase e Rusis\u00eb, \u00ebsht\u00eb mbytur dje pas dite n\u00eb Plazhin e madh n\u00eb Ulqin, raporton portali Ul.info. Fatkeq\u00ebsia,","og_url":"https:\/\/www.visit-ulcinj.com\/blog\/2016\/06\/18\/ulqin-mbytet-ne-det-36-vjecarja-nga-rusia\/","og_site_name":"Lajme nga Ulqini","article_published_time":"2016-06-18T06:26:54+00:00","article_modified_time":"2016-06-18T06:29:46+00:00","og_image":[{"url":"http:\/\/www.visit-ulcinj.com\/blog\/wp-content\/uploads\/2008\/06\/velika-plaza_2.jpg"}],"twitter_misc":{"Written by":"ulqini","Est. reading time":"1 minute"},"schema":{"@context":"https:\/\/schema.org","@graph":[{"@type":"WebSite","@id":"https:\/\/www.visit-ulcinj.com\/blog\/#website","url":"https:\/\/www.visit-ulcinj.com\/blog\/","name":"Lajme nga Ulqini","description":"Lajme,Vijesti,Ulqini,Ulqin,Crna Gora,Mali i Zi","potentialAction":[{"@type":"SearchAction","target":{"@type":"EntryPoint","urlTemplate":"https:\/\/www.visit-ulcinj.com\/blog\/?s={search_term_string}"},"query-input":"required name=search_term_string"}],"inLanguage":"en-US"},{"@type":"ImageObject","inLanguage":"en-US","@id":"https:\/\/www.visit-ulcinj.com\/blog\/2016\/06\/18\/ulqin-mbytet-ne-det-36-vjecarja-nga-rusia\/#primaryimage","url":"http:\/\/www.visit-ulcinj.com\/blog\/wp-content\/uploads\/2008\/06\/velika-plaza_2.jpg","contentUrl":"http:\/\/www.visit-ulcinj.com\/blog\/wp-content\/uploads\/2008\/06\/velika-plaza_2.jpg"},{"@type":"WebPage","@id":"https:\/\/www.visit-ulcinj.com\/blog\/2016\/06\/18\/ulqin-mbytet-ne-det-36-vjecarja-nga-rusia\/#webpage","url":"https:\/\/www.visit-ulcinj.com\/blog\/2016\/06\/18\/ulqin-mbytet-ne-det-36-vjecarja-nga-rusia\/","name":"Ulqin, mbytet n\u00eb det 36 vje\u00e7arja nga Rusia - Lajme nga Ulqini","isPartOf":{"@id":"https:\/\/www.visit-ulcinj.com\/blog\/#website"},"primaryImageOfPage":{"@id":"https:\/\/www.visit-ulcinj.com\/blog\/2016\/06\/18\/ulqin-mbytet-ne-det-36-vjecarja-nga-rusia\/#primaryimage"},"datePublished":"2016-06-18T06:26:54+00:00","dateModified":"2016-06-18T06:29:46+00:00","author":{"@id":"https:\/\/www.visit-ulcinj.com\/blog\/#\/schema\/person\/dcab619c614d3038751c63bc2aadc06d"},"description":"Tridhjetegjasht\u00eb vje\u00e7arja S.G. nga Moska, shtetase e Rusis\u00eb, \u00ebsht\u00eb mbytur dje pas dite n\u00eb Plazhin e madh n\u00eb Ulqin, raporton portali Ul.info. Fatkeq\u00ebsia,","breadcrumb":{"@id":"https:\/\/www.visit-ulcinj.com\/blog\/2016\/06\/18\/ulqin-mbytet-ne-det-36-vjecarja-nga-rusia\/#breadcrumb"},"inLanguage":"en-US","potentialAction":[{"@type":"ReadAction","target":["https:\/\/www.visit-ulcinj.com\/blog\/2016\/06\/18\/ulqin-mbytet-ne-det-36-vjecarja-nga-rusia\/"]}]},{"@type":"BreadcrumbList","@id":"https:\/\/www.visit-ulcinj.com\/blog\/2016\/06\/18\/ulqin-mbytet-ne-det-36-vjecarja-nga-rusia\/#breadcrumb","itemListElement":[{"@type":"ListItem","position":1,"name":"Ulqin, mbytet n\u00eb det 36 vje\u00e7arja nga Rusia"}]},{"@type":"Person","@id":"https:\/\/www.visit-ulcinj.com\/blog\/#\/schema\/person\/dcab619c614d3038751c63bc2aadc06d","name":"ulqini","sameAs":["http:\/\/www.visit-ulcinj.com"],"url":"https:\/\/www.visit-ulcinj.com\/blog\/author\/admin\/"}]}},"jetpack_featured_media_url":"","jetpack_sharing_enabled":true,"jetpack_shortlink":"https:\/\/wp.me\/pe6lTn-ppn","_links":{"self":[{"href":"https:\/\/www.visit-ulcinj.com\/blog\/wp-json\/wp\/v2\/posts\/97673"}],"collection":[{"href":"https:\/\/www.visit-ulcinj.com\/blog\/wp-json\/wp\/v2\/posts"}],"about":[{"href":"https:\/\/www.visit-ulcinj.com\/blog\/wp-json\/wp\/v2\/types\/post"}],"author":[{"embeddable":true,"href":"https:\/\/www.visit-ulcinj.com\/blog\/wp-json\/wp\/v2\/users\/1"}],"replies":[{"embeddable":true,"href":"https:\/\/www.visit-ulcinj.com\/blog\/wp-json\/wp\/v2\/comments?post=97673"}],"version-history":[{"count":2,"href":"https:\/\/www.visit-ulcinj.com\/blog\/wp-json\/wp\/v2\/posts\/97673\/revisions"}],"predecessor-version":[{"id":97675,"href":"https:\/\/www.visit-ulcinj.com\/blog\/wp-json\/wp\/v2\/posts\/97673\/revisions\/97675"}],"wp:attachment":[{"href":"https:\/\/www.visit-ulcinj.com\/blog\/wp-json\/wp\/v2\/media?parent=97673"}],"wp:term":[{"taxonomy":"category","embeddable":true,"href":"https:\/\/www.visit-ulcinj.com\/blog\/wp-json\/wp\/v2\/categories?post=97673"},{"taxonomy":"post_tag","embeddable":true,"href":"https:\/\/www.visit-ulcinj.com\/blog\/wp-json\/wp\/v2\/tags?post=97673"}],"curies":[{"name":"wp","href":"https:\/\/api.w.org\/{rel}","templated":true}]}}