{"id":97676,"date":"2016-06-18T14:22:29","date_gmt":"2016-06-18T13:22:29","guid":{"rendered":"http:\/\/www.visit-ulcinj.com\/blog\/?p=97676"},"modified":"2016-06-18T14:22:29","modified_gmt":"2016-06-18T13:22:29","slug":"aksidentohet-fjolla-morina-te-gjithe-luten-per-te-foto","status":"publish","type":"post","link":"https:\/\/www.visit-ulcinj.com\/blog\/2016\/06\/18\/aksidentohet-fjolla-morina-te-gjithe-luten-per-te-foto\/","title":{"rendered":"Aksidentohet Fjolla Morina? \u2013 T\u00eb gjith\u00eb luten p\u00ebr t\u00eb -Foto"},"content":{"rendered":"<p><a href=\"http:\/\/www.visit-ulcinj.com\/blog\/wp-content\/uploads\/2016\/06\/Fjolla-Morina-p\u00ebson-aksident.jpg\"><img loading=\"lazy\" class=\"alignleft wp-image-97677\" src=\"http:\/\/www.visit-ulcinj.com\/blog\/wp-content\/uploads\/2016\/06\/Fjolla-Morina-p\u00ebson-aksident.jpg\" alt=\"Fjolla Morina p\u00ebson aksident\" width=\"508\" height=\"280\" srcset=\"https:\/\/www.visit-ulcinj.com\/blog\/wp-content\/uploads\/2016\/06\/Fjolla-Morina-p\u00ebson-aksident.jpg 650w, https:\/\/www.visit-ulcinj.com\/blog\/wp-content\/uploads\/2016\/06\/Fjolla-Morina-p\u00ebson-aksident-300x165.jpg 300w\" sizes=\"(max-width: 508px) 100vw, 508px\" \/><\/a>Thuhet se Fjolla Morina ka p\u00ebsuar mbr\u00ebmjen e djeshme nj\u00eb aksident, n\u00eb t\u00eb cilin ka p\u00ebsur disa d\u00ebmtime. Lajmin e ka b\u00ebr\u00eb t\u00eb ditur p\u00ebrmes nj\u00eb postimi Kallashi, duke lajm\u00ebruar se e ka njoftuar n\u00ebna e Fjoll\u00ebs p\u00ebr k\u00ebt\u00eb aksident dhe se Fjolla \u00ebsht\u00eb d\u00ebrguar n\u00eb spital. Ka q\u00ebn\u00eb gjithashtu edhe nj\u00eb tjet\u00ebr mike e Fjoll\u00ebs, Rovena Stefa, e cila ka uruar sh\u00ebrim t\u00eb shpejt\u00eb.<br \/>\nN\u00ebse ky lajm \u00ebsht\u00eb, ose jo i v\u00ebrtet\u00eb, nuk mund ta themi me siguri deri n\u00eb nj\u00eb lajm\u00ebrim nga vet\u00eb Fjolla, ose burime m\u00eb t\u00eb af\u00ebrta, por sigurisht q\u00eb n\u00ebse \u00ebsht\u00eb i v\u00ebrtet\u00eb, i urojm\u00eb sh\u00ebrim t\u00eb shpejt\u00eb!<\/p>\n<p>Telegrafi<\/p>\n<p><iframe loading=\"lazy\" width=\"508\" height=\"315\" src=\"https:\/\/www.youtube.com\/embed\/XBFQpN_GH-c\" frameborder=\"0\" allowfullscreen><\/iframe><br \/>\n<a href=\"http:\/\/www.visit-ulcinj.com\/blog\/wp-content\/uploads\/2016\/06\/Fjolla-Morina-p\u00ebson-aksident-.jpg\"><img loading=\"lazy\" class=\"alignleft wp-image-97678\" src=\"http:\/\/www.visit-ulcinj.com\/blog\/wp-content\/uploads\/2016\/06\/Fjolla-Morina-p\u00ebson-aksident-.jpg\" alt=\"Fjolla-Morina-p\u00ebson-aksident-\" width=\"508\" height=\"271\" \/><\/a><\/p>\n","protected":false},"excerpt":{"rendered":"<p>Thuhet se Fjolla Morina ka p\u00ebsuar mbr\u00ebmjen e djeshme nj\u00eb aksident, n\u00eb t\u00eb cilin ka p\u00ebsur disa d\u00ebmtime. Lajmin e ka b\u00ebr\u00eb t\u00eb ditur p\u00ebrmes nj\u00eb postimi Kallashi, duke lajm\u00ebruar se e ka njoftuar n\u00ebna e Fjoll\u00ebs p\u00ebr k\u00ebt\u00eb aksident dhe se Fjolla \u00ebsht\u00eb d\u00ebrguar n\u00eb spital. Ka q\u00ebn\u00eb gjithashtu edhe nj\u00eb tjet\u00ebr mike e [&hellip;]<\/p>\n","protected":false},"author":1,"featured_media":0,"comment_status":"closed","ping_status":"closed","sticky":false,"template":"","format":"standard","meta":{"spay_email":"","jetpack_publicize_message":"","jetpack_is_tweetstorm":false,"jetpack_publicize_feature_enabled":true},"categories":[1],"tags":[],"jetpack_publicize_connections":[],"yoast_head":"<!-- This site is optimized with the Yoast SEO plugin v19.1 - https:\/\/yoast.com\/wordpress\/plugins\/seo\/ -->\n<title>Aksidentohet Fjolla Morina? \u2013 T\u00eb gjith\u00eb luten p\u00ebr t\u00eb -Foto - Lajme nga Ulqini<\/title>\n<meta name=\"description\" content=\"Thuhet se Fjolla Morina ka p\u00ebsuar mbr\u00ebmjen e djeshme nj\u00eb aksident, n\u00eb t\u00eb cilin ka p\u00ebsur disa d\u00ebmtime. Lajmin e ka b\u00ebr\u00eb t\u00eb ditur p\u00ebrmes nj\u00eb postimi\" \/>\n<meta name=\"robots\" content=\"index, follow, max-snippet:-1, max-image-preview:large, max-video-preview:-1\" \/>\n<link rel=\"canonical\" href=\"https:\/\/www.visit-ulcinj.com\/blog\/2016\/06\/18\/aksidentohet-fjolla-morina-te-gjithe-luten-per-te-foto\/\" \/>\n<meta property=\"og:locale\" content=\"en_US\" \/>\n<meta property=\"og:type\" content=\"article\" \/>\n<meta property=\"og:title\" content=\"Aksidentohet Fjolla Morina? \u2013 T\u00eb gjith\u00eb luten p\u00ebr t\u00eb -Foto - Lajme nga Ulqini\" \/>\n<meta property=\"og:description\" content=\"Thuhet se Fjolla Morina ka p\u00ebsuar mbr\u00ebmjen e djeshme nj\u00eb aksident, n\u00eb t\u00eb cilin ka p\u00ebsur disa d\u00ebmtime. Lajmin e ka b\u00ebr\u00eb t\u00eb ditur p\u00ebrmes nj\u00eb postimi\" \/>\n<meta property=\"og:url\" content=\"https:\/\/www.visit-ulcinj.com\/blog\/2016\/06\/18\/aksidentohet-fjolla-morina-te-gjithe-luten-per-te-foto\/\" \/>\n<meta property=\"og:site_name\" content=\"Lajme nga Ulqini\" \/>\n<meta property=\"article:published_time\" content=\"2016-06-18T13:22:29+00:00\" \/>\n<meta name=\"twitter:label1\" content=\"Written by\" \/>\n\t<meta name=\"twitter:data1\" content=\"ulqini\" \/>\n\t<meta name=\"twitter:label2\" content=\"Est. reading time\" \/>\n\t<meta name=\"twitter:data2\" content=\"1 minute\" \/>\n<script type=\"application\/ld+json\" class=\"yoast-schema-graph\">{\"@context\":\"https:\/\/schema.org\",\"@graph\":[{\"@type\":\"WebSite\",\"@id\":\"https:\/\/www.visit-ulcinj.com\/blog\/#website\",\"url\":\"https:\/\/www.visit-ulcinj.com\/blog\/\",\"name\":\"Lajme nga Ulqini\",\"description\":\"Lajme,Vijesti,Ulqini,Ulqin,Crna Gora,Mali i Zi\",\"potentialAction\":[{\"@type\":\"SearchAction\",\"target\":{\"@type\":\"EntryPoint\",\"urlTemplate\":\"https:\/\/www.visit-ulcinj.com\/blog\/?s={search_term_string}\"},\"query-input\":\"required name=search_term_string\"}],\"inLanguage\":\"en-US\"},{\"@type\":\"WebPage\",\"@id\":\"https:\/\/www.visit-ulcinj.com\/blog\/2016\/06\/18\/aksidentohet-fjolla-morina-te-gjithe-luten-per-te-foto\/#webpage\",\"url\":\"https:\/\/www.visit-ulcinj.com\/blog\/2016\/06\/18\/aksidentohet-fjolla-morina-te-gjithe-luten-per-te-foto\/\",\"name\":\"Aksidentohet Fjolla Morina? \u2013 T\u00eb gjith\u00eb luten p\u00ebr t\u00eb -Foto - Lajme nga Ulqini\",\"isPartOf\":{\"@id\":\"https:\/\/www.visit-ulcinj.com\/blog\/#website\"},\"datePublished\":\"2016-06-18T13:22:29+00:00\",\"dateModified\":\"2016-06-18T13:22:29+00:00\",\"author\":{\"@id\":\"https:\/\/www.visit-ulcinj.com\/blog\/#\/schema\/person\/dcab619c614d3038751c63bc2aadc06d\"},\"description\":\"Thuhet se Fjolla Morina ka p\u00ebsuar mbr\u00ebmjen e djeshme nj\u00eb aksident, n\u00eb t\u00eb cilin ka p\u00ebsur disa d\u00ebmtime. Lajmin e ka b\u00ebr\u00eb t\u00eb ditur p\u00ebrmes nj\u00eb postimi\",\"breadcrumb\":{\"@id\":\"https:\/\/www.visit-ulcinj.com\/blog\/2016\/06\/18\/aksidentohet-fjolla-morina-te-gjithe-luten-per-te-foto\/#breadcrumb\"},\"inLanguage\":\"en-US\",\"potentialAction\":[{\"@type\":\"ReadAction\",\"target\":[\"https:\/\/www.visit-ulcinj.com\/blog\/2016\/06\/18\/aksidentohet-fjolla-morina-te-gjithe-luten-per-te-foto\/\"]}]},{\"@type\":\"BreadcrumbList\",\"@id\":\"https:\/\/www.visit-ulcinj.com\/blog\/2016\/06\/18\/aksidentohet-fjolla-morina-te-gjithe-luten-per-te-foto\/#breadcrumb\",\"itemListElement\":[{\"@type\":\"ListItem\",\"position\":1,\"name\":\"Aksidentohet Fjolla Morina? \u2013 T\u00eb gjith\u00eb luten p\u00ebr t\u00eb -Foto\"}]},{\"@type\":\"Person\",\"@id\":\"https:\/\/www.visit-ulcinj.com\/blog\/#\/schema\/person\/dcab619c614d3038751c63bc2aadc06d\",\"name\":\"ulqini\",\"sameAs\":[\"http:\/\/www.visit-ulcinj.com\"],\"url\":\"https:\/\/www.visit-ulcinj.com\/blog\/author\/admin\/\"}]}<\/script>\n<!-- \/ Yoast SEO plugin. -->","yoast_head_json":{"title":"Aksidentohet Fjolla Morina? \u2013 T\u00eb gjith\u00eb luten p\u00ebr t\u00eb -Foto - Lajme nga Ulqini","description":"Thuhet se Fjolla Morina ka p\u00ebsuar mbr\u00ebmjen e djeshme nj\u00eb aksident, n\u00eb t\u00eb cilin ka p\u00ebsur disa d\u00ebmtime. Lajmin e ka b\u00ebr\u00eb t\u00eb ditur p\u00ebrmes nj\u00eb postimi","robots":{"index":"index","follow":"follow","max-snippet":"max-snippet:-1","max-image-preview":"max-image-preview:large","max-video-preview":"max-video-preview:-1"},"canonical":"https:\/\/www.visit-ulcinj.com\/blog\/2016\/06\/18\/aksidentohet-fjolla-morina-te-gjithe-luten-per-te-foto\/","og_locale":"en_US","og_type":"article","og_title":"Aksidentohet Fjolla Morina? \u2013 T\u00eb gjith\u00eb luten p\u00ebr t\u00eb -Foto - Lajme nga Ulqini","og_description":"Thuhet se Fjolla Morina ka p\u00ebsuar mbr\u00ebmjen e djeshme nj\u00eb aksident, n\u00eb t\u00eb cilin ka p\u00ebsur disa d\u00ebmtime. Lajmin e ka b\u00ebr\u00eb t\u00eb ditur p\u00ebrmes nj\u00eb postimi","og_url":"https:\/\/www.visit-ulcinj.com\/blog\/2016\/06\/18\/aksidentohet-fjolla-morina-te-gjithe-luten-per-te-foto\/","og_site_name":"Lajme nga Ulqini","article_published_time":"2016-06-18T13:22:29+00:00","twitter_misc":{"Written by":"ulqini","Est. reading time":"1 minute"},"schema":{"@context":"https:\/\/schema.org","@graph":[{"@type":"WebSite","@id":"https:\/\/www.visit-ulcinj.com\/blog\/#website","url":"https:\/\/www.visit-ulcinj.com\/blog\/","name":"Lajme nga Ulqini","description":"Lajme,Vijesti,Ulqini,Ulqin,Crna Gora,Mali i Zi","potentialAction":[{"@type":"SearchAction","target":{"@type":"EntryPoint","urlTemplate":"https:\/\/www.visit-ulcinj.com\/blog\/?s={search_term_string}"},"query-input":"required name=search_term_string"}],"inLanguage":"en-US"},{"@type":"WebPage","@id":"https:\/\/www.visit-ulcinj.com\/blog\/2016\/06\/18\/aksidentohet-fjolla-morina-te-gjithe-luten-per-te-foto\/#webpage","url":"https:\/\/www.visit-ulcinj.com\/blog\/2016\/06\/18\/aksidentohet-fjolla-morina-te-gjithe-luten-per-te-foto\/","name":"Aksidentohet Fjolla Morina? \u2013 T\u00eb gjith\u00eb luten p\u00ebr t\u00eb -Foto - Lajme nga Ulqini","isPartOf":{"@id":"https:\/\/www.visit-ulcinj.com\/blog\/#website"},"datePublished":"2016-06-18T13:22:29+00:00","dateModified":"2016-06-18T13:22:29+00:00","author":{"@id":"https:\/\/www.visit-ulcinj.com\/blog\/#\/schema\/person\/dcab619c614d3038751c63bc2aadc06d"},"description":"Thuhet se Fjolla Morina ka p\u00ebsuar mbr\u00ebmjen e djeshme nj\u00eb aksident, n\u00eb t\u00eb cilin ka p\u00ebsur disa d\u00ebmtime. Lajmin e ka b\u00ebr\u00eb t\u00eb ditur p\u00ebrmes nj\u00eb postimi","breadcrumb":{"@id":"https:\/\/www.visit-ulcinj.com\/blog\/2016\/06\/18\/aksidentohet-fjolla-morina-te-gjithe-luten-per-te-foto\/#breadcrumb"},"inLanguage":"en-US","potentialAction":[{"@type":"ReadAction","target":["https:\/\/www.visit-ulcinj.com\/blog\/2016\/06\/18\/aksidentohet-fjolla-morina-te-gjithe-luten-per-te-foto\/"]}]},{"@type":"BreadcrumbList","@id":"https:\/\/www.visit-ulcinj.com\/blog\/2016\/06\/18\/aksidentohet-fjolla-morina-te-gjithe-luten-per-te-foto\/#breadcrumb","itemListElement":[{"@type":"ListItem","position":1,"name":"Aksidentohet Fjolla Morina? \u2013 T\u00eb gjith\u00eb luten p\u00ebr t\u00eb -Foto"}]},{"@type":"Person","@id":"https:\/\/www.visit-ulcinj.com\/blog\/#\/schema\/person\/dcab619c614d3038751c63bc2aadc06d","name":"ulqini","sameAs":["http:\/\/www.visit-ulcinj.com"],"url":"https:\/\/www.visit-ulcinj.com\/blog\/author\/admin\/"}]}},"jetpack_featured_media_url":"","jetpack_sharing_enabled":true,"jetpack_shortlink":"https:\/\/wp.me\/pe6lTn-ppq","_links":{"self":[{"href":"https:\/\/www.visit-ulcinj.com\/blog\/wp-json\/wp\/v2\/posts\/97676"}],"collection":[{"href":"https:\/\/www.visit-ulcinj.com\/blog\/wp-json\/wp\/v2\/posts"}],"about":[{"href":"https:\/\/www.visit-ulcinj.com\/blog\/wp-json\/wp\/v2\/types\/post"}],"author":[{"embeddable":true,"href":"https:\/\/www.visit-ulcinj.com\/blog\/wp-json\/wp\/v2\/users\/1"}],"replies":[{"embeddable":true,"href":"https:\/\/www.visit-ulcinj.com\/blog\/wp-json\/wp\/v2\/comments?post=97676"}],"version-history":[{"count":1,"href":"https:\/\/www.visit-ulcinj.com\/blog\/wp-json\/wp\/v2\/posts\/97676\/revisions"}],"predecessor-version":[{"id":97679,"href":"https:\/\/www.visit-ulcinj.com\/blog\/wp-json\/wp\/v2\/posts\/97676\/revisions\/97679"}],"wp:attachment":[{"href":"https:\/\/www.visit-ulcinj.com\/blog\/wp-json\/wp\/v2\/media?parent=97676"}],"wp:term":[{"taxonomy":"category","embeddable":true,"href":"https:\/\/www.visit-ulcinj.com\/blog\/wp-json\/wp\/v2\/categories?post=97676"},{"taxonomy":"post_tag","embeddable":true,"href":"https:\/\/www.visit-ulcinj.com\/blog\/wp-json\/wp\/v2\/tags?post=97676"}],"curies":[{"name":"wp","href":"https:\/\/api.w.org\/{rel}","templated":true}]}}