{"id":97691,"date":"2016-06-18T18:53:40","date_gmt":"2016-06-18T17:53:40","guid":{"rendered":"http:\/\/www.visit-ulcinj.com\/blog\/?p=97691"},"modified":"2016-06-19T14:36:25","modified_gmt":"2016-06-19T13:36:25","slug":"shka-ana-e-malit-mori-pjese-ne-festivalin-e-kultures-shqiptare-ne-mantova-te-italise","status":"publish","type":"post","link":"https:\/\/www.visit-ulcinj.com\/blog\/2016\/06\/18\/shka-ana-e-malit-mori-pjese-ne-festivalin-e-kultures-shqiptare-ne-mantova-te-italise\/","title":{"rendered":"SHKA \u201cAna e Malit\u201d mori pjes\u00eb n\u00eb Festivalin e Kultur\u00ebs Shqiptare n\u00eb Mantova t\u00eb Italis\u00eb"},"content":{"rendered":"<p><a href=\"http:\/\/www.visit-ulcinj.com\/blog\/wp-content\/uploads\/2016\/06\/SHKA-Ana-e-Malit-Festivali-i-kultures-shqiptare-ne-Mantova-2016.jpg\"><img loading=\"lazy\" class=\"alignleft wp-image-97692\" src=\"http:\/\/www.visit-ulcinj.com\/blog\/wp-content\/uploads\/2016\/06\/SHKA-Ana-e-Malit-Festivali-i-kultures-shqiptare-ne-Mantova-2016.jpg\" alt=\"SHKA-Ana-e-Malit-Festivali-i-kultures-shqiptare-ne-Mantova-2016\" width=\"508\" height=\"243\" srcset=\"https:\/\/www.visit-ulcinj.com\/blog\/wp-content\/uploads\/2016\/06\/SHKA-Ana-e-Malit-Festivali-i-kultures-shqiptare-ne-Mantova-2016.jpg 702w, https:\/\/www.visit-ulcinj.com\/blog\/wp-content\/uploads\/2016\/06\/SHKA-Ana-e-Malit-Festivali-i-kultures-shqiptare-ne-Mantova-2016-300x144.jpg 300w\" sizes=\"(max-width: 508px) 100vw, 508px\" \/><\/a>P\u00ebr tri dit\u00eb rresht, nga data 10-12 qershor, n\u00eb Mantova t\u00eb Italis\u00eb \u00ebsht\u00eb organizuar \u201cFestivali i Kultur\u00ebs Shqiptare\u201d. Pjes\u00eb e k\u00ebtij festivali ishte edhe Shoq\u00ebria Kulturore Artistike \u201cAna e Malit\u201d nga Ulqini, si p\u00ebrfaq\u00ebsuese e vetme e shqiptar\u00ebve n\u00eb Mal t\u00eb Zi.<br \/>\nGrupi nga Ulqini u mir\u00ebprit nga organizatori e sidomos nga publiku i shk\u00eblqyesh\u00ebm q\u00eb vall\u00ebzoi e k\u00ebndoi me pjes\u00ebtar\u00ebt e SHKA \u201cAna e Malit\u201d.<br \/>\nN\u00eb fjal\u00ebn e hapjes, Hajredin Kova\u00e7i n\u00eb em\u00ebr t\u00eb SHKA \u201cAna e Malit\u201d fal\u00ebnderoi organizatorin dhe t\u00eb pranishmit p\u00ebr atmosfer\u00ebn e ngroht\u00eb t\u00eb krijuar.<\/p>\n<p>(Kohapress)<\/p>\n<p><iframe loading=\"lazy\" src=\"https:\/\/www.youtube.com\/embed\/K_4wFyQaZZA\" width=\"508\" height=\"315\" frameborder=\"0\" allowfullscreen=\"allowfullscreen\"><\/iframe><\/p>\n<p><a href=\"http:\/\/www.visit-ulcinj.com\/blog\/wp-content\/uploads\/2016\/06\/Festival-della-Cultura-Albanese-a-Mantova-Italy.jpg\"><img loading=\"lazy\" class=\"alignleft wp-image-97693\" src=\"http:\/\/www.visit-ulcinj.com\/blog\/wp-content\/uploads\/2016\/06\/Festival-della-Cultura-Albanese-a-Mantova-Italy.jpg\" alt=\"Festival della Cultura Albanese a Mantova-Italy\" width=\"508\" height=\"719\" srcset=\"https:\/\/www.visit-ulcinj.com\/blog\/wp-content\/uploads\/2016\/06\/Festival-della-Cultura-Albanese-a-Mantova-Italy.jpg 678w, https:\/\/www.visit-ulcinj.com\/blog\/wp-content\/uploads\/2016\/06\/Festival-della-Cultura-Albanese-a-Mantova-Italy-212x300.jpg 212w\" sizes=\"(max-width: 508px) 100vw, 508px\" \/><\/a><\/p>\n<p><strong><a href=\"http:\/\/Festival della Cultura Albanese a Mantova\">Festival della Cultura Albanese a Mantova<\/a><\/strong><\/p>\n<p>PROGRAMMA FESTIVAL<\/p>\n<p>Festival della Cultura Albanese a Mantova<br \/>\nnel contesto di Mantova Capitale Italiana della Cultura 2016<br \/>\nCon il contributo del comune di Mantova Capitale Italiana della Cultura 2016, il Ministero della Cultura dell&#8217;Albania, <span class=\"text_exposed_show\"><br \/>\nassociazione le Aquile di Mantova e Fnai.<\/span><\/p>\n<div class=\"text_exposed_show\">\n<p>VI INVITA<\/p>\n<p>Giovedi 9 giugno 2016 alle ore 21.00<br \/>\nGRAND TOUR CULTURALE ALBANIA \/ KOSOVO. Sala conferenze di Sant&#8217;Agnese, via Sant&#8217;Agnese 10-Mantova<\/p>\n<p>Venerdi 10 giugno alle ore 17.00<br \/>\nInaugurazione Festival con la mostra \u201cSPLASH\u201d a cura di Carlo Micheli,<br \/>\nTre personali per tre artisti, espongono Alketa Delishaj, Xhimi Hoti e Llesh Prendi.<br \/>\nInterverranno il sindaco di Mantova Mattia Palazzi e il sindaco di Tirana Erion Veliaj., il Viceministro alla Cultura dell&#8217;Albania Zef Cuni, il regista Ylli Pepo e L&#8217;allenatore degli Stings Pallacanestro Mantovana Klaudio Ndoja.<br \/>\nCasa del Rigoletto, piazza Sordello 23 Mantova<\/p>\n<p>Venerdi 10 giugno alle ore 21.00<br \/>\nAl teatro Bibiena &#8220;UN VIAGGIO TRA GARIBALDI E LA MONALISA ALBANESE&#8221; di Klodian Kojashi,<br \/>\nuna serata ricca di culture intrecciate tra di loro&#8230;accompagnano la serata Mimosa Rama soprano e Barbara Milova piano.<br \/>\nTeatro Scientifico Bibiena, via Accademia 47-Mantova<\/p>\n<p>Sabato 11 giugno alle ore 11.00<br \/>\nPresentazione del Poeta Tonin Nikolli<br \/>\nLibreria Nautilus, piazza 80 Fanteria Mantova<\/p>\n<p>Domenica 12 giugno alle ore 17.30<br \/>\nConcerto Ensemble Nazionale dei canti e dei balli di Tirana-Albania<br \/>\nPiazza Mantegna Mantova<\/p>\n<p>Vi aspettiamo numerosi&#8230;INGRESSO LIBERO<\/p>\n<\/div>\n<p><a href=\"http:\/\/www.visit-ulcinj.com\/blog\/wp-content\/uploads\/2016\/06\/lamsamble-di-Ulqin-Ana-e-Malit.jpg\"><img loading=\"lazy\" class=\"alignleft wp-image-97694\" src=\"http:\/\/www.visit-ulcinj.com\/blog\/wp-content\/uploads\/2016\/06\/lamsamble-di-Ulqin-Ana-e-Malit.jpg\" alt=\"lamsamble di Ulqin Ana e Malit\" width=\"508\" height=\"264\" srcset=\"https:\/\/www.visit-ulcinj.com\/blog\/wp-content\/uploads\/2016\/06\/lamsamble-di-Ulqin-Ana-e-Malit.jpg 960w, https:\/\/www.visit-ulcinj.com\/blog\/wp-content\/uploads\/2016\/06\/lamsamble-di-Ulqin-Ana-e-Malit-300x156.jpg 300w, https:\/\/www.visit-ulcinj.com\/blog\/wp-content\/uploads\/2016\/06\/lamsamble-di-Ulqin-Ana-e-Malit-768x398.jpg 768w\" sizes=\"(max-width: 508px) 100vw, 508px\" \/><\/a><\/p>\n<p><strong>Comunicazione <\/strong><br \/>\n<strong> Le sorprese all&#8217;evento &#8220;Nuove Identit\u00e0 &#8220;continuano <\/strong><br \/>\n<strong> Domenica pomeriggio avremo tra noi anche l&#8217;amsamble di Ulqin&#8221; Ana e Malit&#8221;<\/strong><br \/>\n<strong> Hanno partecipato al festival di Gjirokaster ( Albania ), in Kosovo e Debuttato in America .. <\/strong><br \/>\n<strong> Un altro esempio di conservazione dell&#8217;arte , cultura e costumi tradizionali delle minoranze albanesi a Montenegro<span class=\"text_exposed_show\"><br \/>\nVi aspettiamo in Piazza, chiesa Sant &#8216;Andrea a Mantova. Un pomeriggio in musica<\/span><\/strong><\/p>\n","protected":false},"excerpt":{"rendered":"<p>P\u00ebr tri dit\u00eb rresht, nga data 10-12 qershor, n\u00eb Mantova t\u00eb Italis\u00eb \u00ebsht\u00eb organizuar \u201cFestivali i Kultur\u00ebs Shqiptare\u201d. Pjes\u00eb e k\u00ebtij festivali ishte edhe Shoq\u00ebria Kulturore Artistike \u201cAna e Malit\u201d nga Ulqini, si p\u00ebrfaq\u00ebsuese e vetme e shqiptar\u00ebve n\u00eb Mal t\u00eb Zi. Grupi nga Ulqini u mir\u00ebprit nga organizatori e sidomos nga publiku i shk\u00eblqyesh\u00ebm [&hellip;]<\/p>\n","protected":false},"author":1,"featured_media":0,"comment_status":"closed","ping_status":"closed","sticky":false,"template":"","format":"standard","meta":{"spay_email":"","jetpack_publicize_message":"","jetpack_is_tweetstorm":false,"jetpack_publicize_feature_enabled":true},"categories":[4,1],"tags":[],"jetpack_publicize_connections":[],"yoast_head":"<!-- This site is optimized with the Yoast SEO plugin v19.1 - https:\/\/yoast.com\/wordpress\/plugins\/seo\/ -->\n<title>SHKA \u201cAna e Malit\u201d mori pjes\u00eb n\u00eb Festivalin e Kultur\u00ebs Shqiptare n\u00eb Mantova t\u00eb Italis\u00eb - Lajme nga Ulqini<\/title>\n<meta name=\"description\" content=\"P\u00ebr tri dit\u00eb rresht, nga data 10-12 qershor, n\u00eb Mantova t\u00eb Italis\u00eb \u00ebsht\u00eb organizuar \u201cFestivali i Kultur\u00ebs Shqiptare\u201d. Pjes\u00eb e k\u00ebtij festivali ishte edhe\" \/>\n<meta name=\"robots\" content=\"index, follow, max-snippet:-1, max-image-preview:large, max-video-preview:-1\" \/>\n<link rel=\"canonical\" href=\"https:\/\/www.visit-ulcinj.com\/blog\/2016\/06\/18\/shka-ana-e-malit-mori-pjese-ne-festivalin-e-kultures-shqiptare-ne-mantova-te-italise\/\" \/>\n<meta property=\"og:locale\" content=\"en_US\" \/>\n<meta property=\"og:type\" content=\"article\" \/>\n<meta property=\"og:title\" content=\"SHKA \u201cAna e Malit\u201d mori pjes\u00eb n\u00eb Festivalin e Kultur\u00ebs Shqiptare n\u00eb Mantova t\u00eb Italis\u00eb - Lajme nga Ulqini\" \/>\n<meta property=\"og:description\" content=\"P\u00ebr tri dit\u00eb rresht, nga data 10-12 qershor, n\u00eb Mantova t\u00eb Italis\u00eb \u00ebsht\u00eb organizuar \u201cFestivali i Kultur\u00ebs Shqiptare\u201d. Pjes\u00eb e k\u00ebtij festivali ishte edhe\" \/>\n<meta property=\"og:url\" content=\"https:\/\/www.visit-ulcinj.com\/blog\/2016\/06\/18\/shka-ana-e-malit-mori-pjese-ne-festivalin-e-kultures-shqiptare-ne-mantova-te-italise\/\" \/>\n<meta property=\"og:site_name\" content=\"Lajme nga Ulqini\" \/>\n<meta property=\"article:published_time\" content=\"2016-06-18T17:53:40+00:00\" \/>\n<meta property=\"article:modified_time\" content=\"2016-06-19T13:36:25+00:00\" \/>\n<meta property=\"og:image\" content=\"http:\/\/www.visit-ulcinj.com\/blog\/wp-content\/uploads\/2016\/06\/SHKA-Ana-e-Malit-Festivali-i-kultures-shqiptare-ne-Mantova-2016.jpg\" \/>\n<meta name=\"twitter:label1\" content=\"Written by\" \/>\n\t<meta name=\"twitter:data1\" content=\"ulqini\" \/>\n\t<meta name=\"twitter:label2\" content=\"Est. reading time\" \/>\n\t<meta name=\"twitter:data2\" content=\"2 minutes\" \/>\n<script type=\"application\/ld+json\" class=\"yoast-schema-graph\">{\"@context\":\"https:\/\/schema.org\",\"@graph\":[{\"@type\":\"WebSite\",\"@id\":\"https:\/\/www.visit-ulcinj.com\/blog\/#website\",\"url\":\"https:\/\/www.visit-ulcinj.com\/blog\/\",\"name\":\"Lajme nga Ulqini\",\"description\":\"Lajme,Vijesti,Ulqini,Ulqin,Crna Gora,Mali i Zi\",\"potentialAction\":[{\"@type\":\"SearchAction\",\"target\":{\"@type\":\"EntryPoint\",\"urlTemplate\":\"https:\/\/www.visit-ulcinj.com\/blog\/?s={search_term_string}\"},\"query-input\":\"required name=search_term_string\"}],\"inLanguage\":\"en-US\"},{\"@type\":\"ImageObject\",\"inLanguage\":\"en-US\",\"@id\":\"https:\/\/www.visit-ulcinj.com\/blog\/2016\/06\/18\/shka-ana-e-malit-mori-pjese-ne-festivalin-e-kultures-shqiptare-ne-mantova-te-italise\/#primaryimage\",\"url\":\"https:\/\/www.visit-ulcinj.com\/blog\/wp-content\/uploads\/2016\/06\/SHKA-Ana-e-Malit-Festivali-i-kultures-shqiptare-ne-Mantova-2016.jpg\",\"contentUrl\":\"https:\/\/www.visit-ulcinj.com\/blog\/wp-content\/uploads\/2016\/06\/SHKA-Ana-e-Malit-Festivali-i-kultures-shqiptare-ne-Mantova-2016.jpg\",\"width\":702,\"height\":336},{\"@type\":\"WebPage\",\"@id\":\"https:\/\/www.visit-ulcinj.com\/blog\/2016\/06\/18\/shka-ana-e-malit-mori-pjese-ne-festivalin-e-kultures-shqiptare-ne-mantova-te-italise\/#webpage\",\"url\":\"https:\/\/www.visit-ulcinj.com\/blog\/2016\/06\/18\/shka-ana-e-malit-mori-pjese-ne-festivalin-e-kultures-shqiptare-ne-mantova-te-italise\/\",\"name\":\"SHKA \u201cAna e Malit\u201d mori pjes\u00eb n\u00eb Festivalin e Kultur\u00ebs Shqiptare n\u00eb Mantova t\u00eb Italis\u00eb - Lajme nga Ulqini\",\"isPartOf\":{\"@id\":\"https:\/\/www.visit-ulcinj.com\/blog\/#website\"},\"primaryImageOfPage\":{\"@id\":\"https:\/\/www.visit-ulcinj.com\/blog\/2016\/06\/18\/shka-ana-e-malit-mori-pjese-ne-festivalin-e-kultures-shqiptare-ne-mantova-te-italise\/#primaryimage\"},\"datePublished\":\"2016-06-18T17:53:40+00:00\",\"dateModified\":\"2016-06-19T13:36:25+00:00\",\"author\":{\"@id\":\"https:\/\/www.visit-ulcinj.com\/blog\/#\/schema\/person\/dcab619c614d3038751c63bc2aadc06d\"},\"description\":\"P\u00ebr tri dit\u00eb rresht, nga data 10-12 qershor, n\u00eb Mantova t\u00eb Italis\u00eb \u00ebsht\u00eb organizuar \u201cFestivali i Kultur\u00ebs Shqiptare\u201d. Pjes\u00eb e k\u00ebtij festivali ishte edhe\",\"breadcrumb\":{\"@id\":\"https:\/\/www.visit-ulcinj.com\/blog\/2016\/06\/18\/shka-ana-e-malit-mori-pjese-ne-festivalin-e-kultures-shqiptare-ne-mantova-te-italise\/#breadcrumb\"},\"inLanguage\":\"en-US\",\"potentialAction\":[{\"@type\":\"ReadAction\",\"target\":[\"https:\/\/www.visit-ulcinj.com\/blog\/2016\/06\/18\/shka-ana-e-malit-mori-pjese-ne-festivalin-e-kultures-shqiptare-ne-mantova-te-italise\/\"]}]},{\"@type\":\"BreadcrumbList\",\"@id\":\"https:\/\/www.visit-ulcinj.com\/blog\/2016\/06\/18\/shka-ana-e-malit-mori-pjese-ne-festivalin-e-kultures-shqiptare-ne-mantova-te-italise\/#breadcrumb\",\"itemListElement\":[{\"@type\":\"ListItem\",\"position\":1,\"name\":\"SHKA \u201cAna e Malit\u201d mori pjes\u00eb n\u00eb Festivalin e Kultur\u00ebs Shqiptare n\u00eb Mantova t\u00eb Italis\u00eb\"}]},{\"@type\":\"Person\",\"@id\":\"https:\/\/www.visit-ulcinj.com\/blog\/#\/schema\/person\/dcab619c614d3038751c63bc2aadc06d\",\"name\":\"ulqini\",\"sameAs\":[\"http:\/\/www.visit-ulcinj.com\"],\"url\":\"https:\/\/www.visit-ulcinj.com\/blog\/author\/admin\/\"}]}<\/script>\n<!-- \/ Yoast SEO plugin. -->","yoast_head_json":{"title":"SHKA \u201cAna e Malit\u201d mori pjes\u00eb n\u00eb Festivalin e Kultur\u00ebs Shqiptare n\u00eb Mantova t\u00eb Italis\u00eb - Lajme nga Ulqini","description":"P\u00ebr tri dit\u00eb rresht, nga data 10-12 qershor, n\u00eb Mantova t\u00eb Italis\u00eb \u00ebsht\u00eb organizuar \u201cFestivali i Kultur\u00ebs Shqiptare\u201d. Pjes\u00eb e k\u00ebtij festivali ishte edhe","robots":{"index":"index","follow":"follow","max-snippet":"max-snippet:-1","max-image-preview":"max-image-preview:large","max-video-preview":"max-video-preview:-1"},"canonical":"https:\/\/www.visit-ulcinj.com\/blog\/2016\/06\/18\/shka-ana-e-malit-mori-pjese-ne-festivalin-e-kultures-shqiptare-ne-mantova-te-italise\/","og_locale":"en_US","og_type":"article","og_title":"SHKA \u201cAna e Malit\u201d mori pjes\u00eb n\u00eb Festivalin e Kultur\u00ebs Shqiptare n\u00eb Mantova t\u00eb Italis\u00eb - Lajme nga Ulqini","og_description":"P\u00ebr tri dit\u00eb rresht, nga data 10-12 qershor, n\u00eb Mantova t\u00eb Italis\u00eb \u00ebsht\u00eb organizuar \u201cFestivali i Kultur\u00ebs Shqiptare\u201d. Pjes\u00eb e k\u00ebtij festivali ishte edhe","og_url":"https:\/\/www.visit-ulcinj.com\/blog\/2016\/06\/18\/shka-ana-e-malit-mori-pjese-ne-festivalin-e-kultures-shqiptare-ne-mantova-te-italise\/","og_site_name":"Lajme nga Ulqini","article_published_time":"2016-06-18T17:53:40+00:00","article_modified_time":"2016-06-19T13:36:25+00:00","og_image":[{"url":"http:\/\/www.visit-ulcinj.com\/blog\/wp-content\/uploads\/2016\/06\/SHKA-Ana-e-Malit-Festivali-i-kultures-shqiptare-ne-Mantova-2016.jpg"}],"twitter_misc":{"Written by":"ulqini","Est. reading time":"2 minutes"},"schema":{"@context":"https:\/\/schema.org","@graph":[{"@type":"WebSite","@id":"https:\/\/www.visit-ulcinj.com\/blog\/#website","url":"https:\/\/www.visit-ulcinj.com\/blog\/","name":"Lajme nga Ulqini","description":"Lajme,Vijesti,Ulqini,Ulqin,Crna Gora,Mali i Zi","potentialAction":[{"@type":"SearchAction","target":{"@type":"EntryPoint","urlTemplate":"https:\/\/www.visit-ulcinj.com\/blog\/?s={search_term_string}"},"query-input":"required name=search_term_string"}],"inLanguage":"en-US"},{"@type":"ImageObject","inLanguage":"en-US","@id":"https:\/\/www.visit-ulcinj.com\/blog\/2016\/06\/18\/shka-ana-e-malit-mori-pjese-ne-festivalin-e-kultures-shqiptare-ne-mantova-te-italise\/#primaryimage","url":"https:\/\/www.visit-ulcinj.com\/blog\/wp-content\/uploads\/2016\/06\/SHKA-Ana-e-Malit-Festivali-i-kultures-shqiptare-ne-Mantova-2016.jpg","contentUrl":"https:\/\/www.visit-ulcinj.com\/blog\/wp-content\/uploads\/2016\/06\/SHKA-Ana-e-Malit-Festivali-i-kultures-shqiptare-ne-Mantova-2016.jpg","width":702,"height":336},{"@type":"WebPage","@id":"https:\/\/www.visit-ulcinj.com\/blog\/2016\/06\/18\/shka-ana-e-malit-mori-pjese-ne-festivalin-e-kultures-shqiptare-ne-mantova-te-italise\/#webpage","url":"https:\/\/www.visit-ulcinj.com\/blog\/2016\/06\/18\/shka-ana-e-malit-mori-pjese-ne-festivalin-e-kultures-shqiptare-ne-mantova-te-italise\/","name":"SHKA \u201cAna e Malit\u201d mori pjes\u00eb n\u00eb Festivalin e Kultur\u00ebs Shqiptare n\u00eb Mantova t\u00eb Italis\u00eb - Lajme nga Ulqini","isPartOf":{"@id":"https:\/\/www.visit-ulcinj.com\/blog\/#website"},"primaryImageOfPage":{"@id":"https:\/\/www.visit-ulcinj.com\/blog\/2016\/06\/18\/shka-ana-e-malit-mori-pjese-ne-festivalin-e-kultures-shqiptare-ne-mantova-te-italise\/#primaryimage"},"datePublished":"2016-06-18T17:53:40+00:00","dateModified":"2016-06-19T13:36:25+00:00","author":{"@id":"https:\/\/www.visit-ulcinj.com\/blog\/#\/schema\/person\/dcab619c614d3038751c63bc2aadc06d"},"description":"P\u00ebr tri dit\u00eb rresht, nga data 10-12 qershor, n\u00eb Mantova t\u00eb Italis\u00eb \u00ebsht\u00eb organizuar \u201cFestivali i Kultur\u00ebs Shqiptare\u201d. Pjes\u00eb e k\u00ebtij festivali ishte edhe","breadcrumb":{"@id":"https:\/\/www.visit-ulcinj.com\/blog\/2016\/06\/18\/shka-ana-e-malit-mori-pjese-ne-festivalin-e-kultures-shqiptare-ne-mantova-te-italise\/#breadcrumb"},"inLanguage":"en-US","potentialAction":[{"@type":"ReadAction","target":["https:\/\/www.visit-ulcinj.com\/blog\/2016\/06\/18\/shka-ana-e-malit-mori-pjese-ne-festivalin-e-kultures-shqiptare-ne-mantova-te-italise\/"]}]},{"@type":"BreadcrumbList","@id":"https:\/\/www.visit-ulcinj.com\/blog\/2016\/06\/18\/shka-ana-e-malit-mori-pjese-ne-festivalin-e-kultures-shqiptare-ne-mantova-te-italise\/#breadcrumb","itemListElement":[{"@type":"ListItem","position":1,"name":"SHKA \u201cAna e Malit\u201d mori pjes\u00eb n\u00eb Festivalin e Kultur\u00ebs Shqiptare n\u00eb Mantova t\u00eb Italis\u00eb"}]},{"@type":"Person","@id":"https:\/\/www.visit-ulcinj.com\/blog\/#\/schema\/person\/dcab619c614d3038751c63bc2aadc06d","name":"ulqini","sameAs":["http:\/\/www.visit-ulcinj.com"],"url":"https:\/\/www.visit-ulcinj.com\/blog\/author\/admin\/"}]}},"jetpack_featured_media_url":"","jetpack_sharing_enabled":true,"jetpack_shortlink":"https:\/\/wp.me\/pe6lTn-ppF","_links":{"self":[{"href":"https:\/\/www.visit-ulcinj.com\/blog\/wp-json\/wp\/v2\/posts\/97691"}],"collection":[{"href":"https:\/\/www.visit-ulcinj.com\/blog\/wp-json\/wp\/v2\/posts"}],"about":[{"href":"https:\/\/www.visit-ulcinj.com\/blog\/wp-json\/wp\/v2\/types\/post"}],"author":[{"embeddable":true,"href":"https:\/\/www.visit-ulcinj.com\/blog\/wp-json\/wp\/v2\/users\/1"}],"replies":[{"embeddable":true,"href":"https:\/\/www.visit-ulcinj.com\/blog\/wp-json\/wp\/v2\/comments?post=97691"}],"version-history":[{"count":2,"href":"https:\/\/www.visit-ulcinj.com\/blog\/wp-json\/wp\/v2\/posts\/97691\/revisions"}],"predecessor-version":[{"id":97705,"href":"https:\/\/www.visit-ulcinj.com\/blog\/wp-json\/wp\/v2\/posts\/97691\/revisions\/97705"}],"wp:attachment":[{"href":"https:\/\/www.visit-ulcinj.com\/blog\/wp-json\/wp\/v2\/media?parent=97691"}],"wp:term":[{"taxonomy":"category","embeddable":true,"href":"https:\/\/www.visit-ulcinj.com\/blog\/wp-json\/wp\/v2\/categories?post=97691"},{"taxonomy":"post_tag","embeddable":true,"href":"https:\/\/www.visit-ulcinj.com\/blog\/wp-json\/wp\/v2\/tags?post=97691"}],"curies":[{"name":"wp","href":"https:\/\/api.w.org\/{rel}","templated":true}]}}