{"id":97701,"date":"2016-06-19T14:33:48","date_gmt":"2016-06-19T13:33:48","guid":{"rendered":"http:\/\/www.visit-ulcinj.com\/blog\/?p=97701"},"modified":"2016-06-19T14:33:48","modified_gmt":"2016-06-19T13:33:48","slug":"kush-te-triumfoje-sonte-ne-oren-21-00","status":"publish","type":"post","link":"https:\/\/www.visit-ulcinj.com\/blog\/2016\/06\/19\/kush-te-triumfoje-sonte-ne-oren-21-00\/","title":{"rendered":"Kush do t\u00eb triumfoj\u00eb sonte n\u00eb or\u00ebn 21.00 ?"},"content":{"rendered":"<p><a href=\"http:\/\/www.visit-ulcinj.com\/blog\/wp-content\/uploads\/2016\/06\/Football-Fest-Ulqini-2016.jpg\"><img loading=\"lazy\" class=\"alignleft wp-image-97702\" src=\"http:\/\/www.visit-ulcinj.com\/blog\/wp-content\/uploads\/2016\/06\/Football-Fest-Ulqini-2016.jpg\" alt=\"Football Fest Ulqini 2016\" width=\"508\" height=\"336\" srcset=\"https:\/\/www.visit-ulcinj.com\/blog\/wp-content\/uploads\/2016\/06\/Football-Fest-Ulqini-2016.jpg 960w, https:\/\/www.visit-ulcinj.com\/blog\/wp-content\/uploads\/2016\/06\/Football-Fest-Ulqini-2016-300x198.jpg 300w, https:\/\/www.visit-ulcinj.com\/blog\/wp-content\/uploads\/2016\/06\/Football-Fest-Ulqini-2016-768x508.jpg 768w\" sizes=\"(max-width: 508px) 100vw, 508px\" \/><\/a>Sonte n\u00eb or\u00ebn 21.00 \u00ebsht\u00eb ndeshja vendimtare e Komb\u00ebtares Shqiptare. Organizator\u00ebt e \u201cFootball Fest Ulqini 2016\u201d ju ftojn\u00eb q\u00eb t\u00eb gjith\u00eb s\u00eb bashku t\u00eb mb\u00ebshtesim lojtar\u00ebt kuq e zi n\u00eb ndeshjen me Rumanin\u00eb .<\/p>\n<p><iframe loading=\"lazy\" frameborder=\"0\" width=\"508\" height=\"330\" src=\"\/\/www.dailymotion.com\/embed\/video\/x4go87m?autoPlay=1\" allowfullscreen><\/iframe><\/p>\n<p>N\u00eb tribunat t\u00eb cilat jan\u00eb t\u00eb vendosura n\u00eb Molen e madhe, me ekranin gjigand do t\u00eb keni mund\u00ebsi t\u00eb p\u00ebrkrahni Shqip\u00ebrin\u00eb sikurse t\u00eb ishit n\u00eb Lyon.<\/p>\n<p>Shqip\u00ebria k\u00ebt\u00eb vit ka sh\u00ebnuar historin me kualifikim n\u00eb Kampionatin \u201cEuro 2016\u201d, prandaj ju ftojm\u00eb q\u00eb ta p\u00ebrkrahim.<\/p>\n<p><a href=\"http:\/\/www.visit-ulcinj.com\/blog\/wp-content\/uploads\/2016\/06\/Football-Fest-Ulqini-2016-1.jpg\"><img loading=\"lazy\" class=\"alignleft wp-image-97703\" src=\"http:\/\/www.visit-ulcinj.com\/blog\/wp-content\/uploads\/2016\/06\/Football-Fest-Ulqini-2016-1.jpg\" alt=\"Football-Fest-Ulqini-2016-1\" width=\"508\" height=\"336\" srcset=\"https:\/\/www.visit-ulcinj.com\/blog\/wp-content\/uploads\/2016\/06\/Football-Fest-Ulqini-2016-1.jpg 960w, https:\/\/www.visit-ulcinj.com\/blog\/wp-content\/uploads\/2016\/06\/Football-Fest-Ulqini-2016-1-300x198.jpg 300w, https:\/\/www.visit-ulcinj.com\/blog\/wp-content\/uploads\/2016\/06\/Football-Fest-Ulqini-2016-1-768x508.jpg 768w\" sizes=\"(max-width: 508px) 100vw, 508px\" \/><\/a><\/p>\n","protected":false},"excerpt":{"rendered":"<p>Sonte n\u00eb or\u00ebn 21.00 \u00ebsht\u00eb ndeshja vendimtare e Komb\u00ebtares Shqiptare. Organizator\u00ebt e \u201cFootball Fest Ulqini 2016\u201d ju ftojn\u00eb q\u00eb t\u00eb gjith\u00eb s\u00eb bashku t\u00eb mb\u00ebshtesim lojtar\u00ebt kuq e zi n\u00eb ndeshjen me Rumanin\u00eb . N\u00eb tribunat t\u00eb cilat jan\u00eb t\u00eb vendosura n\u00eb Molen e madhe, me ekranin gjigand do t\u00eb keni mund\u00ebsi t\u00eb p\u00ebrkrahni Shqip\u00ebrin\u00eb [&hellip;]<\/p>\n","protected":false},"author":1,"featured_media":0,"comment_status":"closed","ping_status":"closed","sticky":false,"template":"","format":"standard","meta":{"spay_email":"","jetpack_publicize_message":"","jetpack_is_tweetstorm":false,"jetpack_publicize_feature_enabled":true},"categories":[1],"tags":[],"jetpack_publicize_connections":[],"yoast_head":"<!-- This site is optimized with the Yoast SEO plugin v19.1 - https:\/\/yoast.com\/wordpress\/plugins\/seo\/ -->\n<title>Kush do t\u00eb triumfoj\u00eb sonte n\u00eb or\u00ebn 21.00 ? - Lajme nga Ulqini<\/title>\n<meta name=\"description\" content=\"Sonte n\u00eb or\u00ebn 21.00 \u00ebsht\u00eb ndeshja vendimtare e Komb\u00ebtares Shqiptare. Organizator\u00ebt e \u201cFootball Fest Ulqini 2016\u201d ju ftojn\u00eb q\u00eb t\u00eb gjith\u00eb s\u00eb bashku t\u00eb\" \/>\n<meta name=\"robots\" content=\"index, follow, max-snippet:-1, max-image-preview:large, max-video-preview:-1\" \/>\n<link rel=\"canonical\" href=\"https:\/\/www.visit-ulcinj.com\/blog\/2016\/06\/19\/kush-te-triumfoje-sonte-ne-oren-21-00\/\" \/>\n<meta property=\"og:locale\" content=\"en_US\" \/>\n<meta property=\"og:type\" content=\"article\" \/>\n<meta property=\"og:title\" content=\"Kush do t\u00eb triumfoj\u00eb sonte n\u00eb or\u00ebn 21.00 ? - Lajme nga Ulqini\" \/>\n<meta property=\"og:description\" content=\"Sonte n\u00eb or\u00ebn 21.00 \u00ebsht\u00eb ndeshja vendimtare e Komb\u00ebtares Shqiptare. Organizator\u00ebt e \u201cFootball Fest Ulqini 2016\u201d ju ftojn\u00eb q\u00eb t\u00eb gjith\u00eb s\u00eb bashku t\u00eb\" \/>\n<meta property=\"og:url\" content=\"https:\/\/www.visit-ulcinj.com\/blog\/2016\/06\/19\/kush-te-triumfoje-sonte-ne-oren-21-00\/\" \/>\n<meta property=\"og:site_name\" content=\"Lajme nga Ulqini\" \/>\n<meta property=\"article:published_time\" content=\"2016-06-19T13:33:48+00:00\" \/>\n<meta property=\"og:image\" content=\"http:\/\/www.visit-ulcinj.com\/blog\/wp-content\/uploads\/2016\/06\/Football-Fest-Ulqini-2016.jpg\" \/>\n<meta name=\"twitter:label1\" content=\"Written by\" \/>\n\t<meta name=\"twitter:data1\" content=\"ulqini\" \/>\n<script type=\"application\/ld+json\" class=\"yoast-schema-graph\">{\"@context\":\"https:\/\/schema.org\",\"@graph\":[{\"@type\":\"WebSite\",\"@id\":\"https:\/\/www.visit-ulcinj.com\/blog\/#website\",\"url\":\"https:\/\/www.visit-ulcinj.com\/blog\/\",\"name\":\"Lajme nga Ulqini\",\"description\":\"Lajme,Vijesti,Ulqini,Ulqin,Crna Gora,Mali i Zi\",\"potentialAction\":[{\"@type\":\"SearchAction\",\"target\":{\"@type\":\"EntryPoint\",\"urlTemplate\":\"https:\/\/www.visit-ulcinj.com\/blog\/?s={search_term_string}\"},\"query-input\":\"required name=search_term_string\"}],\"inLanguage\":\"en-US\"},{\"@type\":\"ImageObject\",\"inLanguage\":\"en-US\",\"@id\":\"https:\/\/www.visit-ulcinj.com\/blog\/2016\/06\/19\/kush-te-triumfoje-sonte-ne-oren-21-00\/#primaryimage\",\"url\":\"https:\/\/www.visit-ulcinj.com\/blog\/wp-content\/uploads\/2016\/06\/Football-Fest-Ulqini-2016.jpg\",\"contentUrl\":\"https:\/\/www.visit-ulcinj.com\/blog\/wp-content\/uploads\/2016\/06\/Football-Fest-Ulqini-2016.jpg\",\"width\":960,\"height\":635},{\"@type\":\"WebPage\",\"@id\":\"https:\/\/www.visit-ulcinj.com\/blog\/2016\/06\/19\/kush-te-triumfoje-sonte-ne-oren-21-00\/#webpage\",\"url\":\"https:\/\/www.visit-ulcinj.com\/blog\/2016\/06\/19\/kush-te-triumfoje-sonte-ne-oren-21-00\/\",\"name\":\"Kush do t\u00eb triumfoj\u00eb sonte n\u00eb or\u00ebn 21.00 ? - Lajme nga Ulqini\",\"isPartOf\":{\"@id\":\"https:\/\/www.visit-ulcinj.com\/blog\/#website\"},\"primaryImageOfPage\":{\"@id\":\"https:\/\/www.visit-ulcinj.com\/blog\/2016\/06\/19\/kush-te-triumfoje-sonte-ne-oren-21-00\/#primaryimage\"},\"datePublished\":\"2016-06-19T13:33:48+00:00\",\"dateModified\":\"2016-06-19T13:33:48+00:00\",\"author\":{\"@id\":\"https:\/\/www.visit-ulcinj.com\/blog\/#\/schema\/person\/dcab619c614d3038751c63bc2aadc06d\"},\"description\":\"Sonte n\u00eb or\u00ebn 21.00 \u00ebsht\u00eb ndeshja vendimtare e Komb\u00ebtares Shqiptare. Organizator\u00ebt e \u201cFootball Fest Ulqini 2016\u201d ju ftojn\u00eb q\u00eb t\u00eb gjith\u00eb s\u00eb bashku t\u00eb\",\"breadcrumb\":{\"@id\":\"https:\/\/www.visit-ulcinj.com\/blog\/2016\/06\/19\/kush-te-triumfoje-sonte-ne-oren-21-00\/#breadcrumb\"},\"inLanguage\":\"en-US\",\"potentialAction\":[{\"@type\":\"ReadAction\",\"target\":[\"https:\/\/www.visit-ulcinj.com\/blog\/2016\/06\/19\/kush-te-triumfoje-sonte-ne-oren-21-00\/\"]}]},{\"@type\":\"BreadcrumbList\",\"@id\":\"https:\/\/www.visit-ulcinj.com\/blog\/2016\/06\/19\/kush-te-triumfoje-sonte-ne-oren-21-00\/#breadcrumb\",\"itemListElement\":[{\"@type\":\"ListItem\",\"position\":1,\"name\":\"Kush do t\u00eb triumfoj\u00eb sonte n\u00eb or\u00ebn 21.00 ?\"}]},{\"@type\":\"Person\",\"@id\":\"https:\/\/www.visit-ulcinj.com\/blog\/#\/schema\/person\/dcab619c614d3038751c63bc2aadc06d\",\"name\":\"ulqini\",\"sameAs\":[\"http:\/\/www.visit-ulcinj.com\"],\"url\":\"https:\/\/www.visit-ulcinj.com\/blog\/author\/admin\/\"}]}<\/script>\n<!-- \/ Yoast SEO plugin. -->","yoast_head_json":{"title":"Kush do t\u00eb triumfoj\u00eb sonte n\u00eb or\u00ebn 21.00 ? - Lajme nga Ulqini","description":"Sonte n\u00eb or\u00ebn 21.00 \u00ebsht\u00eb ndeshja vendimtare e Komb\u00ebtares Shqiptare. Organizator\u00ebt e \u201cFootball Fest Ulqini 2016\u201d ju ftojn\u00eb q\u00eb t\u00eb gjith\u00eb s\u00eb bashku t\u00eb","robots":{"index":"index","follow":"follow","max-snippet":"max-snippet:-1","max-image-preview":"max-image-preview:large","max-video-preview":"max-video-preview:-1"},"canonical":"https:\/\/www.visit-ulcinj.com\/blog\/2016\/06\/19\/kush-te-triumfoje-sonte-ne-oren-21-00\/","og_locale":"en_US","og_type":"article","og_title":"Kush do t\u00eb triumfoj\u00eb sonte n\u00eb or\u00ebn 21.00 ? - Lajme nga Ulqini","og_description":"Sonte n\u00eb or\u00ebn 21.00 \u00ebsht\u00eb ndeshja vendimtare e Komb\u00ebtares Shqiptare. Organizator\u00ebt e \u201cFootball Fest Ulqini 2016\u201d ju ftojn\u00eb q\u00eb t\u00eb gjith\u00eb s\u00eb bashku t\u00eb","og_url":"https:\/\/www.visit-ulcinj.com\/blog\/2016\/06\/19\/kush-te-triumfoje-sonte-ne-oren-21-00\/","og_site_name":"Lajme nga Ulqini","article_published_time":"2016-06-19T13:33:48+00:00","og_image":[{"url":"http:\/\/www.visit-ulcinj.com\/blog\/wp-content\/uploads\/2016\/06\/Football-Fest-Ulqini-2016.jpg"}],"twitter_misc":{"Written by":"ulqini"},"schema":{"@context":"https:\/\/schema.org","@graph":[{"@type":"WebSite","@id":"https:\/\/www.visit-ulcinj.com\/blog\/#website","url":"https:\/\/www.visit-ulcinj.com\/blog\/","name":"Lajme nga Ulqini","description":"Lajme,Vijesti,Ulqini,Ulqin,Crna Gora,Mali i Zi","potentialAction":[{"@type":"SearchAction","target":{"@type":"EntryPoint","urlTemplate":"https:\/\/www.visit-ulcinj.com\/blog\/?s={search_term_string}"},"query-input":"required name=search_term_string"}],"inLanguage":"en-US"},{"@type":"ImageObject","inLanguage":"en-US","@id":"https:\/\/www.visit-ulcinj.com\/blog\/2016\/06\/19\/kush-te-triumfoje-sonte-ne-oren-21-00\/#primaryimage","url":"https:\/\/www.visit-ulcinj.com\/blog\/wp-content\/uploads\/2016\/06\/Football-Fest-Ulqini-2016.jpg","contentUrl":"https:\/\/www.visit-ulcinj.com\/blog\/wp-content\/uploads\/2016\/06\/Football-Fest-Ulqini-2016.jpg","width":960,"height":635},{"@type":"WebPage","@id":"https:\/\/www.visit-ulcinj.com\/blog\/2016\/06\/19\/kush-te-triumfoje-sonte-ne-oren-21-00\/#webpage","url":"https:\/\/www.visit-ulcinj.com\/blog\/2016\/06\/19\/kush-te-triumfoje-sonte-ne-oren-21-00\/","name":"Kush do t\u00eb triumfoj\u00eb sonte n\u00eb or\u00ebn 21.00 ? - Lajme nga Ulqini","isPartOf":{"@id":"https:\/\/www.visit-ulcinj.com\/blog\/#website"},"primaryImageOfPage":{"@id":"https:\/\/www.visit-ulcinj.com\/blog\/2016\/06\/19\/kush-te-triumfoje-sonte-ne-oren-21-00\/#primaryimage"},"datePublished":"2016-06-19T13:33:48+00:00","dateModified":"2016-06-19T13:33:48+00:00","author":{"@id":"https:\/\/www.visit-ulcinj.com\/blog\/#\/schema\/person\/dcab619c614d3038751c63bc2aadc06d"},"description":"Sonte n\u00eb or\u00ebn 21.00 \u00ebsht\u00eb ndeshja vendimtare e Komb\u00ebtares Shqiptare. Organizator\u00ebt e \u201cFootball Fest Ulqini 2016\u201d ju ftojn\u00eb q\u00eb t\u00eb gjith\u00eb s\u00eb bashku t\u00eb","breadcrumb":{"@id":"https:\/\/www.visit-ulcinj.com\/blog\/2016\/06\/19\/kush-te-triumfoje-sonte-ne-oren-21-00\/#breadcrumb"},"inLanguage":"en-US","potentialAction":[{"@type":"ReadAction","target":["https:\/\/www.visit-ulcinj.com\/blog\/2016\/06\/19\/kush-te-triumfoje-sonte-ne-oren-21-00\/"]}]},{"@type":"BreadcrumbList","@id":"https:\/\/www.visit-ulcinj.com\/blog\/2016\/06\/19\/kush-te-triumfoje-sonte-ne-oren-21-00\/#breadcrumb","itemListElement":[{"@type":"ListItem","position":1,"name":"Kush do t\u00eb triumfoj\u00eb sonte n\u00eb or\u00ebn 21.00 ?"}]},{"@type":"Person","@id":"https:\/\/www.visit-ulcinj.com\/blog\/#\/schema\/person\/dcab619c614d3038751c63bc2aadc06d","name":"ulqini","sameAs":["http:\/\/www.visit-ulcinj.com"],"url":"https:\/\/www.visit-ulcinj.com\/blog\/author\/admin\/"}]}},"jetpack_featured_media_url":"","jetpack_sharing_enabled":true,"jetpack_shortlink":"https:\/\/wp.me\/pe6lTn-ppP","_links":{"self":[{"href":"https:\/\/www.visit-ulcinj.com\/blog\/wp-json\/wp\/v2\/posts\/97701"}],"collection":[{"href":"https:\/\/www.visit-ulcinj.com\/blog\/wp-json\/wp\/v2\/posts"}],"about":[{"href":"https:\/\/www.visit-ulcinj.com\/blog\/wp-json\/wp\/v2\/types\/post"}],"author":[{"embeddable":true,"href":"https:\/\/www.visit-ulcinj.com\/blog\/wp-json\/wp\/v2\/users\/1"}],"replies":[{"embeddable":true,"href":"https:\/\/www.visit-ulcinj.com\/blog\/wp-json\/wp\/v2\/comments?post=97701"}],"version-history":[{"count":1,"href":"https:\/\/www.visit-ulcinj.com\/blog\/wp-json\/wp\/v2\/posts\/97701\/revisions"}],"predecessor-version":[{"id":97704,"href":"https:\/\/www.visit-ulcinj.com\/blog\/wp-json\/wp\/v2\/posts\/97701\/revisions\/97704"}],"wp:attachment":[{"href":"https:\/\/www.visit-ulcinj.com\/blog\/wp-json\/wp\/v2\/media?parent=97701"}],"wp:term":[{"taxonomy":"category","embeddable":true,"href":"https:\/\/www.visit-ulcinj.com\/blog\/wp-json\/wp\/v2\/categories?post=97701"},{"taxonomy":"post_tag","embeddable":true,"href":"https:\/\/www.visit-ulcinj.com\/blog\/wp-json\/wp\/v2\/tags?post=97701"}],"curies":[{"name":"wp","href":"https:\/\/api.w.org\/{rel}","templated":true}]}}