{"id":97711,"date":"2016-06-19T15:19:04","date_gmt":"2016-06-19T14:19:04","guid":{"rendered":"http:\/\/www.visit-ulcinj.com\/blog\/?p=97711"},"modified":"2016-06-19T15:19:04","modified_gmt":"2016-06-19T14:19:04","slug":"ulqini-ne-prag-te-sezonit-turistik-duket-si-kantier-ndertimi","status":"publish","type":"post","link":"https:\/\/www.visit-ulcinj.com\/blog\/2016\/06\/19\/ulqini-ne-prag-te-sezonit-turistik-duket-si-kantier-ndertimi\/","title":{"rendered":"Ulqini n\u00eb prag t\u00eb sezonit turistik duket si kantier nd\u00ebrtimi"},"content":{"rendered":"<p><a href=\"http:\/\/www.visit-ulcinj.com\/blog\/wp-content\/uploads\/2016\/06\/Elektroprivreda-Elektroekonomia-Ulqini-n\u00eb-prag-t\u00eb-sezonit-turistik.jpg\"><img loading=\"lazy\" class=\"alignleft wp-image-97712\" src=\"http:\/\/www.visit-ulcinj.com\/blog\/wp-content\/uploads\/2016\/06\/Elektroprivreda-Elektroekonomia-Ulqini-n\u00eb-prag-t\u00eb-sezonit-turistik.jpg\" alt=\"Elektroprivreda-Elektroekonomia-Ulqini n\u00eb prag t\u00eb sezonit turistik\" width=\"508\" height=\"381\" srcset=\"https:\/\/www.visit-ulcinj.com\/blog\/wp-content\/uploads\/2016\/06\/Elektroprivreda-Elektroekonomia-Ulqini-n\u00eb-prag-t\u00eb-sezonit-turistik.jpg 960w, https:\/\/www.visit-ulcinj.com\/blog\/wp-content\/uploads\/2016\/06\/Elektroprivreda-Elektroekonomia-Ulqini-n\u00eb-prag-t\u00eb-sezonit-turistik-300x225.jpg 300w, https:\/\/www.visit-ulcinj.com\/blog\/wp-content\/uploads\/2016\/06\/Elektroprivreda-Elektroekonomia-Ulqini-n\u00eb-prag-t\u00eb-sezonit-turistik-768x576.jpg 768w\" sizes=\"(max-width: 508px) 100vw, 508px\" \/><\/a>Edhe pse sezoni turistik \u00ebsht\u00eb n\u00eb prag n\u00eb Ulqin k\u00ebto dit\u00eb po g\u00ebrmohen rrug\u00ebt n\u00eb qend\u00ebr t\u00eb qytetit, raporton portali Ul.info.<\/p>\n<p>Kjo ve\u00e7an\u00ebrisht sjell probleme n\u00eb l\u00ebvizjen e k\u00ebmb\u00ebsor\u00ebve dhe qarkullimin e automjeteve, por edhe me parking, problemin kronik t\u00eb Ulqinit.<\/p>\n<p>N\u00eb vendet n\u00eb Bregdet \u00ebsht\u00eb dh\u00ebn\u00eb urdhri p\u00ebr p\u00ebrfundim t\u00eb punimeve nd\u00ebrtimore, gjegj\u00ebsisht \u00ebsht\u00eb caktuar afati i ndalimit t\u00eb nd\u00ebrtimit i cili filloi me 15 qershor dhe vlen deri m\u00eb 15 shtator.<\/p>\n","protected":false},"excerpt":{"rendered":"<p>Edhe pse sezoni turistik \u00ebsht\u00eb n\u00eb prag n\u00eb Ulqin k\u00ebto dit\u00eb po g\u00ebrmohen rrug\u00ebt n\u00eb qend\u00ebr t\u00eb qytetit, raporton portali Ul.info. Kjo ve\u00e7an\u00ebrisht sjell probleme n\u00eb l\u00ebvizjen e k\u00ebmb\u00ebsor\u00ebve dhe qarkullimin e automjeteve, por edhe me parking, problemin kronik t\u00eb Ulqinit. N\u00eb vendet n\u00eb Bregdet \u00ebsht\u00eb dh\u00ebn\u00eb urdhri p\u00ebr p\u00ebrfundim t\u00eb punimeve nd\u00ebrtimore, gjegj\u00ebsisht \u00ebsht\u00eb [&hellip;]<\/p>\n","protected":false},"author":1,"featured_media":0,"comment_status":"closed","ping_status":"closed","sticky":false,"template":"","format":"standard","meta":{"spay_email":"","jetpack_publicize_message":"","jetpack_is_tweetstorm":false,"jetpack_publicize_feature_enabled":true},"categories":[6950],"tags":[],"jetpack_publicize_connections":[],"yoast_head":"<!-- This site is optimized with the Yoast SEO plugin v19.1 - https:\/\/yoast.com\/wordpress\/plugins\/seo\/ -->\n<title>Ulqini n\u00eb prag t\u00eb sezonit turistik duket si kantier nd\u00ebrtimi - Lajme nga Ulqini<\/title>\n<meta name=\"description\" content=\"Edhe pse sezoni turistik \u00ebsht\u00eb n\u00eb prag n\u00eb Ulqin k\u00ebto dit\u00eb po g\u00ebrmohen rrug\u00ebt n\u00eb qend\u00ebr t\u00eb qytetit, raporton portali Ul.info. Kjo ve\u00e7an\u00ebrisht sjell\" \/>\n<meta name=\"robots\" content=\"index, follow, max-snippet:-1, max-image-preview:large, max-video-preview:-1\" \/>\n<link rel=\"canonical\" href=\"https:\/\/www.visit-ulcinj.com\/blog\/2016\/06\/19\/ulqini-ne-prag-te-sezonit-turistik-duket-si-kantier-ndertimi\/\" \/>\n<meta property=\"og:locale\" content=\"en_US\" \/>\n<meta property=\"og:type\" content=\"article\" \/>\n<meta property=\"og:title\" content=\"Ulqini n\u00eb prag t\u00eb sezonit turistik duket si kantier nd\u00ebrtimi - Lajme nga Ulqini\" \/>\n<meta property=\"og:description\" content=\"Edhe pse sezoni turistik \u00ebsht\u00eb n\u00eb prag n\u00eb Ulqin k\u00ebto dit\u00eb po g\u00ebrmohen rrug\u00ebt n\u00eb qend\u00ebr t\u00eb qytetit, raporton portali Ul.info. Kjo ve\u00e7an\u00ebrisht sjell\" \/>\n<meta property=\"og:url\" content=\"https:\/\/www.visit-ulcinj.com\/blog\/2016\/06\/19\/ulqini-ne-prag-te-sezonit-turistik-duket-si-kantier-ndertimi\/\" \/>\n<meta property=\"og:site_name\" content=\"Lajme nga Ulqini\" \/>\n<meta property=\"article:published_time\" content=\"2016-06-19T14:19:04+00:00\" \/>\n<meta name=\"twitter:label1\" content=\"Written by\" \/>\n\t<meta name=\"twitter:data1\" content=\"ulqini\" \/>\n<script type=\"application\/ld+json\" class=\"yoast-schema-graph\">{\"@context\":\"https:\/\/schema.org\",\"@graph\":[{\"@type\":\"WebSite\",\"@id\":\"https:\/\/www.visit-ulcinj.com\/blog\/#website\",\"url\":\"https:\/\/www.visit-ulcinj.com\/blog\/\",\"name\":\"Lajme nga Ulqini\",\"description\":\"Lajme,Vijesti,Ulqini,Ulqin,Crna Gora,Mali i Zi\",\"potentialAction\":[{\"@type\":\"SearchAction\",\"target\":{\"@type\":\"EntryPoint\",\"urlTemplate\":\"https:\/\/www.visit-ulcinj.com\/blog\/?s={search_term_string}\"},\"query-input\":\"required name=search_term_string\"}],\"inLanguage\":\"en-US\"},{\"@type\":\"WebPage\",\"@id\":\"https:\/\/www.visit-ulcinj.com\/blog\/2016\/06\/19\/ulqini-ne-prag-te-sezonit-turistik-duket-si-kantier-ndertimi\/#webpage\",\"url\":\"https:\/\/www.visit-ulcinj.com\/blog\/2016\/06\/19\/ulqini-ne-prag-te-sezonit-turistik-duket-si-kantier-ndertimi\/\",\"name\":\"Ulqini n\u00eb prag t\u00eb sezonit turistik duket si kantier nd\u00ebrtimi - Lajme nga Ulqini\",\"isPartOf\":{\"@id\":\"https:\/\/www.visit-ulcinj.com\/blog\/#website\"},\"datePublished\":\"2016-06-19T14:19:04+00:00\",\"dateModified\":\"2016-06-19T14:19:04+00:00\",\"author\":{\"@id\":\"https:\/\/www.visit-ulcinj.com\/blog\/#\/schema\/person\/dcab619c614d3038751c63bc2aadc06d\"},\"description\":\"Edhe pse sezoni turistik \u00ebsht\u00eb n\u00eb prag n\u00eb Ulqin k\u00ebto dit\u00eb po g\u00ebrmohen rrug\u00ebt n\u00eb qend\u00ebr t\u00eb qytetit, raporton portali Ul.info. Kjo ve\u00e7an\u00ebrisht sjell\",\"breadcrumb\":{\"@id\":\"https:\/\/www.visit-ulcinj.com\/blog\/2016\/06\/19\/ulqini-ne-prag-te-sezonit-turistik-duket-si-kantier-ndertimi\/#breadcrumb\"},\"inLanguage\":\"en-US\",\"potentialAction\":[{\"@type\":\"ReadAction\",\"target\":[\"https:\/\/www.visit-ulcinj.com\/blog\/2016\/06\/19\/ulqini-ne-prag-te-sezonit-turistik-duket-si-kantier-ndertimi\/\"]}]},{\"@type\":\"BreadcrumbList\",\"@id\":\"https:\/\/www.visit-ulcinj.com\/blog\/2016\/06\/19\/ulqini-ne-prag-te-sezonit-turistik-duket-si-kantier-ndertimi\/#breadcrumb\",\"itemListElement\":[{\"@type\":\"ListItem\",\"position\":1,\"name\":\"Ulqini n\u00eb prag t\u00eb sezonit turistik duket si kantier nd\u00ebrtimi\"}]},{\"@type\":\"Person\",\"@id\":\"https:\/\/www.visit-ulcinj.com\/blog\/#\/schema\/person\/dcab619c614d3038751c63bc2aadc06d\",\"name\":\"ulqini\",\"sameAs\":[\"http:\/\/www.visit-ulcinj.com\"],\"url\":\"https:\/\/www.visit-ulcinj.com\/blog\/author\/admin\/\"}]}<\/script>\n<!-- \/ Yoast SEO plugin. -->","yoast_head_json":{"title":"Ulqini n\u00eb prag t\u00eb sezonit turistik duket si kantier nd\u00ebrtimi - Lajme nga Ulqini","description":"Edhe pse sezoni turistik \u00ebsht\u00eb n\u00eb prag n\u00eb Ulqin k\u00ebto dit\u00eb po g\u00ebrmohen rrug\u00ebt n\u00eb qend\u00ebr t\u00eb qytetit, raporton portali Ul.info. Kjo ve\u00e7an\u00ebrisht sjell","robots":{"index":"index","follow":"follow","max-snippet":"max-snippet:-1","max-image-preview":"max-image-preview:large","max-video-preview":"max-video-preview:-1"},"canonical":"https:\/\/www.visit-ulcinj.com\/blog\/2016\/06\/19\/ulqini-ne-prag-te-sezonit-turistik-duket-si-kantier-ndertimi\/","og_locale":"en_US","og_type":"article","og_title":"Ulqini n\u00eb prag t\u00eb sezonit turistik duket si kantier nd\u00ebrtimi - Lajme nga Ulqini","og_description":"Edhe pse sezoni turistik \u00ebsht\u00eb n\u00eb prag n\u00eb Ulqin k\u00ebto dit\u00eb po g\u00ebrmohen rrug\u00ebt n\u00eb qend\u00ebr t\u00eb qytetit, raporton portali Ul.info. Kjo ve\u00e7an\u00ebrisht sjell","og_url":"https:\/\/www.visit-ulcinj.com\/blog\/2016\/06\/19\/ulqini-ne-prag-te-sezonit-turistik-duket-si-kantier-ndertimi\/","og_site_name":"Lajme nga Ulqini","article_published_time":"2016-06-19T14:19:04+00:00","twitter_misc":{"Written by":"ulqini"},"schema":{"@context":"https:\/\/schema.org","@graph":[{"@type":"WebSite","@id":"https:\/\/www.visit-ulcinj.com\/blog\/#website","url":"https:\/\/www.visit-ulcinj.com\/blog\/","name":"Lajme nga Ulqini","description":"Lajme,Vijesti,Ulqini,Ulqin,Crna Gora,Mali i Zi","potentialAction":[{"@type":"SearchAction","target":{"@type":"EntryPoint","urlTemplate":"https:\/\/www.visit-ulcinj.com\/blog\/?s={search_term_string}"},"query-input":"required name=search_term_string"}],"inLanguage":"en-US"},{"@type":"WebPage","@id":"https:\/\/www.visit-ulcinj.com\/blog\/2016\/06\/19\/ulqini-ne-prag-te-sezonit-turistik-duket-si-kantier-ndertimi\/#webpage","url":"https:\/\/www.visit-ulcinj.com\/blog\/2016\/06\/19\/ulqini-ne-prag-te-sezonit-turistik-duket-si-kantier-ndertimi\/","name":"Ulqini n\u00eb prag t\u00eb sezonit turistik duket si kantier nd\u00ebrtimi - Lajme nga Ulqini","isPartOf":{"@id":"https:\/\/www.visit-ulcinj.com\/blog\/#website"},"datePublished":"2016-06-19T14:19:04+00:00","dateModified":"2016-06-19T14:19:04+00:00","author":{"@id":"https:\/\/www.visit-ulcinj.com\/blog\/#\/schema\/person\/dcab619c614d3038751c63bc2aadc06d"},"description":"Edhe pse sezoni turistik \u00ebsht\u00eb n\u00eb prag n\u00eb Ulqin k\u00ebto dit\u00eb po g\u00ebrmohen rrug\u00ebt n\u00eb qend\u00ebr t\u00eb qytetit, raporton portali Ul.info. Kjo ve\u00e7an\u00ebrisht sjell","breadcrumb":{"@id":"https:\/\/www.visit-ulcinj.com\/blog\/2016\/06\/19\/ulqini-ne-prag-te-sezonit-turistik-duket-si-kantier-ndertimi\/#breadcrumb"},"inLanguage":"en-US","potentialAction":[{"@type":"ReadAction","target":["https:\/\/www.visit-ulcinj.com\/blog\/2016\/06\/19\/ulqini-ne-prag-te-sezonit-turistik-duket-si-kantier-ndertimi\/"]}]},{"@type":"BreadcrumbList","@id":"https:\/\/www.visit-ulcinj.com\/blog\/2016\/06\/19\/ulqini-ne-prag-te-sezonit-turistik-duket-si-kantier-ndertimi\/#breadcrumb","itemListElement":[{"@type":"ListItem","position":1,"name":"Ulqini n\u00eb prag t\u00eb sezonit turistik duket si kantier nd\u00ebrtimi"}]},{"@type":"Person","@id":"https:\/\/www.visit-ulcinj.com\/blog\/#\/schema\/person\/dcab619c614d3038751c63bc2aadc06d","name":"ulqini","sameAs":["http:\/\/www.visit-ulcinj.com"],"url":"https:\/\/www.visit-ulcinj.com\/blog\/author\/admin\/"}]}},"jetpack_featured_media_url":"","jetpack_sharing_enabled":true,"jetpack_shortlink":"https:\/\/wp.me\/pe6lTn-ppZ","_links":{"self":[{"href":"https:\/\/www.visit-ulcinj.com\/blog\/wp-json\/wp\/v2\/posts\/97711"}],"collection":[{"href":"https:\/\/www.visit-ulcinj.com\/blog\/wp-json\/wp\/v2\/posts"}],"about":[{"href":"https:\/\/www.visit-ulcinj.com\/blog\/wp-json\/wp\/v2\/types\/post"}],"author":[{"embeddable":true,"href":"https:\/\/www.visit-ulcinj.com\/blog\/wp-json\/wp\/v2\/users\/1"}],"replies":[{"embeddable":true,"href":"https:\/\/www.visit-ulcinj.com\/blog\/wp-json\/wp\/v2\/comments?post=97711"}],"version-history":[{"count":1,"href":"https:\/\/www.visit-ulcinj.com\/blog\/wp-json\/wp\/v2\/posts\/97711\/revisions"}],"predecessor-version":[{"id":97713,"href":"https:\/\/www.visit-ulcinj.com\/blog\/wp-json\/wp\/v2\/posts\/97711\/revisions\/97713"}],"wp:attachment":[{"href":"https:\/\/www.visit-ulcinj.com\/blog\/wp-json\/wp\/v2\/media?parent=97711"}],"wp:term":[{"taxonomy":"category","embeddable":true,"href":"https:\/\/www.visit-ulcinj.com\/blog\/wp-json\/wp\/v2\/categories?post=97711"},{"taxonomy":"post_tag","embeddable":true,"href":"https:\/\/www.visit-ulcinj.com\/blog\/wp-json\/wp\/v2\/tags?post=97711"}],"curies":[{"name":"wp","href":"https:\/\/api.w.org\/{rel}","templated":true}]}}