{"id":97714,"date":"2016-06-19T15:31:32","date_gmt":"2016-06-19T14:31:32","guid":{"rendered":"http:\/\/www.visit-ulcinj.com\/blog\/?p=97714"},"modified":"2016-06-19T15:31:32","modified_gmt":"2016-06-19T14:31:32","slug":"na-adi-bojani-glumica-tamara-dragicevic-petar-bencina-vjencali-su-se-sinoc","status":"publish","type":"post","link":"https:\/\/www.visit-ulcinj.com\/blog\/2016\/06\/19\/na-adi-bojani-glumica-tamara-dragicevic-petar-bencina-vjencali-su-se-sinoc\/","title":{"rendered":"Na Adi Bojani glumica Tamara Dragi\u010devi\u0107 i Petar Ben\u010dina vjen\u010dali su se sino\u0107"},"content":{"rendered":"<p><strong>Uz zalazak sunca na Adi Bojani gluma\u010dki par rekao DA<\/strong><\/p>\n<p><a href=\"http:\/\/www.visit-ulcinj.com\/blog\/wp-content\/uploads\/2016\/06\/tamara-dragicevic-petar-bencina-foto-kurir-Ada-Bojana.jpg\"><img loading=\"lazy\" class=\"alignleft wp-image-97715\" src=\"http:\/\/www.visit-ulcinj.com\/blog\/wp-content\/uploads\/2016\/06\/tamara-dragicevic-petar-bencina-foto-kurir-Ada-Bojana.jpg\" alt=\"tamara-dragicevic-petar-bencina-foto-kurir-Ada-Bojana\" width=\"508\" height=\"746\" \/><\/a><\/p>\n<p><strong> Mlada glumica Tamara Dragi\u010devi\u0107 i njen izabranik Petar Ben\u010dina vjen\u010dali su se sino\u0107 u kasnim ve\u010dernjim satima na Adi Bojani u prisustvu porodice, prijatelja i kolega. <\/strong><\/p>\n<p>Lijepa glumica imala je \u017eelju da sudbonosno \u201eda\u201c svom izabraniku Petru Ben\u010dini, izgovori uz zalazak sunca, a par se potrudio da atmosfera na vjen\u010danju bude \u0161to romanti\u010dnija. Tako je mlada, na dio pla\u017ee na kojoj je odr\u017eana ceremonija, stigla \u010damcem, gdje ju je mlado\u017eenja \u010dekao sa gostima.<\/p>\n<p>Petru se posebno dopala njena \u017eelja da ven\u010danje ne bude klasi\u010dno i tradicionalno, ve\u0107 da od njega naprave pravu \u017eurku. Unajmili su di-d\u017eeja koji je pu\u0161tao strane hitove iz sedamdesetih i osamdesetih godina, a najve\u0107u podr\u0161ku pru\u017eile su im kolege glumci, me\u0111u kojima su bili Jelisaveta Ora\u0161anin, Milo\u0161 Bikovi\u0107, Mima Karad\u017ei\u0107 i mnogi drugi, pi\u0161e Blic.<\/p>\n<p><a href=\"http:\/\/www.visit-ulcinj.com\/blog\/wp-content\/uploads\/2016\/06\/Tamara-Dragicevic.jpg\"><img loading=\"lazy\" class=\"alignleft wp-image-97716\" src=\"http:\/\/www.visit-ulcinj.com\/blog\/wp-content\/uploads\/2016\/06\/Tamara-Dragicevic.jpg\" alt=\"Tamara Dragicevic\" width=\"508\" height=\"508\" \/><\/a><\/p>\n<p>\u201e\u010cin vjen\u010danja odr\u017eao se uz zalazak sunca, a Petar i Tamara nisu mogli da sakriju sre\u0107u, pa je Tamara \u010dak i zaplakala od sre\u0107e u jednom trenutku\u201c, otkriva izvor blizak gluma\u010dkom paru.<\/p>\n<p>Gluma\u010dki par definitivno \u0107e ovu godinu upamtiti samo po lijepim stvarima. Naime, planiraju\u0107i vjen\u010danje koje je bilo zakazano za jun, Tamaru i Petra iznenadila je sre\u0107na vijest da \u0107e postati roditelji.<\/p>\n<p>Njih dvoje nisu krili odu\u0161evljenje \u0161to \u0107e im se ostvariti jedna od najve\u0107ih \u017eelja, a vjen\u010danje je sada do\u0161lo samo kao kruna ljubavi i sre\u0107e.<\/p>\n<p>Poznati gluma\u010dki par zabavlja se nekoliko godina, a svoju ljubav su dugo skrivali od o\u010diju javnosti. I zajedni\u010dki \u017eivot su po\u010deli bez mnogo pompe. Va\u017ee za privr\u017een par.<\/p>\n<p><strong>Izvor: CDM<\/strong><\/p>\n","protected":false},"excerpt":{"rendered":"<p>Uz zalazak sunca na Adi Bojani gluma\u010dki par rekao DA Mlada glumica Tamara Dragi\u010devi\u0107 i njen izabranik Petar Ben\u010dina vjen\u010dali su se sino\u0107 u kasnim ve\u010dernjim satima na Adi Bojani u prisustvu porodice, prijatelja i kolega. Lijepa glumica imala je \u017eelju da sudbonosno \u201eda\u201c svom izabraniku Petru Ben\u010dini, izgovori uz zalazak sunca, a par se [&hellip;]<\/p>\n","protected":false},"author":1,"featured_media":0,"comment_status":"closed","ping_status":"closed","sticky":false,"template":"","format":"standard","meta":{"spay_email":"","jetpack_publicize_message":"","jetpack_is_tweetstorm":false,"jetpack_publicize_feature_enabled":true},"categories":[6950],"tags":[],"jetpack_publicize_connections":[],"yoast_head":"<!-- This site is optimized with the Yoast SEO plugin v19.1 - https:\/\/yoast.com\/wordpress\/plugins\/seo\/ -->\n<title>Na Adi Bojani glumica Tamara Dragi\u010devi\u0107 i Petar Ben\u010dina vjen\u010dali su se sino\u0107 - Lajme nga Ulqini<\/title>\n<meta name=\"description\" content=\"Uz zalazak sunca na Adi Bojani gluma\u010dki par rekao DA Mlada glumica Tamara Dragi\u010devi\u0107 i njen izabranik Petar Ben\u010dina vjen\u010dali su se sino\u0107 u kasnim\" \/>\n<meta name=\"robots\" content=\"index, follow, max-snippet:-1, max-image-preview:large, max-video-preview:-1\" \/>\n<link rel=\"canonical\" href=\"https:\/\/www.visit-ulcinj.com\/blog\/2016\/06\/19\/na-adi-bojani-glumica-tamara-dragicevic-petar-bencina-vjencali-su-se-sinoc\/\" \/>\n<meta property=\"og:locale\" content=\"en_US\" \/>\n<meta property=\"og:type\" content=\"article\" \/>\n<meta property=\"og:title\" content=\"Na Adi Bojani glumica Tamara Dragi\u010devi\u0107 i Petar Ben\u010dina vjen\u010dali su se sino\u0107 - Lajme nga Ulqini\" \/>\n<meta property=\"og:description\" content=\"Uz zalazak sunca na Adi Bojani gluma\u010dki par rekao DA Mlada glumica Tamara Dragi\u010devi\u0107 i njen izabranik Petar Ben\u010dina vjen\u010dali su se sino\u0107 u kasnim\" \/>\n<meta property=\"og:url\" content=\"https:\/\/www.visit-ulcinj.com\/blog\/2016\/06\/19\/na-adi-bojani-glumica-tamara-dragicevic-petar-bencina-vjencali-su-se-sinoc\/\" \/>\n<meta property=\"og:site_name\" content=\"Lajme nga Ulqini\" \/>\n<meta property=\"article:published_time\" content=\"2016-06-19T14:31:32+00:00\" \/>\n<meta property=\"og:image\" content=\"http:\/\/www.visit-ulcinj.com\/blog\/wp-content\/uploads\/2016\/06\/tamara-dragicevic-petar-bencina-foto-kurir-Ada-Bojana.jpg\" \/>\n<meta name=\"twitter:label1\" content=\"Written by\" \/>\n\t<meta name=\"twitter:data1\" content=\"ulqini\" \/>\n\t<meta name=\"twitter:label2\" content=\"Est. reading time\" \/>\n\t<meta name=\"twitter:data2\" content=\"1 minute\" \/>\n<script type=\"application\/ld+json\" class=\"yoast-schema-graph\">{\"@context\":\"https:\/\/schema.org\",\"@graph\":[{\"@type\":\"WebSite\",\"@id\":\"https:\/\/www.visit-ulcinj.com\/blog\/#website\",\"url\":\"https:\/\/www.visit-ulcinj.com\/blog\/\",\"name\":\"Lajme nga Ulqini\",\"description\":\"Lajme,Vijesti,Ulqini,Ulqin,Crna Gora,Mali i Zi\",\"potentialAction\":[{\"@type\":\"SearchAction\",\"target\":{\"@type\":\"EntryPoint\",\"urlTemplate\":\"https:\/\/www.visit-ulcinj.com\/blog\/?s={search_term_string}\"},\"query-input\":\"required name=search_term_string\"}],\"inLanguage\":\"en-US\"},{\"@type\":\"ImageObject\",\"inLanguage\":\"en-US\",\"@id\":\"https:\/\/www.visit-ulcinj.com\/blog\/2016\/06\/19\/na-adi-bojani-glumica-tamara-dragicevic-petar-bencina-vjencali-su-se-sinoc\/#primaryimage\",\"url\":\"http:\/\/www.visit-ulcinj.com\/blog\/wp-content\/uploads\/2016\/06\/tamara-dragicevic-petar-bencina-foto-kurir-Ada-Bojana.jpg\",\"contentUrl\":\"http:\/\/www.visit-ulcinj.com\/blog\/wp-content\/uploads\/2016\/06\/tamara-dragicevic-petar-bencina-foto-kurir-Ada-Bojana.jpg\"},{\"@type\":\"WebPage\",\"@id\":\"https:\/\/www.visit-ulcinj.com\/blog\/2016\/06\/19\/na-adi-bojani-glumica-tamara-dragicevic-petar-bencina-vjencali-su-se-sinoc\/#webpage\",\"url\":\"https:\/\/www.visit-ulcinj.com\/blog\/2016\/06\/19\/na-adi-bojani-glumica-tamara-dragicevic-petar-bencina-vjencali-su-se-sinoc\/\",\"name\":\"Na Adi Bojani glumica Tamara Dragi\u010devi\u0107 i Petar Ben\u010dina vjen\u010dali su se sino\u0107 - Lajme nga Ulqini\",\"isPartOf\":{\"@id\":\"https:\/\/www.visit-ulcinj.com\/blog\/#website\"},\"primaryImageOfPage\":{\"@id\":\"https:\/\/www.visit-ulcinj.com\/blog\/2016\/06\/19\/na-adi-bojani-glumica-tamara-dragicevic-petar-bencina-vjencali-su-se-sinoc\/#primaryimage\"},\"datePublished\":\"2016-06-19T14:31:32+00:00\",\"dateModified\":\"2016-06-19T14:31:32+00:00\",\"author\":{\"@id\":\"https:\/\/www.visit-ulcinj.com\/blog\/#\/schema\/person\/dcab619c614d3038751c63bc2aadc06d\"},\"description\":\"Uz zalazak sunca na Adi Bojani gluma\u010dki par rekao DA Mlada glumica Tamara Dragi\u010devi\u0107 i njen izabranik Petar Ben\u010dina vjen\u010dali su se sino\u0107 u kasnim\",\"breadcrumb\":{\"@id\":\"https:\/\/www.visit-ulcinj.com\/blog\/2016\/06\/19\/na-adi-bojani-glumica-tamara-dragicevic-petar-bencina-vjencali-su-se-sinoc\/#breadcrumb\"},\"inLanguage\":\"en-US\",\"potentialAction\":[{\"@type\":\"ReadAction\",\"target\":[\"https:\/\/www.visit-ulcinj.com\/blog\/2016\/06\/19\/na-adi-bojani-glumica-tamara-dragicevic-petar-bencina-vjencali-su-se-sinoc\/\"]}]},{\"@type\":\"BreadcrumbList\",\"@id\":\"https:\/\/www.visit-ulcinj.com\/blog\/2016\/06\/19\/na-adi-bojani-glumica-tamara-dragicevic-petar-bencina-vjencali-su-se-sinoc\/#breadcrumb\",\"itemListElement\":[{\"@type\":\"ListItem\",\"position\":1,\"name\":\"Na Adi Bojani glumica Tamara Dragi\u010devi\u0107 i Petar Ben\u010dina vjen\u010dali su se sino\u0107\"}]},{\"@type\":\"Person\",\"@id\":\"https:\/\/www.visit-ulcinj.com\/blog\/#\/schema\/person\/dcab619c614d3038751c63bc2aadc06d\",\"name\":\"ulqini\",\"sameAs\":[\"http:\/\/www.visit-ulcinj.com\"],\"url\":\"https:\/\/www.visit-ulcinj.com\/blog\/author\/admin\/\"}]}<\/script>\n<!-- \/ Yoast SEO plugin. -->","yoast_head_json":{"title":"Na Adi Bojani glumica Tamara Dragi\u010devi\u0107 i Petar Ben\u010dina vjen\u010dali su se sino\u0107 - Lajme nga Ulqini","description":"Uz zalazak sunca na Adi Bojani gluma\u010dki par rekao DA Mlada glumica Tamara Dragi\u010devi\u0107 i njen izabranik Petar Ben\u010dina vjen\u010dali su se sino\u0107 u kasnim","robots":{"index":"index","follow":"follow","max-snippet":"max-snippet:-1","max-image-preview":"max-image-preview:large","max-video-preview":"max-video-preview:-1"},"canonical":"https:\/\/www.visit-ulcinj.com\/blog\/2016\/06\/19\/na-adi-bojani-glumica-tamara-dragicevic-petar-bencina-vjencali-su-se-sinoc\/","og_locale":"en_US","og_type":"article","og_title":"Na Adi Bojani glumica Tamara Dragi\u010devi\u0107 i Petar Ben\u010dina vjen\u010dali su se sino\u0107 - Lajme nga Ulqini","og_description":"Uz zalazak sunca na Adi Bojani gluma\u010dki par rekao DA Mlada glumica Tamara Dragi\u010devi\u0107 i njen izabranik Petar Ben\u010dina vjen\u010dali su se sino\u0107 u kasnim","og_url":"https:\/\/www.visit-ulcinj.com\/blog\/2016\/06\/19\/na-adi-bojani-glumica-tamara-dragicevic-petar-bencina-vjencali-su-se-sinoc\/","og_site_name":"Lajme nga Ulqini","article_published_time":"2016-06-19T14:31:32+00:00","og_image":[{"url":"http:\/\/www.visit-ulcinj.com\/blog\/wp-content\/uploads\/2016\/06\/tamara-dragicevic-petar-bencina-foto-kurir-Ada-Bojana.jpg"}],"twitter_misc":{"Written by":"ulqini","Est. reading time":"1 minute"},"schema":{"@context":"https:\/\/schema.org","@graph":[{"@type":"WebSite","@id":"https:\/\/www.visit-ulcinj.com\/blog\/#website","url":"https:\/\/www.visit-ulcinj.com\/blog\/","name":"Lajme nga Ulqini","description":"Lajme,Vijesti,Ulqini,Ulqin,Crna Gora,Mali i Zi","potentialAction":[{"@type":"SearchAction","target":{"@type":"EntryPoint","urlTemplate":"https:\/\/www.visit-ulcinj.com\/blog\/?s={search_term_string}"},"query-input":"required name=search_term_string"}],"inLanguage":"en-US"},{"@type":"ImageObject","inLanguage":"en-US","@id":"https:\/\/www.visit-ulcinj.com\/blog\/2016\/06\/19\/na-adi-bojani-glumica-tamara-dragicevic-petar-bencina-vjencali-su-se-sinoc\/#primaryimage","url":"http:\/\/www.visit-ulcinj.com\/blog\/wp-content\/uploads\/2016\/06\/tamara-dragicevic-petar-bencina-foto-kurir-Ada-Bojana.jpg","contentUrl":"http:\/\/www.visit-ulcinj.com\/blog\/wp-content\/uploads\/2016\/06\/tamara-dragicevic-petar-bencina-foto-kurir-Ada-Bojana.jpg"},{"@type":"WebPage","@id":"https:\/\/www.visit-ulcinj.com\/blog\/2016\/06\/19\/na-adi-bojani-glumica-tamara-dragicevic-petar-bencina-vjencali-su-se-sinoc\/#webpage","url":"https:\/\/www.visit-ulcinj.com\/blog\/2016\/06\/19\/na-adi-bojani-glumica-tamara-dragicevic-petar-bencina-vjencali-su-se-sinoc\/","name":"Na Adi Bojani glumica Tamara Dragi\u010devi\u0107 i Petar Ben\u010dina vjen\u010dali su se sino\u0107 - Lajme nga Ulqini","isPartOf":{"@id":"https:\/\/www.visit-ulcinj.com\/blog\/#website"},"primaryImageOfPage":{"@id":"https:\/\/www.visit-ulcinj.com\/blog\/2016\/06\/19\/na-adi-bojani-glumica-tamara-dragicevic-petar-bencina-vjencali-su-se-sinoc\/#primaryimage"},"datePublished":"2016-06-19T14:31:32+00:00","dateModified":"2016-06-19T14:31:32+00:00","author":{"@id":"https:\/\/www.visit-ulcinj.com\/blog\/#\/schema\/person\/dcab619c614d3038751c63bc2aadc06d"},"description":"Uz zalazak sunca na Adi Bojani gluma\u010dki par rekao DA Mlada glumica Tamara Dragi\u010devi\u0107 i njen izabranik Petar Ben\u010dina vjen\u010dali su se sino\u0107 u kasnim","breadcrumb":{"@id":"https:\/\/www.visit-ulcinj.com\/blog\/2016\/06\/19\/na-adi-bojani-glumica-tamara-dragicevic-petar-bencina-vjencali-su-se-sinoc\/#breadcrumb"},"inLanguage":"en-US","potentialAction":[{"@type":"ReadAction","target":["https:\/\/www.visit-ulcinj.com\/blog\/2016\/06\/19\/na-adi-bojani-glumica-tamara-dragicevic-petar-bencina-vjencali-su-se-sinoc\/"]}]},{"@type":"BreadcrumbList","@id":"https:\/\/www.visit-ulcinj.com\/blog\/2016\/06\/19\/na-adi-bojani-glumica-tamara-dragicevic-petar-bencina-vjencali-su-se-sinoc\/#breadcrumb","itemListElement":[{"@type":"ListItem","position":1,"name":"Na Adi Bojani glumica Tamara Dragi\u010devi\u0107 i Petar Ben\u010dina vjen\u010dali su se sino\u0107"}]},{"@type":"Person","@id":"https:\/\/www.visit-ulcinj.com\/blog\/#\/schema\/person\/dcab619c614d3038751c63bc2aadc06d","name":"ulqini","sameAs":["http:\/\/www.visit-ulcinj.com"],"url":"https:\/\/www.visit-ulcinj.com\/blog\/author\/admin\/"}]}},"jetpack_featured_media_url":"","jetpack_sharing_enabled":true,"jetpack_shortlink":"https:\/\/wp.me\/pe6lTn-pq2","_links":{"self":[{"href":"https:\/\/www.visit-ulcinj.com\/blog\/wp-json\/wp\/v2\/posts\/97714"}],"collection":[{"href":"https:\/\/www.visit-ulcinj.com\/blog\/wp-json\/wp\/v2\/posts"}],"about":[{"href":"https:\/\/www.visit-ulcinj.com\/blog\/wp-json\/wp\/v2\/types\/post"}],"author":[{"embeddable":true,"href":"https:\/\/www.visit-ulcinj.com\/blog\/wp-json\/wp\/v2\/users\/1"}],"replies":[{"embeddable":true,"href":"https:\/\/www.visit-ulcinj.com\/blog\/wp-json\/wp\/v2\/comments?post=97714"}],"version-history":[{"count":1,"href":"https:\/\/www.visit-ulcinj.com\/blog\/wp-json\/wp\/v2\/posts\/97714\/revisions"}],"predecessor-version":[{"id":97717,"href":"https:\/\/www.visit-ulcinj.com\/blog\/wp-json\/wp\/v2\/posts\/97714\/revisions\/97717"}],"wp:attachment":[{"href":"https:\/\/www.visit-ulcinj.com\/blog\/wp-json\/wp\/v2\/media?parent=97714"}],"wp:term":[{"taxonomy":"category","embeddable":true,"href":"https:\/\/www.visit-ulcinj.com\/blog\/wp-json\/wp\/v2\/categories?post=97714"},{"taxonomy":"post_tag","embeddable":true,"href":"https:\/\/www.visit-ulcinj.com\/blog\/wp-json\/wp\/v2\/tags?post=97714"}],"curies":[{"name":"wp","href":"https:\/\/api.w.org\/{rel}","templated":true}]}}