{"id":9772,"date":"2009-01-25T20:55:05","date_gmt":"2009-01-25T19:55:05","guid":{"rendered":"http:\/\/www.visit-ulcinj.com\/blog\/?p=9772"},"modified":"2009-01-27T05:49:18","modified_gmt":"2009-01-27T04:49:18","slug":"planet-e-yllka-gashi-it-mbas-muajit-te-mjaltit","status":"publish","type":"post","link":"https:\/\/www.visit-ulcinj.com\/blog\/2009\/01\/25\/planet-e-yllka-gashi-it-mbas-muajit-te-mjaltit\/","title":{"rendered":"Yllka Gashi mbas muajit t\u00eb mjaltit dhe planet e mija"},"content":{"rendered":"<p><a rel=\"attachment wp-att-9854\" href=\"http:\/\/www.visit-ulcinj.com\/blog\/2009\/01\/25\/planet-e-yllka-gashi-it-mbas-muajit-te-mjaltit\/yllka-gashi-_familja-moderne\/\"><img loading=\"lazy\" class=\"alignleft size-full wp-image-9854\" title=\"yllka-gashi-_familja-moderne\" src=\"http:\/\/www.visit-ulcinj.com\/blog\/wp-content\/uploads\/2009\/01\/yllka-gashi-_familja-moderne.jpg\" alt=\"yllka-gashi-_familja-moderne\" width=\"637\" height=\"419\" \/><\/a>Yllka Gashi \u00ebsht\u00eb nj\u00eb aktore e talentuar, q\u00eb me role t\u00eb ndryshme ka z\u00ebn\u00eb vendin e merituar n\u00eb plejad\u00ebn e artist\u00ebve shqiptar\u00eb. Edhe pse e diplomuar n\u00eb vitin 2004, ajo \u00ebsht\u00eb n\u00eb sken\u00eb q\u00eb nga mosha 17-vje\u00e7are dhe prej at\u00ebher\u00eb asaj nuk i kan\u00eb munguar ofertat e ndryshme p\u00ebr angazhime n\u00eb planin e aktrimit.<br \/>\nYllka Gashi, n\u00eb festivalin e akademive bot\u00ebrore \u201cSetkani-Encounter\u201d n\u00eb B\u00ebrno t\u00eb \u00c7ekis\u00eb, mori shp\u00ebrblimin \u201cMarta 2004\u201d p\u00ebr aktoren m\u00eb t\u00eb mir\u00eb me rolin e vajz\u00ebs n\u00eb tragjedin\u00eb \u201cBabai\u201d t\u00eb autores Zana Hoxha. Ajo njihet edhe si zjarri i familjes moderne. Nj\u00ebra nd\u00ebr aktoret m\u00eb t\u00eb bukura shqiptare, ju flet m\u00eb posht\u00eb por n\u00eb cil\u00ebsin\u00eb e nj\u00eb zonje sht\u00ebpie, pasi statusi i saj tashm\u00eb \u00ebsht\u00eb nd\u00ebrruar.<\/p>\n<p><strong>E bukur, sharmante dhe tep\u00ebr e k\u00ebndshme p\u00ebr ekran, si i arrini gjith\u00eb k\u00ebto Yllka?<\/strong><\/p>\n<p>Faleminderit p\u00ebr komplimentet s\u00eb pari! T\u00eb gjitha k\u00ebto m\u00eb duken si veti t\u00eb lindura, q\u00eb ke nuk ke nevoj\u00eb t\u00eb investosh n\u00eb to.<\/p>\n<p><strong>Ngjan n\u00eb karakter Yllka me Zan\u00ebn? Ekrani dhe prapaskena jan\u00eb gati nj\u00ebsoj?<\/strong><\/p>\n<p>Jo, aspak. Yllka dhe Zana jan\u00eb krejt\u00ebsisht t\u00eb ndryshme. K\u00ebt\u00eb e kam th\u00ebn\u00eb shpeshher\u00eb dhe m\u00eb duket e panevojshme t\u00eb p\u00ebrs\u00ebrit\u00ebm. Megjithat\u00eb, pos faktit q\u00eb un\u00eb e luaj k\u00ebt\u00eb personazh, asgj\u00eb tjet\u00ebr nuk kemi t\u00eb p\u00ebrbashk\u00ebt.<\/p>\n<p><strong>Ju pengon kur njer\u00ebzit n\u00eb rrug\u00eb u th\u00ebrrasin Zana?<\/strong><\/p>\n<p>Jo&#8230; P\u00ebrkundrazi kjo p\u00ebr mua \u00ebsht\u00eb b\u00ebr\u00eb pjes\u00eb e p\u00ebrditshm\u00ebris\u00eb.<\/p>\n<p><strong>Cilat jan\u00eb aktivitetet, n\u00eb t\u00eb cilat jeni e angazhuar?<\/strong><\/p>\n<p>Vazhdoj provat dhe xhirimet e sezonit t\u00eb 7-t\u00eb t\u00eb serialit \u201cFamilja Moderne\u201d. Po ashtu, jam e angazhuar n\u00eb dy shfaqje t\u00eb ndryshme, nj\u00ebra n\u00eb Teatrin Komb\u00ebtar n\u00eb Prishtin\u00eb,<br \/>\nkomedia \u201cDejzilend\u201d e autorit Christopher Durang n\u00eb regji t\u00eb Agon Myftarit dhe tjetra \u201cVdekja dhe vasha\u201d e Ariel Dorfman n\u00eb regji t\u00eb Fatos Berish\u00ebs.<\/p>\n<p>Je shum\u00eb e suksesshme dhe nj\u00ebra nd\u00ebr aktoret m\u00eb t\u00eb p\u00eblqyera p\u00ebr momentin n\u00eb Kosov\u00eb, do ve\u00e7oje ndonj\u00eb gj\u00eb q\u00eb ndoshta publiku akoma nuk e di?<\/p>\n<p>\u00cb\u00eb\u00eb\u00eb\u00eb\u2026\u2026. Di t\u00eb ngas makin\u00ebn, por nuk kam ende vetur\u00ebn time\u2026. Hahaha!<\/p>\n<p><strong>Normalisht \u00e7do her\u00eb n\u00eb ekran i kushtoni r\u00ebnd\u00ebsi t\u00eb koh\u00eb shpenzoni jasht\u00eb ekranit p\u00ebr dukjen tuaj?<\/strong><\/p>\n<p>Jo shum\u00eb. R\u00ebnd\u00ebsi t\u00eb ve\u00e7ant\u00eb i kushtoj higjien\u00ebs personale. Jam tip shum\u00eb pedant, mir\u00ebpo nuk kam shum\u00eb koh\u00eb p\u00ebr t\u00eb ndenjur gjat\u00eb para pasqyr\u00ebs. Fal\u00eb Zotit, k\u00ebt\u00eb t\u00eb fundit sa her\u00eb e shikoj ndjehem mir\u00eb. Hahaha!<\/p>\n<p><strong>Si arrini t\u00eb jeni n\u00eb top form\u00eb, me an\u00eb t\u00eb dietave, vizitoni fitnesin ndonj\u00ebher\u00eb?<\/strong><\/p>\n<p>Nuk jam gjithmon\u00eb n\u00eb top form\u00eb, sidoqoft\u00eb faleminderit p\u00ebr komplimentin. Jam tip q\u00eb e dua ushqimin dhe shum\u00ebllojshm\u00ebrin\u00eb e tij, por ndonj\u00ebher\u00eb kur e kaloj kufirin mbaj edhe diet\u00eb p\u00ebr ta \u201cpastruar\u201d organizmin. Nd\u00ebrsa p\u00ebr fitnesin nuk kam koh\u00eb, sepse orari im ditor gjithmon\u00eb \u00ebsht\u00eb shum\u00eb i ngjeshur me aktivitete.<\/p>\n<p><strong>Mund t\u00eb themi q\u00eb je e lindur p\u00ebr aktore, po p\u00ebr ty \u00e7far\u00eb r\u00ebnd\u00ebsie ka aktrimi n\u00eb jet\u00ebn t\u00ebnde?<\/strong><\/p>\n<p>\u00cbsht\u00eb profesioni im! \u00cbsht\u00eb ajo prej s\u00eb cil\u00ebs un\u00eb jetoj, k\u00ebshtu q\u00eb ka r\u00ebnd\u00ebsi shum\u00eb t\u00eb madhe dhe t\u00eb ve\u00e7ant\u00eb. Nuk mund ta paramendoj veten ndryshe pos si aktore!<\/p>\n<p><strong>Pasi q\u00eb tashm\u00eb keni filluar jet\u00ebn tuaj bashk\u00ebshortore, konkretisht cili do t\u00eb jet\u00eb profesioni juaj me t\u00eb cilin do t\u00eb merreni n\u00eb t\u00eb ardhmen?<\/strong><\/p>\n<p>Do vazhdoj t\u00eb merrem me t\u00eb nj\u00ebjtin profesion q\u00eb jam marr\u00eb deri tash. Do t\u00eb jem aktore.<\/p>\n<p><strong>P\u00ebrve\u00e7 serialit \u201cFamilja moderne\u201d, keni ndonj\u00eb ofert\u00eb t\u00eb re?<\/strong><\/p>\n<p>Po. Bile momentalisht kam aq shum\u00eb oferta, sa q\u00eb m\u00eb duhet shpesh t\u00eb refuzoj e t\u00eb zgjedh midis mund\u00ebsive dhe disa prej tyre m\u00eb duhet t\u2019i kthej mbrapsht\u2026<\/p>\n<p><strong>Nga fotot e publikuara n\u00eb internet dukeni nj\u00eb nuse shum\u00eb e bukur, dhe nj\u00eb \u00e7ift shum\u00eb i k\u00ebndsh\u00ebm, si e kaluat muajin e mjaltit?<\/strong><\/p>\n<p>P\u00ebr k\u00ebt\u00eb pyetje m\u00eb duhet ta them nj\u00eb varg t\u00eb Frank Sinatr\u00ebs: \u201cI want to be a part of it-New York, New York!\u201d. Fantazi\u2026 Ky muaj p\u00ebr ne ishte sikur emri i tij\u2026 krejt MJALT\u00cb!!!<\/p>\n<p><strong>Edhe pse ka pak koh\u00eb q\u00eb jeni martuar, si kalon tash nj\u00eb dit\u00eb e Yllk\u00ebs, dallon nga dit\u00ebt e beqaris\u00eb?<\/strong><\/p>\n<p>Jo, shum\u00eb. Pos faktit, q\u00eb qysh se jam kthyer nga muaji i mjaltit, t\u00eb cilin e kaluam n\u00eb Nju Jork, jam shum\u00eb m\u00eb e z\u00ebn\u00eb me obligime profesionale.<\/p>\n<p><strong> Panorama Plus<\/strong><\/p>\n<p><strong><br \/>\n<\/strong><\/p>\n","protected":false},"excerpt":{"rendered":"<p>Yllka Gashi \u00ebsht\u00eb nj\u00eb aktore e talentuar, q\u00eb me role t\u00eb ndryshme ka z\u00ebn\u00eb vendin e merituar n\u00eb plejad\u00ebn e artist\u00ebve shqiptar\u00eb. Edhe pse e diplomuar n\u00eb vitin 2004, ajo \u00ebsht\u00eb n\u00eb sken\u00eb q\u00eb nga mosha 17-vje\u00e7are dhe prej at\u00ebher\u00eb asaj nuk i kan\u00eb munguar ofertat e ndryshme p\u00ebr angazhime n\u00eb planin e aktrimit. Yllka [&hellip;]<\/p>\n","protected":false},"author":1,"featured_media":0,"comment_status":"open","ping_status":"closed","sticky":false,"template":"","format":"standard","meta":{"spay_email":"","jetpack_publicize_message":"","jetpack_is_tweetstorm":false,"jetpack_publicize_feature_enabled":true},"categories":[1],"tags":[5251,4927],"jetpack_publicize_connections":[],"yoast_head":"<!-- This site is optimized with the Yoast SEO plugin v19.1 - https:\/\/yoast.com\/wordpress\/plugins\/seo\/ -->\n<title>Yllka Gashi mbas muajit t\u00eb mjaltit dhe planet e mija - Lajme nga Ulqini<\/title>\n<meta name=\"description\" content=\"Yllka Gashi \u00ebsht\u00eb nj\u00eb aktore e talentuar, q\u00eb me role t\u00eb ndryshme ka z\u00ebn\u00eb vendin e merituar n\u00eb plejad\u00ebn e artist\u00ebve shqiptar\u00eb. Edhe pse e diplomuar n\u00eb\" \/>\n<meta name=\"robots\" content=\"index, follow, max-snippet:-1, max-image-preview:large, max-video-preview:-1\" \/>\n<link rel=\"canonical\" href=\"https:\/\/www.visit-ulcinj.com\/blog\/2009\/01\/25\/planet-e-yllka-gashi-it-mbas-muajit-te-mjaltit\/\" \/>\n<meta property=\"og:locale\" content=\"en_US\" \/>\n<meta property=\"og:type\" content=\"article\" \/>\n<meta property=\"og:title\" content=\"Yllka Gashi mbas muajit t\u00eb mjaltit dhe planet e mija - Lajme nga Ulqini\" \/>\n<meta property=\"og:description\" content=\"Yllka Gashi \u00ebsht\u00eb nj\u00eb aktore e talentuar, q\u00eb me role t\u00eb ndryshme ka z\u00ebn\u00eb vendin e merituar n\u00eb plejad\u00ebn e artist\u00ebve shqiptar\u00eb. Edhe pse e diplomuar n\u00eb\" \/>\n<meta property=\"og:url\" content=\"https:\/\/www.visit-ulcinj.com\/blog\/2009\/01\/25\/planet-e-yllka-gashi-it-mbas-muajit-te-mjaltit\/\" \/>\n<meta property=\"og:site_name\" content=\"Lajme nga Ulqini\" \/>\n<meta property=\"article:published_time\" content=\"2009-01-25T19:55:05+00:00\" \/>\n<meta property=\"article:modified_time\" content=\"2009-01-27T04:49:18+00:00\" \/>\n<meta property=\"og:image\" content=\"https:\/\/www.visit-ulcinj.com\/blog\/wp-content\/uploads\/2009\/01\/yllka-gashi1-150x150.jpg\" \/>\n<meta name=\"twitter:label1\" content=\"Written by\" \/>\n\t<meta name=\"twitter:data1\" content=\"ulqini\" \/>\n\t<meta name=\"twitter:label2\" content=\"Est. reading time\" \/>\n\t<meta name=\"twitter:data2\" content=\"4 minutes\" \/>\n<script type=\"application\/ld+json\" class=\"yoast-schema-graph\">{\"@context\":\"https:\/\/schema.org\",\"@graph\":[{\"@type\":\"WebSite\",\"@id\":\"https:\/\/www.visit-ulcinj.com\/blog\/#website\",\"url\":\"https:\/\/www.visit-ulcinj.com\/blog\/\",\"name\":\"Lajme nga Ulqini\",\"description\":\"Lajme,Vijesti,Ulqini,Ulqin,Crna Gora,Mali i Zi\",\"potentialAction\":[{\"@type\":\"SearchAction\",\"target\":{\"@type\":\"EntryPoint\",\"urlTemplate\":\"https:\/\/www.visit-ulcinj.com\/blog\/?s={search_term_string}\"},\"query-input\":\"required name=search_term_string\"}],\"inLanguage\":\"en-US\"},{\"@type\":\"ImageObject\",\"inLanguage\":\"en-US\",\"@id\":\"https:\/\/www.visit-ulcinj.com\/blog\/2009\/01\/25\/planet-e-yllka-gashi-it-mbas-muajit-te-mjaltit\/#primaryimage\",\"url\":\"http:\/\/www.visit-ulcinj.com\/blog\/wp-content\/uploads\/2009\/01\/yllka-gashi-_familja-moderne.jpg\",\"contentUrl\":\"http:\/\/www.visit-ulcinj.com\/blog\/wp-content\/uploads\/2009\/01\/yllka-gashi-_familja-moderne.jpg\"},{\"@type\":\"WebPage\",\"@id\":\"https:\/\/www.visit-ulcinj.com\/blog\/2009\/01\/25\/planet-e-yllka-gashi-it-mbas-muajit-te-mjaltit\/#webpage\",\"url\":\"https:\/\/www.visit-ulcinj.com\/blog\/2009\/01\/25\/planet-e-yllka-gashi-it-mbas-muajit-te-mjaltit\/\",\"name\":\"Yllka Gashi mbas muajit t\u00eb mjaltit dhe planet e mija - Lajme nga Ulqini\",\"isPartOf\":{\"@id\":\"https:\/\/www.visit-ulcinj.com\/blog\/#website\"},\"primaryImageOfPage\":{\"@id\":\"https:\/\/www.visit-ulcinj.com\/blog\/2009\/01\/25\/planet-e-yllka-gashi-it-mbas-muajit-te-mjaltit\/#primaryimage\"},\"datePublished\":\"2009-01-25T19:55:05+00:00\",\"dateModified\":\"2009-01-27T04:49:18+00:00\",\"author\":{\"@id\":\"https:\/\/www.visit-ulcinj.com\/blog\/#\/schema\/person\/dcab619c614d3038751c63bc2aadc06d\"},\"description\":\"Yllka Gashi \u00ebsht\u00eb nj\u00eb aktore e talentuar, q\u00eb me role t\u00eb ndryshme ka z\u00ebn\u00eb vendin e merituar n\u00eb plejad\u00ebn e artist\u00ebve shqiptar\u00eb. Edhe pse e diplomuar n\u00eb\",\"breadcrumb\":{\"@id\":\"https:\/\/www.visit-ulcinj.com\/blog\/2009\/01\/25\/planet-e-yllka-gashi-it-mbas-muajit-te-mjaltit\/#breadcrumb\"},\"inLanguage\":\"en-US\",\"potentialAction\":[{\"@type\":\"ReadAction\",\"target\":[\"https:\/\/www.visit-ulcinj.com\/blog\/2009\/01\/25\/planet-e-yllka-gashi-it-mbas-muajit-te-mjaltit\/\"]}]},{\"@type\":\"BreadcrumbList\",\"@id\":\"https:\/\/www.visit-ulcinj.com\/blog\/2009\/01\/25\/planet-e-yllka-gashi-it-mbas-muajit-te-mjaltit\/#breadcrumb\",\"itemListElement\":[{\"@type\":\"ListItem\",\"position\":1,\"name\":\"Yllka Gashi mbas muajit t\u00eb mjaltit dhe planet e mija\"}]},{\"@type\":\"Person\",\"@id\":\"https:\/\/www.visit-ulcinj.com\/blog\/#\/schema\/person\/dcab619c614d3038751c63bc2aadc06d\",\"name\":\"ulqini\",\"sameAs\":[\"http:\/\/www.visit-ulcinj.com\"],\"url\":\"https:\/\/www.visit-ulcinj.com\/blog\/author\/admin\/\"}]}<\/script>\n<!-- \/ Yoast SEO plugin. -->","yoast_head_json":{"title":"Yllka Gashi mbas muajit t\u00eb mjaltit dhe planet e mija - Lajme nga Ulqini","description":"Yllka Gashi \u00ebsht\u00eb nj\u00eb aktore e talentuar, q\u00eb me role t\u00eb ndryshme ka z\u00ebn\u00eb vendin e merituar n\u00eb plejad\u00ebn e artist\u00ebve shqiptar\u00eb. Edhe pse e diplomuar n\u00eb","robots":{"index":"index","follow":"follow","max-snippet":"max-snippet:-1","max-image-preview":"max-image-preview:large","max-video-preview":"max-video-preview:-1"},"canonical":"https:\/\/www.visit-ulcinj.com\/blog\/2009\/01\/25\/planet-e-yllka-gashi-it-mbas-muajit-te-mjaltit\/","og_locale":"en_US","og_type":"article","og_title":"Yllka Gashi mbas muajit t\u00eb mjaltit dhe planet e mija - Lajme nga Ulqini","og_description":"Yllka Gashi \u00ebsht\u00eb nj\u00eb aktore e talentuar, q\u00eb me role t\u00eb ndryshme ka z\u00ebn\u00eb vendin e merituar n\u00eb plejad\u00ebn e artist\u00ebve shqiptar\u00eb. Edhe pse e diplomuar n\u00eb","og_url":"https:\/\/www.visit-ulcinj.com\/blog\/2009\/01\/25\/planet-e-yllka-gashi-it-mbas-muajit-te-mjaltit\/","og_site_name":"Lajme nga Ulqini","article_published_time":"2009-01-25T19:55:05+00:00","article_modified_time":"2009-01-27T04:49:18+00:00","og_image":[{"url":"https:\/\/www.visit-ulcinj.com\/blog\/wp-content\/uploads\/2009\/01\/yllka-gashi1-150x150.jpg"}],"twitter_misc":{"Written by":"ulqini","Est. reading time":"4 minutes"},"schema":{"@context":"https:\/\/schema.org","@graph":[{"@type":"WebSite","@id":"https:\/\/www.visit-ulcinj.com\/blog\/#website","url":"https:\/\/www.visit-ulcinj.com\/blog\/","name":"Lajme nga Ulqini","description":"Lajme,Vijesti,Ulqini,Ulqin,Crna Gora,Mali i Zi","potentialAction":[{"@type":"SearchAction","target":{"@type":"EntryPoint","urlTemplate":"https:\/\/www.visit-ulcinj.com\/blog\/?s={search_term_string}"},"query-input":"required name=search_term_string"}],"inLanguage":"en-US"},{"@type":"ImageObject","inLanguage":"en-US","@id":"https:\/\/www.visit-ulcinj.com\/blog\/2009\/01\/25\/planet-e-yllka-gashi-it-mbas-muajit-te-mjaltit\/#primaryimage","url":"http:\/\/www.visit-ulcinj.com\/blog\/wp-content\/uploads\/2009\/01\/yllka-gashi-_familja-moderne.jpg","contentUrl":"http:\/\/www.visit-ulcinj.com\/blog\/wp-content\/uploads\/2009\/01\/yllka-gashi-_familja-moderne.jpg"},{"@type":"WebPage","@id":"https:\/\/www.visit-ulcinj.com\/blog\/2009\/01\/25\/planet-e-yllka-gashi-it-mbas-muajit-te-mjaltit\/#webpage","url":"https:\/\/www.visit-ulcinj.com\/blog\/2009\/01\/25\/planet-e-yllka-gashi-it-mbas-muajit-te-mjaltit\/","name":"Yllka Gashi mbas muajit t\u00eb mjaltit dhe planet e mija - Lajme nga Ulqini","isPartOf":{"@id":"https:\/\/www.visit-ulcinj.com\/blog\/#website"},"primaryImageOfPage":{"@id":"https:\/\/www.visit-ulcinj.com\/blog\/2009\/01\/25\/planet-e-yllka-gashi-it-mbas-muajit-te-mjaltit\/#primaryimage"},"datePublished":"2009-01-25T19:55:05+00:00","dateModified":"2009-01-27T04:49:18+00:00","author":{"@id":"https:\/\/www.visit-ulcinj.com\/blog\/#\/schema\/person\/dcab619c614d3038751c63bc2aadc06d"},"description":"Yllka Gashi \u00ebsht\u00eb nj\u00eb aktore e talentuar, q\u00eb me role t\u00eb ndryshme ka z\u00ebn\u00eb vendin e merituar n\u00eb plejad\u00ebn e artist\u00ebve shqiptar\u00eb. Edhe pse e diplomuar n\u00eb","breadcrumb":{"@id":"https:\/\/www.visit-ulcinj.com\/blog\/2009\/01\/25\/planet-e-yllka-gashi-it-mbas-muajit-te-mjaltit\/#breadcrumb"},"inLanguage":"en-US","potentialAction":[{"@type":"ReadAction","target":["https:\/\/www.visit-ulcinj.com\/blog\/2009\/01\/25\/planet-e-yllka-gashi-it-mbas-muajit-te-mjaltit\/"]}]},{"@type":"BreadcrumbList","@id":"https:\/\/www.visit-ulcinj.com\/blog\/2009\/01\/25\/planet-e-yllka-gashi-it-mbas-muajit-te-mjaltit\/#breadcrumb","itemListElement":[{"@type":"ListItem","position":1,"name":"Yllka Gashi mbas muajit t\u00eb mjaltit dhe planet e mija"}]},{"@type":"Person","@id":"https:\/\/www.visit-ulcinj.com\/blog\/#\/schema\/person\/dcab619c614d3038751c63bc2aadc06d","name":"ulqini","sameAs":["http:\/\/www.visit-ulcinj.com"],"url":"https:\/\/www.visit-ulcinj.com\/blog\/author\/admin\/"}]}},"jetpack_featured_media_url":"","jetpack_sharing_enabled":true,"jetpack_shortlink":"https:\/\/wp.me\/pe6lTn-2xC","_links":{"self":[{"href":"https:\/\/www.visit-ulcinj.com\/blog\/wp-json\/wp\/v2\/posts\/9772"}],"collection":[{"href":"https:\/\/www.visit-ulcinj.com\/blog\/wp-json\/wp\/v2\/posts"}],"about":[{"href":"https:\/\/www.visit-ulcinj.com\/blog\/wp-json\/wp\/v2\/types\/post"}],"author":[{"embeddable":true,"href":"https:\/\/www.visit-ulcinj.com\/blog\/wp-json\/wp\/v2\/users\/1"}],"replies":[{"embeddable":true,"href":"https:\/\/www.visit-ulcinj.com\/blog\/wp-json\/wp\/v2\/comments?post=9772"}],"version-history":[{"count":0,"href":"https:\/\/www.visit-ulcinj.com\/blog\/wp-json\/wp\/v2\/posts\/9772\/revisions"}],"wp:attachment":[{"href":"https:\/\/www.visit-ulcinj.com\/blog\/wp-json\/wp\/v2\/media?parent=9772"}],"wp:term":[{"taxonomy":"category","embeddable":true,"href":"https:\/\/www.visit-ulcinj.com\/blog\/wp-json\/wp\/v2\/categories?post=9772"},{"taxonomy":"post_tag","embeddable":true,"href":"https:\/\/www.visit-ulcinj.com\/blog\/wp-json\/wp\/v2\/tags?post=9772"}],"curies":[{"name":"wp","href":"https:\/\/api.w.org\/{rel}","templated":true}]}}