{"id":97722,"date":"2016-06-20T13:10:43","date_gmt":"2016-06-20T12:10:43","guid":{"rendered":"http:\/\/www.visit-ulcinj.com\/blog\/?p=97722"},"modified":"2016-06-20T17:33:49","modified_gmt":"2016-06-20T16:33:49","slug":"ne-paraden-shqiptare-ne-new-york-edhe-ulqinaket","status":"publish","type":"post","link":"https:\/\/www.visit-ulcinj.com\/blog\/2016\/06\/20\/ne-paraden-shqiptare-ne-new-york-edhe-ulqinaket\/","title":{"rendered":"N\u00eb parad\u00ebn shqiptare n\u00eb New York edhe ulqinak\u00ebt"},"content":{"rendered":"<p><a href=\"http:\/\/www.visit-ulcinj.com\/blog\/wp-content\/uploads\/2016\/06\/N\u00cb-PARAD\u00cbN-SHQIPTARE.jpg\"><img loading=\"lazy\" class=\"alignleft wp-image-97723\" src=\"http:\/\/www.visit-ulcinj.com\/blog\/wp-content\/uploads\/2016\/06\/N\u00cb-PARAD\u00cbN-SHQIPTARE.jpg\" alt=\"N\u00cb PARAD\u00cbN SHQIPTARE\" width=\"508\" height=\"278\" \/><\/a>\u201cAlbanian Roots-Rr\u00ebnj\u00ebt Shqiptare\u201d po mbajn\u00eb n\u00eb SHBA parad\u00ebn vjetore tradicionale ku shpalosin n\u00eb qend\u00ebr t\u00eb Manhatanit, simbolet, veshjet, e traditat shqiptare, raporton portali Ul.info.<\/p>\n<p>K\u00ebt\u00eb vit parada i kushtohet \u00a0N\u00ebn\u00eb Terez\u00ebs, e cila me 4 shtator shpallet e shenjt\u00eb, nd\u00ebrkoh\u00eb q\u00eb \u00a0Senatori Marty Golden e shpalli 4 shtatorin n\u00eb Nju Jork \u2018Dita e N\u00ebn\u00eb Terez\u00ebs\u201d.<\/p>\n<p>N\u00eb k\u00ebt\u00eb Parad\u00eb marrin pjes\u00eb shum\u00eb shoqata shqiptare dhe grupe shqiptare nga t\u00eb gjitha trojet, p\u00ebrfshir\u00eb edhe ato nga Ulqini, Kanadaja etj.<\/p>\n<p>Organizator\u00ebt e shohin k\u00ebt\u00eb ngjarje si nj\u00eb mund\u00ebsi p\u00ebr t\u00eb shpalosur imazhin e Shqip\u00ebris\u00eb. N\u00eb festime jan\u00eb ftuar personalitete t\u00eb r\u00ebnd\u00ebsishme shqiptare, t\u00eb cil\u00ebt mund t\u00eb ndikojn\u00eb n\u00eb p\u00ebrmir\u00ebsimin e reputacionit komb\u00ebtar dhe \u00e7\u00ebshtje t\u00eb ndjeshme si \u00e7\u00ebshtja \u00e7ame.<\/p>\n<p><a href=\"http:\/\/www.visit-ulcinj.com\/blog\/wp-content\/uploads\/2016\/06\/N\u00cb-PARAD\u00cbN-SHQIPTARE-1.jpg\"><img loading=\"lazy\" class=\"alignleft wp-image-97724\" src=\"http:\/\/www.visit-ulcinj.com\/blog\/wp-content\/uploads\/2016\/06\/N\u00cb-PARAD\u00cbN-SHQIPTARE-1.jpg\" alt=\"N\u00cb PARAD\u00cbN SHQIPTARE-1\" width=\"508\" height=\"388\" \/><\/a><\/p>\n","protected":false},"excerpt":{"rendered":"<p>\u201cAlbanian Roots-Rr\u00ebnj\u00ebt Shqiptare\u201d po mbajn\u00eb n\u00eb SHBA parad\u00ebn vjetore tradicionale ku shpalosin n\u00eb qend\u00ebr t\u00eb Manhatanit, simbolet, veshjet, e traditat shqiptare, raporton portali Ul.info. K\u00ebt\u00eb vit parada i kushtohet \u00a0N\u00ebn\u00eb Terez\u00ebs, e cila me 4 shtator shpallet e shenjt\u00eb, nd\u00ebrkoh\u00eb q\u00eb \u00a0Senatori Marty Golden e shpalli 4 shtatorin n\u00eb Nju Jork \u2018Dita e N\u00ebn\u00eb Terez\u00ebs\u201d. [&hellip;]<\/p>\n","protected":false},"author":1,"featured_media":0,"comment_status":"closed","ping_status":"closed","sticky":false,"template":"","format":"standard","meta":{"spay_email":"","jetpack_publicize_message":"","jetpack_is_tweetstorm":false,"jetpack_publicize_feature_enabled":true},"categories":[7,1],"tags":[],"jetpack_publicize_connections":[],"yoast_head":"<!-- This site is optimized with the Yoast SEO plugin v19.1 - https:\/\/yoast.com\/wordpress\/plugins\/seo\/ -->\n<title>N\u00eb parad\u00ebn shqiptare n\u00eb New York edhe ulqinak\u00ebt - Lajme nga Ulqini<\/title>\n<meta name=\"description\" content=\"\u201cAlbanian Roots-Rr\u00ebnj\u00ebt Shqiptare\u201d po mbajn\u00eb n\u00eb SHBA parad\u00ebn vjetore tradicionale ku shpalosin n\u00eb qend\u00ebr t\u00eb Manhatanit, simbolet, veshjet, e traditat\" \/>\n<meta name=\"robots\" content=\"index, follow, max-snippet:-1, max-image-preview:large, max-video-preview:-1\" \/>\n<link rel=\"canonical\" href=\"https:\/\/www.visit-ulcinj.com\/blog\/2016\/06\/20\/ne-paraden-shqiptare-ne-new-york-edhe-ulqinaket\/\" \/>\n<meta property=\"og:locale\" content=\"en_US\" \/>\n<meta property=\"og:type\" content=\"article\" \/>\n<meta property=\"og:title\" content=\"N\u00eb parad\u00ebn shqiptare n\u00eb New York edhe ulqinak\u00ebt - Lajme nga Ulqini\" \/>\n<meta property=\"og:description\" content=\"\u201cAlbanian Roots-Rr\u00ebnj\u00ebt Shqiptare\u201d po mbajn\u00eb n\u00eb SHBA parad\u00ebn vjetore tradicionale ku shpalosin n\u00eb qend\u00ebr t\u00eb Manhatanit, simbolet, veshjet, e traditat\" \/>\n<meta property=\"og:url\" content=\"https:\/\/www.visit-ulcinj.com\/blog\/2016\/06\/20\/ne-paraden-shqiptare-ne-new-york-edhe-ulqinaket\/\" \/>\n<meta property=\"og:site_name\" content=\"Lajme nga Ulqini\" \/>\n<meta property=\"article:published_time\" content=\"2016-06-20T12:10:43+00:00\" \/>\n<meta property=\"article:modified_time\" content=\"2016-06-20T16:33:49+00:00\" \/>\n<meta name=\"twitter:label1\" content=\"Written by\" \/>\n\t<meta name=\"twitter:data1\" content=\"ulqini\" \/>\n\t<meta name=\"twitter:label2\" content=\"Est. reading time\" \/>\n\t<meta name=\"twitter:data2\" content=\"1 minute\" \/>\n<script type=\"application\/ld+json\" class=\"yoast-schema-graph\">{\"@context\":\"https:\/\/schema.org\",\"@graph\":[{\"@type\":\"WebSite\",\"@id\":\"https:\/\/www.visit-ulcinj.com\/blog\/#website\",\"url\":\"https:\/\/www.visit-ulcinj.com\/blog\/\",\"name\":\"Lajme nga Ulqini\",\"description\":\"Lajme,Vijesti,Ulqini,Ulqin,Crna Gora,Mali i Zi\",\"potentialAction\":[{\"@type\":\"SearchAction\",\"target\":{\"@type\":\"EntryPoint\",\"urlTemplate\":\"https:\/\/www.visit-ulcinj.com\/blog\/?s={search_term_string}\"},\"query-input\":\"required name=search_term_string\"}],\"inLanguage\":\"en-US\"},{\"@type\":\"WebPage\",\"@id\":\"https:\/\/www.visit-ulcinj.com\/blog\/2016\/06\/20\/ne-paraden-shqiptare-ne-new-york-edhe-ulqinaket\/#webpage\",\"url\":\"https:\/\/www.visit-ulcinj.com\/blog\/2016\/06\/20\/ne-paraden-shqiptare-ne-new-york-edhe-ulqinaket\/\",\"name\":\"N\u00eb parad\u00ebn shqiptare n\u00eb New York edhe ulqinak\u00ebt - Lajme nga Ulqini\",\"isPartOf\":{\"@id\":\"https:\/\/www.visit-ulcinj.com\/blog\/#website\"},\"datePublished\":\"2016-06-20T12:10:43+00:00\",\"dateModified\":\"2016-06-20T16:33:49+00:00\",\"author\":{\"@id\":\"https:\/\/www.visit-ulcinj.com\/blog\/#\/schema\/person\/dcab619c614d3038751c63bc2aadc06d\"},\"description\":\"\u201cAlbanian Roots-Rr\u00ebnj\u00ebt Shqiptare\u201d po mbajn\u00eb n\u00eb SHBA parad\u00ebn vjetore tradicionale ku shpalosin n\u00eb qend\u00ebr t\u00eb Manhatanit, simbolet, veshjet, e traditat\",\"breadcrumb\":{\"@id\":\"https:\/\/www.visit-ulcinj.com\/blog\/2016\/06\/20\/ne-paraden-shqiptare-ne-new-york-edhe-ulqinaket\/#breadcrumb\"},\"inLanguage\":\"en-US\",\"potentialAction\":[{\"@type\":\"ReadAction\",\"target\":[\"https:\/\/www.visit-ulcinj.com\/blog\/2016\/06\/20\/ne-paraden-shqiptare-ne-new-york-edhe-ulqinaket\/\"]}]},{\"@type\":\"BreadcrumbList\",\"@id\":\"https:\/\/www.visit-ulcinj.com\/blog\/2016\/06\/20\/ne-paraden-shqiptare-ne-new-york-edhe-ulqinaket\/#breadcrumb\",\"itemListElement\":[{\"@type\":\"ListItem\",\"position\":1,\"name\":\"N\u00eb parad\u00ebn shqiptare n\u00eb New York edhe ulqinak\u00ebt\"}]},{\"@type\":\"Person\",\"@id\":\"https:\/\/www.visit-ulcinj.com\/blog\/#\/schema\/person\/dcab619c614d3038751c63bc2aadc06d\",\"name\":\"ulqini\",\"sameAs\":[\"http:\/\/www.visit-ulcinj.com\"],\"url\":\"https:\/\/www.visit-ulcinj.com\/blog\/author\/admin\/\"}]}<\/script>\n<!-- \/ Yoast SEO plugin. -->","yoast_head_json":{"title":"N\u00eb parad\u00ebn shqiptare n\u00eb New York edhe ulqinak\u00ebt - Lajme nga Ulqini","description":"\u201cAlbanian Roots-Rr\u00ebnj\u00ebt Shqiptare\u201d po mbajn\u00eb n\u00eb SHBA parad\u00ebn vjetore tradicionale ku shpalosin n\u00eb qend\u00ebr t\u00eb Manhatanit, simbolet, veshjet, e traditat","robots":{"index":"index","follow":"follow","max-snippet":"max-snippet:-1","max-image-preview":"max-image-preview:large","max-video-preview":"max-video-preview:-1"},"canonical":"https:\/\/www.visit-ulcinj.com\/blog\/2016\/06\/20\/ne-paraden-shqiptare-ne-new-york-edhe-ulqinaket\/","og_locale":"en_US","og_type":"article","og_title":"N\u00eb parad\u00ebn shqiptare n\u00eb New York edhe ulqinak\u00ebt - Lajme nga Ulqini","og_description":"\u201cAlbanian Roots-Rr\u00ebnj\u00ebt Shqiptare\u201d po mbajn\u00eb n\u00eb SHBA parad\u00ebn vjetore tradicionale ku shpalosin n\u00eb qend\u00ebr t\u00eb Manhatanit, simbolet, veshjet, e traditat","og_url":"https:\/\/www.visit-ulcinj.com\/blog\/2016\/06\/20\/ne-paraden-shqiptare-ne-new-york-edhe-ulqinaket\/","og_site_name":"Lajme nga Ulqini","article_published_time":"2016-06-20T12:10:43+00:00","article_modified_time":"2016-06-20T16:33:49+00:00","twitter_misc":{"Written by":"ulqini","Est. reading time":"1 minute"},"schema":{"@context":"https:\/\/schema.org","@graph":[{"@type":"WebSite","@id":"https:\/\/www.visit-ulcinj.com\/blog\/#website","url":"https:\/\/www.visit-ulcinj.com\/blog\/","name":"Lajme nga Ulqini","description":"Lajme,Vijesti,Ulqini,Ulqin,Crna Gora,Mali i Zi","potentialAction":[{"@type":"SearchAction","target":{"@type":"EntryPoint","urlTemplate":"https:\/\/www.visit-ulcinj.com\/blog\/?s={search_term_string}"},"query-input":"required name=search_term_string"}],"inLanguage":"en-US"},{"@type":"WebPage","@id":"https:\/\/www.visit-ulcinj.com\/blog\/2016\/06\/20\/ne-paraden-shqiptare-ne-new-york-edhe-ulqinaket\/#webpage","url":"https:\/\/www.visit-ulcinj.com\/blog\/2016\/06\/20\/ne-paraden-shqiptare-ne-new-york-edhe-ulqinaket\/","name":"N\u00eb parad\u00ebn shqiptare n\u00eb New York edhe ulqinak\u00ebt - Lajme nga Ulqini","isPartOf":{"@id":"https:\/\/www.visit-ulcinj.com\/blog\/#website"},"datePublished":"2016-06-20T12:10:43+00:00","dateModified":"2016-06-20T16:33:49+00:00","author":{"@id":"https:\/\/www.visit-ulcinj.com\/blog\/#\/schema\/person\/dcab619c614d3038751c63bc2aadc06d"},"description":"\u201cAlbanian Roots-Rr\u00ebnj\u00ebt Shqiptare\u201d po mbajn\u00eb n\u00eb SHBA parad\u00ebn vjetore tradicionale ku shpalosin n\u00eb qend\u00ebr t\u00eb Manhatanit, simbolet, veshjet, e traditat","breadcrumb":{"@id":"https:\/\/www.visit-ulcinj.com\/blog\/2016\/06\/20\/ne-paraden-shqiptare-ne-new-york-edhe-ulqinaket\/#breadcrumb"},"inLanguage":"en-US","potentialAction":[{"@type":"ReadAction","target":["https:\/\/www.visit-ulcinj.com\/blog\/2016\/06\/20\/ne-paraden-shqiptare-ne-new-york-edhe-ulqinaket\/"]}]},{"@type":"BreadcrumbList","@id":"https:\/\/www.visit-ulcinj.com\/blog\/2016\/06\/20\/ne-paraden-shqiptare-ne-new-york-edhe-ulqinaket\/#breadcrumb","itemListElement":[{"@type":"ListItem","position":1,"name":"N\u00eb parad\u00ebn shqiptare n\u00eb New York edhe ulqinak\u00ebt"}]},{"@type":"Person","@id":"https:\/\/www.visit-ulcinj.com\/blog\/#\/schema\/person\/dcab619c614d3038751c63bc2aadc06d","name":"ulqini","sameAs":["http:\/\/www.visit-ulcinj.com"],"url":"https:\/\/www.visit-ulcinj.com\/blog\/author\/admin\/"}]}},"jetpack_featured_media_url":"","jetpack_sharing_enabled":true,"jetpack_shortlink":"https:\/\/wp.me\/pe6lTn-pqa","_links":{"self":[{"href":"https:\/\/www.visit-ulcinj.com\/blog\/wp-json\/wp\/v2\/posts\/97722"}],"collection":[{"href":"https:\/\/www.visit-ulcinj.com\/blog\/wp-json\/wp\/v2\/posts"}],"about":[{"href":"https:\/\/www.visit-ulcinj.com\/blog\/wp-json\/wp\/v2\/types\/post"}],"author":[{"embeddable":true,"href":"https:\/\/www.visit-ulcinj.com\/blog\/wp-json\/wp\/v2\/users\/1"}],"replies":[{"embeddable":true,"href":"https:\/\/www.visit-ulcinj.com\/blog\/wp-json\/wp\/v2\/comments?post=97722"}],"version-history":[{"count":1,"href":"https:\/\/www.visit-ulcinj.com\/blog\/wp-json\/wp\/v2\/posts\/97722\/revisions"}],"predecessor-version":[{"id":97725,"href":"https:\/\/www.visit-ulcinj.com\/blog\/wp-json\/wp\/v2\/posts\/97722\/revisions\/97725"}],"wp:attachment":[{"href":"https:\/\/www.visit-ulcinj.com\/blog\/wp-json\/wp\/v2\/media?parent=97722"}],"wp:term":[{"taxonomy":"category","embeddable":true,"href":"https:\/\/www.visit-ulcinj.com\/blog\/wp-json\/wp\/v2\/categories?post=97722"},{"taxonomy":"post_tag","embeddable":true,"href":"https:\/\/www.visit-ulcinj.com\/blog\/wp-json\/wp\/v2\/tags?post=97722"}],"curies":[{"name":"wp","href":"https:\/\/api.w.org\/{rel}","templated":true}]}}