{"id":97747,"date":"2016-06-20T18:06:46","date_gmt":"2016-06-20T17:06:46","guid":{"rendered":"http:\/\/www.visit-ulcinj.com\/blog\/?p=97747"},"modified":"2016-06-20T18:09:11","modified_gmt":"2016-06-20T17:09:11","slug":"masakra-e-kanalit-te-bratices-dhe-pergjegjesia-e-komunes-se-ulqinit-video","status":"publish","type":"post","link":"https:\/\/www.visit-ulcinj.com\/blog\/2016\/06\/20\/masakra-e-kanalit-te-bratices-dhe-pergjegjesia-e-komunes-se-ulqinit-video\/","title":{"rendered":"Masakra e kanalit t\u00eb Bratic\u00ebs dhe Pergjegjesia e komun\u00ebs s\u00eb Ulqinit &#8211; Video"},"content":{"rendered":"<p><strong><a href=\"http:\/\/www.visit-ulcinj.com\/blog\/wp-content\/uploads\/2016\/06\/Ardijan-Mavriq-Kanali-Bratic\u00ebs-Ulqin.jpg\"><img loading=\"lazy\" class=\"alignleft wp-image-97748\" src=\"http:\/\/www.visit-ulcinj.com\/blog\/wp-content\/uploads\/2016\/06\/Ardijan-Mavriq-Kanali-Bratic\u00ebs-Ulqin.jpg\" alt=\"Ardijan Mavriq-Kanali-Bratic\u00ebs-Ulqin\" width=\"508\" height=\"286\" srcset=\"https:\/\/www.visit-ulcinj.com\/blog\/wp-content\/uploads\/2016\/06\/Ardijan-Mavriq-Kanali-Bratic\u00ebs-Ulqin.jpg 849w, https:\/\/www.visit-ulcinj.com\/blog\/wp-content\/uploads\/2016\/06\/Ardijan-Mavriq-Kanali-Bratic\u00ebs-Ulqin-300x169.jpg 300w, https:\/\/www.visit-ulcinj.com\/blog\/wp-content\/uploads\/2016\/06\/Ardijan-Mavriq-Kanali-Bratic\u00ebs-Ulqin-768x432.jpg 768w\" sizes=\"(max-width: 508px) 100vw, 508px\" \/><\/a>Ardijan Mavriq- Duhen masa konkrete dhe plan i posacem per permbytje<br \/>\n<\/strong><br \/>\n<strong>N\u00eb videon e Tv Teut\u00ebs shprehet <\/strong><strong>Ardijan Mavriq ku thot\u00eb q\u00eb <\/strong><strong>problem i madh \u00ebsht\u00eb dhe kanali i Bratic\u00ebs n\u00eb t\u00eb cilin vite me radh\u00eb derdhet kanalizimi dhe uj\u00ebrat e zeza, e i cili derdhet n\u00eb Port Milen\u00eb. P\u00ebr k\u00ebt\u00eb arsye kjo duhet t\u00eb zgjidhet sa m\u00eb shpejt. Duhet t\u00eb nisim me rregullimin e shtratit n\u00eb kanal, nd\u00ebrsa kanalizimin ta ky\u00e7im n\u00eb at\u00eb t\u00eb qytetit. N\u00eb k\u00ebt\u00eb m\u00ebnyr\u00eb do t\u00eb zgjidhej dhe problemi i er\u00ebs s\u00eb pak\u00ebndshme e cila \u00ebsht\u00eb sidomos e theksuar n\u00eb muajt veror.<\/strong><\/p>\n<p>Inertet e hedhura nd\u00ebr vite n\u00eb shtratin e kanalit t\u00eb Bratic\u00ebs kan\u00eb b\u00ebr\u00eb q\u00eb rrjedha e tij\u00eb t\u00eb marr\u00eb drejtime t\u00eb ndryshme.Kanali q\u00eb p\u00ebrshkon periferin\u00eb e qytetit t\u00eb Ulqinit rrezikon qindra sht\u00ebpi dhe disa hekter tok\u00eb gjat p\u00ebrmbytjeve.<br \/>\nBanor\u00ebt e zones pran kanalit t\u00eb Bratic\u00ebs kan\u00eb nisur t\u00eb rrethojn\u00eb me gur\u00eb n\u00eb form\u00eb parcelash zon\u00ebn ku jan\u00eb hedhur inertet p\u00ebr ta shitur si tok\u00eb trualli p\u00ebr nd\u00ebrtime, apo p\u00ebr t\u00eb ndrequr taraca p\u00ebr turista.<br \/>\nSipas banor\u00ebve, vet\u00ebm n\u00eb dhjet\u00eb vitet e fundit, p\u00ebr shkak t\u00eb rrjedh\u00ebs s\u00eb kanalit,prej fshatit Bratic\u00eb deri n\u00eb fundin e rjedh\u00ebs s\u00eb saj n\u00eb Port Milen\u00eb jan\u00eb marr\u00eb kat\u00ebr hektar\u00eb tok\u00eb. Ata thon\u00eb se jan\u00eb rreth 200 banor\u00eb q\u00eb rrezikojn\u00eb p\u00ebrmbytjen n\u00ebse nuk nd\u00ebrtohet argjinatura mbrojt\u00ebse n\u00eb gjtha an\u00ebt e kanalit Bratica.<br \/>\nBanor\u00ebt e shqetsuar shprehen qe prej shum\u00eb vitesh,persona t\u00eb ndrysh\u00ebm t\u00eb pashqet\u00ebsuar nga askush,hedhin \u00a0mbetje inertesh n\u00eb shtratin e kanalit Bratic\u00eb. Kjo ka b\u00ebr\u00eb q\u00eb k\u00ebtu t\u00eb krijohet nj\u00eb sip\u00ebrfaqe prej m\u00eb shum\u00eb se nj\u00eb mij\u00eb metra kub materiale mbi shtratin e kanalit. P\u00ebr pasoj\u00eb, kanali gjat\u00eb p\u00ebrmbytjeve n\u00eb Ulqin shpesh ka ndryshuar rrjedh\u00ebn natyrale t\u00eb tij n\u00eb drejtim t\u00eb sht\u00ebpive q\u00eb gjenden gjat kanalit.<\/p>\n<p>Banor\u00ebt e k\u00ebtyre zonave k\u00ebrkojn\u00eb nga qeveria vendore q\u00eb t\u00eb marrin masa,dhe gjithashtu k\u00ebrkohet nga ana e inspektoratit t\u00eb mjedisit q\u00eb t\u00eb marr\u00eb masa q\u00eb t\u00eb mos lejojn\u00eb q\u00eb t\u00eb hidhen m\u00eb inerte n\u00eb kanalet e p\u00ebrmendura,si dhe t\u00eb ndalohet devastimi i kanalit e sidomos n\u00eb periudh\u00ebn e tanishme ku ka reshje t\u00eb shumta shiu.Kanali i Bratic\u00ebs njihet si nj\u00eb kanal tep\u00ebr i rreziksh\u00ebm p\u00ebr shkak t\u00eb prurjeve t\u00eb shumta dhe rrjedh\u00ebs s\u00eb rr\u00ebmbyeshme. Kjo e b\u00ebn akoma m\u00eb k\u00ebrc\u00ebnuese situat\u00ebn e banor\u00ebve t\u00eb k\u00ebsaj zone,ku p\u00ebrmbytjet jan t\u00eb pa evitueshme p\u00ebr \u00e7do vit\u00eb.<\/p>\n<p><iframe loading=\"lazy\" frameborder=\"0\" width=\"508\" height=\"330\" src=\"\/\/www.dailymotion.com\/embed\/video\/x4go87j?autoPlay=1\" allowfullscreen><\/iframe><\/p>\n","protected":false},"excerpt":{"rendered":"<p>Ardijan Mavriq- Duhen masa konkrete dhe plan i posacem per permbytje N\u00eb videon e Tv Teut\u00ebs shprehet Ardijan Mavriq ku thot\u00eb q\u00eb problem i madh \u00ebsht\u00eb dhe kanali i Bratic\u00ebs n\u00eb t\u00eb cilin vite me radh\u00eb derdhet kanalizimi dhe uj\u00ebrat e zeza, e i cili derdhet n\u00eb Port Milen\u00eb. P\u00ebr k\u00ebt\u00eb arsye kjo duhet t\u00eb [&hellip;]<\/p>\n","protected":false},"author":1,"featured_media":0,"comment_status":"closed","ping_status":"closed","sticky":false,"template":"","format":"standard","meta":{"spay_email":"","jetpack_publicize_message":"","jetpack_is_tweetstorm":false,"jetpack_publicize_feature_enabled":true},"categories":[14249],"tags":[],"jetpack_publicize_connections":[],"yoast_head":"<!-- This site is optimized with the Yoast SEO plugin v19.1 - https:\/\/yoast.com\/wordpress\/plugins\/seo\/ -->\n<title>Masakra e kanalit t\u00eb Bratic\u00ebs dhe Pergjegjesia e komun\u00ebs s\u00eb Ulqinit - Video - Lajme nga Ulqini<\/title>\n<meta name=\"description\" content=\"Ardijan Mavriq- Duhen masa konkrete dhe plan i posacem per permbytje N\u00eb videon e Tv Teut\u00ebs shprehet Ardijan Mavriq ku thot\u00eb q\u00eb problem i madh \u00ebsht\u00eb dhe\" \/>\n<meta name=\"robots\" content=\"index, follow, max-snippet:-1, max-image-preview:large, max-video-preview:-1\" \/>\n<link rel=\"canonical\" href=\"https:\/\/www.visit-ulcinj.com\/blog\/2016\/06\/20\/masakra-e-kanalit-te-bratices-dhe-pergjegjesia-e-komunes-se-ulqinit-video\/\" \/>\n<meta property=\"og:locale\" content=\"en_US\" \/>\n<meta property=\"og:type\" content=\"article\" \/>\n<meta property=\"og:title\" content=\"Masakra e kanalit t\u00eb Bratic\u00ebs dhe Pergjegjesia e komun\u00ebs s\u00eb Ulqinit - Video - Lajme nga Ulqini\" \/>\n<meta property=\"og:description\" content=\"Ardijan Mavriq- Duhen masa konkrete dhe plan i posacem per permbytje N\u00eb videon e Tv Teut\u00ebs shprehet Ardijan Mavriq ku thot\u00eb q\u00eb problem i madh \u00ebsht\u00eb dhe\" \/>\n<meta property=\"og:url\" content=\"https:\/\/www.visit-ulcinj.com\/blog\/2016\/06\/20\/masakra-e-kanalit-te-bratices-dhe-pergjegjesia-e-komunes-se-ulqinit-video\/\" \/>\n<meta property=\"og:site_name\" content=\"Lajme nga Ulqini\" \/>\n<meta property=\"article:published_time\" content=\"2016-06-20T17:06:46+00:00\" \/>\n<meta property=\"article:modified_time\" content=\"2016-06-20T17:09:11+00:00\" \/>\n<meta name=\"twitter:label1\" content=\"Written by\" \/>\n\t<meta name=\"twitter:data1\" content=\"ulqini\" \/>\n\t<meta name=\"twitter:label2\" content=\"Est. reading time\" \/>\n\t<meta name=\"twitter:data2\" content=\"2 minutes\" \/>\n<script type=\"application\/ld+json\" class=\"yoast-schema-graph\">{\"@context\":\"https:\/\/schema.org\",\"@graph\":[{\"@type\":\"WebSite\",\"@id\":\"https:\/\/www.visit-ulcinj.com\/blog\/#website\",\"url\":\"https:\/\/www.visit-ulcinj.com\/blog\/\",\"name\":\"Lajme nga Ulqini\",\"description\":\"Lajme,Vijesti,Ulqini,Ulqin,Crna Gora,Mali i Zi\",\"potentialAction\":[{\"@type\":\"SearchAction\",\"target\":{\"@type\":\"EntryPoint\",\"urlTemplate\":\"https:\/\/www.visit-ulcinj.com\/blog\/?s={search_term_string}\"},\"query-input\":\"required name=search_term_string\"}],\"inLanguage\":\"en-US\"},{\"@type\":\"WebPage\",\"@id\":\"https:\/\/www.visit-ulcinj.com\/blog\/2016\/06\/20\/masakra-e-kanalit-te-bratices-dhe-pergjegjesia-e-komunes-se-ulqinit-video\/#webpage\",\"url\":\"https:\/\/www.visit-ulcinj.com\/blog\/2016\/06\/20\/masakra-e-kanalit-te-bratices-dhe-pergjegjesia-e-komunes-se-ulqinit-video\/\",\"name\":\"Masakra e kanalit t\u00eb Bratic\u00ebs dhe Pergjegjesia e komun\u00ebs s\u00eb Ulqinit - Video - Lajme nga Ulqini\",\"isPartOf\":{\"@id\":\"https:\/\/www.visit-ulcinj.com\/blog\/#website\"},\"datePublished\":\"2016-06-20T17:06:46+00:00\",\"dateModified\":\"2016-06-20T17:09:11+00:00\",\"author\":{\"@id\":\"https:\/\/www.visit-ulcinj.com\/blog\/#\/schema\/person\/dcab619c614d3038751c63bc2aadc06d\"},\"description\":\"Ardijan Mavriq- Duhen masa konkrete dhe plan i posacem per permbytje N\u00eb videon e Tv Teut\u00ebs shprehet Ardijan Mavriq ku thot\u00eb q\u00eb problem i madh \u00ebsht\u00eb dhe\",\"breadcrumb\":{\"@id\":\"https:\/\/www.visit-ulcinj.com\/blog\/2016\/06\/20\/masakra-e-kanalit-te-bratices-dhe-pergjegjesia-e-komunes-se-ulqinit-video\/#breadcrumb\"},\"inLanguage\":\"en-US\",\"potentialAction\":[{\"@type\":\"ReadAction\",\"target\":[\"https:\/\/www.visit-ulcinj.com\/blog\/2016\/06\/20\/masakra-e-kanalit-te-bratices-dhe-pergjegjesia-e-komunes-se-ulqinit-video\/\"]}]},{\"@type\":\"BreadcrumbList\",\"@id\":\"https:\/\/www.visit-ulcinj.com\/blog\/2016\/06\/20\/masakra-e-kanalit-te-bratices-dhe-pergjegjesia-e-komunes-se-ulqinit-video\/#breadcrumb\",\"itemListElement\":[{\"@type\":\"ListItem\",\"position\":1,\"name\":\"Masakra e kanalit t\u00eb Bratic\u00ebs dhe Pergjegjesia e komun\u00ebs s\u00eb Ulqinit &#8211; Video\"}]},{\"@type\":\"Person\",\"@id\":\"https:\/\/www.visit-ulcinj.com\/blog\/#\/schema\/person\/dcab619c614d3038751c63bc2aadc06d\",\"name\":\"ulqini\",\"sameAs\":[\"http:\/\/www.visit-ulcinj.com\"],\"url\":\"https:\/\/www.visit-ulcinj.com\/blog\/author\/admin\/\"}]}<\/script>\n<!-- \/ Yoast SEO plugin. -->","yoast_head_json":{"title":"Masakra e kanalit t\u00eb Bratic\u00ebs dhe Pergjegjesia e komun\u00ebs s\u00eb Ulqinit - Video - Lajme nga Ulqini","description":"Ardijan Mavriq- Duhen masa konkrete dhe plan i posacem per permbytje N\u00eb videon e Tv Teut\u00ebs shprehet Ardijan Mavriq ku thot\u00eb q\u00eb problem i madh \u00ebsht\u00eb dhe","robots":{"index":"index","follow":"follow","max-snippet":"max-snippet:-1","max-image-preview":"max-image-preview:large","max-video-preview":"max-video-preview:-1"},"canonical":"https:\/\/www.visit-ulcinj.com\/blog\/2016\/06\/20\/masakra-e-kanalit-te-bratices-dhe-pergjegjesia-e-komunes-se-ulqinit-video\/","og_locale":"en_US","og_type":"article","og_title":"Masakra e kanalit t\u00eb Bratic\u00ebs dhe Pergjegjesia e komun\u00ebs s\u00eb Ulqinit - Video - Lajme nga Ulqini","og_description":"Ardijan Mavriq- Duhen masa konkrete dhe plan i posacem per permbytje N\u00eb videon e Tv Teut\u00ebs shprehet Ardijan Mavriq ku thot\u00eb q\u00eb problem i madh \u00ebsht\u00eb dhe","og_url":"https:\/\/www.visit-ulcinj.com\/blog\/2016\/06\/20\/masakra-e-kanalit-te-bratices-dhe-pergjegjesia-e-komunes-se-ulqinit-video\/","og_site_name":"Lajme nga Ulqini","article_published_time":"2016-06-20T17:06:46+00:00","article_modified_time":"2016-06-20T17:09:11+00:00","twitter_misc":{"Written by":"ulqini","Est. reading time":"2 minutes"},"schema":{"@context":"https:\/\/schema.org","@graph":[{"@type":"WebSite","@id":"https:\/\/www.visit-ulcinj.com\/blog\/#website","url":"https:\/\/www.visit-ulcinj.com\/blog\/","name":"Lajme nga Ulqini","description":"Lajme,Vijesti,Ulqini,Ulqin,Crna Gora,Mali i Zi","potentialAction":[{"@type":"SearchAction","target":{"@type":"EntryPoint","urlTemplate":"https:\/\/www.visit-ulcinj.com\/blog\/?s={search_term_string}"},"query-input":"required name=search_term_string"}],"inLanguage":"en-US"},{"@type":"WebPage","@id":"https:\/\/www.visit-ulcinj.com\/blog\/2016\/06\/20\/masakra-e-kanalit-te-bratices-dhe-pergjegjesia-e-komunes-se-ulqinit-video\/#webpage","url":"https:\/\/www.visit-ulcinj.com\/blog\/2016\/06\/20\/masakra-e-kanalit-te-bratices-dhe-pergjegjesia-e-komunes-se-ulqinit-video\/","name":"Masakra e kanalit t\u00eb Bratic\u00ebs dhe Pergjegjesia e komun\u00ebs s\u00eb Ulqinit - Video - Lajme nga Ulqini","isPartOf":{"@id":"https:\/\/www.visit-ulcinj.com\/blog\/#website"},"datePublished":"2016-06-20T17:06:46+00:00","dateModified":"2016-06-20T17:09:11+00:00","author":{"@id":"https:\/\/www.visit-ulcinj.com\/blog\/#\/schema\/person\/dcab619c614d3038751c63bc2aadc06d"},"description":"Ardijan Mavriq- Duhen masa konkrete dhe plan i posacem per permbytje N\u00eb videon e Tv Teut\u00ebs shprehet Ardijan Mavriq ku thot\u00eb q\u00eb problem i madh \u00ebsht\u00eb dhe","breadcrumb":{"@id":"https:\/\/www.visit-ulcinj.com\/blog\/2016\/06\/20\/masakra-e-kanalit-te-bratices-dhe-pergjegjesia-e-komunes-se-ulqinit-video\/#breadcrumb"},"inLanguage":"en-US","potentialAction":[{"@type":"ReadAction","target":["https:\/\/www.visit-ulcinj.com\/blog\/2016\/06\/20\/masakra-e-kanalit-te-bratices-dhe-pergjegjesia-e-komunes-se-ulqinit-video\/"]}]},{"@type":"BreadcrumbList","@id":"https:\/\/www.visit-ulcinj.com\/blog\/2016\/06\/20\/masakra-e-kanalit-te-bratices-dhe-pergjegjesia-e-komunes-se-ulqinit-video\/#breadcrumb","itemListElement":[{"@type":"ListItem","position":1,"name":"Masakra e kanalit t\u00eb Bratic\u00ebs dhe Pergjegjesia e komun\u00ebs s\u00eb Ulqinit &#8211; Video"}]},{"@type":"Person","@id":"https:\/\/www.visit-ulcinj.com\/blog\/#\/schema\/person\/dcab619c614d3038751c63bc2aadc06d","name":"ulqini","sameAs":["http:\/\/www.visit-ulcinj.com"],"url":"https:\/\/www.visit-ulcinj.com\/blog\/author\/admin\/"}]}},"jetpack_featured_media_url":"","jetpack_sharing_enabled":true,"jetpack_shortlink":"https:\/\/wp.me\/pe6lTn-pqz","_links":{"self":[{"href":"https:\/\/www.visit-ulcinj.com\/blog\/wp-json\/wp\/v2\/posts\/97747"}],"collection":[{"href":"https:\/\/www.visit-ulcinj.com\/blog\/wp-json\/wp\/v2\/posts"}],"about":[{"href":"https:\/\/www.visit-ulcinj.com\/blog\/wp-json\/wp\/v2\/types\/post"}],"author":[{"embeddable":true,"href":"https:\/\/www.visit-ulcinj.com\/blog\/wp-json\/wp\/v2\/users\/1"}],"replies":[{"embeddable":true,"href":"https:\/\/www.visit-ulcinj.com\/blog\/wp-json\/wp\/v2\/comments?post=97747"}],"version-history":[{"count":1,"href":"https:\/\/www.visit-ulcinj.com\/blog\/wp-json\/wp\/v2\/posts\/97747\/revisions"}],"predecessor-version":[{"id":97749,"href":"https:\/\/www.visit-ulcinj.com\/blog\/wp-json\/wp\/v2\/posts\/97747\/revisions\/97749"}],"wp:attachment":[{"href":"https:\/\/www.visit-ulcinj.com\/blog\/wp-json\/wp\/v2\/media?parent=97747"}],"wp:term":[{"taxonomy":"category","embeddable":true,"href":"https:\/\/www.visit-ulcinj.com\/blog\/wp-json\/wp\/v2\/categories?post=97747"},{"taxonomy":"post_tag","embeddable":true,"href":"https:\/\/www.visit-ulcinj.com\/blog\/wp-json\/wp\/v2\/tags?post=97747"}],"curies":[{"name":"wp","href":"https:\/\/api.w.org\/{rel}","templated":true}]}}