{"id":97754,"date":"2016-06-20T21:07:30","date_gmt":"2016-06-20T20:07:30","guid":{"rendered":"http:\/\/www.visit-ulcinj.com\/blog\/?p=97754"},"modified":"2016-06-20T21:18:29","modified_gmt":"2016-06-20T20:18:29","slug":"ura-ulcinj-radi-akva-park-u-budvi-se-gradi","status":"publish","type":"post","link":"https:\/\/www.visit-ulcinj.com\/blog\/2016\/06\/20\/ura-ulcinj-radi-akva-park-u-budvi-se-gradi\/","title":{"rendered":"URA: Ulcinj radi, akva park u Budvi se gradi"},"content":{"rendered":"<p><strong><em><a href=\"http:\/\/www.visit-ulcinj.com\/blog\/wp-content\/uploads\/2015\/06\/Predsjednik-OO-Gradjanskog-pokreta-URA-Ulcinj.jpg\"><img loading=\"lazy\" class=\"alignleft wp-image-90967\" src=\"http:\/\/www.visit-ulcinj.com\/blog\/wp-content\/uploads\/2015\/06\/Predsjednik-OO-Gradjanskog-pokreta-URA-Ulcinj.jpg\" alt=\"Predsjednik OO Gradjanskog pokreta URA Ulcinj\" width=\"508\" height=\"380\" srcset=\"https:\/\/www.visit-ulcinj.com\/blog\/wp-content\/uploads\/2015\/06\/Predsjednik-OO-Gradjanskog-pokreta-URA-Ulcinj.jpg 960w, https:\/\/www.visit-ulcinj.com\/blog\/wp-content\/uploads\/2015\/06\/Predsjednik-OO-Gradjanskog-pokreta-URA-Ulcinj-300x225.jpg 300w\" sizes=\"(max-width: 508px) 100vw, 508px\" \/><\/a>U redakciju Ul.info stiglo je saop\u0161tenje Gra\u0111anskog pokreta URA, koje potpisuje predsjednik Op\u0161tinskog odbora Omer Bajraktari.<\/em><\/strong><\/p>\n<p>Siguran sam da nijednom gra\u0111aninu Ulcinja nije promakla vijest da je otvoren Akvapark u Budvi. Isti, ali u Ulcinju, trebao je ove sezone da primi prve goste. Me\u0111utim, NIJE.<\/p>\n<p>Ovo NIJE ima dugu tradiciju u Ulcinju. Po\u010delo je sa Solanom, Velikom Pla\u017eom, Galebom, Jadranom, Lidom, Mediteranom, itd. I nastavlja se.<\/p>\n<p>16. decembra 2014. godine potpisan je ugovor o izgradnji Akvaparka u Ulcinju. Bilo je to prvi put da op\u0161tina Ulcinj samostalno poku\u0161ava da privu\u010de strane investitore u cilju unaprije\u0111enja turisti\u010dke ponude. I uspjela je, ali samo do potpisivanja ugovora sa renomiranom kompanijom \u201ePolin\u201c iz Turske. Ono \u010dime nijesmo tada ra\u010dunali jeste da \u0107e se Vlada Crne Gore i nadle\u017ena ministarstva toliko indiferentno odnositi prema ovom projektu, pa \u010dak sumnjamo da je i propao.<\/p>\n<p>Posmatraju\u0107i blisku pro\u0161lost, \u0161to se investicione politike prema Ulcinju ti\u010de, slobodno se mo\u017ee tuma\u010diti i kao otvorena destruktivnost Vlade odnosno DPS-a i njegovih partnera iz Ulcinja, \u0161to se ove op\u0161tine ti\u010de. Jo\u0161 jedan u nizu ekonomskih zlo\u010dina prema ovom gradu.<\/p>\n<p>Osta\u0107e zapam\u0107eno i otvoreno protivljenje ulcinjskih politi\u010dara ovom projektu. Priznajem da to nisam mogao da vjerujem. Ali su oni, ipak, nagra\u0111eni. U\u0161li su svi zajedno u lokalnu vlast \u201eza dobrobit gra\u0111ana i grada\u201c.<\/p>\n<p><a href=\"http:\/\/www.visit-ulcinj.com\/blog\/wp-content\/uploads\/2016\/06\/akva-park-Budva.jpg\"><img loading=\"lazy\" class=\"alignleft wp-image-97761\" src=\"http:\/\/www.visit-ulcinj.com\/blog\/wp-content\/uploads\/2016\/06\/akva-park-Budva.jpg\" alt=\"akva park Budva\" width=\"508\" height=\"408\" srcset=\"https:\/\/www.visit-ulcinj.com\/blog\/wp-content\/uploads\/2016\/06\/akva-park-Budva.jpg 998w, https:\/\/www.visit-ulcinj.com\/blog\/wp-content\/uploads\/2016\/06\/akva-park-Budva-300x241.jpg 300w, https:\/\/www.visit-ulcinj.com\/blog\/wp-content\/uploads\/2016\/06\/akva-park-Budva-768x617.jpg 768w\" sizes=\"(max-width: 508px) 100vw, 508px\" \/><\/a><br \/>\nFoto:Budva.me<\/p>\n","protected":false},"excerpt":{"rendered":"<p>U redakciju Ul.info stiglo je saop\u0161tenje Gra\u0111anskog pokreta URA, koje potpisuje predsjednik Op\u0161tinskog odbora Omer Bajraktari. Siguran sam da nijednom gra\u0111aninu Ulcinja nije promakla vijest da je otvoren Akvapark u Budvi. Isti, ali u Ulcinju, trebao je ove sezone da primi prve goste. Me\u0111utim, NIJE. Ovo NIJE ima dugu tradiciju u Ulcinju. Po\u010delo je sa [&hellip;]<\/p>\n","protected":false},"author":1,"featured_media":0,"comment_status":"closed","ping_status":"closed","sticky":false,"template":"","format":"standard","meta":{"spay_email":"","jetpack_publicize_message":"","jetpack_is_tweetstorm":false,"jetpack_publicize_feature_enabled":true},"categories":[8337],"tags":[],"jetpack_publicize_connections":[],"yoast_head":"<!-- This site is optimized with the Yoast SEO plugin v19.1 - https:\/\/yoast.com\/wordpress\/plugins\/seo\/ -->\n<title>URA: Ulcinj radi, akva park u Budvi se gradi - Lajme nga Ulqini<\/title>\n<meta name=\"description\" content=\"U redakciju Ul.info stiglo je saop\u0161tenje Gra\u0111anskog pokreta URA, koje potpisuje predsjednik Op\u0161tinskog odbora Omer Bajraktari. Siguran sam da nijednom\" \/>\n<meta name=\"robots\" content=\"index, follow, max-snippet:-1, max-image-preview:large, max-video-preview:-1\" \/>\n<link rel=\"canonical\" href=\"https:\/\/www.visit-ulcinj.com\/blog\/2016\/06\/20\/ura-ulcinj-radi-akva-park-u-budvi-se-gradi\/\" \/>\n<meta property=\"og:locale\" content=\"en_US\" \/>\n<meta property=\"og:type\" content=\"article\" \/>\n<meta property=\"og:title\" content=\"URA: Ulcinj radi, akva park u Budvi se gradi - Lajme nga Ulqini\" \/>\n<meta property=\"og:description\" content=\"U redakciju Ul.info stiglo je saop\u0161tenje Gra\u0111anskog pokreta URA, koje potpisuje predsjednik Op\u0161tinskog odbora Omer Bajraktari. Siguran sam da nijednom\" \/>\n<meta property=\"og:url\" content=\"https:\/\/www.visit-ulcinj.com\/blog\/2016\/06\/20\/ura-ulcinj-radi-akva-park-u-budvi-se-gradi\/\" \/>\n<meta property=\"og:site_name\" content=\"Lajme nga Ulqini\" \/>\n<meta property=\"article:published_time\" content=\"2016-06-20T20:07:30+00:00\" \/>\n<meta property=\"article:modified_time\" content=\"2016-06-20T20:18:29+00:00\" \/>\n<meta property=\"og:image\" content=\"http:\/\/www.visit-ulcinj.com\/blog\/wp-content\/uploads\/2015\/06\/Predsjednik-OO-Gradjanskog-pokreta-URA-Ulcinj.jpg\" \/>\n<meta name=\"twitter:label1\" content=\"Written by\" \/>\n\t<meta name=\"twitter:data1\" content=\"ulqini\" \/>\n\t<meta name=\"twitter:label2\" content=\"Est. reading time\" \/>\n\t<meta name=\"twitter:data2\" content=\"1 minute\" \/>\n<script type=\"application\/ld+json\" class=\"yoast-schema-graph\">{\"@context\":\"https:\/\/schema.org\",\"@graph\":[{\"@type\":\"WebSite\",\"@id\":\"https:\/\/www.visit-ulcinj.com\/blog\/#website\",\"url\":\"https:\/\/www.visit-ulcinj.com\/blog\/\",\"name\":\"Lajme nga Ulqini\",\"description\":\"Lajme,Vijesti,Ulqini,Ulqin,Crna Gora,Mali i Zi\",\"potentialAction\":[{\"@type\":\"SearchAction\",\"target\":{\"@type\":\"EntryPoint\",\"urlTemplate\":\"https:\/\/www.visit-ulcinj.com\/blog\/?s={search_term_string}\"},\"query-input\":\"required name=search_term_string\"}],\"inLanguage\":\"en-US\"},{\"@type\":\"ImageObject\",\"inLanguage\":\"en-US\",\"@id\":\"https:\/\/www.visit-ulcinj.com\/blog\/2016\/06\/20\/ura-ulcinj-radi-akva-park-u-budvi-se-gradi\/#primaryimage\",\"url\":\"https:\/\/www.visit-ulcinj.com\/blog\/wp-content\/uploads\/2015\/06\/Predsjednik-OO-Gradjanskog-pokreta-URA-Ulcinj.jpg\",\"contentUrl\":\"https:\/\/www.visit-ulcinj.com\/blog\/wp-content\/uploads\/2015\/06\/Predsjednik-OO-Gradjanskog-pokreta-URA-Ulcinj.jpg\",\"width\":960,\"height\":719},{\"@type\":\"WebPage\",\"@id\":\"https:\/\/www.visit-ulcinj.com\/blog\/2016\/06\/20\/ura-ulcinj-radi-akva-park-u-budvi-se-gradi\/#webpage\",\"url\":\"https:\/\/www.visit-ulcinj.com\/blog\/2016\/06\/20\/ura-ulcinj-radi-akva-park-u-budvi-se-gradi\/\",\"name\":\"URA: Ulcinj radi, akva park u Budvi se gradi - Lajme nga Ulqini\",\"isPartOf\":{\"@id\":\"https:\/\/www.visit-ulcinj.com\/blog\/#website\"},\"primaryImageOfPage\":{\"@id\":\"https:\/\/www.visit-ulcinj.com\/blog\/2016\/06\/20\/ura-ulcinj-radi-akva-park-u-budvi-se-gradi\/#primaryimage\"},\"datePublished\":\"2016-06-20T20:07:30+00:00\",\"dateModified\":\"2016-06-20T20:18:29+00:00\",\"author\":{\"@id\":\"https:\/\/www.visit-ulcinj.com\/blog\/#\/schema\/person\/dcab619c614d3038751c63bc2aadc06d\"},\"description\":\"U redakciju Ul.info stiglo je saop\u0161tenje Gra\u0111anskog pokreta URA, koje potpisuje predsjednik Op\u0161tinskog odbora Omer Bajraktari. Siguran sam da nijednom\",\"breadcrumb\":{\"@id\":\"https:\/\/www.visit-ulcinj.com\/blog\/2016\/06\/20\/ura-ulcinj-radi-akva-park-u-budvi-se-gradi\/#breadcrumb\"},\"inLanguage\":\"en-US\",\"potentialAction\":[{\"@type\":\"ReadAction\",\"target\":[\"https:\/\/www.visit-ulcinj.com\/blog\/2016\/06\/20\/ura-ulcinj-radi-akva-park-u-budvi-se-gradi\/\"]}]},{\"@type\":\"BreadcrumbList\",\"@id\":\"https:\/\/www.visit-ulcinj.com\/blog\/2016\/06\/20\/ura-ulcinj-radi-akva-park-u-budvi-se-gradi\/#breadcrumb\",\"itemListElement\":[{\"@type\":\"ListItem\",\"position\":1,\"name\":\"URA: Ulcinj radi, akva park u Budvi se gradi\"}]},{\"@type\":\"Person\",\"@id\":\"https:\/\/www.visit-ulcinj.com\/blog\/#\/schema\/person\/dcab619c614d3038751c63bc2aadc06d\",\"name\":\"ulqini\",\"sameAs\":[\"http:\/\/www.visit-ulcinj.com\"],\"url\":\"https:\/\/www.visit-ulcinj.com\/blog\/author\/admin\/\"}]}<\/script>\n<!-- \/ Yoast SEO plugin. -->","yoast_head_json":{"title":"URA: Ulcinj radi, akva park u Budvi se gradi - Lajme nga Ulqini","description":"U redakciju Ul.info stiglo je saop\u0161tenje Gra\u0111anskog pokreta URA, koje potpisuje predsjednik Op\u0161tinskog odbora Omer Bajraktari. Siguran sam da nijednom","robots":{"index":"index","follow":"follow","max-snippet":"max-snippet:-1","max-image-preview":"max-image-preview:large","max-video-preview":"max-video-preview:-1"},"canonical":"https:\/\/www.visit-ulcinj.com\/blog\/2016\/06\/20\/ura-ulcinj-radi-akva-park-u-budvi-se-gradi\/","og_locale":"en_US","og_type":"article","og_title":"URA: Ulcinj radi, akva park u Budvi se gradi - Lajme nga Ulqini","og_description":"U redakciju Ul.info stiglo je saop\u0161tenje Gra\u0111anskog pokreta URA, koje potpisuje predsjednik Op\u0161tinskog odbora Omer Bajraktari. Siguran sam da nijednom","og_url":"https:\/\/www.visit-ulcinj.com\/blog\/2016\/06\/20\/ura-ulcinj-radi-akva-park-u-budvi-se-gradi\/","og_site_name":"Lajme nga Ulqini","article_published_time":"2016-06-20T20:07:30+00:00","article_modified_time":"2016-06-20T20:18:29+00:00","og_image":[{"url":"http:\/\/www.visit-ulcinj.com\/blog\/wp-content\/uploads\/2015\/06\/Predsjednik-OO-Gradjanskog-pokreta-URA-Ulcinj.jpg"}],"twitter_misc":{"Written by":"ulqini","Est. reading time":"1 minute"},"schema":{"@context":"https:\/\/schema.org","@graph":[{"@type":"WebSite","@id":"https:\/\/www.visit-ulcinj.com\/blog\/#website","url":"https:\/\/www.visit-ulcinj.com\/blog\/","name":"Lajme nga Ulqini","description":"Lajme,Vijesti,Ulqini,Ulqin,Crna Gora,Mali i Zi","potentialAction":[{"@type":"SearchAction","target":{"@type":"EntryPoint","urlTemplate":"https:\/\/www.visit-ulcinj.com\/blog\/?s={search_term_string}"},"query-input":"required name=search_term_string"}],"inLanguage":"en-US"},{"@type":"ImageObject","inLanguage":"en-US","@id":"https:\/\/www.visit-ulcinj.com\/blog\/2016\/06\/20\/ura-ulcinj-radi-akva-park-u-budvi-se-gradi\/#primaryimage","url":"https:\/\/www.visit-ulcinj.com\/blog\/wp-content\/uploads\/2015\/06\/Predsjednik-OO-Gradjanskog-pokreta-URA-Ulcinj.jpg","contentUrl":"https:\/\/www.visit-ulcinj.com\/blog\/wp-content\/uploads\/2015\/06\/Predsjednik-OO-Gradjanskog-pokreta-URA-Ulcinj.jpg","width":960,"height":719},{"@type":"WebPage","@id":"https:\/\/www.visit-ulcinj.com\/blog\/2016\/06\/20\/ura-ulcinj-radi-akva-park-u-budvi-se-gradi\/#webpage","url":"https:\/\/www.visit-ulcinj.com\/blog\/2016\/06\/20\/ura-ulcinj-radi-akva-park-u-budvi-se-gradi\/","name":"URA: Ulcinj radi, akva park u Budvi se gradi - Lajme nga Ulqini","isPartOf":{"@id":"https:\/\/www.visit-ulcinj.com\/blog\/#website"},"primaryImageOfPage":{"@id":"https:\/\/www.visit-ulcinj.com\/blog\/2016\/06\/20\/ura-ulcinj-radi-akva-park-u-budvi-se-gradi\/#primaryimage"},"datePublished":"2016-06-20T20:07:30+00:00","dateModified":"2016-06-20T20:18:29+00:00","author":{"@id":"https:\/\/www.visit-ulcinj.com\/blog\/#\/schema\/person\/dcab619c614d3038751c63bc2aadc06d"},"description":"U redakciju Ul.info stiglo je saop\u0161tenje Gra\u0111anskog pokreta URA, koje potpisuje predsjednik Op\u0161tinskog odbora Omer Bajraktari. Siguran sam da nijednom","breadcrumb":{"@id":"https:\/\/www.visit-ulcinj.com\/blog\/2016\/06\/20\/ura-ulcinj-radi-akva-park-u-budvi-se-gradi\/#breadcrumb"},"inLanguage":"en-US","potentialAction":[{"@type":"ReadAction","target":["https:\/\/www.visit-ulcinj.com\/blog\/2016\/06\/20\/ura-ulcinj-radi-akva-park-u-budvi-se-gradi\/"]}]},{"@type":"BreadcrumbList","@id":"https:\/\/www.visit-ulcinj.com\/blog\/2016\/06\/20\/ura-ulcinj-radi-akva-park-u-budvi-se-gradi\/#breadcrumb","itemListElement":[{"@type":"ListItem","position":1,"name":"URA: Ulcinj radi, akva park u Budvi se gradi"}]},{"@type":"Person","@id":"https:\/\/www.visit-ulcinj.com\/blog\/#\/schema\/person\/dcab619c614d3038751c63bc2aadc06d","name":"ulqini","sameAs":["http:\/\/www.visit-ulcinj.com"],"url":"https:\/\/www.visit-ulcinj.com\/blog\/author\/admin\/"}]}},"jetpack_featured_media_url":"","jetpack_sharing_enabled":true,"jetpack_shortlink":"https:\/\/wp.me\/pe6lTn-pqG","_links":{"self":[{"href":"https:\/\/www.visit-ulcinj.com\/blog\/wp-json\/wp\/v2\/posts\/97754"}],"collection":[{"href":"https:\/\/www.visit-ulcinj.com\/blog\/wp-json\/wp\/v2\/posts"}],"about":[{"href":"https:\/\/www.visit-ulcinj.com\/blog\/wp-json\/wp\/v2\/types\/post"}],"author":[{"embeddable":true,"href":"https:\/\/www.visit-ulcinj.com\/blog\/wp-json\/wp\/v2\/users\/1"}],"replies":[{"embeddable":true,"href":"https:\/\/www.visit-ulcinj.com\/blog\/wp-json\/wp\/v2\/comments?post=97754"}],"version-history":[{"count":3,"href":"https:\/\/www.visit-ulcinj.com\/blog\/wp-json\/wp\/v2\/posts\/97754\/revisions"}],"predecessor-version":[{"id":97763,"href":"https:\/\/www.visit-ulcinj.com\/blog\/wp-json\/wp\/v2\/posts\/97754\/revisions\/97763"}],"wp:attachment":[{"href":"https:\/\/www.visit-ulcinj.com\/blog\/wp-json\/wp\/v2\/media?parent=97754"}],"wp:term":[{"taxonomy":"category","embeddable":true,"href":"https:\/\/www.visit-ulcinj.com\/blog\/wp-json\/wp\/v2\/categories?post=97754"},{"taxonomy":"post_tag","embeddable":true,"href":"https:\/\/www.visit-ulcinj.com\/blog\/wp-json\/wp\/v2\/tags?post=97754"}],"curies":[{"name":"wp","href":"https:\/\/api.w.org\/{rel}","templated":true}]}}